
{"id":34106,"date":"2025-10-28T14:41:43","date_gmt":"2025-10-28T12:41:43","guid":{"rendered":"https:\/\/ticsalutsocial.atoom.space\/noticia\/es-constitueix-el-comite-detica-de-recerca-en-medicina-regenerativa-de-catalunya-amb-participacio-de-loficina-del-dpd\/"},"modified":"2025-10-28T14:50:30","modified_gmt":"2025-10-28T12:50:30","slug":"es-constitueix-el-comite-detica-de-recerca-en-medicina-regenerativa-de-catalunya-amb-participacio-de-loficina-del-dpd","status":"publish","type":"noticia","link":"https:\/\/ticsalutsocial.atoom.space\/es\/noticia\/es-constitueix-el-comite-detica-de-recerca-en-medicina-regenerativa-de-catalunya-amb-participacio-de-loficina-del-dpd\/","title":{"rendered":"Se constituye el Comit\u00e9 de \u00c9tica de Investigaci\u00f3n en Medicina Regenerativa de Catalu\u00f1a con la participaci\u00f3n de la Oficina del DPD"},"content":{"rendered":"<p class=\"p1\"><span class=\"s1\">La <\/span><b>Fundaci\u00f3 TIC Salut i Social<\/b><span class=\"s1\"> ha sido nombrada, a trav\u00e9s de la <\/span><b>Oficina del Delegado de Protecci\u00f3n de Datos de Salud<\/b><span class=\"s1\">, como miembro del nuevo <\/span><b>Comit\u00e9 de \u00c9tica de la Investigaci\u00f3n en Medicina Regenerativa de Catalu\u00f1a (CERMR)<\/b><span class=\"s1\">.<\/span><\/p>\n<p class=\"p3\">El acto de constituci\u00f3n del comit\u00e9 tuvo lugar el <span class=\"s2\"><b>martes 22 de octubre<\/b><\/span> en el <span class=\"s2\"><b>Edificio Salvany<\/b><\/span> del <span class=\"s2\"><b>Departamento de Salud de la Generalitat de Catalu\u00f1a<\/b><\/span>, con la participaci\u00f3n de representantes de instituciones y centros de investigaci\u00f3n de todo el territorio. <span class=\"s2\"><b>M\u00edriam M\u00e9ndez<\/b><\/span> fue la representante designada por parte de la fundaci\u00f3n en calidad de responsable de investigaci\u00f3n e innovaci\u00f3n de la Oficina del Delegado de Protecci\u00f3n de Datos de Salud.<\/p>\n<p class=\"p3\">El <span class=\"s2\"><b>CERMR<\/b><\/span> nace con el objetivo de evaluar y emitir informes <span class=\"s2\"><b>vinculantes y preceptivos<\/b><\/span> sobre proyectos de investigaci\u00f3n relacionados con la <span class=\"s2\"><b>medicina regenerativa<\/b><\/span> que se desarrollen en Catalu\u00f1a. Sustituye las funciones del antiguo comit\u00e9 espec\u00edfico del desaparecido <span class=\"s2\"><b>Centro de Medicina Regenerativa de Barcelona (CMRB)<\/b><\/span>, posteriormente integrado en el <span class=\"s2\"><b>IDIBELL<\/b><\/span>.<\/p>\n<p class=\"p3\">Entre sus competencias, el comit\u00e9 deber\u00e1 revisar los <span class=\"s2\"><b>proyectos de investigaci\u00f3n con c\u00e9lulas madre embrionarias humanas<\/b><\/span>, l\u00edneas celulares pluripotentes y <span class=\"s2\"><b>tejidos de origen embrionario o fetal humano<\/b><\/span>, generados o utilizados en centros catalanes. En determinados casos, los proyectos se elevar\u00e1n a la <span class=\"s2\"><b>Comisi\u00f3n de Garant\u00edas para la Donaci\u00f3n y Utilizaci\u00f3n de C\u00e9lulas y Tejidos Humanos<\/b><\/span> para obtener su informe.<\/p>\n<h4><b>Un nuevo \u00f3rgano para garantizar la \u00e9tica en la investigaci\u00f3n biom\u00e9dica<\/b><\/h4>\n<p class=\"p3\">La <span class=\"s2\"><b>Oficina del Delegado de Protecci\u00f3n de Datos de Salud<\/b><\/span> participa aportando su <span class=\"s2\"><b>experiencia en protecci\u00f3n de datos<\/b><\/span>. Su conocimiento sobre el ecosistema sanitario y su especializaci\u00f3n en el tratamiento y la seguridad de la informaci\u00f3n en el \u00e1mbito de la investigaci\u00f3n biom\u00e9dica resultan claves para garantizar el <span class=\"s2\"><b>cumplimiento normativo y el uso \u00e9tico de los datos<\/b><\/span>.<\/p>\n<p class=\"p3\"><span class=\"s2\"><b>M\u00edriam M\u00e9ndez<\/b><\/span> destaca que la incorporaci\u00f3n de la Oficina del DPD al comit\u00e9 \u201crefuerza el compromiso del sistema de salud con una investigaci\u00f3n responsable, \u00e9tica y respetuosa con la privacidad de las personas\u201d.<\/p>\n<p class=\"p3\">El <span class=\"s2\"><b>CERMR<\/b><\/span> se reunir\u00e1 <span class=\"s2\"><b>al menos cada tres meses<\/b><\/span> para valorar los proyectos de investigaci\u00f3n presentados y garantizar que cumplan los requisitos legales, cient\u00edficos y \u00e9ticos establecidos por la normativa catalana y estatal.<\/p>\n","protected":false},"author":3,"featured_media":34104,"menu_order":0,"template":"","meta":{"_acf_changed":false,"inline_featured_image":false},"etiqueta":[],"tipus":[106],"topic":[121],"class_list":["post-34106","noticia","type-noticia","status-publish","has-post-thumbnail","hentry","tipus-dpd-salud","topic-dpd-es"],"acf":{"finalitzat":false,"tipus_plantilla":"objectius","template_objectius":{"cont_principal":"","imatge":false,"cont_seguent":{"titol":"","contingut":""},"seccio_llistat":{"titol":"","llistat":false},"objectius":{"titol":"","objectius":false},"documents":false},"autor":"","imatge":false,"textos_destacats":[{"texte":"M\u00edriam M\u00e9ndez, de la Fundaci\u00f3 TIC Salut i Social, ha sido nombrada miembro del nuevo Comit\u00e9 de \u00c9tica de la Investigaci\u00f3n en Medicina Regenerativa de Catalu\u00f1a (CERMR)<br \/>\r\n"}],"documents":false},"yoast_head":"<!-- This site is optimized with the Yoast SEO plugin v27.1.1 - https:\/\/yoast.com\/product\/yoast-seo-wordpress\/ -->\n<title>Se constituye el Comit\u00e9 de \u00c9tica de Investigaci\u00f3n en Medicina Regenerativa de Catalu\u00f1a con la participaci\u00f3n de la Oficina del DPD - Fundaci\u00f3 TIC Salut i Social<\/title>\n<meta name=\"robots\" content=\"index, follow, max-snippet:-1, max-image-preview:large, max-video-preview:-1\" \/>\n<link rel=\"canonical\" href=\"https:\/\/ticsalutsocial.atoom.space\/es\/noticia\/es-constitueix-el-comite-detica-de-recerca-en-medicina-regenerativa-de-catalunya-amb-participacio-de-loficina-del-dpd\/\" \/>\n<meta property=\"og:locale\" content=\"es_ES\" \/>\n<meta property=\"og:type\" content=\"article\" \/>\n<meta property=\"og:title\" content=\"Se constituye el Comit\u00e9 de \u00c9tica de Investigaci\u00f3n en Medicina Regenerativa de Catalu\u00f1a con la participaci\u00f3n de la Oficina del DPD - Fundaci\u00f3 TIC Salut i Social\" \/>\n<meta property=\"og:description\" content=\"La Fundaci\u00f3 TIC Salut i Social ha sido nombrada, a trav\u00e9s de la Oficina del Delegado de Protecci\u00f3n de Datos de Salud, como miembro del nuevo Comit\u00e9 de \u00c9tica de la Investigaci\u00f3n en Medicina Regenerativa de Catalu\u00f1a (CERMR). El acto de constituci\u00f3n del comit\u00e9 tuvo lugar el martes 22 de octubre en el Edificio Salvany [&hellip;]\" \/>\n<meta property=\"og:url\" content=\"https:\/\/ticsalutsocial.atoom.space\/es\/noticia\/es-constitueix-el-comite-detica-de-recerca-en-medicina-regenerativa-de-catalunya-amb-participacio-de-loficina-del-dpd\/\" \/>\n<meta property=\"og:site_name\" content=\"Fundaci\u00f3 TIC Salut i Social\" \/>\n<meta property=\"article:modified_time\" content=\"2025-10-28T12:50:30+00:00\" \/>\n<meta property=\"og:image\" content=\"https:\/\/ticsalutsocial.atoom.space\/wp-content\/uploads\/2025\/10\/iStock-1226640145-scaled.jpg\" \/>\n\t<meta property=\"og:image:width\" content=\"2560\" \/>\n\t<meta property=\"og:image:height\" content=\"1704\" \/>\n\t<meta property=\"og:image:type\" content=\"image\/jpeg\" \/>\n<meta name=\"twitter:card\" content=\"summary_large_image\" \/>\n<meta name=\"twitter:label1\" content=\"Tiempo de lectura\" \/>\n\t<meta name=\"twitter:data1\" content=\"3 minutos\" \/>\n<script type=\"application\/ld+json\" class=\"yoast-schema-graph\">{\"@context\":\"https:\/\/schema.org\",\"@graph\":[{\"@type\":\"WebPage\",\"@id\":\"https:\/\/ticsalutsocial.atoom.space\/es\/noticia\/es-constitueix-el-comite-detica-de-recerca-en-medicina-regenerativa-de-catalunya-amb-participacio-de-loficina-del-dpd\/\",\"url\":\"https:\/\/ticsalutsocial.atoom.space\/es\/noticia\/es-constitueix-el-comite-detica-de-recerca-en-medicina-regenerativa-de-catalunya-amb-participacio-de-loficina-del-dpd\/\",\"name\":\"Se constituye el Comit\u00e9 de \u00c9tica de Investigaci\u00f3n en Medicina Regenerativa de Catalu\u00f1a con la participaci\u00f3n de la Oficina del DPD - Fundaci\u00f3 TIC Salut i Social\",\"isPartOf\":{\"@id\":\"https:\/\/ticsalutsocial.atoom.space\/es\/#website\"},\"primaryImageOfPage\":{\"@id\":\"https:\/\/ticsalutsocial.atoom.space\/es\/noticia\/es-constitueix-el-comite-detica-de-recerca-en-medicina-regenerativa-de-catalunya-amb-participacio-de-loficina-del-dpd\/#primaryimage\"},\"image\":{\"@id\":\"https:\/\/ticsalutsocial.atoom.space\/es\/noticia\/es-constitueix-el-comite-detica-de-recerca-en-medicina-regenerativa-de-catalunya-amb-participacio-de-loficina-del-dpd\/#primaryimage\"},\"thumbnailUrl\":\"https:\/\/ticsalutsocial.atoom.space\/wp-content\/uploads\/2025\/10\/iStock-1226640145-scaled.jpg\",\"datePublished\":\"2025-10-28T12:41:43+00:00\",\"dateModified\":\"2025-10-28T12:50:30+00:00\",\"breadcrumb\":{\"@id\":\"https:\/\/ticsalutsocial.atoom.space\/es\/noticia\/es-constitueix-el-comite-detica-de-recerca-en-medicina-regenerativa-de-catalunya-amb-participacio-de-loficina-del-dpd\/#breadcrumb\"},\"inLanguage\":\"es\",\"potentialAction\":[{\"@type\":\"ReadAction\",\"target\":[\"https:\/\/ticsalutsocial.atoom.space\/es\/noticia\/es-constitueix-el-comite-detica-de-recerca-en-medicina-regenerativa-de-catalunya-amb-participacio-de-loficina-del-dpd\/\"]}]},{\"@type\":\"ImageObject\",\"inLanguage\":\"es\",\"@id\":\"https:\/\/ticsalutsocial.atoom.space\/es\/noticia\/es-constitueix-el-comite-detica-de-recerca-en-medicina-regenerativa-de-catalunya-amb-participacio-de-loficina-del-dpd\/#primaryimage\",\"url\":\"https:\/\/ticsalutsocial.atoom.space\/wp-content\/uploads\/2025\/10\/iStock-1226640145-scaled.jpg\",\"contentUrl\":\"https:\/\/ticsalutsocial.atoom.space\/wp-content\/uploads\/2025\/10\/iStock-1226640145-scaled.jpg\",\"width\":2560,\"height\":1704,\"caption\":\"Group of businesspeople sitting together in a meeting\"},{\"@type\":\"BreadcrumbList\",\"@id\":\"https:\/\/ticsalutsocial.atoom.space\/es\/noticia\/es-constitueix-el-comite-detica-de-recerca-en-medicina-regenerativa-de-catalunya-amb-participacio-de-loficina-del-dpd\/#breadcrumb\",\"itemListElement\":[{\"@type\":\"ListItem\",\"position\":1,\"name\":\"Inici\",\"item\":\"https:\/\/ticsalutsocial.atoom.space\/es\/\"},{\"@type\":\"ListItem\",\"position\":2,\"name\":\"Se constituye el Comit\u00e9 de \u00c9tica de Investigaci\u00f3n en Medicina Regenerativa de Catalu\u00f1a con la participaci\u00f3n de la Oficina del DPD\"}]},{\"@type\":\"WebSite\",\"@id\":\"https:\/\/ticsalutsocial.atoom.space\/es\/#website\",\"url\":\"https:\/\/ticsalutsocial.atoom.space\/es\/\",\"name\":\"Fundaci\u00f3 TIC Salut i Social\",\"description\":\"\",\"potentialAction\":[{\"@type\":\"SearchAction\",\"target\":{\"@type\":\"EntryPoint\",\"urlTemplate\":\"https:\/\/ticsalutsocial.atoom.space\/es\/?s={search_term_string}\"},\"query-input\":{\"@type\":\"PropertyValueSpecification\",\"valueRequired\":true,\"valueName\":\"search_term_string\"}}],\"inLanguage\":\"es\"}]}<\/script>\n<!-- \/ Yoast SEO plugin. -->","yoast_head_json":{"title":"Se constituye el Comit\u00e9 de \u00c9tica de Investigaci\u00f3n en Medicina Regenerativa de Catalu\u00f1a con la participaci\u00f3n de la Oficina del DPD - Fundaci\u00f3 TIC Salut i Social","robots":{"index":"index","follow":"follow","max-snippet":"max-snippet:-1","max-image-preview":"max-image-preview:large","max-video-preview":"max-video-preview:-1"},"canonical":"https:\/\/ticsalutsocial.atoom.space\/es\/noticia\/es-constitueix-el-comite-detica-de-recerca-en-medicina-regenerativa-de-catalunya-amb-participacio-de-loficina-del-dpd\/","og_locale":"es_ES","og_type":"article","og_title":"Se constituye el Comit\u00e9 de \u00c9tica de Investigaci\u00f3n en Medicina Regenerativa de Catalu\u00f1a con la participaci\u00f3n de la Oficina del DPD - Fundaci\u00f3 TIC Salut i Social","og_description":"La Fundaci\u00f3 TIC Salut i Social ha sido nombrada, a trav\u00e9s de la Oficina del Delegado de Protecci\u00f3n de Datos de Salud, como miembro del nuevo Comit\u00e9 de \u00c9tica de la Investigaci\u00f3n en Medicina Regenerativa de Catalu\u00f1a (CERMR). El acto de constituci\u00f3n del comit\u00e9 tuvo lugar el martes 22 de octubre en el Edificio Salvany [&hellip;]","og_url":"https:\/\/ticsalutsocial.atoom.space\/es\/noticia\/es-constitueix-el-comite-detica-de-recerca-en-medicina-regenerativa-de-catalunya-amb-participacio-de-loficina-del-dpd\/","og_site_name":"Fundaci\u00f3 TIC Salut i Social","article_modified_time":"2025-10-28T12:50:30+00:00","og_image":[{"width":2560,"height":1704,"url":"https:\/\/ticsalutsocial.atoom.space\/wp-content\/uploads\/2025\/10\/iStock-1226640145-scaled.jpg","type":"image\/jpeg"}],"twitter_card":"summary_large_image","twitter_misc":{"Tiempo de lectura":"3 minutos"},"schema":{"@context":"https:\/\/schema.org","@graph":[{"@type":"WebPage","@id":"https:\/\/ticsalutsocial.atoom.space\/es\/noticia\/es-constitueix-el-comite-detica-de-recerca-en-medicina-regenerativa-de-catalunya-amb-participacio-de-loficina-del-dpd\/","url":"https:\/\/ticsalutsocial.atoom.space\/es\/noticia\/es-constitueix-el-comite-detica-de-recerca-en-medicina-regenerativa-de-catalunya-amb-participacio-de-loficina-del-dpd\/","name":"Se constituye el Comit\u00e9 de \u00c9tica de Investigaci\u00f3n en Medicina Regenerativa de Catalu\u00f1a con la participaci\u00f3n de la Oficina del DPD - Fundaci\u00f3 TIC Salut i Social","isPartOf":{"@id":"https:\/\/ticsalutsocial.atoom.space\/es\/#website"},"primaryImageOfPage":{"@id":"https:\/\/ticsalutsocial.atoom.space\/es\/noticia\/es-constitueix-el-comite-detica-de-recerca-en-medicina-regenerativa-de-catalunya-amb-participacio-de-loficina-del-dpd\/#primaryimage"},"image":{"@id":"https:\/\/ticsalutsocial.atoom.space\/es\/noticia\/es-constitueix-el-comite-detica-de-recerca-en-medicina-regenerativa-de-catalunya-amb-participacio-de-loficina-del-dpd\/#primaryimage"},"thumbnailUrl":"https:\/\/ticsalutsocial.atoom.space\/wp-content\/uploads\/2025\/10\/iStock-1226640145-scaled.jpg","datePublished":"2025-10-28T12:41:43+00:00","dateModified":"2025-10-28T12:50:30+00:00","breadcrumb":{"@id":"https:\/\/ticsalutsocial.atoom.space\/es\/noticia\/es-constitueix-el-comite-detica-de-recerca-en-medicina-regenerativa-de-catalunya-amb-participacio-de-loficina-del-dpd\/#breadcrumb"},"inLanguage":"es","potentialAction":[{"@type":"ReadAction","target":["https:\/\/ticsalutsocial.atoom.space\/es\/noticia\/es-constitueix-el-comite-detica-de-recerca-en-medicina-regenerativa-de-catalunya-amb-participacio-de-loficina-del-dpd\/"]}]},{"@type":"ImageObject","inLanguage":"es","@id":"https:\/\/ticsalutsocial.atoom.space\/es\/noticia\/es-constitueix-el-comite-detica-de-recerca-en-medicina-regenerativa-de-catalunya-amb-participacio-de-loficina-del-dpd\/#primaryimage","url":"https:\/\/ticsalutsocial.atoom.space\/wp-content\/uploads\/2025\/10\/iStock-1226640145-scaled.jpg","contentUrl":"https:\/\/ticsalutsocial.atoom.space\/wp-content\/uploads\/2025\/10\/iStock-1226640145-scaled.jpg","width":2560,"height":1704,"caption":"Group of businesspeople sitting together in a meeting"},{"@type":"BreadcrumbList","@id":"https:\/\/ticsalutsocial.atoom.space\/es\/noticia\/es-constitueix-el-comite-detica-de-recerca-en-medicina-regenerativa-de-catalunya-amb-participacio-de-loficina-del-dpd\/#breadcrumb","itemListElement":[{"@type":"ListItem","position":1,"name":"Inici","item":"https:\/\/ticsalutsocial.atoom.space\/es\/"},{"@type":"ListItem","position":2,"name":"Se constituye el Comit\u00e9 de \u00c9tica de Investigaci\u00f3n en Medicina Regenerativa de Catalu\u00f1a con la participaci\u00f3n de la Oficina del DPD"}]},{"@type":"WebSite","@id":"https:\/\/ticsalutsocial.atoom.space\/es\/#website","url":"https:\/\/ticsalutsocial.atoom.space\/es\/","name":"Fundaci\u00f3 TIC Salut i Social","description":"","potentialAction":[{"@type":"SearchAction","target":{"@type":"EntryPoint","urlTemplate":"https:\/\/ticsalutsocial.atoom.space\/es\/?s={search_term_string}"},"query-input":{"@type":"PropertyValueSpecification","valueRequired":true,"valueName":"search_term_string"}}],"inLanguage":"es"}]}},"_links":{"self":[{"href":"https:\/\/ticsalutsocial.atoom.space\/es\/wp-json\/wp\/v2\/noticia\/34106","targetHints":{"allow":["GET"]}}],"collection":[{"href":"https:\/\/ticsalutsocial.atoom.space\/es\/wp-json\/wp\/v2\/noticia"}],"about":[{"href":"https:\/\/ticsalutsocial.atoom.space\/es\/wp-json\/wp\/v2\/types\/noticia"}],"author":[{"embeddable":true,"href":"https:\/\/ticsalutsocial.atoom.space\/es\/wp-json\/wp\/v2\/users\/3"}],"wp:featuredmedia":[{"embeddable":true,"href":"https:\/\/ticsalutsocial.atoom.space\/es\/wp-json\/wp\/v2\/media\/34104"}],"wp:attachment":[{"href":"https:\/\/ticsalutsocial.atoom.space\/es\/wp-json\/wp\/v2\/media?parent=34106"}],"wp:term":[{"taxonomy":"etiqueta","embeddable":true,"href":"https:\/\/ticsalutsocial.atoom.space\/es\/wp-json\/wp\/v2\/etiqueta?post=34106"},{"taxonomy":"tipus","embeddable":true,"href":"https:\/\/ticsalutsocial.atoom.space\/es\/wp-json\/wp\/v2\/tipus?post=34106"},{"taxonomy":"topic","embeddable":true,"href":"https:\/\/ticsalutsocial.atoom.space\/es\/wp-json\/wp\/v2\/topic?post=34106"}],"curies":[{"name":"wp","href":"https:\/\/api.w.org\/{rel}","templated":true}]}}