
{"id":34116,"date":"2025-10-29T15:59:38","date_gmt":"2025-10-29T13:59:38","guid":{"rendered":"https:\/\/ticsalutsocial.atoom.space\/noticia\/reconeixement-de-lhospital-josep-trueta-al-projecte-dus-de-drons-en-neurorehabilitacio\/"},"modified":"2025-10-30T10:34:37","modified_gmt":"2025-10-30T08:34:37","slug":"reconeixement-de-lhospital-josep-trueta-al-projecte-dus-de-drons-en-neurorehabilitacio","status":"publish","type":"noticia","link":"https:\/\/ticsalutsocial.atoom.space\/es\/noticia\/reconeixement-de-lhospital-josep-trueta-al-projecte-dus-de-drons-en-neurorehabilitacio\/","title":{"rendered":"Recibimos uno de los Premios Unidad de Ictus del Hospital Josep Trueta por el proyecto de uso de drones en neurorehabilitaci\u00f3n"},"content":{"rendered":"\n<p>La <strong>prueba piloto sobre el uso de drones en la neurorehabilitaci\u00f3n<\/strong> de pacientes con da\u00f1o cerebral vascular y disfunci\u00f3n frontal, liderada por la Fundaci\u00f3 Hospital d\u2019Olot i Comarcal de la Garrotxa y la Fundaci\u00f3 TIC Salut i Social, con la colaboraci\u00f3n de la Universidad Polit\u00e9cnica de Catalu\u00f1a, <strong>ha recibido uno de los Premios Unidad de Ictus 2025<\/strong> del Hospital Universitari Josep Trueta de Girona. Los galardones se entregaron ayer durante una jornada de prevenci\u00f3n organizada con motivo del D\u00eda Mundial del Ictus.<\/p>\n\n\n\n<p>El proyecto premiado, que todav\u00eda se encuentra en fase piloto, tiene como objetivo <strong>mejorar los procesos de rehabilitaci\u00f3n de pacientes con afectaciones neurol\u00f3gicas<\/strong> mediante ejercicios con drones de peque\u00f1as dimensiones, que permiten adaptar las terapias a las necesidades de cada persona. Los drones, dise\u00f1ados para funcionar en espacios interiores, pueden actuar como elemento motivador en los procesos de rehabilitaci\u00f3n, ya que las din\u00e1micas de vuelo y control del dispositivo estimulan el sistema motor y cognitivo.<\/p>\n\n\n\n<p>El premio fue recogido por <strong>Marta Linares<\/strong> y <strong>Neus Dom\u00e8nech<\/strong>, en representaci\u00f3n de la Fundaci\u00f3 Hospital d\u2019Olot i Comarcal de la Garrotxa, y por <strong>Pau Gallinat<\/strong>, miembro del equipo de Atenci\u00f3n Digital Personalizada de la Fundaci\u00f3 TIC Salut i Social.<\/p>\n\n\n\n<p>La Unidad de Ictus tambi\u00e9n distingui\u00f3 el proyecto \u201cReconectar despu\u00e9s del ictus: apoyo emocional y acompa\u00f1amiento para pacientes y familias\u201d<em>, <\/em>centrado en el acompa\u00f1amiento emocional y comunitario de las personas que han sufrido un ictus.<\/p>\n\n\n\n<p>M\u00e1s informaci\u00f3n: <a href=\"https:\/\/icsgirona.cat\/ca\/actualitat\/lhospital-trueta-commemora-el-dia-mundial-de-lictus-amb-una-jornada-centrada-en-la\" target=\"_blank\" rel=\"noreferrer noopener\">nota de prensa del Hospital Universitari Josep Trueta.<\/a><\/p>\n","protected":false},"author":12,"featured_media":34114,"menu_order":0,"template":"","meta":{"_acf_changed":true,"inline_featured_image":false},"etiqueta":[],"tipus":[1186],"topic":[127],"class_list":["post-34116","noticia","type-noticia","status-publish","has-post-thumbnail","hentry","tipus-ehealth-es-2","topic-proyectos"],"acf":{"finalitzat":false,"tipus_plantilla":"objectius","template_objectius":{"cont_principal":"","imatge":false,"cont_seguent":{"titol":"","contingut":""},"seccio_llistat":{"titol":"","llistat":false},"objectius":{"titol":"","objectius":false},"documents":false},"autor":"","imatge":34114,"textos_destacats":[{"texte":"La Fundaci\u00f3 Hospital d\u2019Olot i Comarcal de la Garrotxa y la Fundaci\u00f3 TIC Salut i Social han recibido uno de los Premios Unidad de Ictus 2025."}],"documents":false},"yoast_head":"<!-- This site is optimized with the Yoast SEO plugin v27.1.1 - https:\/\/yoast.com\/product\/yoast-seo-wordpress\/ -->\n<title>Recibimos uno de los Premios Unidad de Ictus del Hospital Josep Trueta por el proyecto de uso de drones en neurorehabilitaci\u00f3n - Fundaci\u00f3 TIC Salut i Social<\/title>\n<meta name=\"description\" content=\"La prueba piloto sobre el uso de drones en la neurorehabilitaci\u00f3n de pacientes con da\u00f1o cerebral vascular y disfunci\u00f3n frontal ha recibido uno de los Premios Unidad de Ictus 2025 del Hospital Universitari Josep Trueta de Girona.\" \/>\n<meta name=\"robots\" content=\"index, follow, max-snippet:-1, max-image-preview:large, max-video-preview:-1\" \/>\n<link rel=\"canonical\" href=\"https:\/\/ticsalutsocial.atoom.space\/es\/noticia\/reconeixement-de-lhospital-josep-trueta-al-projecte-dus-de-drons-en-neurorehabilitacio\/\" \/>\n<meta property=\"og:locale\" content=\"es_ES\" \/>\n<meta property=\"og:type\" content=\"article\" \/>\n<meta property=\"og:title\" content=\"Recibimos uno de los Premios Unidad de Ictus del Hospital Josep Trueta por el proyecto de uso de drones en neurorehabilitaci\u00f3n - Fundaci\u00f3 TIC Salut i Social\" \/>\n<meta property=\"og:description\" content=\"La prueba piloto sobre el uso de drones en la neurorehabilitaci\u00f3n de pacientes con da\u00f1o cerebral vascular y disfunci\u00f3n frontal ha recibido uno de los Premios Unidad de Ictus 2025 del Hospital Universitari Josep Trueta de Girona.\" \/>\n<meta property=\"og:url\" content=\"https:\/\/ticsalutsocial.atoom.space\/es\/noticia\/reconeixement-de-lhospital-josep-trueta-al-projecte-dus-de-drons-en-neurorehabilitacio\/\" \/>\n<meta property=\"og:site_name\" content=\"Fundaci\u00f3 TIC Salut i Social\" \/>\n<meta property=\"article:modified_time\" content=\"2025-10-30T08:34:37+00:00\" \/>\n<meta property=\"og:image\" content=\"https:\/\/ticsalutsocial.atoom.space\/wp-content\/uploads\/2025\/10\/Premis-Unitat-Ictus-equip-drons.png\" \/>\n\t<meta property=\"og:image:width\" content=\"1280\" \/>\n\t<meta property=\"og:image:height\" content=\"960\" \/>\n\t<meta property=\"og:image:type\" content=\"image\/png\" \/>\n<meta name=\"twitter:card\" content=\"summary_large_image\" \/>\n<meta name=\"twitter:label1\" content=\"Tiempo de lectura\" \/>\n\t<meta name=\"twitter:data1\" content=\"2 minutos\" \/>\n<script type=\"application\/ld+json\" class=\"yoast-schema-graph\">{\"@context\":\"https:\/\/schema.org\",\"@graph\":[{\"@type\":\"WebPage\",\"@id\":\"https:\/\/ticsalutsocial.atoom.space\/es\/noticia\/reconeixement-de-lhospital-josep-trueta-al-projecte-dus-de-drons-en-neurorehabilitacio\/\",\"url\":\"https:\/\/ticsalutsocial.atoom.space\/es\/noticia\/reconeixement-de-lhospital-josep-trueta-al-projecte-dus-de-drons-en-neurorehabilitacio\/\",\"name\":\"Recibimos uno de los Premios Unidad de Ictus del Hospital Josep Trueta por el proyecto de uso de drones en neurorehabilitaci\u00f3n - Fundaci\u00f3 TIC Salut i Social\",\"isPartOf\":{\"@id\":\"https:\/\/ticsalutsocial.atoom.space\/es\/#website\"},\"primaryImageOfPage\":{\"@id\":\"https:\/\/ticsalutsocial.atoom.space\/es\/noticia\/reconeixement-de-lhospital-josep-trueta-al-projecte-dus-de-drons-en-neurorehabilitacio\/#primaryimage\"},\"image\":{\"@id\":\"https:\/\/ticsalutsocial.atoom.space\/es\/noticia\/reconeixement-de-lhospital-josep-trueta-al-projecte-dus-de-drons-en-neurorehabilitacio\/#primaryimage\"},\"thumbnailUrl\":\"https:\/\/ticsalutsocial.atoom.space\/wp-content\/uploads\/2025\/10\/Premis-Unitat-Ictus-equip-drons.png\",\"datePublished\":\"2025-10-29T13:59:38+00:00\",\"dateModified\":\"2025-10-30T08:34:37+00:00\",\"description\":\"La prueba piloto sobre el uso de drones en la neurorehabilitaci\u00f3n de pacientes con da\u00f1o cerebral vascular y disfunci\u00f3n frontal ha recibido uno de los Premios Unidad de Ictus 2025 del Hospital Universitari Josep Trueta de Girona.\",\"breadcrumb\":{\"@id\":\"https:\/\/ticsalutsocial.atoom.space\/es\/noticia\/reconeixement-de-lhospital-josep-trueta-al-projecte-dus-de-drons-en-neurorehabilitacio\/#breadcrumb\"},\"inLanguage\":\"es\",\"potentialAction\":[{\"@type\":\"ReadAction\",\"target\":[\"https:\/\/ticsalutsocial.atoom.space\/es\/noticia\/reconeixement-de-lhospital-josep-trueta-al-projecte-dus-de-drons-en-neurorehabilitacio\/\"]}]},{\"@type\":\"ImageObject\",\"inLanguage\":\"es\",\"@id\":\"https:\/\/ticsalutsocial.atoom.space\/es\/noticia\/reconeixement-de-lhospital-josep-trueta-al-projecte-dus-de-drons-en-neurorehabilitacio\/#primaryimage\",\"url\":\"https:\/\/ticsalutsocial.atoom.space\/wp-content\/uploads\/2025\/10\/Premis-Unitat-Ictus-equip-drons.png\",\"contentUrl\":\"https:\/\/ticsalutsocial.atoom.space\/wp-content\/uploads\/2025\/10\/Premis-Unitat-Ictus-equip-drons.png\",\"width\":1280,\"height\":960,\"caption\":\"Drons en neurorehabilitaci\u00f3\"},{\"@type\":\"BreadcrumbList\",\"@id\":\"https:\/\/ticsalutsocial.atoom.space\/es\/noticia\/reconeixement-de-lhospital-josep-trueta-al-projecte-dus-de-drons-en-neurorehabilitacio\/#breadcrumb\",\"itemListElement\":[{\"@type\":\"ListItem\",\"position\":1,\"name\":\"Inici\",\"item\":\"https:\/\/ticsalutsocial.atoom.space\/es\/\"},{\"@type\":\"ListItem\",\"position\":2,\"name\":\"Recibimos uno de los Premios Unidad de Ictus del Hospital Josep Trueta por el proyecto de uso de drones en neurorehabilitaci\u00f3n\"}]},{\"@type\":\"WebSite\",\"@id\":\"https:\/\/ticsalutsocial.atoom.space\/es\/#website\",\"url\":\"https:\/\/ticsalutsocial.atoom.space\/es\/\",\"name\":\"Fundaci\u00f3 TIC Salut i Social\",\"description\":\"\",\"potentialAction\":[{\"@type\":\"SearchAction\",\"target\":{\"@type\":\"EntryPoint\",\"urlTemplate\":\"https:\/\/ticsalutsocial.atoom.space\/es\/?s={search_term_string}\"},\"query-input\":{\"@type\":\"PropertyValueSpecification\",\"valueRequired\":true,\"valueName\":\"search_term_string\"}}],\"inLanguage\":\"es\"}]}<\/script>\n<!-- \/ Yoast SEO plugin. -->","yoast_head_json":{"title":"Recibimos uno de los Premios Unidad de Ictus del Hospital Josep Trueta por el proyecto de uso de drones en neurorehabilitaci\u00f3n - Fundaci\u00f3 TIC Salut i Social","description":"La prueba piloto sobre el uso de drones en la neurorehabilitaci\u00f3n de pacientes con da\u00f1o cerebral vascular y disfunci\u00f3n frontal ha recibido uno de los Premios Unidad de Ictus 2025 del Hospital Universitari Josep Trueta de Girona.","robots":{"index":"index","follow":"follow","max-snippet":"max-snippet:-1","max-image-preview":"max-image-preview:large","max-video-preview":"max-video-preview:-1"},"canonical":"https:\/\/ticsalutsocial.atoom.space\/es\/noticia\/reconeixement-de-lhospital-josep-trueta-al-projecte-dus-de-drons-en-neurorehabilitacio\/","og_locale":"es_ES","og_type":"article","og_title":"Recibimos uno de los Premios Unidad de Ictus del Hospital Josep Trueta por el proyecto de uso de drones en neurorehabilitaci\u00f3n - Fundaci\u00f3 TIC Salut i Social","og_description":"La prueba piloto sobre el uso de drones en la neurorehabilitaci\u00f3n de pacientes con da\u00f1o cerebral vascular y disfunci\u00f3n frontal ha recibido uno de los Premios Unidad de Ictus 2025 del Hospital Universitari Josep Trueta de Girona.","og_url":"https:\/\/ticsalutsocial.atoom.space\/es\/noticia\/reconeixement-de-lhospital-josep-trueta-al-projecte-dus-de-drons-en-neurorehabilitacio\/","og_site_name":"Fundaci\u00f3 TIC Salut i Social","article_modified_time":"2025-10-30T08:34:37+00:00","og_image":[{"width":1280,"height":960,"url":"https:\/\/ticsalutsocial.atoom.space\/wp-content\/uploads\/2025\/10\/Premis-Unitat-Ictus-equip-drons.png","type":"image\/png"}],"twitter_card":"summary_large_image","twitter_misc":{"Tiempo de lectura":"2 minutos"},"schema":{"@context":"https:\/\/schema.org","@graph":[{"@type":"WebPage","@id":"https:\/\/ticsalutsocial.atoom.space\/es\/noticia\/reconeixement-de-lhospital-josep-trueta-al-projecte-dus-de-drons-en-neurorehabilitacio\/","url":"https:\/\/ticsalutsocial.atoom.space\/es\/noticia\/reconeixement-de-lhospital-josep-trueta-al-projecte-dus-de-drons-en-neurorehabilitacio\/","name":"Recibimos uno de los Premios Unidad de Ictus del Hospital Josep Trueta por el proyecto de uso de drones en neurorehabilitaci\u00f3n - Fundaci\u00f3 TIC Salut i Social","isPartOf":{"@id":"https:\/\/ticsalutsocial.atoom.space\/es\/#website"},"primaryImageOfPage":{"@id":"https:\/\/ticsalutsocial.atoom.space\/es\/noticia\/reconeixement-de-lhospital-josep-trueta-al-projecte-dus-de-drons-en-neurorehabilitacio\/#primaryimage"},"image":{"@id":"https:\/\/ticsalutsocial.atoom.space\/es\/noticia\/reconeixement-de-lhospital-josep-trueta-al-projecte-dus-de-drons-en-neurorehabilitacio\/#primaryimage"},"thumbnailUrl":"https:\/\/ticsalutsocial.atoom.space\/wp-content\/uploads\/2025\/10\/Premis-Unitat-Ictus-equip-drons.png","datePublished":"2025-10-29T13:59:38+00:00","dateModified":"2025-10-30T08:34:37+00:00","description":"La prueba piloto sobre el uso de drones en la neurorehabilitaci\u00f3n de pacientes con da\u00f1o cerebral vascular y disfunci\u00f3n frontal ha recibido uno de los Premios Unidad de Ictus 2025 del Hospital Universitari Josep Trueta de Girona.","breadcrumb":{"@id":"https:\/\/ticsalutsocial.atoom.space\/es\/noticia\/reconeixement-de-lhospital-josep-trueta-al-projecte-dus-de-drons-en-neurorehabilitacio\/#breadcrumb"},"inLanguage":"es","potentialAction":[{"@type":"ReadAction","target":["https:\/\/ticsalutsocial.atoom.space\/es\/noticia\/reconeixement-de-lhospital-josep-trueta-al-projecte-dus-de-drons-en-neurorehabilitacio\/"]}]},{"@type":"ImageObject","inLanguage":"es","@id":"https:\/\/ticsalutsocial.atoom.space\/es\/noticia\/reconeixement-de-lhospital-josep-trueta-al-projecte-dus-de-drons-en-neurorehabilitacio\/#primaryimage","url":"https:\/\/ticsalutsocial.atoom.space\/wp-content\/uploads\/2025\/10\/Premis-Unitat-Ictus-equip-drons.png","contentUrl":"https:\/\/ticsalutsocial.atoom.space\/wp-content\/uploads\/2025\/10\/Premis-Unitat-Ictus-equip-drons.png","width":1280,"height":960,"caption":"Drons en neurorehabilitaci\u00f3"},{"@type":"BreadcrumbList","@id":"https:\/\/ticsalutsocial.atoom.space\/es\/noticia\/reconeixement-de-lhospital-josep-trueta-al-projecte-dus-de-drons-en-neurorehabilitacio\/#breadcrumb","itemListElement":[{"@type":"ListItem","position":1,"name":"Inici","item":"https:\/\/ticsalutsocial.atoom.space\/es\/"},{"@type":"ListItem","position":2,"name":"Recibimos uno de los Premios Unidad de Ictus del Hospital Josep Trueta por el proyecto de uso de drones en neurorehabilitaci\u00f3n"}]},{"@type":"WebSite","@id":"https:\/\/ticsalutsocial.atoom.space\/es\/#website","url":"https:\/\/ticsalutsocial.atoom.space\/es\/","name":"Fundaci\u00f3 TIC Salut i Social","description":"","potentialAction":[{"@type":"SearchAction","target":{"@type":"EntryPoint","urlTemplate":"https:\/\/ticsalutsocial.atoom.space\/es\/?s={search_term_string}"},"query-input":{"@type":"PropertyValueSpecification","valueRequired":true,"valueName":"search_term_string"}}],"inLanguage":"es"}]}},"_links":{"self":[{"href":"https:\/\/ticsalutsocial.atoom.space\/es\/wp-json\/wp\/v2\/noticia\/34116","targetHints":{"allow":["GET"]}}],"collection":[{"href":"https:\/\/ticsalutsocial.atoom.space\/es\/wp-json\/wp\/v2\/noticia"}],"about":[{"href":"https:\/\/ticsalutsocial.atoom.space\/es\/wp-json\/wp\/v2\/types\/noticia"}],"author":[{"embeddable":true,"href":"https:\/\/ticsalutsocial.atoom.space\/es\/wp-json\/wp\/v2\/users\/12"}],"wp:featuredmedia":[{"embeddable":true,"href":"https:\/\/ticsalutsocial.atoom.space\/es\/wp-json\/wp\/v2\/media\/34114"}],"wp:attachment":[{"href":"https:\/\/ticsalutsocial.atoom.space\/es\/wp-json\/wp\/v2\/media?parent=34116"}],"wp:term":[{"taxonomy":"etiqueta","embeddable":true,"href":"https:\/\/ticsalutsocial.atoom.space\/es\/wp-json\/wp\/v2\/etiqueta?post=34116"},{"taxonomy":"tipus","embeddable":true,"href":"https:\/\/ticsalutsocial.atoom.space\/es\/wp-json\/wp\/v2\/tipus?post=34116"},{"taxonomy":"topic","embeddable":true,"href":"https:\/\/ticsalutsocial.atoom.space\/es\/wp-json\/wp\/v2\/topic?post=34116"}],"curies":[{"name":"wp","href":"https:\/\/api.w.org\/{rel}","templated":true}]}}