
{"id":34129,"date":"2025-10-30T11:25:49","date_gmt":"2025-10-30T09:25:49","guid":{"rendered":"https:\/\/ticsalutsocial.atoom.space\/noticia\/search-avanca-en-la-creacio-de-dades-sintetiques-per-impulsar-la-recerca-en-salut-a-europa\/"},"modified":"2025-10-30T12:28:56","modified_gmt":"2025-10-30T10:28:56","slug":"search-avanca-en-la-creacio-de-dades-sintetiques-per-impulsar-la-recerca-en-salut-a-europa","status":"publish","type":"noticia","link":"https:\/\/ticsalutsocial.atoom.space\/es\/noticia\/search-avanca-en-la-creacio-de-dades-sintetiques-per-impulsar-la-recerca-en-salut-a-europa\/","title":{"rendered":"SEARCH avanza en la creaci\u00f3n de datos sint\u00e9ticos para impulsar la investigaci\u00f3n en salud en Europa"},"content":{"rendered":"\n<p>M\u00e1s de 50 representantes de las 28 instituciones que conforman el proyecto SEARCH, entre ellas la Fundaci\u00f3 TIC Salut i Social, asistieron los d\u00edas 23 y 24 de octubre a la reuni\u00f3n plenaria celebrada en Atenas, Grecia, con motivo del inicio del segundo a\u00f1o del consorcio europeo. El encuentro permiti\u00f3 poner en com\u00fan los principales logros conseguidos y debatir la hoja de ruta para los pr\u00f3ximos 12 meses.<\/p>\n\n\n\n<p>Las sesiones de trabajo abordaron cuestiones clave en la generaci\u00f3n de conjuntos de datos m\u00e9dicos sint\u00e9ticos y su papel en el apoyo a la toma de decisiones cl\u00ednicas, as\u00ed como la colaboraci\u00f3n con la industria y la comunicaci\u00f3n y difusi\u00f3n efectiva de los resultados. Tambi\u00e9n se centraron en aspectos como el mapeo y la consulta continuada de datos, la creaci\u00f3n de una plataforma federada para el descubrimiento de datos que sigan los principios FAIR (encontrables, accesibles, interoperables y reutilizables) y el aprendizaje autom\u00e1tico distribuido, entre otros.<\/p>\n\n\n\n<h2 class=\"wp-block-heading\"><strong>Hitos alcanzados y pr\u00f3ximos pasos<\/strong><\/h2>\n\n\n\n<p>El proyecto SEARCH ha logrado con \u00e9xito los principales objetivos previstos en su primer a\u00f1o de trabajo, ya que <strong>ha consolidado las bases t\u00e9cnicas, cl\u00ednicas, \u00e9ticas y de gobernanza necesarias para el desarrollo de su plataforma de datos sint\u00e9ticos en salud<\/strong>.<\/p>\n\n\n\n<p>Entre los hitos m\u00e1s destacados se encuentran la definici\u00f3n de los requisitos t\u00e9cnicos y de usuario mediante consultas con las partes interesadas, la creaci\u00f3n de un registro con 140 conjuntos de datos con metadatos y mapeo de usabilidad, el dise\u00f1o de la arquitectura y las especificaciones de interoperabilidad de la plataforma, la publicaci\u00f3n de la primera versi\u00f3n del marco de evaluaci\u00f3n de datos sint\u00e9ticos y la implementaci\u00f3n de metodolog\u00edas iniciales de inteligencia artificial federada para la generaci\u00f3n de datos multimodales.<\/p>\n\n\n\n<p>En cuanto a los pilotos, se han preparado los paquetes iniciales de los estudios cl\u00ednicos de validaci\u00f3n en las diferentes \u00e1reas terap\u00e9uticas del proyecto: cardiovascular, ictus, gastrointestinal y oncolog\u00eda ginecol\u00f3gica.<\/p>\n\n\n\n<p>En definitiva, durante este primer a\u00f1o, <strong>el proyecto SEARCH ha avanzado de manera coherente con su misi\u00f3n principal: crear un ecosistema integrado, seguro y respetuoso con la privacidad que permita compartir y utilizar datos de salud entre sectores, abriendo nuevas posibilidades en diagn\u00f3stico, tratamiento y medicina personalizada<\/strong>. A pesar de los avances logrados, el proyecto a\u00fan dispone de tres a\u00f1os para alcanzar plenamente su visi\u00f3n.<\/p>\n\n\n\n<p>En la reuni\u00f3n de Atenas, los participantes identificaron los principales retos para los pr\u00f3ximos doce meses, entre los que destacan la implementaci\u00f3n de la arquitectura federada, la mejora de la interoperabilidad y la generaci\u00f3n de datos sint\u00e9ticos fiables, la obtenci\u00f3n de aprobaciones \u00e9ticas y regulatorias, la adaptaci\u00f3n a las nuevas normativas europeas y la consolidaci\u00f3n de la sostenibilidad e impacto del proyecto a largo plazo.<\/p>\n\n\n\n<h2 class=\"wp-block-heading\"><strong>El papel de la Fundaci\u00f3 TIC Salut i Social<\/strong><\/h2>\n\n\n\n<p>La Fundaci\u00f3 TIC Salut i Social participa activamente en el proyecto SEARCH en las tareas relacionadas con el dise\u00f1o de marcos de evaluaci\u00f3n de la credibilidad y seguridad de los datos sint\u00e9ticos utilizados para el desarrollo de modelos de IA.<\/p>\n\n\n\n<p>Tal como explic\u00f3 <strong>Vaneza G\u00f3mez<\/strong>, t\u00e9cnica del equipo de Inteligencia Artificial de la Fundaci\u00f3, en un v\u00eddeo durante la reuni\u00f3n anual de SEARCH, en este primer a\u00f1o <strong>\u201chemos contribuido a la investigaci\u00f3n de m\u00e9todos de explicabilidad para los modelos de generaci\u00f3n de datos sint\u00e9ticos, de manera que todos los datos sint\u00e9ticos generados en este proyecto puedan ser explicables, \u00fatiles y fiables para todos los actores implicados\u201d<\/strong>.<\/p>\n\n\n\n<figure class=\"wp-block-embed is-type-video is-provider-youtube wp-block-embed-youtube wp-embed-aspect-16-9 wp-has-aspect-ratio\"><div class=\"wp-block-embed__wrapper\">\n<iframe loading=\"lazy\" title=\"Building Trust in Synthetic Data for Healthcare | Fundaci\u00f3 TIC Salut i Social\" width=\"500\" height=\"281\" src=\"https:\/\/www.youtube.com\/embed\/YvxnHJqG-uM?feature=oembed\" frameborder=\"0\" allow=\"accelerometer; autoplay; clipboard-write; encrypted-media; gyroscope; picture-in-picture; web-share\" referrerpolicy=\"strict-origin-when-cross-origin\" allowfullscreen><\/iframe>\n<\/div><\/figure>\n\n\n\n<p>Adem\u00e1s de la parte m\u00e1s t\u00e9cnica, la Fundaci\u00f3 tambi\u00e9n lidera las tareas de comunicaci\u00f3n y divulgaci\u00f3n del proyecto, la identificaci\u00f3n de normativas existentes relevantes y la exploraci\u00f3n de oportunidades para alinear los resultados de SEARCH con los esfuerzos de estandarizaci\u00f3n europeos e internacionales en curso.<\/p>\n\n\n\n<p>Para m\u00e1s informaci\u00f3n, consulta la <a href=\"https:\/\/ihi-search.eu\/\" target=\"_blank\" rel=\"noreferrer noopener\">p\u00e1gina web del proyecto <\/a>y este <a href=\"https:\/\/www.elespanol.com\/invertia\/disruptores\/grandes-actores\/investigacion\/20251026\/datos-sinteticos-curar-cuerpos-carne-hueso-revolucion-ia-salud\/1003743979547_0.html\" target=\"_blank\" rel=\"noreferrer noopener\">art\u00edculo reciente publicado en <em>El Espa\u00f1ol<\/em><\/a>, con la participaci\u00f3n de la responsable de proyectos p\u00fablicos de la Fundaci\u00f3, <strong>Carla \u00c1lvarez<\/strong>.<\/p>\n\n\n\n<p><em>El proyecto cuenta con el apoyo de la Iniciativa Innovadora en Salud (IHI JU) bajo el acuerdo de subvenci\u00f3n n\u00ba 101172997. La JU recibe el apoyo del programa Horizonte Europa de investigaci\u00f3n e innovaci\u00f3n de la Uni\u00f3n Europea y de COCIR, EFPIA (incluida Vaccines Europe), EuropaBio y MedTech Europe.<\/em><\/p>\n","protected":false},"author":12,"featured_media":34128,"menu_order":0,"template":"","meta":{"_acf_changed":true,"inline_featured_image":false},"etiqueta":[],"tipus":[879],"topic":[127],"class_list":["post-34129","noticia","type-noticia","status-publish","has-post-thumbnail","hentry","tipus-inteligencia-artificial","topic-proyectos"],"acf":{"finalitzat":false,"tipus_plantilla":"objectius","template_objectius":{"cont_principal":"","imatge":false,"cont_seguent":{"titol":"","contingut":""},"seccio_llistat":{"titol":"","llistat":false},"objectius":{"titol":"","objectius":false},"documents":false},"autor":"","imatge":34128,"textos_destacats":[{"texte":"La Fundaci\u00f3 TIC Salut i Social particip\u00f3 en la reuni\u00f3n plenaria del proyecto europeo, en la que se repasaron los hitos alcanzados durante el primer a\u00f1o y los pr\u00f3ximos pasos."}],"documents":false},"yoast_head":"<!-- This site is optimized with the Yoast SEO plugin v27.1.1 - https:\/\/yoast.com\/product\/yoast-seo-wordpress\/ -->\n<title>SEARCH avanza en la creaci\u00f3n de datos sint\u00e9ticos para impulsar la investigaci\u00f3n en salud en Europa - Fundaci\u00f3 TIC Salut i Social<\/title>\n<meta name=\"description\" content=\"El proyecto SEARCH ha consolidado las bases t\u00e9cnicas, cl\u00ednicas, \u00e9ticas y de gobernanza necesarias para el desarrollo de su plataforma de datos sint\u00e9ticos en salud\" \/>\n<meta name=\"robots\" content=\"index, follow, max-snippet:-1, max-image-preview:large, max-video-preview:-1\" \/>\n<link rel=\"canonical\" href=\"https:\/\/ticsalutsocial.atoom.space\/es\/noticia\/search-avanca-en-la-creacio-de-dades-sintetiques-per-impulsar-la-recerca-en-salut-a-europa\/\" \/>\n<meta property=\"og:locale\" content=\"es_ES\" \/>\n<meta property=\"og:type\" content=\"article\" \/>\n<meta property=\"og:title\" content=\"SEARCH avanza en la creaci\u00f3n de datos sint\u00e9ticos para impulsar la investigaci\u00f3n en salud en Europa - Fundaci\u00f3 TIC Salut i Social\" \/>\n<meta property=\"og:description\" content=\"El proyecto SEARCH ha consolidado las bases t\u00e9cnicas, cl\u00ednicas, \u00e9ticas y de gobernanza necesarias para el desarrollo de su plataforma de datos sint\u00e9ticos en salud\" \/>\n<meta property=\"og:url\" content=\"https:\/\/ticsalutsocial.atoom.space\/es\/noticia\/search-avanca-en-la-creacio-de-dades-sintetiques-per-impulsar-la-recerca-en-salut-a-europa\/\" \/>\n<meta property=\"og:site_name\" content=\"Fundaci\u00f3 TIC Salut i Social\" \/>\n<meta property=\"article:modified_time\" content=\"2025-10-30T10:28:56+00:00\" \/>\n<meta property=\"og:image\" content=\"https:\/\/ticsalutsocial.atoom.space\/wp-content\/uploads\/2025\/10\/SEARCH-GA-dades-sintetiques.png\" \/>\n\t<meta property=\"og:image:width\" content=\"1280\" \/>\n\t<meta property=\"og:image:height\" content=\"960\" \/>\n\t<meta property=\"og:image:type\" content=\"image\/png\" \/>\n<meta name=\"twitter:card\" content=\"summary_large_image\" \/>\n<meta name=\"twitter:label1\" content=\"Tiempo de lectura\" \/>\n\t<meta name=\"twitter:data1\" content=\"4 minutos\" \/>\n<script type=\"application\/ld+json\" class=\"yoast-schema-graph\">{\"@context\":\"https:\/\/schema.org\",\"@graph\":[{\"@type\":\"WebPage\",\"@id\":\"https:\/\/ticsalutsocial.atoom.space\/es\/noticia\/search-avanca-en-la-creacio-de-dades-sintetiques-per-impulsar-la-recerca-en-salut-a-europa\/\",\"url\":\"https:\/\/ticsalutsocial.atoom.space\/es\/noticia\/search-avanca-en-la-creacio-de-dades-sintetiques-per-impulsar-la-recerca-en-salut-a-europa\/\",\"name\":\"SEARCH avanza en la creaci\u00f3n de datos sint\u00e9ticos para impulsar la investigaci\u00f3n en salud en Europa - Fundaci\u00f3 TIC Salut i Social\",\"isPartOf\":{\"@id\":\"https:\/\/ticsalutsocial.atoom.space\/es\/#website\"},\"primaryImageOfPage\":{\"@id\":\"https:\/\/ticsalutsocial.atoom.space\/es\/noticia\/search-avanca-en-la-creacio-de-dades-sintetiques-per-impulsar-la-recerca-en-salut-a-europa\/#primaryimage\"},\"image\":{\"@id\":\"https:\/\/ticsalutsocial.atoom.space\/es\/noticia\/search-avanca-en-la-creacio-de-dades-sintetiques-per-impulsar-la-recerca-en-salut-a-europa\/#primaryimage\"},\"thumbnailUrl\":\"https:\/\/ticsalutsocial.atoom.space\/wp-content\/uploads\/2025\/10\/SEARCH-GA-dades-sintetiques.png\",\"datePublished\":\"2025-10-30T09:25:49+00:00\",\"dateModified\":\"2025-10-30T10:28:56+00:00\",\"description\":\"El proyecto SEARCH ha consolidado las bases t\u00e9cnicas, cl\u00ednicas, \u00e9ticas y de gobernanza necesarias para el desarrollo de su plataforma de datos sint\u00e9ticos en salud\",\"breadcrumb\":{\"@id\":\"https:\/\/ticsalutsocial.atoom.space\/es\/noticia\/search-avanca-en-la-creacio-de-dades-sintetiques-per-impulsar-la-recerca-en-salut-a-europa\/#breadcrumb\"},\"inLanguage\":\"es\",\"potentialAction\":[{\"@type\":\"ReadAction\",\"target\":[\"https:\/\/ticsalutsocial.atoom.space\/es\/noticia\/search-avanca-en-la-creacio-de-dades-sintetiques-per-impulsar-la-recerca-en-salut-a-europa\/\"]}]},{\"@type\":\"ImageObject\",\"inLanguage\":\"es\",\"@id\":\"https:\/\/ticsalutsocial.atoom.space\/es\/noticia\/search-avanca-en-la-creacio-de-dades-sintetiques-per-impulsar-la-recerca-en-salut-a-europa\/#primaryimage\",\"url\":\"https:\/\/ticsalutsocial.atoom.space\/wp-content\/uploads\/2025\/10\/SEARCH-GA-dades-sintetiques.png\",\"contentUrl\":\"https:\/\/ticsalutsocial.atoom.space\/wp-content\/uploads\/2025\/10\/SEARCH-GA-dades-sintetiques.png\",\"width\":1280,\"height\":960,\"caption\":\"SEARCH GA dades sinte\u0300tiques\"},{\"@type\":\"BreadcrumbList\",\"@id\":\"https:\/\/ticsalutsocial.atoom.space\/es\/noticia\/search-avanca-en-la-creacio-de-dades-sintetiques-per-impulsar-la-recerca-en-salut-a-europa\/#breadcrumb\",\"itemListElement\":[{\"@type\":\"ListItem\",\"position\":1,\"name\":\"Inici\",\"item\":\"https:\/\/ticsalutsocial.atoom.space\/es\/\"},{\"@type\":\"ListItem\",\"position\":2,\"name\":\"SEARCH avanza en la creaci\u00f3n de datos sint\u00e9ticos para impulsar la investigaci\u00f3n en salud en Europa\"}]},{\"@type\":\"WebSite\",\"@id\":\"https:\/\/ticsalutsocial.atoom.space\/es\/#website\",\"url\":\"https:\/\/ticsalutsocial.atoom.space\/es\/\",\"name\":\"Fundaci\u00f3 TIC Salut i Social\",\"description\":\"\",\"potentialAction\":[{\"@type\":\"SearchAction\",\"target\":{\"@type\":\"EntryPoint\",\"urlTemplate\":\"https:\/\/ticsalutsocial.atoom.space\/es\/?s={search_term_string}\"},\"query-input\":{\"@type\":\"PropertyValueSpecification\",\"valueRequired\":true,\"valueName\":\"search_term_string\"}}],\"inLanguage\":\"es\"}]}<\/script>\n<!-- \/ Yoast SEO plugin. -->","yoast_head_json":{"title":"SEARCH avanza en la creaci\u00f3n de datos sint\u00e9ticos para impulsar la investigaci\u00f3n en salud en Europa - Fundaci\u00f3 TIC Salut i Social","description":"El proyecto SEARCH ha consolidado las bases t\u00e9cnicas, cl\u00ednicas, \u00e9ticas y de gobernanza necesarias para el desarrollo de su plataforma de datos sint\u00e9ticos en salud","robots":{"index":"index","follow":"follow","max-snippet":"max-snippet:-1","max-image-preview":"max-image-preview:large","max-video-preview":"max-video-preview:-1"},"canonical":"https:\/\/ticsalutsocial.atoom.space\/es\/noticia\/search-avanca-en-la-creacio-de-dades-sintetiques-per-impulsar-la-recerca-en-salut-a-europa\/","og_locale":"es_ES","og_type":"article","og_title":"SEARCH avanza en la creaci\u00f3n de datos sint\u00e9ticos para impulsar la investigaci\u00f3n en salud en Europa - Fundaci\u00f3 TIC Salut i Social","og_description":"El proyecto SEARCH ha consolidado las bases t\u00e9cnicas, cl\u00ednicas, \u00e9ticas y de gobernanza necesarias para el desarrollo de su plataforma de datos sint\u00e9ticos en salud","og_url":"https:\/\/ticsalutsocial.atoom.space\/es\/noticia\/search-avanca-en-la-creacio-de-dades-sintetiques-per-impulsar-la-recerca-en-salut-a-europa\/","og_site_name":"Fundaci\u00f3 TIC Salut i Social","article_modified_time":"2025-10-30T10:28:56+00:00","og_image":[{"width":1280,"height":960,"url":"https:\/\/ticsalutsocial.atoom.space\/wp-content\/uploads\/2025\/10\/SEARCH-GA-dades-sintetiques.png","type":"image\/png"}],"twitter_card":"summary_large_image","twitter_misc":{"Tiempo de lectura":"4 minutos"},"schema":{"@context":"https:\/\/schema.org","@graph":[{"@type":"WebPage","@id":"https:\/\/ticsalutsocial.atoom.space\/es\/noticia\/search-avanca-en-la-creacio-de-dades-sintetiques-per-impulsar-la-recerca-en-salut-a-europa\/","url":"https:\/\/ticsalutsocial.atoom.space\/es\/noticia\/search-avanca-en-la-creacio-de-dades-sintetiques-per-impulsar-la-recerca-en-salut-a-europa\/","name":"SEARCH avanza en la creaci\u00f3n de datos sint\u00e9ticos para impulsar la investigaci\u00f3n en salud en Europa - Fundaci\u00f3 TIC Salut i Social","isPartOf":{"@id":"https:\/\/ticsalutsocial.atoom.space\/es\/#website"},"primaryImageOfPage":{"@id":"https:\/\/ticsalutsocial.atoom.space\/es\/noticia\/search-avanca-en-la-creacio-de-dades-sintetiques-per-impulsar-la-recerca-en-salut-a-europa\/#primaryimage"},"image":{"@id":"https:\/\/ticsalutsocial.atoom.space\/es\/noticia\/search-avanca-en-la-creacio-de-dades-sintetiques-per-impulsar-la-recerca-en-salut-a-europa\/#primaryimage"},"thumbnailUrl":"https:\/\/ticsalutsocial.atoom.space\/wp-content\/uploads\/2025\/10\/SEARCH-GA-dades-sintetiques.png","datePublished":"2025-10-30T09:25:49+00:00","dateModified":"2025-10-30T10:28:56+00:00","description":"El proyecto SEARCH ha consolidado las bases t\u00e9cnicas, cl\u00ednicas, \u00e9ticas y de gobernanza necesarias para el desarrollo de su plataforma de datos sint\u00e9ticos en salud","breadcrumb":{"@id":"https:\/\/ticsalutsocial.atoom.space\/es\/noticia\/search-avanca-en-la-creacio-de-dades-sintetiques-per-impulsar-la-recerca-en-salut-a-europa\/#breadcrumb"},"inLanguage":"es","potentialAction":[{"@type":"ReadAction","target":["https:\/\/ticsalutsocial.atoom.space\/es\/noticia\/search-avanca-en-la-creacio-de-dades-sintetiques-per-impulsar-la-recerca-en-salut-a-europa\/"]}]},{"@type":"ImageObject","inLanguage":"es","@id":"https:\/\/ticsalutsocial.atoom.space\/es\/noticia\/search-avanca-en-la-creacio-de-dades-sintetiques-per-impulsar-la-recerca-en-salut-a-europa\/#primaryimage","url":"https:\/\/ticsalutsocial.atoom.space\/wp-content\/uploads\/2025\/10\/SEARCH-GA-dades-sintetiques.png","contentUrl":"https:\/\/ticsalutsocial.atoom.space\/wp-content\/uploads\/2025\/10\/SEARCH-GA-dades-sintetiques.png","width":1280,"height":960,"caption":"SEARCH GA dades sinte\u0300tiques"},{"@type":"BreadcrumbList","@id":"https:\/\/ticsalutsocial.atoom.space\/es\/noticia\/search-avanca-en-la-creacio-de-dades-sintetiques-per-impulsar-la-recerca-en-salut-a-europa\/#breadcrumb","itemListElement":[{"@type":"ListItem","position":1,"name":"Inici","item":"https:\/\/ticsalutsocial.atoom.space\/es\/"},{"@type":"ListItem","position":2,"name":"SEARCH avanza en la creaci\u00f3n de datos sint\u00e9ticos para impulsar la investigaci\u00f3n en salud en Europa"}]},{"@type":"WebSite","@id":"https:\/\/ticsalutsocial.atoom.space\/es\/#website","url":"https:\/\/ticsalutsocial.atoom.space\/es\/","name":"Fundaci\u00f3 TIC Salut i Social","description":"","potentialAction":[{"@type":"SearchAction","target":{"@type":"EntryPoint","urlTemplate":"https:\/\/ticsalutsocial.atoom.space\/es\/?s={search_term_string}"},"query-input":{"@type":"PropertyValueSpecification","valueRequired":true,"valueName":"search_term_string"}}],"inLanguage":"es"}]}},"_links":{"self":[{"href":"https:\/\/ticsalutsocial.atoom.space\/es\/wp-json\/wp\/v2\/noticia\/34129","targetHints":{"allow":["GET"]}}],"collection":[{"href":"https:\/\/ticsalutsocial.atoom.space\/es\/wp-json\/wp\/v2\/noticia"}],"about":[{"href":"https:\/\/ticsalutsocial.atoom.space\/es\/wp-json\/wp\/v2\/types\/noticia"}],"author":[{"embeddable":true,"href":"https:\/\/ticsalutsocial.atoom.space\/es\/wp-json\/wp\/v2\/users\/12"}],"wp:featuredmedia":[{"embeddable":true,"href":"https:\/\/ticsalutsocial.atoom.space\/es\/wp-json\/wp\/v2\/media\/34128"}],"wp:attachment":[{"href":"https:\/\/ticsalutsocial.atoom.space\/es\/wp-json\/wp\/v2\/media?parent=34129"}],"wp:term":[{"taxonomy":"etiqueta","embeddable":true,"href":"https:\/\/ticsalutsocial.atoom.space\/es\/wp-json\/wp\/v2\/etiqueta?post=34129"},{"taxonomy":"tipus","embeddable":true,"href":"https:\/\/ticsalutsocial.atoom.space\/es\/wp-json\/wp\/v2\/tipus?post=34129"},{"taxonomy":"topic","embeddable":true,"href":"https:\/\/ticsalutsocial.atoom.space\/es\/wp-json\/wp\/v2\/topic?post=34129"}],"curies":[{"name":"wp","href":"https:\/\/api.w.org\/{rel}","templated":true}]}}