
{"id":3413,"date":"2018-07-23T17:49:05","date_gmt":"2018-07-23T15:49:05","guid":{"rendered":"https:\/\/ticsalutsocial.atoom.space\/?post_type=noticia&#038;p=3413"},"modified":"2021-07-21T15:36:42","modified_gmt":"2021-07-21T13:36:42","slug":"transhumanismo-entre-el-humanismo-y-el-posthumanismo","status":"publish","type":"noticia","link":"https:\/\/ticsalutsocial.atoom.space\/es\/noticia\/transhumanismo-entre-el-humanismo-y-el-posthumanismo\/","title":{"rendered":"Transhumanismo, entre el humanismo y el posthumanismo"},"content":{"rendered":"<p><span style=\"font-weight: 400;\">Los d\u00edas 27 y 28 de septiembre de 2018 celebramos en Vic las 8as Jornadas I + D + I TIC Salud y Social con el tema que lleva por t\u00edtulo: \u00abTecnolog\u00eda y humanismo: Terapias digitales\u00bb. La ocasi\u00f3n parece adecuada para explorar aspectos filos\u00f3ficos que relacionan la condici\u00f3n humana con el uso avanzado de las nuevas tecnolog\u00edas. Humanismo, transhumanismo, posthumanismo &#8230; son conceptos que ahora tambi\u00e9n toman relieve dado que de forma previa al evento se presentar\u00e1 y debatir\u00e1 el libro de Yuval Noah Harari, Homo Deus.<\/span><span style=\"font-weight: 400;\"><br \/>\n<\/span><span style=\"font-weight: 400;\"><br \/>\n<\/span><span style=\"font-weight: 400;\">Algunos conceptos clave:<\/span><\/p>\n<p><b>Humanismo<\/b><b><br \/>\n<\/b><span style=\"font-weight: 400;\">Considerando que el hombre est\u00e1 en posesi\u00f3n de capacidades intelectuales potencialmente ilimitadas, los humanistas consideraban la b\u00fasqueda del saber y el dominio de diversas disciplinas como condici\u00f3n necesaria para el buen uso de estas facultades. As\u00ed entendido, el humanismo trata de exponer y difundir con m\u00e1s claridad el patrimonio cultural. El individuo, correctamente instruido, permanece libre y plenamente responsable de sus actos en la creencia de su capacidad de elecci\u00f3n. En resumen, se trata de dar valor al hombre y el estudio de las humanidades<\/span><b><br \/>\n<\/b><b><br \/>\n<\/b><b>Transhumanismo<\/b><b><br \/>\n<\/b><b><br \/>\n<\/b><span style=\"font-weight: 400;\">En 1990, el fil\u00f3sofo More, cre\u00f3 su propia doctrina transhumanista, que adopt\u00f3 la forma de los \u00abPrincipios de Extropia\u00bb, y estableci\u00f3 el fundamento del transhumanismo moderno, d\u00e1ndole una nueva definici\u00f3n: \u00abEl transhumanismo es un tipo de filosof\u00edas que intentan guiarnos hacia una condici\u00f3n posthumana. El transhumanismo comparte muchos elementos del humanismo, incluido un respeto por la raz\u00f3n y la ciencia, un compromiso con el progreso y una valoraci\u00f3n de la existencia humana (o trashumante) en esta vida \u00ab. El transhumanismo se diferencia del humanismo en el reconocimiento y la anticipaci\u00f3n de las alteraciones radicales de la naturaleza y las posibilidades de nuestras vidas derivadas de la ciencia y la tecnolog\u00eda.<\/span><\/p>\n<p><em>El Extropianismo, un l\u00ednea filos\u00f3fica dentro del transhumanismo<\/em><\/p>\n<p><span style=\"font-weight: 400;\">El extrop\u00eda, tambi\u00e9n conocida como filosof\u00eda del extrop\u00eda, es un marco de valores y normas transhumanista para la mejora continua de la condici\u00f3n humana; su meta es mejorar la condici\u00f3n humana tanto a nivel f\u00edsico como psicol\u00f3gico o intelectual. Los extropianos creen que los avances en la ciencia y la tecnolog\u00eda alg\u00fan d\u00eda conseguir\u00e1n que la gente viva de manera indefinida y que los seres humanos de hoy tengan una buena oportunidad de ver este d\u00eda. La extrop\u00eda es guiada por un enfoque pragm\u00e1tico y din\u00e1mico sobre la evoluci\u00f3n humana y el progreso. La extrop\u00eda es la corriente de pensamiento transhumanista m\u00e1s temprano, y se origin\u00f3 incluyendo el concepto de orden espont\u00e1neo, opuesto, de forma metaf\u00f3rica, a lo que es el concepto f\u00edsico de entrop\u00eda.<\/span><\/p>\n<p><em>FM-2030, un fil\u00f3sofo transhumanista<\/em><\/p>\n<p><span style=\"font-weight: 400;\">FM-2030 fue el nombre adoptado por el fil\u00f3sofo y futur\u00f3logo transhumanista Fereidoun M. Estefandiary, quien afirmaba sentir una profunda nostalgia por el futuro. En 1989 escribi\u00f3 una de las obras fundamentales del transhumanismo: \u00abEres un transhumano?: Monitorizando y estimulando tu ratio personal de crecimiento en un mundo r\u00e1pidamente cambiante. Tambi\u00e9n escribi\u00f3 una serie de obras de ficci\u00f3n de tem\u00e1tica realista que firm\u00f3 con su nombre de nacimiento F.M. Esfandiary. Este fil\u00f3sofo escogi\u00f3 su nuevo nombre como s\u00edmbolo de su esperanza de llegar a centenario el a\u00f1o 2030, una fecha en la que, supon\u00eda, la tecnolog\u00eda habr\u00eda avanzado lo suficiente como para permitir una longevidad indefinida.<\/span><\/p>\n<p><em>Cyborgs: nuevas identidades del transhumanismo<\/em><\/p>\n<p><span style=\"font-weight: 400;\">Muchas, aunque no todas las definiciones de diccionario actuales de \u00abcyborg\u00bb hacen referencia a la mejora. El diccionario de Oxford define un cyborg como \u00abUna persona ficticia o hipot\u00e9tica, las habilidades f\u00edsicas de la cu\u00e1l se extienden m\u00e1s all\u00e1 de las limitaciones humanas normales por elementos mec\u00e1nicos incorporados en el cuerpo\u00bb. El Diccionario de Norteam\u00e9rica define un cyborg como: \u00abUn organismo, a menudo un humano, que tiene ciertos procesos fisiol\u00f3gicos mejorados o controlados por dispositivos mec\u00e1nicos o electr\u00f3nicos, especialmente cuando est\u00e1n integrados con el sistema nervioso.<\/span><\/p>\n<p><b>Posthumanismo<\/b><\/p>\n<p><span style=\"font-weight: 400;\">Posthumano o post-humano es un concepto b\u00e1sicamente originado en los campos de la ciencia ficci\u00f3n, la futurolog\u00eda, el arte contempor\u00e1neo, y la filosof\u00eda. Estos m\u00faltiples or\u00edgenes interactuando han contribuido a una profunda confusi\u00f3n en torno a las similitudes y diferencias entre los conceptos posthumano del \u00abposmodernismo\u00bb y el posthumano del \u00abtranshumanismo\u00bb. El posthumanismo y la tecnolog\u00eda han ido avanzando de la mano ya que actualmente es una forma de poder acceder al conocimiento: redes sociales, tel\u00e9fonos inteligentes y otros son instrumentos que nos facilitan el acceso a este conocimiento. El transhumanismo predice que se producir\u00e1 la fusi\u00f3n entre tecnolog\u00eda e inteligencia humana, dando lugar a una era en que se impondr\u00e1 la inteligencia no biol\u00f3gica de los posthumanos.<\/span><\/p>\n","protected":false},"author":21,"featured_media":6868,"menu_order":0,"template":"","meta":{"_acf_changed":false,"inline_featured_image":false},"etiqueta":[],"tipus":[],"topic":[121],"class_list":["post-3413","noticia","type-noticia","status-publish","has-post-thumbnail","hentry","topic-dpd-es"],"acf":{"autor":"Marc De San Pedro","textos_destacats":[{"texte":"A prop\u00f3sito de la presentaci\u00f3n del libro de Yuval Hoah Harari, Homo Deus en las #JornadesRDI"}],"imatge":6868},"yoast_head":"<!-- This site is optimized with the Yoast SEO plugin v27.1.1 - https:\/\/yoast.com\/product\/yoast-seo-wordpress\/ -->\n<title>Transhumanismo, entre el humanismo y el posthumanismo - Fundaci\u00f3 TIC Salut i Social<\/title>\n<meta name=\"robots\" content=\"index, follow, max-snippet:-1, max-image-preview:large, max-video-preview:-1\" \/>\n<link rel=\"canonical\" href=\"https:\/\/ticsalutsocial.atoom.space\/es\/noticia\/transhumanismo-entre-el-humanismo-y-el-posthumanismo\/\" \/>\n<meta property=\"og:locale\" content=\"es_ES\" \/>\n<meta property=\"og:type\" content=\"article\" \/>\n<meta property=\"og:title\" content=\"Transhumanismo, entre el humanismo y el posthumanismo - Fundaci\u00f3 TIC Salut i Social\" \/>\n<meta property=\"og:description\" content=\"Los d\u00edas 27 y 28 de septiembre de 2018 celebramos en Vic las 8as Jornadas I + D + I TIC Salud y Social con el tema que lleva por t\u00edtulo: \u00abTecnolog\u00eda y humanismo: Terapias digitales\u00bb. La ocasi\u00f3n parece adecuada para explorar aspectos filos\u00f3ficos que relacionan la condici\u00f3n humana con el uso avanzado de las [&hellip;]\" \/>\n<meta property=\"og:url\" content=\"https:\/\/ticsalutsocial.atoom.space\/es\/noticia\/transhumanismo-entre-el-humanismo-y-el-posthumanismo\/\" \/>\n<meta property=\"og:site_name\" content=\"Fundaci\u00f3 TIC Salut i Social\" \/>\n<meta property=\"article:modified_time\" content=\"2021-07-21T13:36:42+00:00\" \/>\n<meta property=\"og:image\" content=\"https:\/\/ticsalutsocial.atoom.space\/wp-content\/uploads\/2018\/07\/transhuman1-945x539-1.jpg\" \/>\n\t<meta property=\"og:image:width\" content=\"945\" \/>\n\t<meta property=\"og:image:height\" content=\"539\" \/>\n\t<meta property=\"og:image:type\" content=\"image\/jpeg\" \/>\n<meta name=\"twitter:card\" content=\"summary_large_image\" \/>\n<meta name=\"twitter:label1\" content=\"Tiempo de lectura\" \/>\n\t<meta name=\"twitter:data1\" content=\"4 minutos\" \/>\n<script type=\"application\/ld+json\" class=\"yoast-schema-graph\">{\"@context\":\"https:\/\/schema.org\",\"@graph\":[{\"@type\":\"WebPage\",\"@id\":\"https:\/\/ticsalutsocial.atoom.space\/es\/noticia\/transhumanismo-entre-el-humanismo-y-el-posthumanismo\/\",\"url\":\"https:\/\/ticsalutsocial.atoom.space\/es\/noticia\/transhumanismo-entre-el-humanismo-y-el-posthumanismo\/\",\"name\":\"Transhumanismo, entre el humanismo y el posthumanismo - Fundaci\u00f3 TIC Salut i Social\",\"isPartOf\":{\"@id\":\"https:\/\/ticsalutsocial.atoom.space\/es\/#website\"},\"primaryImageOfPage\":{\"@id\":\"https:\/\/ticsalutsocial.atoom.space\/es\/noticia\/transhumanismo-entre-el-humanismo-y-el-posthumanismo\/#primaryimage\"},\"image\":{\"@id\":\"https:\/\/ticsalutsocial.atoom.space\/es\/noticia\/transhumanismo-entre-el-humanismo-y-el-posthumanismo\/#primaryimage\"},\"thumbnailUrl\":\"https:\/\/ticsalutsocial.atoom.space\/wp-content\/uploads\/2018\/07\/transhuman1-945x539-1.jpg\",\"datePublished\":\"2018-07-23T15:49:05+00:00\",\"dateModified\":\"2021-07-21T13:36:42+00:00\",\"breadcrumb\":{\"@id\":\"https:\/\/ticsalutsocial.atoom.space\/es\/noticia\/transhumanismo-entre-el-humanismo-y-el-posthumanismo\/#breadcrumb\"},\"inLanguage\":\"es\",\"potentialAction\":[{\"@type\":\"ReadAction\",\"target\":[\"https:\/\/ticsalutsocial.atoom.space\/es\/noticia\/transhumanismo-entre-el-humanismo-y-el-posthumanismo\/\"]}]},{\"@type\":\"ImageObject\",\"inLanguage\":\"es\",\"@id\":\"https:\/\/ticsalutsocial.atoom.space\/es\/noticia\/transhumanismo-entre-el-humanismo-y-el-posthumanismo\/#primaryimage\",\"url\":\"https:\/\/ticsalutsocial.atoom.space\/wp-content\/uploads\/2018\/07\/transhuman1-945x539-1.jpg\",\"contentUrl\":\"https:\/\/ticsalutsocial.atoom.space\/wp-content\/uploads\/2018\/07\/transhuman1-945x539-1.jpg\",\"width\":945,\"height\":539},{\"@type\":\"BreadcrumbList\",\"@id\":\"https:\/\/ticsalutsocial.atoom.space\/es\/noticia\/transhumanismo-entre-el-humanismo-y-el-posthumanismo\/#breadcrumb\",\"itemListElement\":[{\"@type\":\"ListItem\",\"position\":1,\"name\":\"Inici\",\"item\":\"https:\/\/ticsalutsocial.atoom.space\/es\/\"},{\"@type\":\"ListItem\",\"position\":2,\"name\":\"Transhumanismo, entre el humanismo y el posthumanismo\"}]},{\"@type\":\"WebSite\",\"@id\":\"https:\/\/ticsalutsocial.atoom.space\/es\/#website\",\"url\":\"https:\/\/ticsalutsocial.atoom.space\/es\/\",\"name\":\"Fundaci\u00f3 TIC Salut i Social\",\"description\":\"\",\"potentialAction\":[{\"@type\":\"SearchAction\",\"target\":{\"@type\":\"EntryPoint\",\"urlTemplate\":\"https:\/\/ticsalutsocial.atoom.space\/es\/?s={search_term_string}\"},\"query-input\":{\"@type\":\"PropertyValueSpecification\",\"valueRequired\":true,\"valueName\":\"search_term_string\"}}],\"inLanguage\":\"es\"}]}<\/script>\n<!-- \/ Yoast SEO plugin. -->","yoast_head_json":{"title":"Transhumanismo, entre el humanismo y el posthumanismo - Fundaci\u00f3 TIC Salut i Social","robots":{"index":"index","follow":"follow","max-snippet":"max-snippet:-1","max-image-preview":"max-image-preview:large","max-video-preview":"max-video-preview:-1"},"canonical":"https:\/\/ticsalutsocial.atoom.space\/es\/noticia\/transhumanismo-entre-el-humanismo-y-el-posthumanismo\/","og_locale":"es_ES","og_type":"article","og_title":"Transhumanismo, entre el humanismo y el posthumanismo - Fundaci\u00f3 TIC Salut i Social","og_description":"Los d\u00edas 27 y 28 de septiembre de 2018 celebramos en Vic las 8as Jornadas I + D + I TIC Salud y Social con el tema que lleva por t\u00edtulo: \u00abTecnolog\u00eda y humanismo: Terapias digitales\u00bb. La ocasi\u00f3n parece adecuada para explorar aspectos filos\u00f3ficos que relacionan la condici\u00f3n humana con el uso avanzado de las [&hellip;]","og_url":"https:\/\/ticsalutsocial.atoom.space\/es\/noticia\/transhumanismo-entre-el-humanismo-y-el-posthumanismo\/","og_site_name":"Fundaci\u00f3 TIC Salut i Social","article_modified_time":"2021-07-21T13:36:42+00:00","og_image":[{"width":945,"height":539,"url":"https:\/\/ticsalutsocial.atoom.space\/wp-content\/uploads\/2018\/07\/transhuman1-945x539-1.jpg","type":"image\/jpeg"}],"twitter_card":"summary_large_image","twitter_misc":{"Tiempo de lectura":"4 minutos"},"schema":{"@context":"https:\/\/schema.org","@graph":[{"@type":"WebPage","@id":"https:\/\/ticsalutsocial.atoom.space\/es\/noticia\/transhumanismo-entre-el-humanismo-y-el-posthumanismo\/","url":"https:\/\/ticsalutsocial.atoom.space\/es\/noticia\/transhumanismo-entre-el-humanismo-y-el-posthumanismo\/","name":"Transhumanismo, entre el humanismo y el posthumanismo - Fundaci\u00f3 TIC Salut i Social","isPartOf":{"@id":"https:\/\/ticsalutsocial.atoom.space\/es\/#website"},"primaryImageOfPage":{"@id":"https:\/\/ticsalutsocial.atoom.space\/es\/noticia\/transhumanismo-entre-el-humanismo-y-el-posthumanismo\/#primaryimage"},"image":{"@id":"https:\/\/ticsalutsocial.atoom.space\/es\/noticia\/transhumanismo-entre-el-humanismo-y-el-posthumanismo\/#primaryimage"},"thumbnailUrl":"https:\/\/ticsalutsocial.atoom.space\/wp-content\/uploads\/2018\/07\/transhuman1-945x539-1.jpg","datePublished":"2018-07-23T15:49:05+00:00","dateModified":"2021-07-21T13:36:42+00:00","breadcrumb":{"@id":"https:\/\/ticsalutsocial.atoom.space\/es\/noticia\/transhumanismo-entre-el-humanismo-y-el-posthumanismo\/#breadcrumb"},"inLanguage":"es","potentialAction":[{"@type":"ReadAction","target":["https:\/\/ticsalutsocial.atoom.space\/es\/noticia\/transhumanismo-entre-el-humanismo-y-el-posthumanismo\/"]}]},{"@type":"ImageObject","inLanguage":"es","@id":"https:\/\/ticsalutsocial.atoom.space\/es\/noticia\/transhumanismo-entre-el-humanismo-y-el-posthumanismo\/#primaryimage","url":"https:\/\/ticsalutsocial.atoom.space\/wp-content\/uploads\/2018\/07\/transhuman1-945x539-1.jpg","contentUrl":"https:\/\/ticsalutsocial.atoom.space\/wp-content\/uploads\/2018\/07\/transhuman1-945x539-1.jpg","width":945,"height":539},{"@type":"BreadcrumbList","@id":"https:\/\/ticsalutsocial.atoom.space\/es\/noticia\/transhumanismo-entre-el-humanismo-y-el-posthumanismo\/#breadcrumb","itemListElement":[{"@type":"ListItem","position":1,"name":"Inici","item":"https:\/\/ticsalutsocial.atoom.space\/es\/"},{"@type":"ListItem","position":2,"name":"Transhumanismo, entre el humanismo y el posthumanismo"}]},{"@type":"WebSite","@id":"https:\/\/ticsalutsocial.atoom.space\/es\/#website","url":"https:\/\/ticsalutsocial.atoom.space\/es\/","name":"Fundaci\u00f3 TIC Salut i Social","description":"","potentialAction":[{"@type":"SearchAction","target":{"@type":"EntryPoint","urlTemplate":"https:\/\/ticsalutsocial.atoom.space\/es\/?s={search_term_string}"},"query-input":{"@type":"PropertyValueSpecification","valueRequired":true,"valueName":"search_term_string"}}],"inLanguage":"es"}]}},"_links":{"self":[{"href":"https:\/\/ticsalutsocial.atoom.space\/es\/wp-json\/wp\/v2\/noticia\/3413","targetHints":{"allow":["GET"]}}],"collection":[{"href":"https:\/\/ticsalutsocial.atoom.space\/es\/wp-json\/wp\/v2\/noticia"}],"about":[{"href":"https:\/\/ticsalutsocial.atoom.space\/es\/wp-json\/wp\/v2\/types\/noticia"}],"author":[{"embeddable":true,"href":"https:\/\/ticsalutsocial.atoom.space\/es\/wp-json\/wp\/v2\/users\/21"}],"wp:featuredmedia":[{"embeddable":true,"href":"https:\/\/ticsalutsocial.atoom.space\/es\/wp-json\/wp\/v2\/media\/6868"}],"wp:attachment":[{"href":"https:\/\/ticsalutsocial.atoom.space\/es\/wp-json\/wp\/v2\/media?parent=3413"}],"wp:term":[{"taxonomy":"etiqueta","embeddable":true,"href":"https:\/\/ticsalutsocial.atoom.space\/es\/wp-json\/wp\/v2\/etiqueta?post=3413"},{"taxonomy":"tipus","embeddable":true,"href":"https:\/\/ticsalutsocial.atoom.space\/es\/wp-json\/wp\/v2\/tipus?post=3413"},{"taxonomy":"topic","embeddable":true,"href":"https:\/\/ticsalutsocial.atoom.space\/es\/wp-json\/wp\/v2\/topic?post=3413"}],"curies":[{"name":"wp","href":"https:\/\/api.w.org\/{rel}","templated":true}]}}