
{"id":34169,"date":"2025-11-05T16:05:11","date_gmt":"2025-11-05T14:05:11","guid":{"rendered":"https:\/\/ticsalutsocial.atoom.space\/noticia\/catalunya-mostra-la-seva-estrategia-dia-en-salut-en-un-esdeveniment-internacional-del-nhs\/"},"modified":"2025-11-05T16:31:50","modified_gmt":"2025-11-05T14:31:50","slug":"catalunya-mostra-la-seva-estrategia-dia-en-salut-en-un-esdeveniment-internacional-del-nhs","status":"publish","type":"noticia","link":"https:\/\/ticsalutsocial.atoom.space\/es\/noticia\/catalunya-mostra-la-seva-estrategia-dia-en-salut-en-un-esdeveniment-internacional-del-nhs\/","title":{"rendered":"Catalu\u00f1a muestra su estrategia de IA en salud en un evento internacional del NHS"},"content":{"rendered":"\n<p>A pocos d\u00edas de que el Reino Unido anuncie su hoja de ruta en inteligencia artificial para el sistema nacional de salud (NHS), la conferencia <a href=\"https:\/\/www.health.org.uk\/events\/ai-in-the-nhs-2025\" target=\"_blank\" rel=\"noreferrer noopener\">AI in the NHS 2025<\/a> reuni\u00f3 a expertos internacionales para explorar qu\u00e9 puede aprender el pa\u00eds brit\u00e1nico de experiencias internacionales en este \u00e1mbito. Entre los participantes, el director de la Fundaci\u00f3n TIC Salut i Social, <strong>Joan Guanyabens<\/strong>, present\u00f3 la estrategia de Catalu\u00f1a en inteligencia artificial en salud, destacando los hitos, prioridades y lecciones aprendidas desde la creaci\u00f3n del <a href=\"https:\/\/iasalut.cat\/es\/\">Programa Salut\/IA <\/a>en 2019. El evento, organizado por <em>The Health Foundation<\/em>, se retransmiti\u00f3 en l\u00ednea el pasado 14 de octubre.<\/p>\n\n\n\n<h2 class=\"wp-block-heading\"><strong>Lecciones globales sobre inteligencia artificial en salud<\/strong><\/h2>\n\n\n\n<p>En representaci\u00f3n de Catalu\u00f1a, Guanyabens particip\u00f3 en la mesa redonda <em>Global lessons in AI for healthcare: innovations, challenges, and the path forward<\/em>, junto con <strong>Alec Price-Forbes<\/strong>, director cl\u00ednico nacional de informaci\u00f3n del NHS England; <strong>Hilde Lovett<\/strong>, asesora principal de la Direcci\u00f3n de Salud de Noruega; y <strong>Karl-Henrik Peterson<\/strong>, director general en funciones del Fondo de Seguro de Salud de Estonia.<\/p>\n\n\n\n<figure class=\"wp-block-embed is-type-video is-provider-youtube wp-block-embed-youtube wp-embed-aspect-16-9 wp-has-aspect-ratio\"><div class=\"wp-block-embed__wrapper\">\n<iframe loading=\"lazy\" title=\"AI in the NHS 2025 - Global lessons in AI for healthcare: innovations, challenges, the path forward\" width=\"500\" height=\"281\" src=\"https:\/\/www.youtube.com\/embed\/7D_pjLvjVIQ?feature=oembed\" frameborder=\"0\" allow=\"accelerometer; autoplay; clipboard-write; encrypted-media; gyroscope; picture-in-picture; web-share\" referrerpolicy=\"strict-origin-when-cross-origin\" allowfullscreen><\/iframe>\n<\/div><\/figure>\n\n\n\n<p>El director de la Fundaci\u00f3n TIC Salut i Social expuso el enfoque pragm\u00e1tico de Catalu\u00f1a hacia la inteligencia artificial, basado en un alto nivel de digitalizaci\u00f3n y calidad de los datos, profesionales cualificados e infraestructuras de vanguardia para el procesamiento de la informaci\u00f3n. <strong>\u201cEl objetivo es sencillo pero esencial: hacer m\u00e1s con menos recursos, mientras la demanda crece y los recursos siguen siendo limitados\u201d, afirm\u00f3 Guanyabens.<\/strong><\/p>\n\n\n\n<p>A continuaci\u00f3n, ofreci\u00f3 una visi\u00f3n general de la estrategia y de las principales actividades desarrolladas en el marco del Programa Salut\/IA. Estas incluyen el <a href=\"https:\/\/iasalut.cat\/es\/reptes\/\" target=\"_blank\" rel=\"noreferrer noopener\">lanzamiento de seis retos<\/a> relacionados con la retinopat\u00eda diab\u00e9tica, el ictus, la dermatolog\u00eda, la radiograf\u00eda de t\u00f3rax, un chatbot sobre medicaci\u00f3n y un asistente de voz. Tambi\u00e9n mencion\u00f3 la elaboraci\u00f3n de diversas gu\u00edas de buenas pr\u00e1cticas y la creaci\u00f3n del <a href=\"https:\/\/iasalut.cat\/es\/observatori-ia-en-salut\/\" target=\"_blank\" rel=\"noreferrer noopener\">Observatorio de IA en Salud<\/a>, entre otras iniciativas.<\/p>\n\n\n\n<p>Guanyabens tambi\u00e9n anunci\u00f3 los pr\u00f3ximos pasos de Catalu\u00f1a en este \u00e1mbito: reforzar la gobernanza de la inteligencia artificial, seguir la regulaci\u00f3n europea con la posible creaci\u00f3n de un organismo notificador catal\u00e1n, apoyar el Espacio Europeo de Datos de Salud utilizando est\u00e1ndares <em>openEHR<\/em>, registrar y monitorizar todos los algoritmos a trav\u00e9s del Observatorio de IA, y desarrollar modelos de negocio sostenibles que protejan la soberan\u00eda y los derechos de uso de los datos.<\/p>\n\n\n\n<p>Finalmente, cuando le preguntaron qu\u00e9 consejo dar\u00eda si pudiera retroceder un a\u00f1o en el tiempo, subray\u00f3 la importancia de implicar al personal cl\u00ednico desde el principio en el desarrollo de soluciones de inteligencia artificial, para que sean conscientes de todas las dificultades del camino.<\/p>\n\n\n\n<h2 class=\"wp-block-heading\"><strong>\u201cLa mayor innovaci\u00f3n que tenemos ahora no es la inteligencia artificial, es la inteligencia humana\u201d<\/strong><\/h2>\n\n\n\n<p><strong>Alec Price-Forbes<\/strong> destac\u00f3 varios retos que afronta actualmente el NHS, muchos de los cuales comparte con Catalu\u00f1a y otras regiones. Entre ellos, figuran el aumento de la demanda de servicios sanitarios y el envejecimiento de la poblaci\u00f3n, con una esperanza de vida saludable notablemente inferior a la esperanza de vida en global. Como resultado, explic\u00f3, las personas viven m\u00e1s tiempo pero con enfermedades cr\u00f3nicas y comorbilidades. Todo ello mientras el sistema de salud contin\u00faa sufriendo limitaciones de recursos, tanto en personal como en financiaci\u00f3n, y crecen las expectativas de pacientes y profesionales.<\/p>\n\n\n\n<p>En este contexto, Price-Forbes remarc\u00f3 que el \u00e9xito de la inteligencia artificial en salud no depende solo de la tecnolog\u00eda, sino tambi\u00e9n de contar con bases digitales s\u00f3lidas, una buena gobernanza y un cambio cultural. <strong>\u201cLa tecnolog\u00eda no cura; las personas s\u00ed. Y la mayor innovaci\u00f3n que tenemos ahora no es solo la inteligencia artificial, es la inteligencia humana. Se trata de empat\u00eda, pasi\u00f3n y de adoptar nuevas formas de trabajar y de cambiar el modelo, para ofrecer servicios de calidad que transformen la vida de las personas\u201d, sentenci\u00f3 Price-Forbes.<\/strong><\/p>\n\n\n\n<h2 class=\"wp-block-heading\"><strong>Experiencias de inteligencia artificial en Noruega y Estonia<\/strong><\/h2>\n\n\n\n<p>En representaci\u00f3n de Noruega, <strong>Hilde Lovett<\/strong> explic\u00f3 que el pa\u00eds comenz\u00f3 a trabajar con inteligencia artificial predictiva en un hospital en 2019. Su uso se expandi\u00f3 r\u00e1pidamente en todo el territorio mediante un plan de acci\u00f3n flexible y din\u00e1mico con el objetivo de <strong>\u201cdefinir y ofrecer una orientaci\u00f3n clara sobre c\u00f3mo implementar la inteligencia artificial de manera segura y efectiva en los servicios de salud\u201d.<\/strong><\/p>\n\n\n\n<p>Actualmente, las soluciones de inteligencia artificial apoyan no solo tareas de gesti\u00f3n administrativa, sino tambi\u00e9n la radiolog\u00eda y otras \u00e1reas cl\u00ednicas, incluidas la mamograf\u00eda y la retinopat\u00eda diab\u00e9tica. Como ejemplo, Lovett explic\u00f3 que los pacientes que llegan a los servicios de urgencias con sospecha de fractura son evaluados por un sistema de inteligencia artificial que estima la probabilidad de tenerla o no. Si la probabilidad es muy baja, el paciente puede regresar a casa con seguridad, y un radi\u00f3logo revisa la imagen en menos de 24 horas para garantizar la precisi\u00f3n y mantener la calidad asistencial.<\/p>\n\n\n\n<p>Por su parte, <strong>Karl-Henrik Peterson<\/strong> explic\u00f3 que el avanzado estado de digitalizaci\u00f3n de Estonia se debe a que el pa\u00eds tuvo que construir sus sistemas desde cero. Peterson destac\u00f3 que todo el pa\u00eds reconoce la necesidad de desplegar la inteligencia artificial para asegurar su futuro: <strong>\u201ctodo el tejido econ\u00f3mico de Estonia apuesta plenamente por la inteligencia artificial, ya que no existe otra manera de mantener el actual nivel de servicios y de la econom\u00eda.\u201d<\/strong> Tambi\u00e9n advirti\u00f3 sobre el importante reto demogr\u00e1fico al que se enfrenta el pa\u00eds, ya que se prev\u00e9 que la poblaci\u00f3n se reduzca a la mitad a finales de siglo y que un tercio del personal m\u00e9dico de atenci\u00f3n primaria se jubile en cinco a\u00f1os. Como ejemplo pr\u00e1ctico, mencion\u00f3 las herramientas de transcripci\u00f3n basadas en inteligencia artificial que ya est\u00e1n en uso y que ayudan a los m\u00e9dicos a ahorrar unos cuatro minutos por cada consulta de veinte minutos.<\/p>\n\n\n\n<p>La otra sesi\u00f3n de la conferencia <em>AI in the NHS 2025<\/em> explor\u00f3 c\u00f3mo garantizar que las tecnolog\u00edas de inteligencia artificial en salud sean seguras, efectivas y rigurosamente evaluadas. Participaron ponentes de Newton\u2019s Tree, el Imperial College Healthcare Trust, el Moorfields Eye Hospital y el THIS Institute, que debatieron los retos pr\u00e1cticos de escalar la inteligencia artificial dentro del NHS.<\/p>\n\n\n\n<p>Para m\u00e1s informaci\u00f3n, todas las intervenciones est\u00e1n disponibles en la p\u00e1gina web de <a href=\"https:\/\/www.health.org.uk\/events\/ai-in-the-nhs-2025\" target=\"_blank\" rel=\"noreferrer noopener\"><em>The Health Foundation<\/em>.<\/a><\/p>\n","protected":false},"author":12,"featured_media":34167,"menu_order":0,"template":"","meta":{"_acf_changed":false,"inline_featured_image":false},"etiqueta":[],"tipus":[879],"topic":[117],"class_list":["post-34169","noticia","type-noticia","status-publish","has-post-thumbnail","hentry","tipus-inteligencia-artificial","topic-jornadas"],"acf":{"finalitzat":false,"tipus_plantilla":"objectius","template_objectius":{"cont_principal":"","imatge":false,"cont_seguent":{"titol":"","contingut":""},"seccio_llistat":{"titol":"","llistat":false},"objectius":{"titol":"","objectius":false},"documents":false},"autor":"","imatge":34167,"textos_destacats":[{"texte":"El director de la Fundaci\u00f3n TIC Salut i Social comparti\u00f3 los logros, prioridades y aprendizajes del Programa Salut\/IA."}],"documents":false},"yoast_head":"<!-- This site is optimized with the Yoast SEO plugin v27.1.1 - https:\/\/yoast.com\/product\/yoast-seo-wordpress\/ -->\n<title>Catalu\u00f1a muestra su estrategia de IA en salud en un evento internacional del NHS - Fundaci\u00f3 TIC Salut i Social<\/title>\n<meta name=\"description\" content=\"El director de la Fundaci\u00f3n TIC Salut i Social comparti\u00f3 los logros, prioridades y aprendizajes del Programa Salut\/IA en el AI at NHS.\" \/>\n<meta name=\"robots\" content=\"index, follow, max-snippet:-1, max-image-preview:large, max-video-preview:-1\" \/>\n<link rel=\"canonical\" href=\"https:\/\/ticsalutsocial.atoom.space\/es\/noticia\/catalunya-mostra-la-seva-estrategia-dia-en-salut-en-un-esdeveniment-internacional-del-nhs\/\" \/>\n<meta property=\"og:locale\" content=\"es_ES\" \/>\n<meta property=\"og:type\" content=\"article\" \/>\n<meta property=\"og:title\" content=\"Catalu\u00f1a muestra su estrategia de IA en salud en un evento internacional del NHS - Fundaci\u00f3 TIC Salut i Social\" \/>\n<meta property=\"og:description\" content=\"El director de la Fundaci\u00f3n TIC Salut i Social comparti\u00f3 los logros, prioridades y aprendizajes del Programa Salut\/IA en el AI at NHS.\" \/>\n<meta property=\"og:url\" content=\"https:\/\/ticsalutsocial.atoom.space\/es\/noticia\/catalunya-mostra-la-seva-estrategia-dia-en-salut-en-un-esdeveniment-internacional-del-nhs\/\" \/>\n<meta property=\"og:site_name\" content=\"Fundaci\u00f3 TIC Salut i Social\" \/>\n<meta property=\"article:modified_time\" content=\"2025-11-05T14:31:50+00:00\" \/>\n<meta property=\"og:image\" content=\"https:\/\/ticsalutsocial.atoom.space\/wp-content\/uploads\/2025\/11\/AI-at-the-NHS-scaled.png\" \/>\n\t<meta property=\"og:image:width\" content=\"2560\" \/>\n\t<meta property=\"og:image:height\" content=\"1503\" \/>\n\t<meta property=\"og:image:type\" content=\"image\/png\" \/>\n<meta name=\"twitter:card\" content=\"summary_large_image\" \/>\n<meta name=\"twitter:label1\" content=\"Tiempo de lectura\" \/>\n\t<meta name=\"twitter:data1\" content=\"6 minutos\" \/>\n<script type=\"application\/ld+json\" class=\"yoast-schema-graph\">{\"@context\":\"https:\/\/schema.org\",\"@graph\":[{\"@type\":\"WebPage\",\"@id\":\"https:\/\/ticsalutsocial.atoom.space\/es\/noticia\/catalunya-mostra-la-seva-estrategia-dia-en-salut-en-un-esdeveniment-internacional-del-nhs\/\",\"url\":\"https:\/\/ticsalutsocial.atoom.space\/es\/noticia\/catalunya-mostra-la-seva-estrategia-dia-en-salut-en-un-esdeveniment-internacional-del-nhs\/\",\"name\":\"Catalu\u00f1a muestra su estrategia de IA en salud en un evento internacional del NHS - Fundaci\u00f3 TIC Salut i Social\",\"isPartOf\":{\"@id\":\"https:\/\/ticsalutsocial.atoom.space\/es\/#website\"},\"primaryImageOfPage\":{\"@id\":\"https:\/\/ticsalutsocial.atoom.space\/es\/noticia\/catalunya-mostra-la-seva-estrategia-dia-en-salut-en-un-esdeveniment-internacional-del-nhs\/#primaryimage\"},\"image\":{\"@id\":\"https:\/\/ticsalutsocial.atoom.space\/es\/noticia\/catalunya-mostra-la-seva-estrategia-dia-en-salut-en-un-esdeveniment-internacional-del-nhs\/#primaryimage\"},\"thumbnailUrl\":\"https:\/\/ticsalutsocial.atoom.space\/wp-content\/uploads\/2025\/11\/AI-at-the-NHS-scaled.png\",\"datePublished\":\"2025-11-05T14:05:11+00:00\",\"dateModified\":\"2025-11-05T14:31:50+00:00\",\"description\":\"El director de la Fundaci\u00f3n TIC Salut i Social comparti\u00f3 los logros, prioridades y aprendizajes del Programa Salut\/IA en el AI at NHS.\",\"breadcrumb\":{\"@id\":\"https:\/\/ticsalutsocial.atoom.space\/es\/noticia\/catalunya-mostra-la-seva-estrategia-dia-en-salut-en-un-esdeveniment-internacional-del-nhs\/#breadcrumb\"},\"inLanguage\":\"es\",\"potentialAction\":[{\"@type\":\"ReadAction\",\"target\":[\"https:\/\/ticsalutsocial.atoom.space\/es\/noticia\/catalunya-mostra-la-seva-estrategia-dia-en-salut-en-un-esdeveniment-internacional-del-nhs\/\"]}]},{\"@type\":\"ImageObject\",\"inLanguage\":\"es\",\"@id\":\"https:\/\/ticsalutsocial.atoom.space\/es\/noticia\/catalunya-mostra-la-seva-estrategia-dia-en-salut-en-un-esdeveniment-internacional-del-nhs\/#primaryimage\",\"url\":\"https:\/\/ticsalutsocial.atoom.space\/wp-content\/uploads\/2025\/11\/AI-at-the-NHS-scaled.png\",\"contentUrl\":\"https:\/\/ticsalutsocial.atoom.space\/wp-content\/uploads\/2025\/11\/AI-at-the-NHS-scaled.png\",\"width\":2560,\"height\":1503,\"caption\":\"AI at the NHS\"},{\"@type\":\"BreadcrumbList\",\"@id\":\"https:\/\/ticsalutsocial.atoom.space\/es\/noticia\/catalunya-mostra-la-seva-estrategia-dia-en-salut-en-un-esdeveniment-internacional-del-nhs\/#breadcrumb\",\"itemListElement\":[{\"@type\":\"ListItem\",\"position\":1,\"name\":\"Inici\",\"item\":\"https:\/\/ticsalutsocial.atoom.space\/es\/\"},{\"@type\":\"ListItem\",\"position\":2,\"name\":\"Catalu\u00f1a muestra su estrategia de IA en salud en un evento internacional del NHS\"}]},{\"@type\":\"WebSite\",\"@id\":\"https:\/\/ticsalutsocial.atoom.space\/es\/#website\",\"url\":\"https:\/\/ticsalutsocial.atoom.space\/es\/\",\"name\":\"Fundaci\u00f3 TIC Salut i Social\",\"description\":\"\",\"potentialAction\":[{\"@type\":\"SearchAction\",\"target\":{\"@type\":\"EntryPoint\",\"urlTemplate\":\"https:\/\/ticsalutsocial.atoom.space\/es\/?s={search_term_string}\"},\"query-input\":{\"@type\":\"PropertyValueSpecification\",\"valueRequired\":true,\"valueName\":\"search_term_string\"}}],\"inLanguage\":\"es\"}]}<\/script>\n<!-- \/ Yoast SEO plugin. -->","yoast_head_json":{"title":"Catalu\u00f1a muestra su estrategia de IA en salud en un evento internacional del NHS - Fundaci\u00f3 TIC Salut i Social","description":"El director de la Fundaci\u00f3n TIC Salut i Social comparti\u00f3 los logros, prioridades y aprendizajes del Programa Salut\/IA en el AI at NHS.","robots":{"index":"index","follow":"follow","max-snippet":"max-snippet:-1","max-image-preview":"max-image-preview:large","max-video-preview":"max-video-preview:-1"},"canonical":"https:\/\/ticsalutsocial.atoom.space\/es\/noticia\/catalunya-mostra-la-seva-estrategia-dia-en-salut-en-un-esdeveniment-internacional-del-nhs\/","og_locale":"es_ES","og_type":"article","og_title":"Catalu\u00f1a muestra su estrategia de IA en salud en un evento internacional del NHS - Fundaci\u00f3 TIC Salut i Social","og_description":"El director de la Fundaci\u00f3n TIC Salut i Social comparti\u00f3 los logros, prioridades y aprendizajes del Programa Salut\/IA en el AI at NHS.","og_url":"https:\/\/ticsalutsocial.atoom.space\/es\/noticia\/catalunya-mostra-la-seva-estrategia-dia-en-salut-en-un-esdeveniment-internacional-del-nhs\/","og_site_name":"Fundaci\u00f3 TIC Salut i Social","article_modified_time":"2025-11-05T14:31:50+00:00","og_image":[{"width":2560,"height":1503,"url":"https:\/\/ticsalutsocial.atoom.space\/wp-content\/uploads\/2025\/11\/AI-at-the-NHS-scaled.png","type":"image\/png"}],"twitter_card":"summary_large_image","twitter_misc":{"Tiempo de lectura":"6 minutos"},"schema":{"@context":"https:\/\/schema.org","@graph":[{"@type":"WebPage","@id":"https:\/\/ticsalutsocial.atoom.space\/es\/noticia\/catalunya-mostra-la-seva-estrategia-dia-en-salut-en-un-esdeveniment-internacional-del-nhs\/","url":"https:\/\/ticsalutsocial.atoom.space\/es\/noticia\/catalunya-mostra-la-seva-estrategia-dia-en-salut-en-un-esdeveniment-internacional-del-nhs\/","name":"Catalu\u00f1a muestra su estrategia de IA en salud en un evento internacional del NHS - Fundaci\u00f3 TIC Salut i Social","isPartOf":{"@id":"https:\/\/ticsalutsocial.atoom.space\/es\/#website"},"primaryImageOfPage":{"@id":"https:\/\/ticsalutsocial.atoom.space\/es\/noticia\/catalunya-mostra-la-seva-estrategia-dia-en-salut-en-un-esdeveniment-internacional-del-nhs\/#primaryimage"},"image":{"@id":"https:\/\/ticsalutsocial.atoom.space\/es\/noticia\/catalunya-mostra-la-seva-estrategia-dia-en-salut-en-un-esdeveniment-internacional-del-nhs\/#primaryimage"},"thumbnailUrl":"https:\/\/ticsalutsocial.atoom.space\/wp-content\/uploads\/2025\/11\/AI-at-the-NHS-scaled.png","datePublished":"2025-11-05T14:05:11+00:00","dateModified":"2025-11-05T14:31:50+00:00","description":"El director de la Fundaci\u00f3n TIC Salut i Social comparti\u00f3 los logros, prioridades y aprendizajes del Programa Salut\/IA en el AI at NHS.","breadcrumb":{"@id":"https:\/\/ticsalutsocial.atoom.space\/es\/noticia\/catalunya-mostra-la-seva-estrategia-dia-en-salut-en-un-esdeveniment-internacional-del-nhs\/#breadcrumb"},"inLanguage":"es","potentialAction":[{"@type":"ReadAction","target":["https:\/\/ticsalutsocial.atoom.space\/es\/noticia\/catalunya-mostra-la-seva-estrategia-dia-en-salut-en-un-esdeveniment-internacional-del-nhs\/"]}]},{"@type":"ImageObject","inLanguage":"es","@id":"https:\/\/ticsalutsocial.atoom.space\/es\/noticia\/catalunya-mostra-la-seva-estrategia-dia-en-salut-en-un-esdeveniment-internacional-del-nhs\/#primaryimage","url":"https:\/\/ticsalutsocial.atoom.space\/wp-content\/uploads\/2025\/11\/AI-at-the-NHS-scaled.png","contentUrl":"https:\/\/ticsalutsocial.atoom.space\/wp-content\/uploads\/2025\/11\/AI-at-the-NHS-scaled.png","width":2560,"height":1503,"caption":"AI at the NHS"},{"@type":"BreadcrumbList","@id":"https:\/\/ticsalutsocial.atoom.space\/es\/noticia\/catalunya-mostra-la-seva-estrategia-dia-en-salut-en-un-esdeveniment-internacional-del-nhs\/#breadcrumb","itemListElement":[{"@type":"ListItem","position":1,"name":"Inici","item":"https:\/\/ticsalutsocial.atoom.space\/es\/"},{"@type":"ListItem","position":2,"name":"Catalu\u00f1a muestra su estrategia de IA en salud en un evento internacional del NHS"}]},{"@type":"WebSite","@id":"https:\/\/ticsalutsocial.atoom.space\/es\/#website","url":"https:\/\/ticsalutsocial.atoom.space\/es\/","name":"Fundaci\u00f3 TIC Salut i Social","description":"","potentialAction":[{"@type":"SearchAction","target":{"@type":"EntryPoint","urlTemplate":"https:\/\/ticsalutsocial.atoom.space\/es\/?s={search_term_string}"},"query-input":{"@type":"PropertyValueSpecification","valueRequired":true,"valueName":"search_term_string"}}],"inLanguage":"es"}]}},"_links":{"self":[{"href":"https:\/\/ticsalutsocial.atoom.space\/es\/wp-json\/wp\/v2\/noticia\/34169","targetHints":{"allow":["GET"]}}],"collection":[{"href":"https:\/\/ticsalutsocial.atoom.space\/es\/wp-json\/wp\/v2\/noticia"}],"about":[{"href":"https:\/\/ticsalutsocial.atoom.space\/es\/wp-json\/wp\/v2\/types\/noticia"}],"author":[{"embeddable":true,"href":"https:\/\/ticsalutsocial.atoom.space\/es\/wp-json\/wp\/v2\/users\/12"}],"wp:featuredmedia":[{"embeddable":true,"href":"https:\/\/ticsalutsocial.atoom.space\/es\/wp-json\/wp\/v2\/media\/34167"}],"wp:attachment":[{"href":"https:\/\/ticsalutsocial.atoom.space\/es\/wp-json\/wp\/v2\/media?parent=34169"}],"wp:term":[{"taxonomy":"etiqueta","embeddable":true,"href":"https:\/\/ticsalutsocial.atoom.space\/es\/wp-json\/wp\/v2\/etiqueta?post=34169"},{"taxonomy":"tipus","embeddable":true,"href":"https:\/\/ticsalutsocial.atoom.space\/es\/wp-json\/wp\/v2\/tipus?post=34169"},{"taxonomy":"topic","embeddable":true,"href":"https:\/\/ticsalutsocial.atoom.space\/es\/wp-json\/wp\/v2\/topic?post=34169"}],"curies":[{"name":"wp","href":"https:\/\/api.w.org\/{rel}","templated":true}]}}