
{"id":3419,"date":"2018-06-26T10:53:31","date_gmt":"2018-06-26T08:53:31","guid":{"rendered":"https:\/\/ticsalutsocial.atoom.space\/?post_type=noticia&#038;p=3419"},"modified":"2021-07-21T15:36:48","modified_gmt":"2021-07-21T13:36:48","slug":"prescripcion-de-aplicaciones-moviles-en-equipos-de-atencion-primaria-experiencia-piloto-en-cataluna","status":"publish","type":"noticia","link":"https:\/\/ticsalutsocial.atoom.space\/es\/noticia\/prescripcion-de-aplicaciones-moviles-en-equipos-de-atencion-primaria-experiencia-piloto-en-cataluna\/","title":{"rendered":"Prescripci\u00f3n de aplicaciones m\u00f3viles en Equipos de Atenci\u00f3n Primaria: experiencia piloto en Catalu\u00f1a"},"content":{"rendered":"<p><em>Easy to get, easy to use and insanely cheap,<\/em> el uso de las aplicaciones m\u00f3viles para la gesti\u00f3n de la salud ha sido promovido tanto desde revisiones independientes como de iniciativas p\u00fablicas. La Fundaci\u00f3 TIC Salut Social es pionera en el impulso de esta tecnolog\u00eda en el \u00e1mbito p\u00fablico.<\/p>\n<p>El Portal AppSalut es un escaparate de aplicaciones m\u00f3viles del \u00e1mbito de la salud y los servicios sociales que tiene como principal objetivo fomentar que la ciudadan\u00eda tenga cuidado de su salud. Todas las aplicaciones que contiene, disponibles tanto para dispositivos iOS como Android gratuitamente en los mercados de referencia, deben haber superado un proceso de acreditaci\u00f3n de calidad promovido por la misma Fundaci\u00f3 que establece un entorno seguro y de confianza en su uso. Estas aplicaciones pueden ser recomendadas por los profesionales a sus ciudadanos a trav\u00e9s de su estaci\u00f3n de trabajo, complementando el seguimiento de la patolog\u00eda del ciudadano mediante la monitorizaci\u00f3n de los datos generados, que pueden ser visualizadas por los profesionales e integradas a la historia cl\u00ednica siempre que el ciudadano as\u00ed lo permita.<\/p>\n<p>Esta informaci\u00f3n queda recogida en un <a href=\"https:\/\/asset.jmir.pub\/assets\/2bb5bd72630d0520f420b931f5d3cea5.pdf\">art\u00edculo publicado en la prestigiosa\u00a0JMIR-Journal of Medical Internet Research<\/a>, describe la intervenci\u00f3n y muestra los principales resultados derivados de los 5 meses de experiencia piloto con profesionales y ciudadanos reales de 4 Equipos de Atenci\u00f3n Primaria de la provincia de Barcelona, \u200b\u200bque demuestran la factibilidad de la intervenci\u00f3n e identifican los puntos de mejora , tanto tecnol\u00f3gicos como organizacionales, en vistas a su posible escalabilidad, generando una evidencia pionera en la integraci\u00f3n de las tecnolog\u00edas mHealth con los sistemas de Atenci\u00f3n Primaria.<\/p>\n<p>Agradecemos muy sinceramente la implicaci\u00f3n de los ciudadanos y profesionales del EAP Vinyets (Sant Boi), EAP Sant Andreu de la Barca, EAP Cubelles &#8211; Cunit y EAP Sant Ildefons (Cornell\u00e0 del Llobregat), de la Direcci\u00f3n Territorial Metropolitana Sur del ICS, que lo han hecho posible.<\/p>\n<p><img decoding=\"async\" class=\"alignnone size-medium wp-image-8636\" src=\"https:\/\/ticsalutsocial.atoom.space\/wp-content\/uploads\/2018\/06\/grafic-300x142.png\" alt=\"\" \/><\/p>\n<p>&nbsp;<\/p>\n<p>&nbsp;<\/p>\n","protected":false},"author":21,"featured_media":3416,"menu_order":0,"template":"","meta":{"_acf_changed":false,"inline_featured_image":false},"etiqueta":[],"tipus":[654],"topic":[123,125],"class_list":["post-3419","noticia","type-noticia","status-publish","has-post-thumbnail","hentry","tipus-activos-digitales","topic-actualidad","topic-hub-es"],"acf":{"imatge":3418,"autor":"Francesc L\u00f3pez Segui","textos_destacats":[{"texte":"Easy to get, easy to use and insanely cheap"}]},"yoast_head":"<!-- This site is optimized with the Yoast SEO plugin v27.1.1 - https:\/\/yoast.com\/product\/yoast-seo-wordpress\/ -->\n<title>Prescripci\u00f3n de aplicaciones m\u00f3viles en Equipos de Atenci\u00f3n Primaria: experiencia piloto en Catalu\u00f1a - Fundaci\u00f3 TIC Salut i Social<\/title>\n<meta name=\"robots\" content=\"index, follow, max-snippet:-1, max-image-preview:large, max-video-preview:-1\" \/>\n<link rel=\"canonical\" href=\"https:\/\/ticsalutsocial.atoom.space\/es\/noticia\/prescripcion-de-aplicaciones-moviles-en-equipos-de-atencion-primaria-experiencia-piloto-en-cataluna\/\" \/>\n<meta property=\"og:locale\" content=\"es_ES\" \/>\n<meta property=\"og:type\" content=\"article\" \/>\n<meta property=\"og:title\" content=\"Prescripci\u00f3n de aplicaciones m\u00f3viles en Equipos de Atenci\u00f3n Primaria: experiencia piloto en Catalu\u00f1a - Fundaci\u00f3 TIC Salut i Social\" \/>\n<meta property=\"og:description\" content=\"Easy to get, easy to use and insanely cheap, el uso de las aplicaciones m\u00f3viles para la gesti\u00f3n de la salud ha sido promovido tanto desde revisiones independientes como de iniciativas p\u00fablicas. La Fundaci\u00f3 TIC Salut Social es pionera en el impulso de esta tecnolog\u00eda en el \u00e1mbito p\u00fablico. El Portal AppSalut es un escaparate [&hellip;]\" \/>\n<meta property=\"og:url\" content=\"https:\/\/ticsalutsocial.atoom.space\/es\/noticia\/prescripcion-de-aplicaciones-moviles-en-equipos-de-atencion-primaria-experiencia-piloto-en-cataluna\/\" \/>\n<meta property=\"og:site_name\" content=\"Fundaci\u00f3 TIC Salut i Social\" \/>\n<meta property=\"article:modified_time\" content=\"2021-07-21T13:36:48+00:00\" \/>\n<meta property=\"og:image\" content=\"https:\/\/ticsalutsocial.atoom.space\/wp-content\/uploads\/2018\/06\/dsc_0092-scaled.jpg\" \/>\n\t<meta property=\"og:image:width\" content=\"2560\" \/>\n\t<meta property=\"og:image:height\" content=\"1702\" \/>\n\t<meta property=\"og:image:type\" content=\"image\/jpeg\" \/>\n<meta name=\"twitter:card\" content=\"summary_large_image\" \/>\n<meta name=\"twitter:label1\" content=\"Tiempo de lectura\" \/>\n\t<meta name=\"twitter:data1\" content=\"2 minutos\" \/>\n<script type=\"application\/ld+json\" class=\"yoast-schema-graph\">{\"@context\":\"https:\/\/schema.org\",\"@graph\":[{\"@type\":\"WebPage\",\"@id\":\"https:\/\/ticsalutsocial.atoom.space\/es\/noticia\/prescripcion-de-aplicaciones-moviles-en-equipos-de-atencion-primaria-experiencia-piloto-en-cataluna\/\",\"url\":\"https:\/\/ticsalutsocial.atoom.space\/es\/noticia\/prescripcion-de-aplicaciones-moviles-en-equipos-de-atencion-primaria-experiencia-piloto-en-cataluna\/\",\"name\":\"Prescripci\u00f3n de aplicaciones m\u00f3viles en Equipos de Atenci\u00f3n Primaria: experiencia piloto en Catalu\u00f1a - Fundaci\u00f3 TIC Salut i Social\",\"isPartOf\":{\"@id\":\"https:\/\/ticsalutsocial.atoom.space\/es\/#website\"},\"primaryImageOfPage\":{\"@id\":\"https:\/\/ticsalutsocial.atoom.space\/es\/noticia\/prescripcion-de-aplicaciones-moviles-en-equipos-de-atencion-primaria-experiencia-piloto-en-cataluna\/#primaryimage\"},\"image\":{\"@id\":\"https:\/\/ticsalutsocial.atoom.space\/es\/noticia\/prescripcion-de-aplicaciones-moviles-en-equipos-de-atencion-primaria-experiencia-piloto-en-cataluna\/#primaryimage\"},\"thumbnailUrl\":\"https:\/\/ticsalutsocial.atoom.space\/wp-content\/uploads\/2018\/06\/dsc_0092-scaled.jpg\",\"datePublished\":\"2018-06-26T08:53:31+00:00\",\"dateModified\":\"2021-07-21T13:36:48+00:00\",\"breadcrumb\":{\"@id\":\"https:\/\/ticsalutsocial.atoom.space\/es\/noticia\/prescripcion-de-aplicaciones-moviles-en-equipos-de-atencion-primaria-experiencia-piloto-en-cataluna\/#breadcrumb\"},\"inLanguage\":\"es\",\"potentialAction\":[{\"@type\":\"ReadAction\",\"target\":[\"https:\/\/ticsalutsocial.atoom.space\/es\/noticia\/prescripcion-de-aplicaciones-moviles-en-equipos-de-atencion-primaria-experiencia-piloto-en-cataluna\/\"]}]},{\"@type\":\"ImageObject\",\"inLanguage\":\"es\",\"@id\":\"https:\/\/ticsalutsocial.atoom.space\/es\/noticia\/prescripcion-de-aplicaciones-moviles-en-equipos-de-atencion-primaria-experiencia-piloto-en-cataluna\/#primaryimage\",\"url\":\"https:\/\/ticsalutsocial.atoom.space\/wp-content\/uploads\/2018\/06\/dsc_0092-scaled.jpg\",\"contentUrl\":\"https:\/\/ticsalutsocial.atoom.space\/wp-content\/uploads\/2018\/06\/dsc_0092-scaled.jpg\",\"width\":2560,\"height\":1702},{\"@type\":\"BreadcrumbList\",\"@id\":\"https:\/\/ticsalutsocial.atoom.space\/es\/noticia\/prescripcion-de-aplicaciones-moviles-en-equipos-de-atencion-primaria-experiencia-piloto-en-cataluna\/#breadcrumb\",\"itemListElement\":[{\"@type\":\"ListItem\",\"position\":1,\"name\":\"Inici\",\"item\":\"https:\/\/ticsalutsocial.atoom.space\/es\/\"},{\"@type\":\"ListItem\",\"position\":2,\"name\":\"Prescripci\u00f3n de aplicaciones m\u00f3viles en Equipos de Atenci\u00f3n Primaria: experiencia piloto en Catalu\u00f1a\"}]},{\"@type\":\"WebSite\",\"@id\":\"https:\/\/ticsalutsocial.atoom.space\/es\/#website\",\"url\":\"https:\/\/ticsalutsocial.atoom.space\/es\/\",\"name\":\"Fundaci\u00f3 TIC Salut i Social\",\"description\":\"\",\"potentialAction\":[{\"@type\":\"SearchAction\",\"target\":{\"@type\":\"EntryPoint\",\"urlTemplate\":\"https:\/\/ticsalutsocial.atoom.space\/es\/?s={search_term_string}\"},\"query-input\":{\"@type\":\"PropertyValueSpecification\",\"valueRequired\":true,\"valueName\":\"search_term_string\"}}],\"inLanguage\":\"es\"}]}<\/script>\n<!-- \/ Yoast SEO plugin. -->","yoast_head_json":{"title":"Prescripci\u00f3n de aplicaciones m\u00f3viles en Equipos de Atenci\u00f3n Primaria: experiencia piloto en Catalu\u00f1a - Fundaci\u00f3 TIC Salut i Social","robots":{"index":"index","follow":"follow","max-snippet":"max-snippet:-1","max-image-preview":"max-image-preview:large","max-video-preview":"max-video-preview:-1"},"canonical":"https:\/\/ticsalutsocial.atoom.space\/es\/noticia\/prescripcion-de-aplicaciones-moviles-en-equipos-de-atencion-primaria-experiencia-piloto-en-cataluna\/","og_locale":"es_ES","og_type":"article","og_title":"Prescripci\u00f3n de aplicaciones m\u00f3viles en Equipos de Atenci\u00f3n Primaria: experiencia piloto en Catalu\u00f1a - Fundaci\u00f3 TIC Salut i Social","og_description":"Easy to get, easy to use and insanely cheap, el uso de las aplicaciones m\u00f3viles para la gesti\u00f3n de la salud ha sido promovido tanto desde revisiones independientes como de iniciativas p\u00fablicas. La Fundaci\u00f3 TIC Salut Social es pionera en el impulso de esta tecnolog\u00eda en el \u00e1mbito p\u00fablico. El Portal AppSalut es un escaparate [&hellip;]","og_url":"https:\/\/ticsalutsocial.atoom.space\/es\/noticia\/prescripcion-de-aplicaciones-moviles-en-equipos-de-atencion-primaria-experiencia-piloto-en-cataluna\/","og_site_name":"Fundaci\u00f3 TIC Salut i Social","article_modified_time":"2021-07-21T13:36:48+00:00","og_image":[{"width":2560,"height":1702,"url":"https:\/\/ticsalutsocial.atoom.space\/wp-content\/uploads\/2018\/06\/dsc_0092-scaled.jpg","type":"image\/jpeg"}],"twitter_card":"summary_large_image","twitter_misc":{"Tiempo de lectura":"2 minutos"},"schema":{"@context":"https:\/\/schema.org","@graph":[{"@type":"WebPage","@id":"https:\/\/ticsalutsocial.atoom.space\/es\/noticia\/prescripcion-de-aplicaciones-moviles-en-equipos-de-atencion-primaria-experiencia-piloto-en-cataluna\/","url":"https:\/\/ticsalutsocial.atoom.space\/es\/noticia\/prescripcion-de-aplicaciones-moviles-en-equipos-de-atencion-primaria-experiencia-piloto-en-cataluna\/","name":"Prescripci\u00f3n de aplicaciones m\u00f3viles en Equipos de Atenci\u00f3n Primaria: experiencia piloto en Catalu\u00f1a - Fundaci\u00f3 TIC Salut i Social","isPartOf":{"@id":"https:\/\/ticsalutsocial.atoom.space\/es\/#website"},"primaryImageOfPage":{"@id":"https:\/\/ticsalutsocial.atoom.space\/es\/noticia\/prescripcion-de-aplicaciones-moviles-en-equipos-de-atencion-primaria-experiencia-piloto-en-cataluna\/#primaryimage"},"image":{"@id":"https:\/\/ticsalutsocial.atoom.space\/es\/noticia\/prescripcion-de-aplicaciones-moviles-en-equipos-de-atencion-primaria-experiencia-piloto-en-cataluna\/#primaryimage"},"thumbnailUrl":"https:\/\/ticsalutsocial.atoom.space\/wp-content\/uploads\/2018\/06\/dsc_0092-scaled.jpg","datePublished":"2018-06-26T08:53:31+00:00","dateModified":"2021-07-21T13:36:48+00:00","breadcrumb":{"@id":"https:\/\/ticsalutsocial.atoom.space\/es\/noticia\/prescripcion-de-aplicaciones-moviles-en-equipos-de-atencion-primaria-experiencia-piloto-en-cataluna\/#breadcrumb"},"inLanguage":"es","potentialAction":[{"@type":"ReadAction","target":["https:\/\/ticsalutsocial.atoom.space\/es\/noticia\/prescripcion-de-aplicaciones-moviles-en-equipos-de-atencion-primaria-experiencia-piloto-en-cataluna\/"]}]},{"@type":"ImageObject","inLanguage":"es","@id":"https:\/\/ticsalutsocial.atoom.space\/es\/noticia\/prescripcion-de-aplicaciones-moviles-en-equipos-de-atencion-primaria-experiencia-piloto-en-cataluna\/#primaryimage","url":"https:\/\/ticsalutsocial.atoom.space\/wp-content\/uploads\/2018\/06\/dsc_0092-scaled.jpg","contentUrl":"https:\/\/ticsalutsocial.atoom.space\/wp-content\/uploads\/2018\/06\/dsc_0092-scaled.jpg","width":2560,"height":1702},{"@type":"BreadcrumbList","@id":"https:\/\/ticsalutsocial.atoom.space\/es\/noticia\/prescripcion-de-aplicaciones-moviles-en-equipos-de-atencion-primaria-experiencia-piloto-en-cataluna\/#breadcrumb","itemListElement":[{"@type":"ListItem","position":1,"name":"Inici","item":"https:\/\/ticsalutsocial.atoom.space\/es\/"},{"@type":"ListItem","position":2,"name":"Prescripci\u00f3n de aplicaciones m\u00f3viles en Equipos de Atenci\u00f3n Primaria: experiencia piloto en Catalu\u00f1a"}]},{"@type":"WebSite","@id":"https:\/\/ticsalutsocial.atoom.space\/es\/#website","url":"https:\/\/ticsalutsocial.atoom.space\/es\/","name":"Fundaci\u00f3 TIC Salut i Social","description":"","potentialAction":[{"@type":"SearchAction","target":{"@type":"EntryPoint","urlTemplate":"https:\/\/ticsalutsocial.atoom.space\/es\/?s={search_term_string}"},"query-input":{"@type":"PropertyValueSpecification","valueRequired":true,"valueName":"search_term_string"}}],"inLanguage":"es"}]}},"_links":{"self":[{"href":"https:\/\/ticsalutsocial.atoom.space\/es\/wp-json\/wp\/v2\/noticia\/3419","targetHints":{"allow":["GET"]}}],"collection":[{"href":"https:\/\/ticsalutsocial.atoom.space\/es\/wp-json\/wp\/v2\/noticia"}],"about":[{"href":"https:\/\/ticsalutsocial.atoom.space\/es\/wp-json\/wp\/v2\/types\/noticia"}],"author":[{"embeddable":true,"href":"https:\/\/ticsalutsocial.atoom.space\/es\/wp-json\/wp\/v2\/users\/21"}],"wp:featuredmedia":[{"embeddable":true,"href":"https:\/\/ticsalutsocial.atoom.space\/es\/wp-json\/wp\/v2\/media\/3416"}],"wp:attachment":[{"href":"https:\/\/ticsalutsocial.atoom.space\/es\/wp-json\/wp\/v2\/media?parent=3419"}],"wp:term":[{"taxonomy":"etiqueta","embeddable":true,"href":"https:\/\/ticsalutsocial.atoom.space\/es\/wp-json\/wp\/v2\/etiqueta?post=3419"},{"taxonomy":"tipus","embeddable":true,"href":"https:\/\/ticsalutsocial.atoom.space\/es\/wp-json\/wp\/v2\/tipus?post=3419"},{"taxonomy":"topic","embeddable":true,"href":"https:\/\/ticsalutsocial.atoom.space\/es\/wp-json\/wp\/v2\/topic?post=3419"}],"curies":[{"name":"wp","href":"https:\/\/api.w.org\/{rel}","templated":true}]}}