
{"id":3425,"date":"2018-07-02T12:31:43","date_gmt":"2018-07-02T10:31:43","guid":{"rendered":"https:\/\/ticsalutsocial.atoom.space\/?post_type=noticia&#038;p=3425"},"modified":"2021-07-21T15:36:51","modified_gmt":"2021-07-21T13:36:51","slug":"compartiendo-decisiones-que-cambios-se-necesitan","status":"publish","type":"noticia","link":"https:\/\/ticsalutsocial.atoom.space\/es\/noticia\/compartiendo-decisiones-que-cambios-se-necesitan\/","title":{"rendered":"Compartiendo decisiones: \u00bfqu\u00e9 cambios se necesitan?"},"content":{"rendered":"<p>Los pasados d\u00edas 20, 21 y 22 de junio se celebraron en Las Palmas (Gran Canaria) las <a href=\"http:\/\/sespas.es\/event\/xxxviii-jornadas-de-la-asociacion-de-economia-de-la-salud\/\">trig\u00e9simo octavas<\/a> Jornadas de Econom\u00eda de la Salud, organizadas anualmente por la Asociaci\u00f3n de Econom\u00eda de la Salud (AES). Titulado \u00abCompartiendo decisiones: \u00bfqu\u00e9 cambios se necesitan?\u00bb, el congreso ten\u00eda como objetivo profundizar y debatir sobre la relaci\u00f3n y la toma de decisiones entre profesional asistencial y ciudadano (tema muy relacionado a los proyectos <a href=\"https:\/\/ticsalutsocial.atoom.space\/es\/area\/transformacion-digital\/\">DPAX<\/a> impulsados por la Fundaci\u00f3 TIC Salut Social sobre transformaci\u00f3n digital en la en torno salud). Acogi\u00f3 cerca de trescientos proyectos de todo el estado en forma de ponencias, comunicaciones, p\u00f3steres y otros, entre las cuales la experiencia <a href=\"https:\/\/ticsalutsocial.atoom.space\/es\/proyectos\/oficina-de-proyectos\/m-resist\/\">mResist<\/a>, proyecto coordinado por la Fundaci\u00f3n (enlace al <a href=\"http:\/\/www.aes.es\/jornadas\/pdfs\/presentaciones\/poster18.pdf\">p\u00f3ster presentado a la jornada<\/a>).<\/p>\n<p>Los tres d\u00edas de congreso han dejado an\u00e1lisis muy valiosos relativas a los determinantes socioecon\u00f3micos sobre la salud, las desigualdades de g\u00e9nero y la salud maternoinfantil, el c\u00e1ncer, la dependencia, la pol\u00edtica del medicamento, el final de vida, la gesti\u00f3n sanitaria y hospitalaria, las curas informales, las desigualdades y la equidad, la pol\u00edtica y planificaci\u00f3n sanitaria&#8230; Pero la tecnolog\u00eda tambi\u00e9n ha sido presente de manera expl\u00edcita en las numerosas <a href=\"http:\/\/www.aes.es\/jornadas\/es\/\">comunicaciones y ponencias<\/a> sobre miner\u00eda de datos (<em>Centre de Supercomputaci\u00f3 de Barcelona<\/em>), el uso de datos sanitarios como pieza clave en la inteligencia de los sistemas de salud (Instituto Aragon\u00e9s en Ciencias de la Salud) y la nueva salud ubicua uHealth (Unidad de Investigaci\u00f3n en Telemedicina y eHealth del Instituto de Salud &#8211; Carlos III). La Econom\u00eda de la Salud sabe que la innovaci\u00f3n es un elemento clave en el entorno salud y por lo tanto es imprescindible entenderla y evaluarla para guiar su implementaci\u00f3n de la mejor manera posible.<\/p>\n<p>Entre las numerosas entidades provenientes del sector p\u00fablico catal\u00e1n que han participado destacamos los compa\u00f1eros de la Ag\u00e0ncia de Qualitat i Avaluaci\u00f3n Sanitaries de Catalunya (AQuAS), el Hospital Cl\u00ednic, el Servei Catal\u00e0 de la Salud, el Institut Catal\u00e0 de Oncologia, el Consorci de Salut y Social de Catalunya, la Uni\u00f3 Catalana d&#8217;Hospitals y el Banc de Sang i Teixits, entre otros. Hay que destacar que s\u00f3lo un tercio de los socios de la entidad son economistas, hecho que subraya el car\u00e1cter multidisciplinario tanto de las jornadas como de la Econom\u00eda de la Salud en general. Adem\u00e1s, al entiat ya hay un 41% de mujeres y estas son mayor\u00eda a la Junta Directiva.<\/p>\n","protected":false},"author":21,"featured_media":3422,"menu_order":0,"template":"","meta":{"_acf_changed":false,"inline_featured_image":false},"etiqueta":[],"tipus":[],"topic":[],"class_list":["post-3425","noticia","type-noticia","status-publish","has-post-thumbnail","hentry"],"acf":{"imatge":3424,"autor":"Francesc L\u00f3pez Segui","textos_destacats":[{"texte":"La tecnolog\u00eda, muy presente en las XXXVIII Jornadas de Econom\u00eda de la Salud"}]},"yoast_head":"<!-- This site is optimized with the Yoast SEO plugin v27.1.1 - https:\/\/yoast.com\/product\/yoast-seo-wordpress\/ -->\n<title>Compartiendo decisiones: \u00bfqu\u00e9 cambios se necesitan? - Fundaci\u00f3 TIC Salut i Social<\/title>\n<meta name=\"robots\" content=\"index, follow, max-snippet:-1, max-image-preview:large, max-video-preview:-1\" \/>\n<link rel=\"canonical\" href=\"https:\/\/ticsalutsocial.atoom.space\/es\/noticia\/compartiendo-decisiones-que-cambios-se-necesitan\/\" \/>\n<meta property=\"og:locale\" content=\"es_ES\" \/>\n<meta property=\"og:type\" content=\"article\" \/>\n<meta property=\"og:title\" content=\"Compartiendo decisiones: \u00bfqu\u00e9 cambios se necesitan? - Fundaci\u00f3 TIC Salut i Social\" \/>\n<meta property=\"og:description\" content=\"Los pasados d\u00edas 20, 21 y 22 de junio se celebraron en Las Palmas (Gran Canaria) las trig\u00e9simo octavas Jornadas de Econom\u00eda de la Salud, organizadas anualmente por la Asociaci\u00f3n de Econom\u00eda de la Salud (AES). Titulado \u00abCompartiendo decisiones: \u00bfqu\u00e9 cambios se necesitan?\u00bb, el congreso ten\u00eda como objetivo profundizar y debatir sobre la relaci\u00f3n y [&hellip;]\" \/>\n<meta property=\"og:url\" content=\"https:\/\/ticsalutsocial.atoom.space\/es\/noticia\/compartiendo-decisiones-que-cambios-se-necesitan\/\" \/>\n<meta property=\"og:site_name\" content=\"Fundaci\u00f3 TIC Salut i Social\" \/>\n<meta property=\"article:modified_time\" content=\"2021-07-21T13:36:51+00:00\" \/>\n<meta property=\"og:image\" content=\"https:\/\/ticsalutsocial.atoom.space\/wp-content\/uploads\/2018\/07\/img13.jpg\" \/>\n\t<meta property=\"og:image:width\" content=\"1203\" \/>\n\t<meta property=\"og:image:height\" content=\"800\" \/>\n\t<meta property=\"og:image:type\" content=\"image\/jpeg\" \/>\n<meta name=\"twitter:card\" content=\"summary_large_image\" \/>\n<meta name=\"twitter:label1\" content=\"Tiempo de lectura\" \/>\n\t<meta name=\"twitter:data1\" content=\"2 minutos\" \/>\n<script type=\"application\/ld+json\" class=\"yoast-schema-graph\">{\"@context\":\"https:\/\/schema.org\",\"@graph\":[{\"@type\":\"WebPage\",\"@id\":\"https:\/\/ticsalutsocial.atoom.space\/es\/noticia\/compartiendo-decisiones-que-cambios-se-necesitan\/\",\"url\":\"https:\/\/ticsalutsocial.atoom.space\/es\/noticia\/compartiendo-decisiones-que-cambios-se-necesitan\/\",\"name\":\"Compartiendo decisiones: \u00bfqu\u00e9 cambios se necesitan? - Fundaci\u00f3 TIC Salut i Social\",\"isPartOf\":{\"@id\":\"https:\/\/ticsalutsocial.atoom.space\/es\/#website\"},\"primaryImageOfPage\":{\"@id\":\"https:\/\/ticsalutsocial.atoom.space\/es\/noticia\/compartiendo-decisiones-que-cambios-se-necesitan\/#primaryimage\"},\"image\":{\"@id\":\"https:\/\/ticsalutsocial.atoom.space\/es\/noticia\/compartiendo-decisiones-que-cambios-se-necesitan\/#primaryimage\"},\"thumbnailUrl\":\"https:\/\/ticsalutsocial.atoom.space\/wp-content\/uploads\/2018\/07\/img13.jpg\",\"datePublished\":\"2018-07-02T10:31:43+00:00\",\"dateModified\":\"2021-07-21T13:36:51+00:00\",\"breadcrumb\":{\"@id\":\"https:\/\/ticsalutsocial.atoom.space\/es\/noticia\/compartiendo-decisiones-que-cambios-se-necesitan\/#breadcrumb\"},\"inLanguage\":\"es\",\"potentialAction\":[{\"@type\":\"ReadAction\",\"target\":[\"https:\/\/ticsalutsocial.atoom.space\/es\/noticia\/compartiendo-decisiones-que-cambios-se-necesitan\/\"]}]},{\"@type\":\"ImageObject\",\"inLanguage\":\"es\",\"@id\":\"https:\/\/ticsalutsocial.atoom.space\/es\/noticia\/compartiendo-decisiones-que-cambios-se-necesitan\/#primaryimage\",\"url\":\"https:\/\/ticsalutsocial.atoom.space\/wp-content\/uploads\/2018\/07\/img13.jpg\",\"contentUrl\":\"https:\/\/ticsalutsocial.atoom.space\/wp-content\/uploads\/2018\/07\/img13.jpg\",\"width\":1203,\"height\":800},{\"@type\":\"BreadcrumbList\",\"@id\":\"https:\/\/ticsalutsocial.atoom.space\/es\/noticia\/compartiendo-decisiones-que-cambios-se-necesitan\/#breadcrumb\",\"itemListElement\":[{\"@type\":\"ListItem\",\"position\":1,\"name\":\"Inici\",\"item\":\"https:\/\/ticsalutsocial.atoom.space\/es\/\"},{\"@type\":\"ListItem\",\"position\":2,\"name\":\"Compartiendo decisiones: \u00bfqu\u00e9 cambios se necesitan?\"}]},{\"@type\":\"WebSite\",\"@id\":\"https:\/\/ticsalutsocial.atoom.space\/es\/#website\",\"url\":\"https:\/\/ticsalutsocial.atoom.space\/es\/\",\"name\":\"Fundaci\u00f3 TIC Salut i Social\",\"description\":\"\",\"potentialAction\":[{\"@type\":\"SearchAction\",\"target\":{\"@type\":\"EntryPoint\",\"urlTemplate\":\"https:\/\/ticsalutsocial.atoom.space\/es\/?s={search_term_string}\"},\"query-input\":{\"@type\":\"PropertyValueSpecification\",\"valueRequired\":true,\"valueName\":\"search_term_string\"}}],\"inLanguage\":\"es\"}]}<\/script>\n<!-- \/ Yoast SEO plugin. -->","yoast_head_json":{"title":"Compartiendo decisiones: \u00bfqu\u00e9 cambios se necesitan? - Fundaci\u00f3 TIC Salut i Social","robots":{"index":"index","follow":"follow","max-snippet":"max-snippet:-1","max-image-preview":"max-image-preview:large","max-video-preview":"max-video-preview:-1"},"canonical":"https:\/\/ticsalutsocial.atoom.space\/es\/noticia\/compartiendo-decisiones-que-cambios-se-necesitan\/","og_locale":"es_ES","og_type":"article","og_title":"Compartiendo decisiones: \u00bfqu\u00e9 cambios se necesitan? - Fundaci\u00f3 TIC Salut i Social","og_description":"Los pasados d\u00edas 20, 21 y 22 de junio se celebraron en Las Palmas (Gran Canaria) las trig\u00e9simo octavas Jornadas de Econom\u00eda de la Salud, organizadas anualmente por la Asociaci\u00f3n de Econom\u00eda de la Salud (AES). Titulado \u00abCompartiendo decisiones: \u00bfqu\u00e9 cambios se necesitan?\u00bb, el congreso ten\u00eda como objetivo profundizar y debatir sobre la relaci\u00f3n y [&hellip;]","og_url":"https:\/\/ticsalutsocial.atoom.space\/es\/noticia\/compartiendo-decisiones-que-cambios-se-necesitan\/","og_site_name":"Fundaci\u00f3 TIC Salut i Social","article_modified_time":"2021-07-21T13:36:51+00:00","og_image":[{"width":1203,"height":800,"url":"https:\/\/ticsalutsocial.atoom.space\/wp-content\/uploads\/2018\/07\/img13.jpg","type":"image\/jpeg"}],"twitter_card":"summary_large_image","twitter_misc":{"Tiempo de lectura":"2 minutos"},"schema":{"@context":"https:\/\/schema.org","@graph":[{"@type":"WebPage","@id":"https:\/\/ticsalutsocial.atoom.space\/es\/noticia\/compartiendo-decisiones-que-cambios-se-necesitan\/","url":"https:\/\/ticsalutsocial.atoom.space\/es\/noticia\/compartiendo-decisiones-que-cambios-se-necesitan\/","name":"Compartiendo decisiones: \u00bfqu\u00e9 cambios se necesitan? - Fundaci\u00f3 TIC Salut i Social","isPartOf":{"@id":"https:\/\/ticsalutsocial.atoom.space\/es\/#website"},"primaryImageOfPage":{"@id":"https:\/\/ticsalutsocial.atoom.space\/es\/noticia\/compartiendo-decisiones-que-cambios-se-necesitan\/#primaryimage"},"image":{"@id":"https:\/\/ticsalutsocial.atoom.space\/es\/noticia\/compartiendo-decisiones-que-cambios-se-necesitan\/#primaryimage"},"thumbnailUrl":"https:\/\/ticsalutsocial.atoom.space\/wp-content\/uploads\/2018\/07\/img13.jpg","datePublished":"2018-07-02T10:31:43+00:00","dateModified":"2021-07-21T13:36:51+00:00","breadcrumb":{"@id":"https:\/\/ticsalutsocial.atoom.space\/es\/noticia\/compartiendo-decisiones-que-cambios-se-necesitan\/#breadcrumb"},"inLanguage":"es","potentialAction":[{"@type":"ReadAction","target":["https:\/\/ticsalutsocial.atoom.space\/es\/noticia\/compartiendo-decisiones-que-cambios-se-necesitan\/"]}]},{"@type":"ImageObject","inLanguage":"es","@id":"https:\/\/ticsalutsocial.atoom.space\/es\/noticia\/compartiendo-decisiones-que-cambios-se-necesitan\/#primaryimage","url":"https:\/\/ticsalutsocial.atoom.space\/wp-content\/uploads\/2018\/07\/img13.jpg","contentUrl":"https:\/\/ticsalutsocial.atoom.space\/wp-content\/uploads\/2018\/07\/img13.jpg","width":1203,"height":800},{"@type":"BreadcrumbList","@id":"https:\/\/ticsalutsocial.atoom.space\/es\/noticia\/compartiendo-decisiones-que-cambios-se-necesitan\/#breadcrumb","itemListElement":[{"@type":"ListItem","position":1,"name":"Inici","item":"https:\/\/ticsalutsocial.atoom.space\/es\/"},{"@type":"ListItem","position":2,"name":"Compartiendo decisiones: \u00bfqu\u00e9 cambios se necesitan?"}]},{"@type":"WebSite","@id":"https:\/\/ticsalutsocial.atoom.space\/es\/#website","url":"https:\/\/ticsalutsocial.atoom.space\/es\/","name":"Fundaci\u00f3 TIC Salut i Social","description":"","potentialAction":[{"@type":"SearchAction","target":{"@type":"EntryPoint","urlTemplate":"https:\/\/ticsalutsocial.atoom.space\/es\/?s={search_term_string}"},"query-input":{"@type":"PropertyValueSpecification","valueRequired":true,"valueName":"search_term_string"}}],"inLanguage":"es"}]}},"_links":{"self":[{"href":"https:\/\/ticsalutsocial.atoom.space\/es\/wp-json\/wp\/v2\/noticia\/3425","targetHints":{"allow":["GET"]}}],"collection":[{"href":"https:\/\/ticsalutsocial.atoom.space\/es\/wp-json\/wp\/v2\/noticia"}],"about":[{"href":"https:\/\/ticsalutsocial.atoom.space\/es\/wp-json\/wp\/v2\/types\/noticia"}],"author":[{"embeddable":true,"href":"https:\/\/ticsalutsocial.atoom.space\/es\/wp-json\/wp\/v2\/users\/21"}],"wp:featuredmedia":[{"embeddable":true,"href":"https:\/\/ticsalutsocial.atoom.space\/es\/wp-json\/wp\/v2\/media\/3422"}],"wp:attachment":[{"href":"https:\/\/ticsalutsocial.atoom.space\/es\/wp-json\/wp\/v2\/media?parent=3425"}],"wp:term":[{"taxonomy":"etiqueta","embeddable":true,"href":"https:\/\/ticsalutsocial.atoom.space\/es\/wp-json\/wp\/v2\/etiqueta?post=3425"},{"taxonomy":"tipus","embeddable":true,"href":"https:\/\/ticsalutsocial.atoom.space\/es\/wp-json\/wp\/v2\/tipus?post=3425"},{"taxonomy":"topic","embeddable":true,"href":"https:\/\/ticsalutsocial.atoom.space\/es\/wp-json\/wp\/v2\/topic?post=3425"}],"curies":[{"name":"wp","href":"https:\/\/api.w.org\/{rel}","templated":true}]}}