
{"id":3431,"date":"2018-07-03T12:53:01","date_gmt":"2018-07-03T10:53:01","guid":{"rendered":"https:\/\/ticsalutsocial.atoom.space\/?post_type=noticia&#038;p=3431"},"modified":"2021-07-21T15:36:56","modified_gmt":"2021-07-21T13:36:56","slug":"encuestas-mapa-de-tendencias-2018","status":"publish","type":"noticia","link":"https:\/\/ticsalutsocial.atoom.space\/es\/noticia\/encuestas-mapa-de-tendencias-2018\/","title":{"rendered":"Encuestas Mapa de Tendencias 2018"},"content":{"rendered":"<p>Un a\u00f1o m\u00e1s ponemos en marcha las encuestas del Mapa de Tendencias, como novedad al proyecto de este a\u00f1o hemos ampliado el estudio hacia los responsables de Investigaci\u00f3n e Innovaci\u00f3n como tambi\u00e9n se contin\u00faa con la visi\u00f3n de los responsables de Atenci\u00f3n a la Ciudadan\u00eda.<\/p>\n<p>Adem\u00e1s, seguimos trabajando con el cuestionario tradicional dirigido a los responsables de Sistemas de Informaci\u00f3n que trabajamos desde la Fundaci\u00f3 TIC Salut Social junto con\u00a0Unitss\u00a0y otros responsables de esta \u00e1rea el pasado 30 de mayo.<\/p>\n<p>La fecha prevista de env\u00edo de esta encuesta ser\u00e1 el pr\u00f3ximo mes de septiembre.<\/p>\n<p>Para cualquier duda y\/o aclaraci\u00f3n estamos a vuestra disposici\u00f3n y os pod\u00e9is dirigir a nuestro buz\u00f3n de correo electr\u00f3nico:\u00a0mapatendencies@ticsalutsocial.cat<\/p>\n<p><img decoding=\"async\" class=\"size-medium wp-image-7648 aligncenter\" src=\"https:\/\/ticsalutsocial.atoom.space\/wp-content\/uploads\/2018\/06\/dsc_0179-300x199.jpg\" alt=\"\" \/><\/p>\n","protected":false},"author":21,"featured_media":3428,"menu_order":0,"template":"","meta":{"_acf_changed":false,"inline_featured_image":false},"etiqueta":[],"tipus":[],"topic":[121],"class_list":["post-3431","noticia","type-noticia","status-publish","has-post-thumbnail","hentry","topic-dpd-es"],"acf":{"imatge":3430,"autor":"Lourdes Rodriguez","textos_destacats":[{"texte":"Ya est\u00e1n disponibles las encuestas dirigidas a los responsables de Atenci\u00f3n a la Ciudadan\u00eda y a los responsables de Innovaci\u00f3n e Investigaci\u00f3n del SISCAT"}]},"yoast_head":"<!-- This site is optimized with the Yoast SEO plugin v27.1.1 - https:\/\/yoast.com\/product\/yoast-seo-wordpress\/ -->\n<title>Encuestas Mapa de Tendencias 2018 - Fundaci\u00f3 TIC Salut i Social<\/title>\n<meta name=\"robots\" content=\"index, follow, max-snippet:-1, max-image-preview:large, max-video-preview:-1\" \/>\n<link rel=\"canonical\" href=\"https:\/\/ticsalutsocial.atoom.space\/es\/noticia\/encuestas-mapa-de-tendencias-2018\/\" \/>\n<meta property=\"og:locale\" content=\"es_ES\" \/>\n<meta property=\"og:type\" content=\"article\" \/>\n<meta property=\"og:title\" content=\"Encuestas Mapa de Tendencias 2018 - Fundaci\u00f3 TIC Salut i Social\" \/>\n<meta property=\"og:description\" content=\"Un a\u00f1o m\u00e1s ponemos en marcha las encuestas del Mapa de Tendencias, como novedad al proyecto de este a\u00f1o hemos ampliado el estudio hacia los responsables de Investigaci\u00f3n e Innovaci\u00f3n como tambi\u00e9n se contin\u00faa con la visi\u00f3n de los responsables de Atenci\u00f3n a la Ciudadan\u00eda. Adem\u00e1s, seguimos trabajando con el cuestionario tradicional dirigido a los [&hellip;]\" \/>\n<meta property=\"og:url\" content=\"https:\/\/ticsalutsocial.atoom.space\/es\/noticia\/encuestas-mapa-de-tendencias-2018\/\" \/>\n<meta property=\"og:site_name\" content=\"Fundaci\u00f3 TIC Salut i Social\" \/>\n<meta property=\"article:modified_time\" content=\"2021-07-21T13:36:56+00:00\" \/>\n<meta property=\"og:image\" content=\"https:\/\/ticsalutsocial.atoom.space\/wp-content\/uploads\/2018\/07\/dsc_0060-scaled.jpg\" \/>\n\t<meta property=\"og:image:width\" content=\"2560\" \/>\n\t<meta property=\"og:image:height\" content=\"1702\" \/>\n\t<meta property=\"og:image:type\" content=\"image\/jpeg\" \/>\n<meta name=\"twitter:card\" content=\"summary_large_image\" \/>\n<meta name=\"twitter:label1\" content=\"Tiempo de lectura\" \/>\n\t<meta name=\"twitter:data1\" content=\"1 minuto\" \/>\n<script type=\"application\/ld+json\" class=\"yoast-schema-graph\">{\"@context\":\"https:\/\/schema.org\",\"@graph\":[{\"@type\":\"WebPage\",\"@id\":\"https:\/\/ticsalutsocial.atoom.space\/es\/noticia\/encuestas-mapa-de-tendencias-2018\/\",\"url\":\"https:\/\/ticsalutsocial.atoom.space\/es\/noticia\/encuestas-mapa-de-tendencias-2018\/\",\"name\":\"Encuestas Mapa de Tendencias 2018 - Fundaci\u00f3 TIC Salut i Social\",\"isPartOf\":{\"@id\":\"https:\/\/ticsalutsocial.atoom.space\/es\/#website\"},\"primaryImageOfPage\":{\"@id\":\"https:\/\/ticsalutsocial.atoom.space\/es\/noticia\/encuestas-mapa-de-tendencias-2018\/#primaryimage\"},\"image\":{\"@id\":\"https:\/\/ticsalutsocial.atoom.space\/es\/noticia\/encuestas-mapa-de-tendencias-2018\/#primaryimage\"},\"thumbnailUrl\":\"https:\/\/ticsalutsocial.atoom.space\/wp-content\/uploads\/2018\/07\/dsc_0060-scaled.jpg\",\"datePublished\":\"2018-07-03T10:53:01+00:00\",\"dateModified\":\"2021-07-21T13:36:56+00:00\",\"breadcrumb\":{\"@id\":\"https:\/\/ticsalutsocial.atoom.space\/es\/noticia\/encuestas-mapa-de-tendencias-2018\/#breadcrumb\"},\"inLanguage\":\"es\",\"potentialAction\":[{\"@type\":\"ReadAction\",\"target\":[\"https:\/\/ticsalutsocial.atoom.space\/es\/noticia\/encuestas-mapa-de-tendencias-2018\/\"]}]},{\"@type\":\"ImageObject\",\"inLanguage\":\"es\",\"@id\":\"https:\/\/ticsalutsocial.atoom.space\/es\/noticia\/encuestas-mapa-de-tendencias-2018\/#primaryimage\",\"url\":\"https:\/\/ticsalutsocial.atoom.space\/wp-content\/uploads\/2018\/07\/dsc_0060-scaled.jpg\",\"contentUrl\":\"https:\/\/ticsalutsocial.atoom.space\/wp-content\/uploads\/2018\/07\/dsc_0060-scaled.jpg\",\"width\":2560,\"height\":1702},{\"@type\":\"BreadcrumbList\",\"@id\":\"https:\/\/ticsalutsocial.atoom.space\/es\/noticia\/encuestas-mapa-de-tendencias-2018\/#breadcrumb\",\"itemListElement\":[{\"@type\":\"ListItem\",\"position\":1,\"name\":\"Inici\",\"item\":\"https:\/\/ticsalutsocial.atoom.space\/es\/\"},{\"@type\":\"ListItem\",\"position\":2,\"name\":\"Encuestas Mapa de Tendencias 2018\"}]},{\"@type\":\"WebSite\",\"@id\":\"https:\/\/ticsalutsocial.atoom.space\/es\/#website\",\"url\":\"https:\/\/ticsalutsocial.atoom.space\/es\/\",\"name\":\"Fundaci\u00f3 TIC Salut i Social\",\"description\":\"\",\"potentialAction\":[{\"@type\":\"SearchAction\",\"target\":{\"@type\":\"EntryPoint\",\"urlTemplate\":\"https:\/\/ticsalutsocial.atoom.space\/es\/?s={search_term_string}\"},\"query-input\":{\"@type\":\"PropertyValueSpecification\",\"valueRequired\":true,\"valueName\":\"search_term_string\"}}],\"inLanguage\":\"es\"}]}<\/script>\n<!-- \/ Yoast SEO plugin. -->","yoast_head_json":{"title":"Encuestas Mapa de Tendencias 2018 - Fundaci\u00f3 TIC Salut i Social","robots":{"index":"index","follow":"follow","max-snippet":"max-snippet:-1","max-image-preview":"max-image-preview:large","max-video-preview":"max-video-preview:-1"},"canonical":"https:\/\/ticsalutsocial.atoom.space\/es\/noticia\/encuestas-mapa-de-tendencias-2018\/","og_locale":"es_ES","og_type":"article","og_title":"Encuestas Mapa de Tendencias 2018 - Fundaci\u00f3 TIC Salut i Social","og_description":"Un a\u00f1o m\u00e1s ponemos en marcha las encuestas del Mapa de Tendencias, como novedad al proyecto de este a\u00f1o hemos ampliado el estudio hacia los responsables de Investigaci\u00f3n e Innovaci\u00f3n como tambi\u00e9n se contin\u00faa con la visi\u00f3n de los responsables de Atenci\u00f3n a la Ciudadan\u00eda. Adem\u00e1s, seguimos trabajando con el cuestionario tradicional dirigido a los [&hellip;]","og_url":"https:\/\/ticsalutsocial.atoom.space\/es\/noticia\/encuestas-mapa-de-tendencias-2018\/","og_site_name":"Fundaci\u00f3 TIC Salut i Social","article_modified_time":"2021-07-21T13:36:56+00:00","og_image":[{"width":2560,"height":1702,"url":"https:\/\/ticsalutsocial.atoom.space\/wp-content\/uploads\/2018\/07\/dsc_0060-scaled.jpg","type":"image\/jpeg"}],"twitter_card":"summary_large_image","twitter_misc":{"Tiempo de lectura":"1 minuto"},"schema":{"@context":"https:\/\/schema.org","@graph":[{"@type":"WebPage","@id":"https:\/\/ticsalutsocial.atoom.space\/es\/noticia\/encuestas-mapa-de-tendencias-2018\/","url":"https:\/\/ticsalutsocial.atoom.space\/es\/noticia\/encuestas-mapa-de-tendencias-2018\/","name":"Encuestas Mapa de Tendencias 2018 - Fundaci\u00f3 TIC Salut i Social","isPartOf":{"@id":"https:\/\/ticsalutsocial.atoom.space\/es\/#website"},"primaryImageOfPage":{"@id":"https:\/\/ticsalutsocial.atoom.space\/es\/noticia\/encuestas-mapa-de-tendencias-2018\/#primaryimage"},"image":{"@id":"https:\/\/ticsalutsocial.atoom.space\/es\/noticia\/encuestas-mapa-de-tendencias-2018\/#primaryimage"},"thumbnailUrl":"https:\/\/ticsalutsocial.atoom.space\/wp-content\/uploads\/2018\/07\/dsc_0060-scaled.jpg","datePublished":"2018-07-03T10:53:01+00:00","dateModified":"2021-07-21T13:36:56+00:00","breadcrumb":{"@id":"https:\/\/ticsalutsocial.atoom.space\/es\/noticia\/encuestas-mapa-de-tendencias-2018\/#breadcrumb"},"inLanguage":"es","potentialAction":[{"@type":"ReadAction","target":["https:\/\/ticsalutsocial.atoom.space\/es\/noticia\/encuestas-mapa-de-tendencias-2018\/"]}]},{"@type":"ImageObject","inLanguage":"es","@id":"https:\/\/ticsalutsocial.atoom.space\/es\/noticia\/encuestas-mapa-de-tendencias-2018\/#primaryimage","url":"https:\/\/ticsalutsocial.atoom.space\/wp-content\/uploads\/2018\/07\/dsc_0060-scaled.jpg","contentUrl":"https:\/\/ticsalutsocial.atoom.space\/wp-content\/uploads\/2018\/07\/dsc_0060-scaled.jpg","width":2560,"height":1702},{"@type":"BreadcrumbList","@id":"https:\/\/ticsalutsocial.atoom.space\/es\/noticia\/encuestas-mapa-de-tendencias-2018\/#breadcrumb","itemListElement":[{"@type":"ListItem","position":1,"name":"Inici","item":"https:\/\/ticsalutsocial.atoom.space\/es\/"},{"@type":"ListItem","position":2,"name":"Encuestas Mapa de Tendencias 2018"}]},{"@type":"WebSite","@id":"https:\/\/ticsalutsocial.atoom.space\/es\/#website","url":"https:\/\/ticsalutsocial.atoom.space\/es\/","name":"Fundaci\u00f3 TIC Salut i Social","description":"","potentialAction":[{"@type":"SearchAction","target":{"@type":"EntryPoint","urlTemplate":"https:\/\/ticsalutsocial.atoom.space\/es\/?s={search_term_string}"},"query-input":{"@type":"PropertyValueSpecification","valueRequired":true,"valueName":"search_term_string"}}],"inLanguage":"es"}]}},"_links":{"self":[{"href":"https:\/\/ticsalutsocial.atoom.space\/es\/wp-json\/wp\/v2\/noticia\/3431","targetHints":{"allow":["GET"]}}],"collection":[{"href":"https:\/\/ticsalutsocial.atoom.space\/es\/wp-json\/wp\/v2\/noticia"}],"about":[{"href":"https:\/\/ticsalutsocial.atoom.space\/es\/wp-json\/wp\/v2\/types\/noticia"}],"author":[{"embeddable":true,"href":"https:\/\/ticsalutsocial.atoom.space\/es\/wp-json\/wp\/v2\/users\/21"}],"wp:featuredmedia":[{"embeddable":true,"href":"https:\/\/ticsalutsocial.atoom.space\/es\/wp-json\/wp\/v2\/media\/3428"}],"wp:attachment":[{"href":"https:\/\/ticsalutsocial.atoom.space\/es\/wp-json\/wp\/v2\/media?parent=3431"}],"wp:term":[{"taxonomy":"etiqueta","embeddable":true,"href":"https:\/\/ticsalutsocial.atoom.space\/es\/wp-json\/wp\/v2\/etiqueta?post=3431"},{"taxonomy":"tipus","embeddable":true,"href":"https:\/\/ticsalutsocial.atoom.space\/es\/wp-json\/wp\/v2\/tipus?post=3431"},{"taxonomy":"topic","embeddable":true,"href":"https:\/\/ticsalutsocial.atoom.space\/es\/wp-json\/wp\/v2\/topic?post=3431"}],"curies":[{"name":"wp","href":"https:\/\/api.w.org\/{rel}","templated":true}]}}