
{"id":3437,"date":"2018-07-05T10:58:39","date_gmt":"2018-07-05T08:58:39","guid":{"rendered":"https:\/\/ticsalutsocial.atoom.space\/?post_type=noticia&#038;p=3437"},"modified":"2021-07-21T15:36:58","modified_gmt":"2021-07-21T13:36:58","slug":"las-8as-jornadas-internacionales-rdi-tic-salut-i-social-presentaran-los-ultimos-avances-en-terapias-digitales-en-vic","status":"publish","type":"noticia","link":"https:\/\/ticsalutsocial.atoom.space\/es\/noticia\/las-8as-jornadas-internacionales-rdi-tic-salut-i-social-presentaran-los-ultimos-avances-en-terapias-digitales-en-vic\/","title":{"rendered":"Las 8as jornadas internacionales R+D+I TIC Salut i Social presentar\u00e1n los \u00faltimos avances en terapias digitales en Vic"},"content":{"rendered":"<p>Las octavas Jornadas \u201cR+D+I TIC Salut i Social\u201d se celebrar\u00e1n los d\u00edas 27 y 28 de septiembre en el edificio El Sucre de Vic, en una edici\u00f3n en la que la organizaci\u00f3n tiene previsto llegar a los 400 profesionales inscritos, una cifra que consolida las jornadas como unas de las de mayor proyecci\u00f3n internacional de la ciudad y de Osona. Articuladas alrededor de dos conferencias marco, tres mesas redondas, varias ponencias breves y exposiciones a cargo de profesionales y personalidades, las jornadas se centrar\u00e1n en las terapias digitales y tendr\u00e1n como objetivo potenciar la visibilidad de los agentes clave del sector de las TIC aplicadas a los \u00e1mbitos de la Salud y del Bienestar Social.<\/p>\n<p>Las Jornadas \u201cR+D+I TIC Salut i Social\u201d se erigen como una plataforma de referencia para la transferencia de conocimiento, que contribuye a alinear el mundo de la investigaci\u00f3n, la empresa y la asistencia. Su voluntad es converger en soluciones de m\u00e1s alto valor a\u00f1adido, que favorezcan la integraci\u00f3n social y sanitaria centrada en la persona y en la comunidad. El plazo de la Call of Participations, que el a\u00f1o pasado registr\u00f3 167 comunicaciones, se ha ampliado hasta el pr\u00f3ximo 19 de julio.<\/p>\n<p><strong>Terapias digitales en neurociencias y la humanizaci\u00f3n de las organizaciones<\/strong><\/p>\n<p>La primera jornada, el jueves 27 de septiembre, tendr\u00e1 el Dr. Mateo Valero, director del Centro de Supercomputaci\u00f3n de Barcelona, \u200b\u200bcomo uno de los principales ponentes del programa (9:30h). A continuaci\u00f3n, est\u00e1n previstas dos mesas redondas. La primera (11h) se centrar\u00e1 en el uso de las terapias digitales en neurociencias, y en c\u00f3mo las t\u00e9cnicas y metodolog\u00edas con las que trabajan permiten liberar emociones, sensaciones corporales y el malestar de los pacientes de forma r\u00e1pida y efectiva, a partir de avances cient\u00edficos como la realidad virtual o la inteligencia artificial. La mesa contar\u00e1 entre otros con la Dra. Luz Rello, fundadora y CEO de Change Dyslexia, Systems Scientist, la Dra. Maite Garolera, del Consorcio Sanitario de Terrassa, el Dr. Antonio Marqu\u00e9s, vicerrector del Politecnico de Oporto, o Ariadna Torres, psic\u00f3loga experta en realidad virtual y miembro del Grupo de Psiquiatr\u00eda, Salud Mental y Adicciones del Vall d&#8217;Hebron Instituto de Investigaci\u00f3n (VHIR), y estar\u00e1 moderada por el Dr. Miquel Casas.<\/p>\n<p>La segunda mesa (12: 30h) versar\u00e1 sobre la humanizaci\u00f3n de las organizaciones a trav\u00e9s de las tecnolog\u00edas. Intervendr\u00e1n ponentes como Daniel Moreno, del Innovation Forum Manchester, Adolf D\u00edaz, coordinador de Cruz Roja Catalu\u00f1a, Sol Mu\u00f1oz, directora de IDIC-COIB, y Jaume P\u00e9rez Payarols, director de innovaci\u00f3n de HSJD, y contar\u00e1 con el Dr. Jordi Varela como moderador.<\/p>\n<p><strong>Evaluaci\u00f3n de experiencias tecnol\u00f3gicas y presentaci\u00f3n de proyectos<\/strong><\/p>\n<p>La segunda jornada arrancar\u00e1 con otra conferencia marco, \u00e9sta del Dr. Samuel S\u00e1nchez, del Institute for Bioengineering of Catalonia (IBEC). La tercera mesa redonda, moderada por el Dr. Toni Ded\u00e9u, invitar\u00e1 a los ponentes a reflexionar sobre la evaluaci\u00f3n de experiencias tecnol\u00f3gicas, para asegurar que las tecnolog\u00edas que salen al mercado est\u00e9n validadas por los expertos y las entidades acreditadoras y sean cl\u00ednicamente efectivas. Participar\u00e1n, entre otros, Mar Entrambasaguas, directora de desarrollo estrat\u00e9gico de negocio de Tunsal Televida, C\u00e9sar Velasco, director de innovaci\u00f3n y datos del Campus Vall d&#8217;Hebron, Miquel Gallofr\u00e9, director del Plan Director de enfermedad vascular cerebral del Departamento de Salud de la Generalitat, y David Reif, jefe de Innovaci\u00f3n Tecnol\u00f3gica de Seidor.<\/p>\n<p>El programa lo completar\u00e1n numerosas actividades complementarias, como dos sesiones de c\u00e1psulas de comunicaci\u00f3n para presentar proyectos, exposiciones y demostraciones en el Speaker Corner, una sesi\u00f3n de trabajo de la Eurorregi\u00f3n o la entrega de premios a los mejores proyectos expuestos. Tambi\u00e9n tendr\u00e1n lugar actos paralelos, como una mesa redonda sobre el libro Homo Deus de Y.N. Harari o una hackaton sobre TIC Salud y Social.<\/p>\n<p>El programa se dirige a profesionales e investigadores de diferentes disciplinas (salud, social, tecnolog\u00eda, empresa &#8230;) motivados por los \u00e1mbitos de las TIC, Salud y Social, a emprendedores y a empresas de estos mismos sectores, CEOs y t\u00e9cnicos de entidades asistenciales y estudiantes, tanto universitarios como de Bachillerato y ciclos formativos. Las jornadas est\u00e1n coorganizadas por la Universidad de Vic &#8211; Universidad Central de Catalu\u00f1a a trav\u00e9s de la C\u00e1tedra TIC Salud y la C\u00e1tedra Servicios Sociales, la Fundaci\u00f3n TIC Salut Social, el Consorcio Hospitalario de Vic, el Instituto Catal\u00e1n de la Salud, la Fundaci\u00f3n Hospital de la Santa Cruz de Vic, la EBA Vic, la EBA Centelles y la Fundaci\u00f3n Althaia. Adem\u00e1s, cuentan con el Ayuntamiento de Vic, la Eurorregi\u00f3n, la Diputaci\u00f3n de Barcelona, \u200b\u200bAcci\u00f3n, el Innovation FORUM, el COPLEFC, M4SOCIAL y la mesa de entidades del Tercer Sector Social en Catalu\u00f1a como partners estrat\u00e9gicos .<\/p>\n","protected":false},"author":21,"featured_media":3434,"menu_order":0,"template":"","meta":{"_acf_changed":false,"inline_featured_image":false},"etiqueta":[],"tipus":[],"topic":[121],"class_list":["post-3437","noticia","type-noticia","status-publish","has-post-thumbnail","hentry","topic-dpd-es"],"acf":{"imatge":3436,"autor":"Adri\u00e0 G.Font","textos_destacats":[{"texte":"Las jornadas son una referencia para la transferencia de conocimiento, y contribuyen a alinear el mundo de la investigaci\u00f3n, la empresa y la asistencia sanitaria y social"}]},"yoast_head":"<!-- This site is optimized with the Yoast SEO plugin v27.1.1 - https:\/\/yoast.com\/product\/yoast-seo-wordpress\/ -->\n<title>Las 8as jornadas internacionales R+D+I TIC Salut i Social presentar\u00e1n los \u00faltimos avances en terapias digitales en Vic - Fundaci\u00f3 TIC Salut i Social<\/title>\n<meta name=\"robots\" content=\"index, follow, max-snippet:-1, max-image-preview:large, max-video-preview:-1\" \/>\n<link rel=\"canonical\" href=\"https:\/\/ticsalutsocial.atoom.space\/es\/noticia\/las-8as-jornadas-internacionales-rdi-tic-salut-i-social-presentaran-los-ultimos-avances-en-terapias-digitales-en-vic\/\" \/>\n<meta property=\"og:locale\" content=\"es_ES\" \/>\n<meta property=\"og:type\" content=\"article\" \/>\n<meta property=\"og:title\" content=\"Las 8as jornadas internacionales R+D+I TIC Salut i Social presentar\u00e1n los \u00faltimos avances en terapias digitales en Vic - Fundaci\u00f3 TIC Salut i Social\" \/>\n<meta property=\"og:description\" content=\"Las octavas Jornadas \u201cR+D+I TIC Salut i Social\u201d se celebrar\u00e1n los d\u00edas 27 y 28 de septiembre en el edificio El Sucre de Vic, en una edici\u00f3n en la que la organizaci\u00f3n tiene previsto llegar a los 400 profesionales inscritos, una cifra que consolida las jornadas como unas de las de mayor proyecci\u00f3n internacional de [&hellip;]\" \/>\n<meta property=\"og:url\" content=\"https:\/\/ticsalutsocial.atoom.space\/es\/noticia\/las-8as-jornadas-internacionales-rdi-tic-salut-i-social-presentaran-los-ultimos-avances-en-terapias-digitales-en-vic\/\" \/>\n<meta property=\"og:site_name\" content=\"Fundaci\u00f3 TIC Salut i Social\" \/>\n<meta property=\"article:modified_time\" content=\"2021-07-21T13:36:58+00:00\" \/>\n<meta property=\"og:image\" content=\"https:\/\/ticsalutsocial.atoom.space\/wp-content\/uploads\/2018\/07\/banner_web_cat.png\" \/>\n\t<meta property=\"og:image:width\" content=\"1201\" \/>\n\t<meta property=\"og:image:height\" content=\"209\" \/>\n\t<meta property=\"og:image:type\" content=\"image\/png\" \/>\n<meta name=\"twitter:card\" content=\"summary_large_image\" \/>\n<meta name=\"twitter:label1\" content=\"Tiempo de lectura\" \/>\n\t<meta name=\"twitter:data1\" content=\"4 minutos\" \/>\n<script type=\"application\/ld+json\" class=\"yoast-schema-graph\">{\"@context\":\"https:\/\/schema.org\",\"@graph\":[{\"@type\":\"WebPage\",\"@id\":\"https:\/\/ticsalutsocial.atoom.space\/es\/noticia\/las-8as-jornadas-internacionales-rdi-tic-salut-i-social-presentaran-los-ultimos-avances-en-terapias-digitales-en-vic\/\",\"url\":\"https:\/\/ticsalutsocial.atoom.space\/es\/noticia\/las-8as-jornadas-internacionales-rdi-tic-salut-i-social-presentaran-los-ultimos-avances-en-terapias-digitales-en-vic\/\",\"name\":\"Las 8as jornadas internacionales R+D+I TIC Salut i Social presentar\u00e1n los \u00faltimos avances en terapias digitales en Vic - Fundaci\u00f3 TIC Salut i Social\",\"isPartOf\":{\"@id\":\"https:\/\/ticsalutsocial.atoom.space\/es\/#website\"},\"primaryImageOfPage\":{\"@id\":\"https:\/\/ticsalutsocial.atoom.space\/es\/noticia\/las-8as-jornadas-internacionales-rdi-tic-salut-i-social-presentaran-los-ultimos-avances-en-terapias-digitales-en-vic\/#primaryimage\"},\"image\":{\"@id\":\"https:\/\/ticsalutsocial.atoom.space\/es\/noticia\/las-8as-jornadas-internacionales-rdi-tic-salut-i-social-presentaran-los-ultimos-avances-en-terapias-digitales-en-vic\/#primaryimage\"},\"thumbnailUrl\":\"https:\/\/ticsalutsocial.atoom.space\/wp-content\/uploads\/2018\/07\/banner_web_cat.png\",\"datePublished\":\"2018-07-05T08:58:39+00:00\",\"dateModified\":\"2021-07-21T13:36:58+00:00\",\"breadcrumb\":{\"@id\":\"https:\/\/ticsalutsocial.atoom.space\/es\/noticia\/las-8as-jornadas-internacionales-rdi-tic-salut-i-social-presentaran-los-ultimos-avances-en-terapias-digitales-en-vic\/#breadcrumb\"},\"inLanguage\":\"es\",\"potentialAction\":[{\"@type\":\"ReadAction\",\"target\":[\"https:\/\/ticsalutsocial.atoom.space\/es\/noticia\/las-8as-jornadas-internacionales-rdi-tic-salut-i-social-presentaran-los-ultimos-avances-en-terapias-digitales-en-vic\/\"]}]},{\"@type\":\"ImageObject\",\"inLanguage\":\"es\",\"@id\":\"https:\/\/ticsalutsocial.atoom.space\/es\/noticia\/las-8as-jornadas-internacionales-rdi-tic-salut-i-social-presentaran-los-ultimos-avances-en-terapias-digitales-en-vic\/#primaryimage\",\"url\":\"https:\/\/ticsalutsocial.atoom.space\/wp-content\/uploads\/2018\/07\/banner_web_cat.png\",\"contentUrl\":\"https:\/\/ticsalutsocial.atoom.space\/wp-content\/uploads\/2018\/07\/banner_web_cat.png\",\"width\":1201,\"height\":209},{\"@type\":\"BreadcrumbList\",\"@id\":\"https:\/\/ticsalutsocial.atoom.space\/es\/noticia\/las-8as-jornadas-internacionales-rdi-tic-salut-i-social-presentaran-los-ultimos-avances-en-terapias-digitales-en-vic\/#breadcrumb\",\"itemListElement\":[{\"@type\":\"ListItem\",\"position\":1,\"name\":\"Inici\",\"item\":\"https:\/\/ticsalutsocial.atoom.space\/es\/\"},{\"@type\":\"ListItem\",\"position\":2,\"name\":\"Las 8as jornadas internacionales R+D+I TIC Salut i Social presentar\u00e1n los \u00faltimos avances en terapias digitales en Vic\"}]},{\"@type\":\"WebSite\",\"@id\":\"https:\/\/ticsalutsocial.atoom.space\/es\/#website\",\"url\":\"https:\/\/ticsalutsocial.atoom.space\/es\/\",\"name\":\"Fundaci\u00f3 TIC Salut i Social\",\"description\":\"\",\"potentialAction\":[{\"@type\":\"SearchAction\",\"target\":{\"@type\":\"EntryPoint\",\"urlTemplate\":\"https:\/\/ticsalutsocial.atoom.space\/es\/?s={search_term_string}\"},\"query-input\":{\"@type\":\"PropertyValueSpecification\",\"valueRequired\":true,\"valueName\":\"search_term_string\"}}],\"inLanguage\":\"es\"}]}<\/script>\n<!-- \/ Yoast SEO plugin. -->","yoast_head_json":{"title":"Las 8as jornadas internacionales R+D+I TIC Salut i Social presentar\u00e1n los \u00faltimos avances en terapias digitales en Vic - Fundaci\u00f3 TIC Salut i Social","robots":{"index":"index","follow":"follow","max-snippet":"max-snippet:-1","max-image-preview":"max-image-preview:large","max-video-preview":"max-video-preview:-1"},"canonical":"https:\/\/ticsalutsocial.atoom.space\/es\/noticia\/las-8as-jornadas-internacionales-rdi-tic-salut-i-social-presentaran-los-ultimos-avances-en-terapias-digitales-en-vic\/","og_locale":"es_ES","og_type":"article","og_title":"Las 8as jornadas internacionales R+D+I TIC Salut i Social presentar\u00e1n los \u00faltimos avances en terapias digitales en Vic - Fundaci\u00f3 TIC Salut i Social","og_description":"Las octavas Jornadas \u201cR+D+I TIC Salut i Social\u201d se celebrar\u00e1n los d\u00edas 27 y 28 de septiembre en el edificio El Sucre de Vic, en una edici\u00f3n en la que la organizaci\u00f3n tiene previsto llegar a los 400 profesionales inscritos, una cifra que consolida las jornadas como unas de las de mayor proyecci\u00f3n internacional de [&hellip;]","og_url":"https:\/\/ticsalutsocial.atoom.space\/es\/noticia\/las-8as-jornadas-internacionales-rdi-tic-salut-i-social-presentaran-los-ultimos-avances-en-terapias-digitales-en-vic\/","og_site_name":"Fundaci\u00f3 TIC Salut i Social","article_modified_time":"2021-07-21T13:36:58+00:00","og_image":[{"width":1201,"height":209,"url":"https:\/\/ticsalutsocial.atoom.space\/wp-content\/uploads\/2018\/07\/banner_web_cat.png","type":"image\/png"}],"twitter_card":"summary_large_image","twitter_misc":{"Tiempo de lectura":"4 minutos"},"schema":{"@context":"https:\/\/schema.org","@graph":[{"@type":"WebPage","@id":"https:\/\/ticsalutsocial.atoom.space\/es\/noticia\/las-8as-jornadas-internacionales-rdi-tic-salut-i-social-presentaran-los-ultimos-avances-en-terapias-digitales-en-vic\/","url":"https:\/\/ticsalutsocial.atoom.space\/es\/noticia\/las-8as-jornadas-internacionales-rdi-tic-salut-i-social-presentaran-los-ultimos-avances-en-terapias-digitales-en-vic\/","name":"Las 8as jornadas internacionales R+D+I TIC Salut i Social presentar\u00e1n los \u00faltimos avances en terapias digitales en Vic - Fundaci\u00f3 TIC Salut i Social","isPartOf":{"@id":"https:\/\/ticsalutsocial.atoom.space\/es\/#website"},"primaryImageOfPage":{"@id":"https:\/\/ticsalutsocial.atoom.space\/es\/noticia\/las-8as-jornadas-internacionales-rdi-tic-salut-i-social-presentaran-los-ultimos-avances-en-terapias-digitales-en-vic\/#primaryimage"},"image":{"@id":"https:\/\/ticsalutsocial.atoom.space\/es\/noticia\/las-8as-jornadas-internacionales-rdi-tic-salut-i-social-presentaran-los-ultimos-avances-en-terapias-digitales-en-vic\/#primaryimage"},"thumbnailUrl":"https:\/\/ticsalutsocial.atoom.space\/wp-content\/uploads\/2018\/07\/banner_web_cat.png","datePublished":"2018-07-05T08:58:39+00:00","dateModified":"2021-07-21T13:36:58+00:00","breadcrumb":{"@id":"https:\/\/ticsalutsocial.atoom.space\/es\/noticia\/las-8as-jornadas-internacionales-rdi-tic-salut-i-social-presentaran-los-ultimos-avances-en-terapias-digitales-en-vic\/#breadcrumb"},"inLanguage":"es","potentialAction":[{"@type":"ReadAction","target":["https:\/\/ticsalutsocial.atoom.space\/es\/noticia\/las-8as-jornadas-internacionales-rdi-tic-salut-i-social-presentaran-los-ultimos-avances-en-terapias-digitales-en-vic\/"]}]},{"@type":"ImageObject","inLanguage":"es","@id":"https:\/\/ticsalutsocial.atoom.space\/es\/noticia\/las-8as-jornadas-internacionales-rdi-tic-salut-i-social-presentaran-los-ultimos-avances-en-terapias-digitales-en-vic\/#primaryimage","url":"https:\/\/ticsalutsocial.atoom.space\/wp-content\/uploads\/2018\/07\/banner_web_cat.png","contentUrl":"https:\/\/ticsalutsocial.atoom.space\/wp-content\/uploads\/2018\/07\/banner_web_cat.png","width":1201,"height":209},{"@type":"BreadcrumbList","@id":"https:\/\/ticsalutsocial.atoom.space\/es\/noticia\/las-8as-jornadas-internacionales-rdi-tic-salut-i-social-presentaran-los-ultimos-avances-en-terapias-digitales-en-vic\/#breadcrumb","itemListElement":[{"@type":"ListItem","position":1,"name":"Inici","item":"https:\/\/ticsalutsocial.atoom.space\/es\/"},{"@type":"ListItem","position":2,"name":"Las 8as jornadas internacionales R+D+I TIC Salut i Social presentar\u00e1n los \u00faltimos avances en terapias digitales en Vic"}]},{"@type":"WebSite","@id":"https:\/\/ticsalutsocial.atoom.space\/es\/#website","url":"https:\/\/ticsalutsocial.atoom.space\/es\/","name":"Fundaci\u00f3 TIC Salut i Social","description":"","potentialAction":[{"@type":"SearchAction","target":{"@type":"EntryPoint","urlTemplate":"https:\/\/ticsalutsocial.atoom.space\/es\/?s={search_term_string}"},"query-input":{"@type":"PropertyValueSpecification","valueRequired":true,"valueName":"search_term_string"}}],"inLanguage":"es"}]}},"_links":{"self":[{"href":"https:\/\/ticsalutsocial.atoom.space\/es\/wp-json\/wp\/v2\/noticia\/3437","targetHints":{"allow":["GET"]}}],"collection":[{"href":"https:\/\/ticsalutsocial.atoom.space\/es\/wp-json\/wp\/v2\/noticia"}],"about":[{"href":"https:\/\/ticsalutsocial.atoom.space\/es\/wp-json\/wp\/v2\/types\/noticia"}],"author":[{"embeddable":true,"href":"https:\/\/ticsalutsocial.atoom.space\/es\/wp-json\/wp\/v2\/users\/21"}],"wp:featuredmedia":[{"embeddable":true,"href":"https:\/\/ticsalutsocial.atoom.space\/es\/wp-json\/wp\/v2\/media\/3434"}],"wp:attachment":[{"href":"https:\/\/ticsalutsocial.atoom.space\/es\/wp-json\/wp\/v2\/media?parent=3437"}],"wp:term":[{"taxonomy":"etiqueta","embeddable":true,"href":"https:\/\/ticsalutsocial.atoom.space\/es\/wp-json\/wp\/v2\/etiqueta?post=3437"},{"taxonomy":"tipus","embeddable":true,"href":"https:\/\/ticsalutsocial.atoom.space\/es\/wp-json\/wp\/v2\/tipus?post=3437"},{"taxonomy":"topic","embeddable":true,"href":"https:\/\/ticsalutsocial.atoom.space\/es\/wp-json\/wp\/v2\/topic?post=3437"}],"curies":[{"name":"wp","href":"https:\/\/api.w.org\/{rel}","templated":true}]}}