
{"id":34387,"date":"2025-11-11T13:52:00","date_gmt":"2025-11-11T11:52:00","guid":{"rendered":"https:\/\/ticsalutsocial.atoom.space\/noticia\/salut-impulsa-la-digitalitzacio-de-lanatomia-patologica-amb-la-incorporacio-de-24-escaners-dalta-resolucio-als-hospitals\/"},"modified":"2025-11-11T14:31:57","modified_gmt":"2025-11-11T12:31:57","slug":"salut-impulsa-la-digitalitzacio-de-lanatomia-patologica-amb-la-incorporacio-de-24-escaners-dalta-resolucio-als-hospitals","status":"publish","type":"noticia","link":"https:\/\/ticsalutsocial.atoom.space\/es\/noticia\/salut-impulsa-la-digitalitzacio-de-lanatomia-patologica-amb-la-incorporacio-de-24-escaners-dalta-resolucio-als-hospitals\/","title":{"rendered":"Salut impulsa la digitalizaci\u00f3n de la anatom\u00eda patol\u00f3gica con la incorporaci\u00f3n de 24 esc\u00e1neres de alta resoluci\u00f3n en los hospitales"},"content":{"rendered":"\n<p>El Departamento de Salud, a trav\u00e9s del Servicio Catal\u00e1n de la Salud (CatSalut), ha puesto a disposici\u00f3n del sistema sanitario 24 esc\u00e1neres de patolog\u00eda digital de alta resoluci\u00f3n que se est\u00e1n instalando hasta mediados de diciembre en 13 hospitales del Sistema Sanitario Integral de Utilizaci\u00f3n P\u00fablica de Catalu\u00f1a (SISCAT). Estos equipos permiten digitalizar las muestras biol\u00f3gicas que se analizan en los laboratorios de anatom\u00eda patol\u00f3gica \u2014un \u00e1rea clave en el diagn\u00f3stico de muchas enfermedades\u2014 para realizar un estudio m\u00e1s \u00e1gil, preciso y compartido entre profesionales de distintos centros.<\/p>\n\n\n\n<p>Con esta actuaci\u00f3n, el sistema sanitario catal\u00e1n da un paso adelante hacia la <strong>digitalizaci\u00f3n completa de la anatom\u00eda patol\u00f3gica<\/strong>, una herramienta fundamental para mejorar la precisi\u00f3n diagn\u00f3stica, reducir los tiempos de espera y avanzar hacia una <strong>medicina m\u00e1s personalizada y de precisi\u00f3n<\/strong>.<\/p>\n\n\n\n<p>Las im\u00e1genes digitales generadas por los esc\u00e1neres se integrar\u00e1n en la plataforma <strong>PAT-SIMDCAT<\/strong>, el sistema de imagen m\u00e9dica digital de Catalu\u00f1a, que facilita la consulta, el an\u00e1lisis y el intercambio de im\u00e1genes entre profesionales de diferentes hospitales, favoreciendo el trabajo en red de los pat\u00f3logos. Adem\u00e1s, esta digitalizaci\u00f3n abre la puerta a la incorporaci\u00f3n progresiva de herramientas de inteligencia artificial que apoyen el diagn\u00f3stico y aumenten la eficiencia del sistema.<\/p>\n\n\n\n<p>La <strong>Fundaci\u00f3 TIC Salut i Social<\/strong> ha colaborado en el proceso de elaboraci\u00f3n de la <strong>compra centralizada<\/strong> y en la <strong>adjudicaci\u00f3n<\/strong>, y actualmente presta apoyo en el despliegue de la soluci\u00f3n de patolog\u00eda digital.<\/p>\n\n\n\n<h2 class=\"wp-block-heading\">Implementaci\u00f3n progresiva en los hospitales del SISCAT<\/h2>\n\n\n\n<p>La instalaci\u00f3n de los equipos y la formaci\u00f3n de los profesionales comenz\u00f3 a finales de septiembre y continuar\u00e1 de forma progresiva en el resto de centros hasta la segunda semana de diciembre.<\/p>\n\n\n\n<p>En concreto, los nuevos equipos se han destinado a los servicios de anatom\u00eda patol\u00f3gica de los centros del SISCAT que a\u00fan no est\u00e1n digitalizados: Hospital de Matar\u00f3, Terrassa (CST), Sabadell (Parc Taul\u00ed), Sant Joan de Reus, Fundaci\u00f3 Puigvert \u2013 IUNA, Hospital General de l\u2019Hospitalet (CSI), Althaia \u2013 Xarxa Assistencial Universit\u00e0ria de Manresa, Palam\u00f3s, Sant Jaume de Calella, Figueres y M\u00fatua de Terrassa.<\/p>\n\n\n\n<p>Adem\u00e1s, tambi\u00e9n se incorporar\u00e1n nuevos equipos en el Hospital Universitario de Bellvitge (ICS) y el Hospital de Vic, que ya disponen de sistemas de digitalizaci\u00f3n en funcionamiento. Entre los primeros hospitales que han recibido los esc\u00e1neres se encuentran el Hospital de Matar\u00f3, el Parc Taul\u00ed de Sabadell y el Consorci Sanitari de Terrassa.<\/p>\n\n\n\n<h2 class=\"wp-block-heading\">Financiaci\u00f3n europea y transformaci\u00f3n digital del sistema<\/h2>\n\n\n\n<p>El proyecto forma parte del <strong>Plan GenES<\/strong>, una iniciativa del Ministerio de Sanidad para desplegar la cartera com\u00fan de servicios gen\u00e9ticos del Sistema Nacional de Salud, financiada con fondos europeos <strong>Next Generation EU<\/strong>, dentro del <strong>Plan de Recuperaci\u00f3n, Transformaci\u00f3n y Resiliencia (PRTR)<\/strong>. En este marco, el CatSalut ha destinado <strong>3,3 millones de euros<\/strong> a la compra de este equipamiento, con el objetivo de reforzar la capacidad diagn\u00f3stica y optimizar los flujos de trabajo en los laboratorios de anatom\u00eda patol\u00f3gica.<\/p>\n\n\n\n<p><strong>\u201cCon este paso adelante, el sistema sanitario catal\u00e1n refuerza su apuesta por impulsar la digitalizaci\u00f3n de la anatom\u00eda patol\u00f3gica, mejorando la precisi\u00f3n diagn\u00f3stica y pron\u00f3stica de enfermedades complejas, raras y oncol\u00f3gicas, un elemento clave para avanzar hacia una medicina m\u00e1s personalizada, precisa y eficiente\u201d<\/strong>, destaca <strong>Gemma Valeta<\/strong>, gerente de Medicina Personalizada y de Precisi\u00f3n del \u00c1rea Asistencial del Servicio Catal\u00e1n de la Salud. <strong>\u201cLos nuevos equipos permitir\u00e1n reforzar la colaboraci\u00f3n entre profesionales, mejorar la calidad diagn\u00f3stica y facilitar la incorporaci\u00f3n de tecnolog\u00edas de an\u00e1lisis avanzado que contribuir\u00e1n a ofrecer una atenci\u00f3n m\u00e1s segura y adaptada a cada paciente\u201d.<\/strong><\/p>\n\n\n\n<p><\/p>\n\n\n\n<p><a href=\"https:\/\/govern.cat\/salapremsa\/notes-premsa\/762472\/salut-impulsa-digitalitzacio-lanatomia-patologica-incorporacio-24-escaners-dalta-resolucio-als-hospitals\" target=\"_blank\" rel=\"noreferrer noopener\">Fuente: Departament de Salut<\/a><\/p>\n\n\n\n<p><\/p>\n\n\n\n<p><\/p>\n\n\n\n<figure class=\"wp-block-image size-full is-resized is-style-rounded\"><img loading=\"lazy\" decoding=\"async\" width=\"886\" height=\"64\" src=\"https:\/\/ticsalutsocial.atoom.space\/wp-content\/uploads\/2025\/11\/Unknown_23k5zbK.png\" alt=\"\" class=\"wp-image-34376\" style=\"width:617px;height:auto\" srcset=\"https:\/\/ticsalutsocial.atoom.space\/wp-content\/uploads\/2025\/11\/Unknown_23k5zbK.png 886w, https:\/\/ticsalutsocial.atoom.space\/wp-content\/uploads\/2025\/11\/Unknown_23k5zbK-300x22.png 300w, https:\/\/ticsalutsocial.atoom.space\/wp-content\/uploads\/2025\/11\/Unknown_23k5zbK-768x55.png 768w\" sizes=\"auto, (max-width: 886px) 100vw, 886px\" \/><\/figure>\n","protected":false},"author":12,"featured_media":34385,"menu_order":0,"template":"","meta":{"_acf_changed":true,"inline_featured_image":false},"etiqueta":[],"tipus":[1191],"topic":[113],"class_list":["post-34387","noticia","type-noticia","status-publish","has-post-thumbnail","hentry","tipus-imatge-medica-digital-es","topic-transformacion-digital"],"acf":{"finalitzat":false,"tipus_plantilla":"objectius","template_objectius":{"cont_principal":"","imatge":false,"cont_seguent":{"titol":"","contingut":""},"seccio_llistat":{"titol":"","llistat":false},"objectius":{"titol":"","objectius":false},"documents":false},"autor":"","imatge":34381,"textos_destacats":[{"texte":"La Fundaci\u00f3 TIC Salut i Social ha colaborado en los procesos de elaboraci\u00f3n de la compra centralizada y de adjudicaci\u00f3n, y ahora est\u00e1 prestando apoyo en el despliegue de la soluci\u00f3n de patolog\u00eda digital."}],"documents":false},"yoast_head":"<!-- This site is optimized with the Yoast SEO plugin v27.1.1 - https:\/\/yoast.com\/product\/yoast-seo-wordpress\/ -->\n<title>Salut impulsa la digitalizaci\u00f3n de la anatom\u00eda patol\u00f3gica con la incorporaci\u00f3n de 24 esc\u00e1neres de alta resoluci\u00f3n en los hospitales - Fundaci\u00f3 TIC Salut i Social<\/title>\n<meta name=\"description\" content=\"La Fundaci\u00f3 TIC Salut i Social ha col\u00b7laborat en els processos d&#039;elaboraci\u00f3 de la compra centralitzada, i d&#039;adjudicaci\u00f3.\" \/>\n<meta name=\"robots\" content=\"index, follow, max-snippet:-1, max-image-preview:large, max-video-preview:-1\" \/>\n<link rel=\"canonical\" href=\"https:\/\/ticsalutsocial.atoom.space\/es\/noticia\/salut-impulsa-la-digitalitzacio-de-lanatomia-patologica-amb-la-incorporacio-de-24-escaners-dalta-resolucio-als-hospitals\/\" \/>\n<meta property=\"og:locale\" content=\"es_ES\" \/>\n<meta property=\"og:type\" content=\"article\" \/>\n<meta property=\"og:title\" content=\"Salut impulsa la digitalizaci\u00f3n de la anatom\u00eda patol\u00f3gica con la incorporaci\u00f3n de 24 esc\u00e1neres de alta resoluci\u00f3n en los hospitales - Fundaci\u00f3 TIC Salut i Social\" \/>\n<meta property=\"og:description\" content=\"La Fundaci\u00f3 TIC Salut i Social ha col\u00b7laborat en els processos d&#039;elaboraci\u00f3 de la compra centralitzada, i d&#039;adjudicaci\u00f3.\" \/>\n<meta property=\"og:url\" content=\"https:\/\/ticsalutsocial.atoom.space\/es\/noticia\/salut-impulsa-la-digitalitzacio-de-lanatomia-patologica-amb-la-incorporacio-de-24-escaners-dalta-resolucio-als-hospitals\/\" \/>\n<meta property=\"og:site_name\" content=\"Fundaci\u00f3 TIC Salut i Social\" \/>\n<meta property=\"article:modified_time\" content=\"2025-11-11T12:31:57+00:00\" \/>\n<meta property=\"og:image\" content=\"https:\/\/ticsalutsocial.atoom.space\/wp-content\/uploads\/2025\/11\/digitalitzacio-de-lanatomia-patologica-1.png\" \/>\n\t<meta property=\"og:image:width\" content=\"1280\" \/>\n\t<meta property=\"og:image:height\" content=\"960\" \/>\n\t<meta property=\"og:image:type\" content=\"image\/png\" \/>\n<meta name=\"twitter:card\" content=\"summary_large_image\" \/>\n<meta name=\"twitter:label1\" content=\"Tiempo de lectura\" \/>\n\t<meta name=\"twitter:data1\" content=\"4 minutos\" \/>\n<script type=\"application\/ld+json\" class=\"yoast-schema-graph\">{\"@context\":\"https:\/\/schema.org\",\"@graph\":[{\"@type\":\"WebPage\",\"@id\":\"https:\/\/ticsalutsocial.atoom.space\/es\/noticia\/salut-impulsa-la-digitalitzacio-de-lanatomia-patologica-amb-la-incorporacio-de-24-escaners-dalta-resolucio-als-hospitals\/\",\"url\":\"https:\/\/ticsalutsocial.atoom.space\/es\/noticia\/salut-impulsa-la-digitalitzacio-de-lanatomia-patologica-amb-la-incorporacio-de-24-escaners-dalta-resolucio-als-hospitals\/\",\"name\":\"Salut impulsa la digitalizaci\u00f3n de la anatom\u00eda patol\u00f3gica con la incorporaci\u00f3n de 24 esc\u00e1neres de alta resoluci\u00f3n en los hospitales - Fundaci\u00f3 TIC Salut i Social\",\"isPartOf\":{\"@id\":\"https:\/\/ticsalutsocial.atoom.space\/es\/#website\"},\"primaryImageOfPage\":{\"@id\":\"https:\/\/ticsalutsocial.atoom.space\/es\/noticia\/salut-impulsa-la-digitalitzacio-de-lanatomia-patologica-amb-la-incorporacio-de-24-escaners-dalta-resolucio-als-hospitals\/#primaryimage\"},\"image\":{\"@id\":\"https:\/\/ticsalutsocial.atoom.space\/es\/noticia\/salut-impulsa-la-digitalitzacio-de-lanatomia-patologica-amb-la-incorporacio-de-24-escaners-dalta-resolucio-als-hospitals\/#primaryimage\"},\"thumbnailUrl\":\"https:\/\/ticsalutsocial.atoom.space\/wp-content\/uploads\/2025\/11\/digitalitzacio-de-lanatomia-patologica-1.png\",\"datePublished\":\"2025-11-11T11:52:00+00:00\",\"dateModified\":\"2025-11-11T12:31:57+00:00\",\"description\":\"La Fundaci\u00f3 TIC Salut i Social ha col\u00b7laborat en els processos d'elaboraci\u00f3 de la compra centralitzada, i d'adjudicaci\u00f3.\",\"breadcrumb\":{\"@id\":\"https:\/\/ticsalutsocial.atoom.space\/es\/noticia\/salut-impulsa-la-digitalitzacio-de-lanatomia-patologica-amb-la-incorporacio-de-24-escaners-dalta-resolucio-als-hospitals\/#breadcrumb\"},\"inLanguage\":\"es\",\"potentialAction\":[{\"@type\":\"ReadAction\",\"target\":[\"https:\/\/ticsalutsocial.atoom.space\/es\/noticia\/salut-impulsa-la-digitalitzacio-de-lanatomia-patologica-amb-la-incorporacio-de-24-escaners-dalta-resolucio-als-hospitals\/\"]}]},{\"@type\":\"ImageObject\",\"inLanguage\":\"es\",\"@id\":\"https:\/\/ticsalutsocial.atoom.space\/es\/noticia\/salut-impulsa-la-digitalitzacio-de-lanatomia-patologica-amb-la-incorporacio-de-24-escaners-dalta-resolucio-als-hospitals\/#primaryimage\",\"url\":\"https:\/\/ticsalutsocial.atoom.space\/wp-content\/uploads\/2025\/11\/digitalitzacio-de-lanatomia-patologica-1.png\",\"contentUrl\":\"https:\/\/ticsalutsocial.atoom.space\/wp-content\/uploads\/2025\/11\/digitalitzacio-de-lanatomia-patologica-1.png\",\"width\":1280,\"height\":960},{\"@type\":\"BreadcrumbList\",\"@id\":\"https:\/\/ticsalutsocial.atoom.space\/es\/noticia\/salut-impulsa-la-digitalitzacio-de-lanatomia-patologica-amb-la-incorporacio-de-24-escaners-dalta-resolucio-als-hospitals\/#breadcrumb\",\"itemListElement\":[{\"@type\":\"ListItem\",\"position\":1,\"name\":\"Inici\",\"item\":\"https:\/\/ticsalutsocial.atoom.space\/es\/\"},{\"@type\":\"ListItem\",\"position\":2,\"name\":\"Salut impulsa la digitalizaci\u00f3n de la anatom\u00eda patol\u00f3gica con la incorporaci\u00f3n de 24 esc\u00e1neres de alta resoluci\u00f3n en los hospitales\"}]},{\"@type\":\"WebSite\",\"@id\":\"https:\/\/ticsalutsocial.atoom.space\/es\/#website\",\"url\":\"https:\/\/ticsalutsocial.atoom.space\/es\/\",\"name\":\"Fundaci\u00f3 TIC Salut i Social\",\"description\":\"\",\"potentialAction\":[{\"@type\":\"SearchAction\",\"target\":{\"@type\":\"EntryPoint\",\"urlTemplate\":\"https:\/\/ticsalutsocial.atoom.space\/es\/?s={search_term_string}\"},\"query-input\":{\"@type\":\"PropertyValueSpecification\",\"valueRequired\":true,\"valueName\":\"search_term_string\"}}],\"inLanguage\":\"es\"}]}<\/script>\n<!-- \/ Yoast SEO plugin. -->","yoast_head_json":{"title":"Salut impulsa la digitalizaci\u00f3n de la anatom\u00eda patol\u00f3gica con la incorporaci\u00f3n de 24 esc\u00e1neres de alta resoluci\u00f3n en los hospitales - Fundaci\u00f3 TIC Salut i Social","description":"La Fundaci\u00f3 TIC Salut i Social ha col\u00b7laborat en els processos d'elaboraci\u00f3 de la compra centralitzada, i d'adjudicaci\u00f3.","robots":{"index":"index","follow":"follow","max-snippet":"max-snippet:-1","max-image-preview":"max-image-preview:large","max-video-preview":"max-video-preview:-1"},"canonical":"https:\/\/ticsalutsocial.atoom.space\/es\/noticia\/salut-impulsa-la-digitalitzacio-de-lanatomia-patologica-amb-la-incorporacio-de-24-escaners-dalta-resolucio-als-hospitals\/","og_locale":"es_ES","og_type":"article","og_title":"Salut impulsa la digitalizaci\u00f3n de la anatom\u00eda patol\u00f3gica con la incorporaci\u00f3n de 24 esc\u00e1neres de alta resoluci\u00f3n en los hospitales - Fundaci\u00f3 TIC Salut i Social","og_description":"La Fundaci\u00f3 TIC Salut i Social ha col\u00b7laborat en els processos d'elaboraci\u00f3 de la compra centralitzada, i d'adjudicaci\u00f3.","og_url":"https:\/\/ticsalutsocial.atoom.space\/es\/noticia\/salut-impulsa-la-digitalitzacio-de-lanatomia-patologica-amb-la-incorporacio-de-24-escaners-dalta-resolucio-als-hospitals\/","og_site_name":"Fundaci\u00f3 TIC Salut i Social","article_modified_time":"2025-11-11T12:31:57+00:00","og_image":[{"width":1280,"height":960,"url":"https:\/\/ticsalutsocial.atoom.space\/wp-content\/uploads\/2025\/11\/digitalitzacio-de-lanatomia-patologica-1.png","type":"image\/png"}],"twitter_card":"summary_large_image","twitter_misc":{"Tiempo de lectura":"4 minutos"},"schema":{"@context":"https:\/\/schema.org","@graph":[{"@type":"WebPage","@id":"https:\/\/ticsalutsocial.atoom.space\/es\/noticia\/salut-impulsa-la-digitalitzacio-de-lanatomia-patologica-amb-la-incorporacio-de-24-escaners-dalta-resolucio-als-hospitals\/","url":"https:\/\/ticsalutsocial.atoom.space\/es\/noticia\/salut-impulsa-la-digitalitzacio-de-lanatomia-patologica-amb-la-incorporacio-de-24-escaners-dalta-resolucio-als-hospitals\/","name":"Salut impulsa la digitalizaci\u00f3n de la anatom\u00eda patol\u00f3gica con la incorporaci\u00f3n de 24 esc\u00e1neres de alta resoluci\u00f3n en los hospitales - Fundaci\u00f3 TIC Salut i Social","isPartOf":{"@id":"https:\/\/ticsalutsocial.atoom.space\/es\/#website"},"primaryImageOfPage":{"@id":"https:\/\/ticsalutsocial.atoom.space\/es\/noticia\/salut-impulsa-la-digitalitzacio-de-lanatomia-patologica-amb-la-incorporacio-de-24-escaners-dalta-resolucio-als-hospitals\/#primaryimage"},"image":{"@id":"https:\/\/ticsalutsocial.atoom.space\/es\/noticia\/salut-impulsa-la-digitalitzacio-de-lanatomia-patologica-amb-la-incorporacio-de-24-escaners-dalta-resolucio-als-hospitals\/#primaryimage"},"thumbnailUrl":"https:\/\/ticsalutsocial.atoom.space\/wp-content\/uploads\/2025\/11\/digitalitzacio-de-lanatomia-patologica-1.png","datePublished":"2025-11-11T11:52:00+00:00","dateModified":"2025-11-11T12:31:57+00:00","description":"La Fundaci\u00f3 TIC Salut i Social ha col\u00b7laborat en els processos d'elaboraci\u00f3 de la compra centralitzada, i d'adjudicaci\u00f3.","breadcrumb":{"@id":"https:\/\/ticsalutsocial.atoom.space\/es\/noticia\/salut-impulsa-la-digitalitzacio-de-lanatomia-patologica-amb-la-incorporacio-de-24-escaners-dalta-resolucio-als-hospitals\/#breadcrumb"},"inLanguage":"es","potentialAction":[{"@type":"ReadAction","target":["https:\/\/ticsalutsocial.atoom.space\/es\/noticia\/salut-impulsa-la-digitalitzacio-de-lanatomia-patologica-amb-la-incorporacio-de-24-escaners-dalta-resolucio-als-hospitals\/"]}]},{"@type":"ImageObject","inLanguage":"es","@id":"https:\/\/ticsalutsocial.atoom.space\/es\/noticia\/salut-impulsa-la-digitalitzacio-de-lanatomia-patologica-amb-la-incorporacio-de-24-escaners-dalta-resolucio-als-hospitals\/#primaryimage","url":"https:\/\/ticsalutsocial.atoom.space\/wp-content\/uploads\/2025\/11\/digitalitzacio-de-lanatomia-patologica-1.png","contentUrl":"https:\/\/ticsalutsocial.atoom.space\/wp-content\/uploads\/2025\/11\/digitalitzacio-de-lanatomia-patologica-1.png","width":1280,"height":960},{"@type":"BreadcrumbList","@id":"https:\/\/ticsalutsocial.atoom.space\/es\/noticia\/salut-impulsa-la-digitalitzacio-de-lanatomia-patologica-amb-la-incorporacio-de-24-escaners-dalta-resolucio-als-hospitals\/#breadcrumb","itemListElement":[{"@type":"ListItem","position":1,"name":"Inici","item":"https:\/\/ticsalutsocial.atoom.space\/es\/"},{"@type":"ListItem","position":2,"name":"Salut impulsa la digitalizaci\u00f3n de la anatom\u00eda patol\u00f3gica con la incorporaci\u00f3n de 24 esc\u00e1neres de alta resoluci\u00f3n en los hospitales"}]},{"@type":"WebSite","@id":"https:\/\/ticsalutsocial.atoom.space\/es\/#website","url":"https:\/\/ticsalutsocial.atoom.space\/es\/","name":"Fundaci\u00f3 TIC Salut i Social","description":"","potentialAction":[{"@type":"SearchAction","target":{"@type":"EntryPoint","urlTemplate":"https:\/\/ticsalutsocial.atoom.space\/es\/?s={search_term_string}"},"query-input":{"@type":"PropertyValueSpecification","valueRequired":true,"valueName":"search_term_string"}}],"inLanguage":"es"}]}},"_links":{"self":[{"href":"https:\/\/ticsalutsocial.atoom.space\/es\/wp-json\/wp\/v2\/noticia\/34387","targetHints":{"allow":["GET"]}}],"collection":[{"href":"https:\/\/ticsalutsocial.atoom.space\/es\/wp-json\/wp\/v2\/noticia"}],"about":[{"href":"https:\/\/ticsalutsocial.atoom.space\/es\/wp-json\/wp\/v2\/types\/noticia"}],"author":[{"embeddable":true,"href":"https:\/\/ticsalutsocial.atoom.space\/es\/wp-json\/wp\/v2\/users\/12"}],"wp:featuredmedia":[{"embeddable":true,"href":"https:\/\/ticsalutsocial.atoom.space\/es\/wp-json\/wp\/v2\/media\/34385"}],"wp:attachment":[{"href":"https:\/\/ticsalutsocial.atoom.space\/es\/wp-json\/wp\/v2\/media?parent=34387"}],"wp:term":[{"taxonomy":"etiqueta","embeddable":true,"href":"https:\/\/ticsalutsocial.atoom.space\/es\/wp-json\/wp\/v2\/etiqueta?post=34387"},{"taxonomy":"tipus","embeddable":true,"href":"https:\/\/ticsalutsocial.atoom.space\/es\/wp-json\/wp\/v2\/tipus?post=34387"},{"taxonomy":"topic","embeddable":true,"href":"https:\/\/ticsalutsocial.atoom.space\/es\/wp-json\/wp\/v2\/topic?post=34387"}],"curies":[{"name":"wp","href":"https:\/\/api.w.org\/{rel}","templated":true}]}}