
{"id":3441,"date":"2018-07-05T16:54:02","date_gmt":"2018-07-05T14:54:02","guid":{"rendered":"https:\/\/ticsalutsocial.atoom.space\/?post_type=noticia&#038;p=3441"},"modified":"2021-07-21T15:37:05","modified_gmt":"2021-07-21T13:37:05","slug":"ia-una-herramienta-para-dar-respuesta-a-los-nuevos-retos-de-registro-estructuracion-y-explotacion-de-la-informacion","status":"publish","type":"noticia","link":"https:\/\/ticsalutsocial.atoom.space\/es\/noticia\/ia-una-herramienta-para-dar-respuesta-a-los-nuevos-retos-de-registro-estructuracion-y-explotacion-de-la-informacion\/","title":{"rendered":"IA: una herramienta para dar respuesta a los nuevos retos de registro, estructuraci\u00f3n y explotaci\u00f3n de la informaci\u00f3n"},"content":{"rendered":"<p>La inteligencia artificial (IA) es un concepto que cada vez est\u00e1 m\u00e1s presente en nuestras vidas.\u00a0La jornada <em>Bussejant entre dades<\/em>,\u00a0organizada por la <em>Fundaci\u00f3 TIC Salut Social<\/em> el pasado 29 de junio, tuvo como objetivo analizar c\u00f3mo \u00e9sta nos puede ayudar a descubrir y tratar la informaci\u00f3n social y de salud.<\/p>\n<p>Este campo de la inteligencia se presenta como una herramienta para dar respuesta a los nuevos retos de registro, estructuraci\u00f3n y explotaci\u00f3n de la informaci\u00f3n. Los contenidos de la jornada consistieron en una introducci\u00f3n a la IA por parte de Ariadna R\u00edes, Responsable de la Oficina de Est\u00e1ndares e Interoperabilidad de la <em>Fundaci\u00f3 TIC Salut Social<\/em>; y en dos bloques de debate sobre la codificaci\u00f3n semi-autom\u00e1tica\/asistida en CIM-10-MC\/SCP, y el descubrimiento de informaci\u00f3n en texto cl\u00ednico. El acontecimiento se realiz\u00f3 a las instalaciones del Tecnocampus Matar\u00f3 Maresme y cont\u00f3 con cerca de 150 participantes.<\/p>\n<p>CODIFICACI\u00d3N AUTOM\u00c1TICAS EN CIM-10-MC\/SCP<\/p>\n<p>Desde Gener de 2018 en Catalu\u00f1a se tiene que utilizar la CIM-10-MC\/SCP para registrar y notificar los diagn\u00f3sticos y procedimientos a varios sistemas del CatSalut como el CMBD. Este cambio de versi\u00f3n de la clasificaci\u00f3n tiene un impacto a diferentes niveles, puesto que afecta a la facturaci\u00f3n y a la explotaci\u00f3n de datos, pasando por el registro. El incremento tanto de diagn\u00f3sticos\u00a0(de 14.025 a 71.486) c\u00f3mo de procedimientos\u00a0(de 3.838 a 71.924) que supone la CIM-10-MC\/SCP respecto a sus predecesoras acontece un reto a la hora de codificar la informaci\u00f3n generada por los profesionales asistenciales. En el caso de procedimientos, adem\u00e1s, tambi\u00e9n cambia totalmente la manera de construir el c\u00f3digo, puesto que este est\u00e1 formado por esos que, combinados, dan valor a cada uno de los 7 d\u00edgitos.<\/p>\n<p>Debido a la complejidad que presenta la nueva versi\u00f3n de la clasificaci\u00f3n, es necesario contar con herramientas que ayuden a codificar, ya sea de manera semiautom\u00e1tica\u00a0o asistida.\u00a0A la jornada se presentaron diferentes herramientas que permiten lograr este objetivo mediante el uso de la IA y el PLN.<\/p>\n<p>DESCUBRIMIENTO DE INFORMACI\u00d3N EN TEXTO<\/p>\n<p>En la segunda mesa, moderada por Jordi Mart\u00ednez, Director de innovaci\u00f3n de la <em>Fundaci\u00f3 TIC Salut Social<\/em>, se profundiz\u00f3 en diferentes experiencias y herramientas en que se utiliza la IA y el PLN para extraer informaci\u00f3n relevante de textos cl\u00ednicos.<\/p>\n<p>En la sesi\u00f3n final de debate se comentaron aspectos relevantes sobre el uso de estas herramientas, como puede ser, por ejemplo, la calidad de los datos con que entrenamos los modelos de IA. Si queremos tener una buena calidad en los resultados de la aplicaci\u00f3n de estas herramientas, hay que asegurar la buena calidad de los datos con que las entrenamos. Tambi\u00e9n se incidi\u00f3 sobre la confianza que tienen que generar las emprendidas verso los profesionales, para asegurar el buen funcionamiento de las herramientas en la pr\u00e1ctica cl\u00ednica. Finalmente, tambi\u00e9n se reflexion\u00f3 sobre los aspectos econ\u00f3micos y la inversi\u00f3n necesaria para poder desplegar las herramientas y utilizarlas como parte de la pr\u00e1ctica cl\u00ednica habitual.<\/p>\n","protected":false},"author":21,"featured_media":6877,"menu_order":0,"template":"","meta":{"_acf_changed":false,"inline_featured_image":false},"etiqueta":[],"tipus":[84],"topic":[117,121],"class_list":["post-3441","noticia","type-noticia","status-publish","has-post-thumbnail","hentry","tipus-oficina-interoperabilidad","topic-jornadas","topic-dpd-es"],"acf":{"imatge":6879,"autor":"Ariadna Rius","textos_destacats":[{"texte":"La Jornada Bussejant entre dades cont\u00f3 con la presencia de 150 participantes"}]},"yoast_head":"<!-- This site is optimized with the Yoast SEO plugin v27.1.1 - https:\/\/yoast.com\/product\/yoast-seo-wordpress\/ -->\n<title>IA: una herramienta para dar respuesta a los nuevos retos de registro, estructuraci\u00f3n y explotaci\u00f3n de la informaci\u00f3n - Fundaci\u00f3 TIC Salut i Social<\/title>\n<meta name=\"robots\" content=\"index, follow, max-snippet:-1, max-image-preview:large, max-video-preview:-1\" \/>\n<link rel=\"canonical\" href=\"https:\/\/ticsalutsocial.atoom.space\/es\/noticia\/ia-una-herramienta-para-dar-respuesta-a-los-nuevos-retos-de-registro-estructuracion-y-explotacion-de-la-informacion\/\" \/>\n<meta property=\"og:locale\" content=\"es_ES\" \/>\n<meta property=\"og:type\" content=\"article\" \/>\n<meta property=\"og:title\" content=\"IA: una herramienta para dar respuesta a los nuevos retos de registro, estructuraci\u00f3n y explotaci\u00f3n de la informaci\u00f3n - Fundaci\u00f3 TIC Salut i Social\" \/>\n<meta property=\"og:description\" content=\"La inteligencia artificial (IA) es un concepto que cada vez est\u00e1 m\u00e1s presente en nuestras vidas.\u00a0La jornada Bussejant entre dades,\u00a0organizada por la Fundaci\u00f3 TIC Salut Social el pasado 29 de junio, tuvo como objetivo analizar c\u00f3mo \u00e9sta nos puede ayudar a descubrir y tratar la informaci\u00f3n social y de salud. Este campo de la inteligencia [&hellip;]\" \/>\n<meta property=\"og:url\" content=\"https:\/\/ticsalutsocial.atoom.space\/es\/noticia\/ia-una-herramienta-para-dar-respuesta-a-los-nuevos-retos-de-registro-estructuracion-y-explotacion-de-la-informacion\/\" \/>\n<meta property=\"og:site_name\" content=\"Fundaci\u00f3 TIC Salut i Social\" \/>\n<meta property=\"article:modified_time\" content=\"2021-07-21T13:37:05+00:00\" \/>\n<meta property=\"og:image\" content=\"https:\/\/ticsalutsocial.atoom.space\/wp-content\/uploads\/2018\/07\/01-scaled.jpg\" \/>\n\t<meta property=\"og:image:width\" content=\"2560\" \/>\n\t<meta property=\"og:image:height\" content=\"1920\" \/>\n\t<meta property=\"og:image:type\" content=\"image\/jpeg\" \/>\n<meta name=\"twitter:card\" content=\"summary_large_image\" \/>\n<meta name=\"twitter:label1\" content=\"Tiempo de lectura\" \/>\n\t<meta name=\"twitter:data1\" content=\"3 minutos\" \/>\n<script type=\"application\/ld+json\" class=\"yoast-schema-graph\">{\"@context\":\"https:\/\/schema.org\",\"@graph\":[{\"@type\":\"WebPage\",\"@id\":\"https:\/\/ticsalutsocial.atoom.space\/es\/noticia\/ia-una-herramienta-para-dar-respuesta-a-los-nuevos-retos-de-registro-estructuracion-y-explotacion-de-la-informacion\/\",\"url\":\"https:\/\/ticsalutsocial.atoom.space\/es\/noticia\/ia-una-herramienta-para-dar-respuesta-a-los-nuevos-retos-de-registro-estructuracion-y-explotacion-de-la-informacion\/\",\"name\":\"IA: una herramienta para dar respuesta a los nuevos retos de registro, estructuraci\u00f3n y explotaci\u00f3n de la informaci\u00f3n - Fundaci\u00f3 TIC Salut i Social\",\"isPartOf\":{\"@id\":\"https:\/\/ticsalutsocial.atoom.space\/es\/#website\"},\"primaryImageOfPage\":{\"@id\":\"https:\/\/ticsalutsocial.atoom.space\/es\/noticia\/ia-una-herramienta-para-dar-respuesta-a-los-nuevos-retos-de-registro-estructuracion-y-explotacion-de-la-informacion\/#primaryimage\"},\"image\":{\"@id\":\"https:\/\/ticsalutsocial.atoom.space\/es\/noticia\/ia-una-herramienta-para-dar-respuesta-a-los-nuevos-retos-de-registro-estructuracion-y-explotacion-de-la-informacion\/#primaryimage\"},\"thumbnailUrl\":\"https:\/\/ticsalutsocial.atoom.space\/wp-content\/uploads\/2018\/07\/01-scaled.jpg\",\"datePublished\":\"2018-07-05T14:54:02+00:00\",\"dateModified\":\"2021-07-21T13:37:05+00:00\",\"breadcrumb\":{\"@id\":\"https:\/\/ticsalutsocial.atoom.space\/es\/noticia\/ia-una-herramienta-para-dar-respuesta-a-los-nuevos-retos-de-registro-estructuracion-y-explotacion-de-la-informacion\/#breadcrumb\"},\"inLanguage\":\"es\",\"potentialAction\":[{\"@type\":\"ReadAction\",\"target\":[\"https:\/\/ticsalutsocial.atoom.space\/es\/noticia\/ia-una-herramienta-para-dar-respuesta-a-los-nuevos-retos-de-registro-estructuracion-y-explotacion-de-la-informacion\/\"]}]},{\"@type\":\"ImageObject\",\"inLanguage\":\"es\",\"@id\":\"https:\/\/ticsalutsocial.atoom.space\/es\/noticia\/ia-una-herramienta-para-dar-respuesta-a-los-nuevos-retos-de-registro-estructuracion-y-explotacion-de-la-informacion\/#primaryimage\",\"url\":\"https:\/\/ticsalutsocial.atoom.space\/wp-content\/uploads\/2018\/07\/01-scaled.jpg\",\"contentUrl\":\"https:\/\/ticsalutsocial.atoom.space\/wp-content\/uploads\/2018\/07\/01-scaled.jpg\",\"width\":2560,\"height\":1920},{\"@type\":\"BreadcrumbList\",\"@id\":\"https:\/\/ticsalutsocial.atoom.space\/es\/noticia\/ia-una-herramienta-para-dar-respuesta-a-los-nuevos-retos-de-registro-estructuracion-y-explotacion-de-la-informacion\/#breadcrumb\",\"itemListElement\":[{\"@type\":\"ListItem\",\"position\":1,\"name\":\"Inici\",\"item\":\"https:\/\/ticsalutsocial.atoom.space\/es\/\"},{\"@type\":\"ListItem\",\"position\":2,\"name\":\"IA: una herramienta para dar respuesta a los nuevos retos de registro, estructuraci\u00f3n y explotaci\u00f3n de la informaci\u00f3n\"}]},{\"@type\":\"WebSite\",\"@id\":\"https:\/\/ticsalutsocial.atoom.space\/es\/#website\",\"url\":\"https:\/\/ticsalutsocial.atoom.space\/es\/\",\"name\":\"Fundaci\u00f3 TIC Salut i Social\",\"description\":\"\",\"potentialAction\":[{\"@type\":\"SearchAction\",\"target\":{\"@type\":\"EntryPoint\",\"urlTemplate\":\"https:\/\/ticsalutsocial.atoom.space\/es\/?s={search_term_string}\"},\"query-input\":{\"@type\":\"PropertyValueSpecification\",\"valueRequired\":true,\"valueName\":\"search_term_string\"}}],\"inLanguage\":\"es\"}]}<\/script>\n<!-- \/ Yoast SEO plugin. -->","yoast_head_json":{"title":"IA: una herramienta para dar respuesta a los nuevos retos de registro, estructuraci\u00f3n y explotaci\u00f3n de la informaci\u00f3n - Fundaci\u00f3 TIC Salut i Social","robots":{"index":"index","follow":"follow","max-snippet":"max-snippet:-1","max-image-preview":"max-image-preview:large","max-video-preview":"max-video-preview:-1"},"canonical":"https:\/\/ticsalutsocial.atoom.space\/es\/noticia\/ia-una-herramienta-para-dar-respuesta-a-los-nuevos-retos-de-registro-estructuracion-y-explotacion-de-la-informacion\/","og_locale":"es_ES","og_type":"article","og_title":"IA: una herramienta para dar respuesta a los nuevos retos de registro, estructuraci\u00f3n y explotaci\u00f3n de la informaci\u00f3n - Fundaci\u00f3 TIC Salut i Social","og_description":"La inteligencia artificial (IA) es un concepto que cada vez est\u00e1 m\u00e1s presente en nuestras vidas.\u00a0La jornada Bussejant entre dades,\u00a0organizada por la Fundaci\u00f3 TIC Salut Social el pasado 29 de junio, tuvo como objetivo analizar c\u00f3mo \u00e9sta nos puede ayudar a descubrir y tratar la informaci\u00f3n social y de salud. Este campo de la inteligencia [&hellip;]","og_url":"https:\/\/ticsalutsocial.atoom.space\/es\/noticia\/ia-una-herramienta-para-dar-respuesta-a-los-nuevos-retos-de-registro-estructuracion-y-explotacion-de-la-informacion\/","og_site_name":"Fundaci\u00f3 TIC Salut i Social","article_modified_time":"2021-07-21T13:37:05+00:00","og_image":[{"width":2560,"height":1920,"url":"https:\/\/ticsalutsocial.atoom.space\/wp-content\/uploads\/2018\/07\/01-scaled.jpg","type":"image\/jpeg"}],"twitter_card":"summary_large_image","twitter_misc":{"Tiempo de lectura":"3 minutos"},"schema":{"@context":"https:\/\/schema.org","@graph":[{"@type":"WebPage","@id":"https:\/\/ticsalutsocial.atoom.space\/es\/noticia\/ia-una-herramienta-para-dar-respuesta-a-los-nuevos-retos-de-registro-estructuracion-y-explotacion-de-la-informacion\/","url":"https:\/\/ticsalutsocial.atoom.space\/es\/noticia\/ia-una-herramienta-para-dar-respuesta-a-los-nuevos-retos-de-registro-estructuracion-y-explotacion-de-la-informacion\/","name":"IA: una herramienta para dar respuesta a los nuevos retos de registro, estructuraci\u00f3n y explotaci\u00f3n de la informaci\u00f3n - Fundaci\u00f3 TIC Salut i Social","isPartOf":{"@id":"https:\/\/ticsalutsocial.atoom.space\/es\/#website"},"primaryImageOfPage":{"@id":"https:\/\/ticsalutsocial.atoom.space\/es\/noticia\/ia-una-herramienta-para-dar-respuesta-a-los-nuevos-retos-de-registro-estructuracion-y-explotacion-de-la-informacion\/#primaryimage"},"image":{"@id":"https:\/\/ticsalutsocial.atoom.space\/es\/noticia\/ia-una-herramienta-para-dar-respuesta-a-los-nuevos-retos-de-registro-estructuracion-y-explotacion-de-la-informacion\/#primaryimage"},"thumbnailUrl":"https:\/\/ticsalutsocial.atoom.space\/wp-content\/uploads\/2018\/07\/01-scaled.jpg","datePublished":"2018-07-05T14:54:02+00:00","dateModified":"2021-07-21T13:37:05+00:00","breadcrumb":{"@id":"https:\/\/ticsalutsocial.atoom.space\/es\/noticia\/ia-una-herramienta-para-dar-respuesta-a-los-nuevos-retos-de-registro-estructuracion-y-explotacion-de-la-informacion\/#breadcrumb"},"inLanguage":"es","potentialAction":[{"@type":"ReadAction","target":["https:\/\/ticsalutsocial.atoom.space\/es\/noticia\/ia-una-herramienta-para-dar-respuesta-a-los-nuevos-retos-de-registro-estructuracion-y-explotacion-de-la-informacion\/"]}]},{"@type":"ImageObject","inLanguage":"es","@id":"https:\/\/ticsalutsocial.atoom.space\/es\/noticia\/ia-una-herramienta-para-dar-respuesta-a-los-nuevos-retos-de-registro-estructuracion-y-explotacion-de-la-informacion\/#primaryimage","url":"https:\/\/ticsalutsocial.atoom.space\/wp-content\/uploads\/2018\/07\/01-scaled.jpg","contentUrl":"https:\/\/ticsalutsocial.atoom.space\/wp-content\/uploads\/2018\/07\/01-scaled.jpg","width":2560,"height":1920},{"@type":"BreadcrumbList","@id":"https:\/\/ticsalutsocial.atoom.space\/es\/noticia\/ia-una-herramienta-para-dar-respuesta-a-los-nuevos-retos-de-registro-estructuracion-y-explotacion-de-la-informacion\/#breadcrumb","itemListElement":[{"@type":"ListItem","position":1,"name":"Inici","item":"https:\/\/ticsalutsocial.atoom.space\/es\/"},{"@type":"ListItem","position":2,"name":"IA: una herramienta para dar respuesta a los nuevos retos de registro, estructuraci\u00f3n y explotaci\u00f3n de la informaci\u00f3n"}]},{"@type":"WebSite","@id":"https:\/\/ticsalutsocial.atoom.space\/es\/#website","url":"https:\/\/ticsalutsocial.atoom.space\/es\/","name":"Fundaci\u00f3 TIC Salut i Social","description":"","potentialAction":[{"@type":"SearchAction","target":{"@type":"EntryPoint","urlTemplate":"https:\/\/ticsalutsocial.atoom.space\/es\/?s={search_term_string}"},"query-input":{"@type":"PropertyValueSpecification","valueRequired":true,"valueName":"search_term_string"}}],"inLanguage":"es"}]}},"_links":{"self":[{"href":"https:\/\/ticsalutsocial.atoom.space\/es\/wp-json\/wp\/v2\/noticia\/3441","targetHints":{"allow":["GET"]}}],"collection":[{"href":"https:\/\/ticsalutsocial.atoom.space\/es\/wp-json\/wp\/v2\/noticia"}],"about":[{"href":"https:\/\/ticsalutsocial.atoom.space\/es\/wp-json\/wp\/v2\/types\/noticia"}],"author":[{"embeddable":true,"href":"https:\/\/ticsalutsocial.atoom.space\/es\/wp-json\/wp\/v2\/users\/21"}],"wp:featuredmedia":[{"embeddable":true,"href":"https:\/\/ticsalutsocial.atoom.space\/es\/wp-json\/wp\/v2\/media\/6877"}],"wp:attachment":[{"href":"https:\/\/ticsalutsocial.atoom.space\/es\/wp-json\/wp\/v2\/media?parent=3441"}],"wp:term":[{"taxonomy":"etiqueta","embeddable":true,"href":"https:\/\/ticsalutsocial.atoom.space\/es\/wp-json\/wp\/v2\/etiqueta?post=3441"},{"taxonomy":"tipus","embeddable":true,"href":"https:\/\/ticsalutsocial.atoom.space\/es\/wp-json\/wp\/v2\/tipus?post=3441"},{"taxonomy":"topic","embeddable":true,"href":"https:\/\/ticsalutsocial.atoom.space\/es\/wp-json\/wp\/v2\/topic?post=3441"}],"curies":[{"name":"wp","href":"https:\/\/api.w.org\/{rel}","templated":true}]}}