
{"id":34424,"date":"2025-11-12T14:11:15","date_gmt":"2025-11-12T12:11:15","guid":{"rendered":"https:\/\/ticsalutsocial.atoom.space\/noticia\/lhospital-joan-xxiii-participa-en-un-projecte-del-departament-de-salut-per-aplicar-la-intelligencia-artificial-a-les-uci-de-catalunya\/"},"modified":"2025-11-12T14:34:10","modified_gmt":"2025-11-12T12:34:10","slug":"lhospital-joan-xxiii-participa-en-un-projecte-del-departament-de-salut-per-aplicar-la-intelligencia-artificial-a-les-uci-de-catalunya","status":"publish","type":"noticia","link":"https:\/\/ticsalutsocial.atoom.space\/es\/noticia\/lhospital-joan-xxiii-participa-en-un-projecte-del-departament-de-salut-per-aplicar-la-intelligencia-artificial-a-les-uci-de-catalunya\/","title":{"rendered":"El Hospital Joan XXIII participa en un proyecto del Departament de Salut para aplicar la inteligencia artificial en las UCI de Catalu\u00f1a"},"content":{"rendered":"\n<p>El Hospital Universitario Joan XXIII de Tarragona participa en un proyecto pionero del Departamento de Salud para <strong>mejorar la gesti\u00f3n cl\u00ednica y la calidad asistencial en las unidades de cuidados intensivos<\/strong> (UCI) del sistema sanitario integral de utilizaci\u00f3n p\u00fablica de Catalu\u00f1a (SISCAT), mediante el uso integrado de datos y la inteligencia artificial (IA). Esta iniciativa se enmarca en el proyecto <strong>Critic.CAT<\/strong>, liderado por el CatSalut y coordinado por la Fundaci\u00f3n TIC Salut i Social, con el objetivo de <strong>optimizar los servicios de cuidados intensivos de los centros del SISCAT mediante una asistencia basada en herramientas digitales<\/strong>.<\/p>\n\n\n\n<p>Las UCI generan grandes vol\u00famenes de datos por paciente, ya que las herramientas de monitorizaci\u00f3n y soporte vital registran informaci\u00f3n de forma continua. En el Hospital Joan XXIII, estos datos se aprovechan desde hace a\u00f1os de manera integrada para mejorar la gesti\u00f3n cl\u00ednica, la investigaci\u00f3n y la evaluaci\u00f3n de resultados. A partir de esta experiencia, el Servicio Catal\u00e1n de la Salud ha encargado al hospital dise\u00f1ar una metodolog\u00eda para desarrollar un centro de gesti\u00f3n de datos de cr\u00edticos, que servir\u00e1 como modelo para todo el sistema p\u00fablico catal\u00e1n.<\/p>\n\n\n\n<p>Este centro de gesti\u00f3n de cr\u00edticos y su plataforma de IA permitir\u00e1n recopilar, integrar y analizar en tiempo real los datos de las UCI de los hospitales del SISCAT y del Sistema de Emergencias M\u00e9dicas (SEM). Esto <strong>facilitar\u00e1 la toma de decisiones cl\u00ednicas, la coordinaci\u00f3n entre centros y la creaci\u00f3n de un mapa automatizado y en tiempo real de la situaci\u00f3n de las UCI en Catalu\u00f1a<\/strong>, optimizando los recursos disponibles y mejorando la respuesta asistencial.<\/p>\n\n\n\n<p><strong>\u201cEstamos trabajando para situarnos a la vanguardia en el uso de datos e IA en medicina intensiva. Centralizar y compartir la informaci\u00f3n permitir\u00e1 una gesti\u00f3n m\u00e1s eficiente y mejores resultados para los pacientes cr\u00edticos\u201d<\/strong>, destaca Maria Bod\u00ed, jefa del Servicio de Medicina Intensiva del Hospital Joan XXIII. El equipo del proyecto est\u00e1 formado por profesionales cl\u00ednicos, ingenieros biom\u00e9dicos y expertos en datos que colaboran para desplegar la infraestructura y la metodolog\u00eda del nuevo modelo, enmarcado en el espacio de datos de salud de Catalu\u00f1a.<\/p>\n\n\n\n<p>Actualmente, el modelo de gesti\u00f3n de datos desarrollado en Tarragona tambi\u00e9n se est\u00e1 implementando en el <a href=\"https:\/\/ticsalutsocial.atoom.space\/es\/noticia\/la-regio-sanitaria-de-girona-comenca-a-implantar-el-nou-model-datencio-al-pacient-critic-i-semicritic\/\">Hospital Josep Trueta de Girona<\/a>.<\/p>\n\n\n\n<p>Los detalles y avances del proyecto se han presentado hoy, 12 de noviembre, en el marco del III Critical Care Data Analysis Summit, celebrado en el Seminari de Tarragona. La jornada ha reunido a expertos de toda Catalu\u00f1a para debatir sobre el papel de los datos y la IA en la mejora de la atenci\u00f3n a los pacientes cr\u00edticos, as\u00ed como para compartir experiencias innovadoras en el uso de datos e IA aplicadas a la salud.<\/p>\n","protected":false},"author":12,"featured_media":34422,"menu_order":0,"template":"","meta":{"_acf_changed":true,"inline_featured_image":false},"etiqueta":[],"tipus":[879],"topic":[127],"class_list":["post-34424","noticia","type-noticia","status-publish","has-post-thumbnail","hentry","tipus-inteligencia-artificial","topic-proyectos"],"acf":{"finalitzat":false,"tipus_plantilla":"objectius","template_objectius":{"cont_principal":"","imatge":false,"cont_seguent":{"titol":"","contingut":""},"seccio_llistat":{"titol":"","llistat":false},"objectius":{"titol":"","objectius":false},"documents":false},"autor":"","imatge":34422,"textos_destacats":[{"texte":"La iniciativa se desarrolla en el marco del proyecto Critic.CAT, que coordina la Fundaci\u00f3 TIC Salut i Social para optimizar los servicios de cuidados intensivos en Catalu\u00f1a."}],"documents":false},"yoast_head":"<!-- This site is optimized with the Yoast SEO plugin v27.1.1 - https:\/\/yoast.com\/product\/yoast-seo-wordpress\/ -->\n<title>El Hospital Joan XXIII participa en un proyecto del Departament de Salut para aplicar la inteligencia artificial en las UCI de Catalu\u00f1a - Fundaci\u00f3 TIC Salut i Social<\/title>\n<meta name=\"robots\" content=\"index, follow, max-snippet:-1, max-image-preview:large, max-video-preview:-1\" \/>\n<link rel=\"canonical\" href=\"https:\/\/ticsalutsocial.atoom.space\/es\/noticia\/lhospital-joan-xxiii-participa-en-un-projecte-del-departament-de-salut-per-aplicar-la-intelligencia-artificial-a-les-uci-de-catalunya\/\" \/>\n<meta property=\"og:locale\" content=\"es_ES\" \/>\n<meta property=\"og:type\" content=\"article\" \/>\n<meta property=\"og:title\" content=\"El Hospital Joan XXIII participa en un proyecto del Departament de Salut para aplicar la inteligencia artificial en las UCI de Catalu\u00f1a - Fundaci\u00f3 TIC Salut i Social\" \/>\n<meta property=\"og:description\" content=\"El Hospital Universitario Joan XXIII de Tarragona participa en un proyecto pionero del Departamento de Salud para mejorar la gesti\u00f3n cl\u00ednica y la calidad asistencial en las unidades de cuidados intensivos (UCI) del sistema sanitario integral de utilizaci\u00f3n p\u00fablica de Catalu\u00f1a (SISCAT), mediante el uso integrado de datos y la inteligencia artificial (IA). Esta iniciativa [&hellip;]\" \/>\n<meta property=\"og:url\" content=\"https:\/\/ticsalutsocial.atoom.space\/es\/noticia\/lhospital-joan-xxiii-participa-en-un-projecte-del-departament-de-salut-per-aplicar-la-intelligencia-artificial-a-les-uci-de-catalunya\/\" \/>\n<meta property=\"og:site_name\" content=\"Fundaci\u00f3 TIC Salut i Social\" \/>\n<meta property=\"article:modified_time\" content=\"2025-11-12T12:34:10+00:00\" \/>\n<meta property=\"og:image\" content=\"https:\/\/ticsalutsocial.atoom.space\/wp-content\/uploads\/2025\/11\/intelligencia-artificial-a-les-UCI-de-Catalunya.png\" \/>\n\t<meta property=\"og:image:width\" content=\"1280\" \/>\n\t<meta property=\"og:image:height\" content=\"960\" \/>\n\t<meta property=\"og:image:type\" content=\"image\/png\" \/>\n<meta name=\"twitter:card\" content=\"summary_large_image\" \/>\n<meta name=\"twitter:label1\" content=\"Tiempo de lectura\" \/>\n\t<meta name=\"twitter:data1\" content=\"3 minutos\" \/>\n<script type=\"application\/ld+json\" class=\"yoast-schema-graph\">{\"@context\":\"https:\/\/schema.org\",\"@graph\":[{\"@type\":\"WebPage\",\"@id\":\"https:\/\/ticsalutsocial.atoom.space\/es\/noticia\/lhospital-joan-xxiii-participa-en-un-projecte-del-departament-de-salut-per-aplicar-la-intelligencia-artificial-a-les-uci-de-catalunya\/\",\"url\":\"https:\/\/ticsalutsocial.atoom.space\/es\/noticia\/lhospital-joan-xxiii-participa-en-un-projecte-del-departament-de-salut-per-aplicar-la-intelligencia-artificial-a-les-uci-de-catalunya\/\",\"name\":\"El Hospital Joan XXIII participa en un proyecto del Departament de Salut para aplicar la inteligencia artificial en las UCI de Catalu\u00f1a - Fundaci\u00f3 TIC Salut i Social\",\"isPartOf\":{\"@id\":\"https:\/\/ticsalutsocial.atoom.space\/es\/#website\"},\"primaryImageOfPage\":{\"@id\":\"https:\/\/ticsalutsocial.atoom.space\/es\/noticia\/lhospital-joan-xxiii-participa-en-un-projecte-del-departament-de-salut-per-aplicar-la-intelligencia-artificial-a-les-uci-de-catalunya\/#primaryimage\"},\"image\":{\"@id\":\"https:\/\/ticsalutsocial.atoom.space\/es\/noticia\/lhospital-joan-xxiii-participa-en-un-projecte-del-departament-de-salut-per-aplicar-la-intelligencia-artificial-a-les-uci-de-catalunya\/#primaryimage\"},\"thumbnailUrl\":\"https:\/\/ticsalutsocial.atoom.space\/wp-content\/uploads\/2025\/11\/intelligencia-artificial-a-les-UCI-de-Catalunya.png\",\"datePublished\":\"2025-11-12T12:11:15+00:00\",\"dateModified\":\"2025-11-12T12:34:10+00:00\",\"breadcrumb\":{\"@id\":\"https:\/\/ticsalutsocial.atoom.space\/es\/noticia\/lhospital-joan-xxiii-participa-en-un-projecte-del-departament-de-salut-per-aplicar-la-intelligencia-artificial-a-les-uci-de-catalunya\/#breadcrumb\"},\"inLanguage\":\"es\",\"potentialAction\":[{\"@type\":\"ReadAction\",\"target\":[\"https:\/\/ticsalutsocial.atoom.space\/es\/noticia\/lhospital-joan-xxiii-participa-en-un-projecte-del-departament-de-salut-per-aplicar-la-intelligencia-artificial-a-les-uci-de-catalunya\/\"]}]},{\"@type\":\"ImageObject\",\"inLanguage\":\"es\",\"@id\":\"https:\/\/ticsalutsocial.atoom.space\/es\/noticia\/lhospital-joan-xxiii-participa-en-un-projecte-del-departament-de-salut-per-aplicar-la-intelligencia-artificial-a-les-uci-de-catalunya\/#primaryimage\",\"url\":\"https:\/\/ticsalutsocial.atoom.space\/wp-content\/uploads\/2025\/11\/intelligencia-artificial-a-les-UCI-de-Catalunya.png\",\"contentUrl\":\"https:\/\/ticsalutsocial.atoom.space\/wp-content\/uploads\/2025\/11\/intelligencia-artificial-a-les-UCI-de-Catalunya.png\",\"width\":1280,\"height\":960,\"caption\":\"Urg\u00e8ncies de l'Hospital Joan XXIII\"},{\"@type\":\"BreadcrumbList\",\"@id\":\"https:\/\/ticsalutsocial.atoom.space\/es\/noticia\/lhospital-joan-xxiii-participa-en-un-projecte-del-departament-de-salut-per-aplicar-la-intelligencia-artificial-a-les-uci-de-catalunya\/#breadcrumb\",\"itemListElement\":[{\"@type\":\"ListItem\",\"position\":1,\"name\":\"Inici\",\"item\":\"https:\/\/ticsalutsocial.atoom.space\/es\/\"},{\"@type\":\"ListItem\",\"position\":2,\"name\":\"El Hospital Joan XXIII participa en un proyecto del Departament de Salut para aplicar la inteligencia artificial en las UCI de Catalu\u00f1a\"}]},{\"@type\":\"WebSite\",\"@id\":\"https:\/\/ticsalutsocial.atoom.space\/es\/#website\",\"url\":\"https:\/\/ticsalutsocial.atoom.space\/es\/\",\"name\":\"Fundaci\u00f3 TIC Salut i Social\",\"description\":\"\",\"potentialAction\":[{\"@type\":\"SearchAction\",\"target\":{\"@type\":\"EntryPoint\",\"urlTemplate\":\"https:\/\/ticsalutsocial.atoom.space\/es\/?s={search_term_string}\"},\"query-input\":{\"@type\":\"PropertyValueSpecification\",\"valueRequired\":true,\"valueName\":\"search_term_string\"}}],\"inLanguage\":\"es\"}]}<\/script>\n<!-- \/ Yoast SEO plugin. -->","yoast_head_json":{"title":"El Hospital Joan XXIII participa en un proyecto del Departament de Salut para aplicar la inteligencia artificial en las UCI de Catalu\u00f1a - Fundaci\u00f3 TIC Salut i Social","robots":{"index":"index","follow":"follow","max-snippet":"max-snippet:-1","max-image-preview":"max-image-preview:large","max-video-preview":"max-video-preview:-1"},"canonical":"https:\/\/ticsalutsocial.atoom.space\/es\/noticia\/lhospital-joan-xxiii-participa-en-un-projecte-del-departament-de-salut-per-aplicar-la-intelligencia-artificial-a-les-uci-de-catalunya\/","og_locale":"es_ES","og_type":"article","og_title":"El Hospital Joan XXIII participa en un proyecto del Departament de Salut para aplicar la inteligencia artificial en las UCI de Catalu\u00f1a - Fundaci\u00f3 TIC Salut i Social","og_description":"El Hospital Universitario Joan XXIII de Tarragona participa en un proyecto pionero del Departamento de Salud para mejorar la gesti\u00f3n cl\u00ednica y la calidad asistencial en las unidades de cuidados intensivos (UCI) del sistema sanitario integral de utilizaci\u00f3n p\u00fablica de Catalu\u00f1a (SISCAT), mediante el uso integrado de datos y la inteligencia artificial (IA). Esta iniciativa [&hellip;]","og_url":"https:\/\/ticsalutsocial.atoom.space\/es\/noticia\/lhospital-joan-xxiii-participa-en-un-projecte-del-departament-de-salut-per-aplicar-la-intelligencia-artificial-a-les-uci-de-catalunya\/","og_site_name":"Fundaci\u00f3 TIC Salut i Social","article_modified_time":"2025-11-12T12:34:10+00:00","og_image":[{"width":1280,"height":960,"url":"https:\/\/ticsalutsocial.atoom.space\/wp-content\/uploads\/2025\/11\/intelligencia-artificial-a-les-UCI-de-Catalunya.png","type":"image\/png"}],"twitter_card":"summary_large_image","twitter_misc":{"Tiempo de lectura":"3 minutos"},"schema":{"@context":"https:\/\/schema.org","@graph":[{"@type":"WebPage","@id":"https:\/\/ticsalutsocial.atoom.space\/es\/noticia\/lhospital-joan-xxiii-participa-en-un-projecte-del-departament-de-salut-per-aplicar-la-intelligencia-artificial-a-les-uci-de-catalunya\/","url":"https:\/\/ticsalutsocial.atoom.space\/es\/noticia\/lhospital-joan-xxiii-participa-en-un-projecte-del-departament-de-salut-per-aplicar-la-intelligencia-artificial-a-les-uci-de-catalunya\/","name":"El Hospital Joan XXIII participa en un proyecto del Departament de Salut para aplicar la inteligencia artificial en las UCI de Catalu\u00f1a - Fundaci\u00f3 TIC Salut i Social","isPartOf":{"@id":"https:\/\/ticsalutsocial.atoom.space\/es\/#website"},"primaryImageOfPage":{"@id":"https:\/\/ticsalutsocial.atoom.space\/es\/noticia\/lhospital-joan-xxiii-participa-en-un-projecte-del-departament-de-salut-per-aplicar-la-intelligencia-artificial-a-les-uci-de-catalunya\/#primaryimage"},"image":{"@id":"https:\/\/ticsalutsocial.atoom.space\/es\/noticia\/lhospital-joan-xxiii-participa-en-un-projecte-del-departament-de-salut-per-aplicar-la-intelligencia-artificial-a-les-uci-de-catalunya\/#primaryimage"},"thumbnailUrl":"https:\/\/ticsalutsocial.atoom.space\/wp-content\/uploads\/2025\/11\/intelligencia-artificial-a-les-UCI-de-Catalunya.png","datePublished":"2025-11-12T12:11:15+00:00","dateModified":"2025-11-12T12:34:10+00:00","breadcrumb":{"@id":"https:\/\/ticsalutsocial.atoom.space\/es\/noticia\/lhospital-joan-xxiii-participa-en-un-projecte-del-departament-de-salut-per-aplicar-la-intelligencia-artificial-a-les-uci-de-catalunya\/#breadcrumb"},"inLanguage":"es","potentialAction":[{"@type":"ReadAction","target":["https:\/\/ticsalutsocial.atoom.space\/es\/noticia\/lhospital-joan-xxiii-participa-en-un-projecte-del-departament-de-salut-per-aplicar-la-intelligencia-artificial-a-les-uci-de-catalunya\/"]}]},{"@type":"ImageObject","inLanguage":"es","@id":"https:\/\/ticsalutsocial.atoom.space\/es\/noticia\/lhospital-joan-xxiii-participa-en-un-projecte-del-departament-de-salut-per-aplicar-la-intelligencia-artificial-a-les-uci-de-catalunya\/#primaryimage","url":"https:\/\/ticsalutsocial.atoom.space\/wp-content\/uploads\/2025\/11\/intelligencia-artificial-a-les-UCI-de-Catalunya.png","contentUrl":"https:\/\/ticsalutsocial.atoom.space\/wp-content\/uploads\/2025\/11\/intelligencia-artificial-a-les-UCI-de-Catalunya.png","width":1280,"height":960,"caption":"Urg\u00e8ncies de l'Hospital Joan XXIII"},{"@type":"BreadcrumbList","@id":"https:\/\/ticsalutsocial.atoom.space\/es\/noticia\/lhospital-joan-xxiii-participa-en-un-projecte-del-departament-de-salut-per-aplicar-la-intelligencia-artificial-a-les-uci-de-catalunya\/#breadcrumb","itemListElement":[{"@type":"ListItem","position":1,"name":"Inici","item":"https:\/\/ticsalutsocial.atoom.space\/es\/"},{"@type":"ListItem","position":2,"name":"El Hospital Joan XXIII participa en un proyecto del Departament de Salut para aplicar la inteligencia artificial en las UCI de Catalu\u00f1a"}]},{"@type":"WebSite","@id":"https:\/\/ticsalutsocial.atoom.space\/es\/#website","url":"https:\/\/ticsalutsocial.atoom.space\/es\/","name":"Fundaci\u00f3 TIC Salut i Social","description":"","potentialAction":[{"@type":"SearchAction","target":{"@type":"EntryPoint","urlTemplate":"https:\/\/ticsalutsocial.atoom.space\/es\/?s={search_term_string}"},"query-input":{"@type":"PropertyValueSpecification","valueRequired":true,"valueName":"search_term_string"}}],"inLanguage":"es"}]}},"_links":{"self":[{"href":"https:\/\/ticsalutsocial.atoom.space\/es\/wp-json\/wp\/v2\/noticia\/34424","targetHints":{"allow":["GET"]}}],"collection":[{"href":"https:\/\/ticsalutsocial.atoom.space\/es\/wp-json\/wp\/v2\/noticia"}],"about":[{"href":"https:\/\/ticsalutsocial.atoom.space\/es\/wp-json\/wp\/v2\/types\/noticia"}],"author":[{"embeddable":true,"href":"https:\/\/ticsalutsocial.atoom.space\/es\/wp-json\/wp\/v2\/users\/12"}],"wp:featuredmedia":[{"embeddable":true,"href":"https:\/\/ticsalutsocial.atoom.space\/es\/wp-json\/wp\/v2\/media\/34422"}],"wp:attachment":[{"href":"https:\/\/ticsalutsocial.atoom.space\/es\/wp-json\/wp\/v2\/media?parent=34424"}],"wp:term":[{"taxonomy":"etiqueta","embeddable":true,"href":"https:\/\/ticsalutsocial.atoom.space\/es\/wp-json\/wp\/v2\/etiqueta?post=34424"},{"taxonomy":"tipus","embeddable":true,"href":"https:\/\/ticsalutsocial.atoom.space\/es\/wp-json\/wp\/v2\/tipus?post=34424"},{"taxonomy":"topic","embeddable":true,"href":"https:\/\/ticsalutsocial.atoom.space\/es\/wp-json\/wp\/v2\/topic?post=34424"}],"curies":[{"name":"wp","href":"https:\/\/api.w.org\/{rel}","templated":true}]}}