
{"id":3443,"date":"2018-07-06T14:00:23","date_gmt":"2018-07-06T12:00:23","guid":{"rendered":"https:\/\/ticsalutsocial.atoom.space\/?post_type=noticia&#038;p=3443"},"modified":"2021-07-21T15:37:07","modified_gmt":"2021-07-21T13:37:07","slug":"hc3-de-repositorio-de-informacion-a-herramineta-de-gestion","status":"publish","type":"noticia","link":"https:\/\/ticsalutsocial.atoom.space\/es\/noticia\/hc3-de-repositorio-de-informacion-a-herramineta-de-gestion\/","title":{"rendered":"HC3: de repositorio de informaci\u00f3n a herramineta de gesti\u00f3n"},"content":{"rendered":"<p>La Historia Cl\u00ednica Compartida a Catalu\u00f1a (HC3) es la historia electr\u00f3nica que agrupa el conjunto de documentos que contienen datos e informaci\u00f3n relevante sobre la situaci\u00f3n y la evoluci\u00f3n de un paciente a lo largo de su proceso asistencial. Implantada entre los a\u00f1os 2007 y 2009, la HC3 permite el acceso de manera organizada, y siempre bajo los par\u00e1metros id\u00f3neos de seguridad y confidencialidad, a la informaci\u00f3n relevante de las historias cl\u00ednicas de los diferentes centros sanitarios de la red p\u00fablica asistencial. La HC3 consigue tambi\u00e9n, mediante mecanismos de interoperabilidad y el uso de est\u00e1ndares entre sistemas de informaci\u00f3n, que las diferentes historias cl\u00ednicas de los centros sanitarios de la red p\u00fablica asistencial sean compatibles para poder acceder a toda la informaci\u00f3n sanitaria y de salud de un paciente con independencia del lugar y el momento en que se necesitan.<\/p>\n<p>Su informaci\u00f3n se puede consultar de dos maneras: con la incorporaci\u00f3n de los datos procedentes de la HC3 a las estaciones de trabajo de los propios centros o mediante el visor profesional del propio sistema de HC3. De acuerdo con los resultados de la encuesta Mapa de Tendencias 2017, el 55% de las Entidades Proveedoras dice acceder a informaci\u00f3n de HC3 mediante el visor profesional y, adem\u00e1s, incorporan datos de HC3 a sus estaciones de trabajo, representando un incremento del 5% respecto al a\u00f1o 2016. Adem\u00e1s, el 70% de las entidades de Atenci\u00f3n Primaria disponen de un sistema de alertas de datos vinculados a las publicaciones realizadas a HC3, dando a los profesionales sanitarios una visi\u00f3n integrada de la atenci\u00f3n realizada a los pacientes.<\/p>\n<p><img loading=\"lazy\" decoding=\"async\" class=\"alignnone wp-image-8922 size-full\" src=\"https:\/\/ticsalutsocial.atoom.space\/wp-content\/uploads\/2018\/09\/captura.png\" alt=\"\" width=\"781\" height=\"547\" \/><\/p>\n<p>Los resultados tambi\u00e9n muestran que el 76% de las entidades, entre las que se incluye el centro coordinador de <em>Emerg\u00e8ncies M\u00e8diques<\/em> (SEM),\u00a0tiene integrado en su estaci\u00f3n de trabajo el marcaje PCC (Paciente Cr\u00f3nico Complejo) y MACA (Modelo de Atenci\u00f3n Cr\u00f3nica Avance), hecho que ha permitido mejorar los flujos de atenci\u00f3n a estos pacientes apoyando a la ruta asistencial de cronicidad entre los diferentes proveedores del sistema.<\/p>\n<p>Con el objetivo establecido a 2017 de disponer de toda aquella informaci\u00f3n cl\u00ednica objetiva de seguimiento de Atenci\u00f3n Primaria y Atenci\u00f3n Especializada, se implanta el Curso Cl\u00ednico Compartido Integrado al HC3, que permite publicar las anotaciones de curso cl\u00ednico que afectan a un ciudadano y mejorar la coordinaci\u00f3n entre niveles asistenciales y la seguridad en la atenci\u00f3n recibida. En este sentido, hay que destacar que un 73% de las entidades disponen de espacios reservados por datos subjetivos del profesional y datos confidenciales del paciente.<\/p>\n<p>Finalmente, el 60% de las entidades indican que se podr\u00edan incorporar mejoras en los apartados de resumen, documentos, datos asistenciales, servicios y curso cl\u00ednico. Estos resultados animan a responder estas peticiones y seguir mejorando la HC3 porque, de cada vez m\u00e1s, sea una herramienta \u00fatil de gesti\u00f3n para el profesional.<\/p>\n<blockquote><p><em>Agradecemos la colaboraci\u00f3n en la redacci\u00f3n de este art\u00edculo a la oficina eSalut (Departamento de Salud). Para m\u00e1s informaci\u00f3n, por favor contactad al corre mapatendencies@ticsalutsocial.cat.<br \/>\n<\/em><em><a href=\"http:\/\/salutweb.gencat.cat\/ca\/ambits_tematics\/linies_dactuacio\/tecnologies_informacio_i_comunicacio\/historia_clinica_compartida\/\">Sobre HC3<\/a><\/em><\/p><\/blockquote>\n","protected":false},"author":21,"featured_media":1125,"menu_order":0,"template":"","meta":{"_acf_changed":false,"inline_featured_image":false},"etiqueta":[],"tipus":[],"topic":[],"class_list":["post-3443","noticia","type-noticia","status-publish","has-post-thumbnail","hentry"],"acf":{"imatge":1127,"autor":"Francesc L\u00f3pez Segui","textos_destacats":[{"texte":"La encuesta del Mapa de Tendencias monitoriza, desde su implantaci\u00f3n, la evoluci\u00f3n en el uso de esta herramienta, de cada vez m\u00e1s utilizada y proactiva"}]},"yoast_head":"<!-- This site is optimized with the Yoast SEO plugin v27.1.1 - https:\/\/yoast.com\/product\/yoast-seo-wordpress\/ -->\n<title>HC3: de repositorio de informaci\u00f3n a herramineta de gesti\u00f3n - Fundaci\u00f3 TIC Salut i Social<\/title>\n<meta name=\"robots\" content=\"index, follow, max-snippet:-1, max-image-preview:large, max-video-preview:-1\" \/>\n<link rel=\"canonical\" href=\"https:\/\/ticsalutsocial.atoom.space\/es\/noticia\/hc3-de-repositorio-de-informacion-a-herramineta-de-gestion\/\" \/>\n<meta property=\"og:locale\" content=\"es_ES\" \/>\n<meta property=\"og:type\" content=\"article\" \/>\n<meta property=\"og:title\" content=\"HC3: de repositorio de informaci\u00f3n a herramineta de gesti\u00f3n - Fundaci\u00f3 TIC Salut i Social\" \/>\n<meta property=\"og:description\" content=\"La Historia Cl\u00ednica Compartida a Catalu\u00f1a (HC3) es la historia electr\u00f3nica que agrupa el conjunto de documentos que contienen datos e informaci\u00f3n relevante sobre la situaci\u00f3n y la evoluci\u00f3n de un paciente a lo largo de su proceso asistencial. Implantada entre los a\u00f1os 2007 y 2009, la HC3 permite el acceso de manera organizada, y [&hellip;]\" \/>\n<meta property=\"og:url\" content=\"https:\/\/ticsalutsocial.atoom.space\/es\/noticia\/hc3-de-repositorio-de-informacion-a-herramineta-de-gestion\/\" \/>\n<meta property=\"og:site_name\" content=\"Fundaci\u00f3 TIC Salut i Social\" \/>\n<meta property=\"article:modified_time\" content=\"2021-07-21T13:37:07+00:00\" \/>\n<meta property=\"og:image\" content=\"https:\/\/ticsalutsocial.atoom.space\/wp-content\/uploads\/2018\/05\/hospital.jpg\" \/>\n\t<meta property=\"og:image:width\" content=\"1688\" \/>\n\t<meta property=\"og:image:height\" content=\"1125\" \/>\n\t<meta property=\"og:image:type\" content=\"image\/jpeg\" \/>\n<meta name=\"twitter:card\" content=\"summary_large_image\" \/>\n<meta name=\"twitter:label1\" content=\"Tiempo de lectura\" \/>\n\t<meta name=\"twitter:data1\" content=\"3 minutos\" \/>\n<script type=\"application\/ld+json\" class=\"yoast-schema-graph\">{\"@context\":\"https:\/\/schema.org\",\"@graph\":[{\"@type\":\"WebPage\",\"@id\":\"https:\/\/ticsalutsocial.atoom.space\/es\/noticia\/hc3-de-repositorio-de-informacion-a-herramineta-de-gestion\/\",\"url\":\"https:\/\/ticsalutsocial.atoom.space\/es\/noticia\/hc3-de-repositorio-de-informacion-a-herramineta-de-gestion\/\",\"name\":\"HC3: de repositorio de informaci\u00f3n a herramineta de gesti\u00f3n - Fundaci\u00f3 TIC Salut i Social\",\"isPartOf\":{\"@id\":\"https:\/\/ticsalutsocial.atoom.space\/es\/#website\"},\"primaryImageOfPage\":{\"@id\":\"https:\/\/ticsalutsocial.atoom.space\/es\/noticia\/hc3-de-repositorio-de-informacion-a-herramineta-de-gestion\/#primaryimage\"},\"image\":{\"@id\":\"https:\/\/ticsalutsocial.atoom.space\/es\/noticia\/hc3-de-repositorio-de-informacion-a-herramineta-de-gestion\/#primaryimage\"},\"thumbnailUrl\":\"https:\/\/ticsalutsocial.atoom.space\/wp-content\/uploads\/2018\/05\/hospital.jpg\",\"datePublished\":\"2018-07-06T12:00:23+00:00\",\"dateModified\":\"2021-07-21T13:37:07+00:00\",\"breadcrumb\":{\"@id\":\"https:\/\/ticsalutsocial.atoom.space\/es\/noticia\/hc3-de-repositorio-de-informacion-a-herramineta-de-gestion\/#breadcrumb\"},\"inLanguage\":\"es\",\"potentialAction\":[{\"@type\":\"ReadAction\",\"target\":[\"https:\/\/ticsalutsocial.atoom.space\/es\/noticia\/hc3-de-repositorio-de-informacion-a-herramineta-de-gestion\/\"]}]},{\"@type\":\"ImageObject\",\"inLanguage\":\"es\",\"@id\":\"https:\/\/ticsalutsocial.atoom.space\/es\/noticia\/hc3-de-repositorio-de-informacion-a-herramineta-de-gestion\/#primaryimage\",\"url\":\"https:\/\/ticsalutsocial.atoom.space\/wp-content\/uploads\/2018\/05\/hospital.jpg\",\"contentUrl\":\"https:\/\/ticsalutsocial.atoom.space\/wp-content\/uploads\/2018\/05\/hospital.jpg\",\"width\":1688,\"height\":1125},{\"@type\":\"BreadcrumbList\",\"@id\":\"https:\/\/ticsalutsocial.atoom.space\/es\/noticia\/hc3-de-repositorio-de-informacion-a-herramineta-de-gestion\/#breadcrumb\",\"itemListElement\":[{\"@type\":\"ListItem\",\"position\":1,\"name\":\"Inici\",\"item\":\"https:\/\/ticsalutsocial.atoom.space\/es\/\"},{\"@type\":\"ListItem\",\"position\":2,\"name\":\"HC3: de repositorio de informaci\u00f3n a herramineta de gesti\u00f3n\"}]},{\"@type\":\"WebSite\",\"@id\":\"https:\/\/ticsalutsocial.atoom.space\/es\/#website\",\"url\":\"https:\/\/ticsalutsocial.atoom.space\/es\/\",\"name\":\"Fundaci\u00f3 TIC Salut i Social\",\"description\":\"\",\"potentialAction\":[{\"@type\":\"SearchAction\",\"target\":{\"@type\":\"EntryPoint\",\"urlTemplate\":\"https:\/\/ticsalutsocial.atoom.space\/es\/?s={search_term_string}\"},\"query-input\":{\"@type\":\"PropertyValueSpecification\",\"valueRequired\":true,\"valueName\":\"search_term_string\"}}],\"inLanguage\":\"es\"}]}<\/script>\n<!-- \/ Yoast SEO plugin. -->","yoast_head_json":{"title":"HC3: de repositorio de informaci\u00f3n a herramineta de gesti\u00f3n - Fundaci\u00f3 TIC Salut i Social","robots":{"index":"index","follow":"follow","max-snippet":"max-snippet:-1","max-image-preview":"max-image-preview:large","max-video-preview":"max-video-preview:-1"},"canonical":"https:\/\/ticsalutsocial.atoom.space\/es\/noticia\/hc3-de-repositorio-de-informacion-a-herramineta-de-gestion\/","og_locale":"es_ES","og_type":"article","og_title":"HC3: de repositorio de informaci\u00f3n a herramineta de gesti\u00f3n - Fundaci\u00f3 TIC Salut i Social","og_description":"La Historia Cl\u00ednica Compartida a Catalu\u00f1a (HC3) es la historia electr\u00f3nica que agrupa el conjunto de documentos que contienen datos e informaci\u00f3n relevante sobre la situaci\u00f3n y la evoluci\u00f3n de un paciente a lo largo de su proceso asistencial. Implantada entre los a\u00f1os 2007 y 2009, la HC3 permite el acceso de manera organizada, y [&hellip;]","og_url":"https:\/\/ticsalutsocial.atoom.space\/es\/noticia\/hc3-de-repositorio-de-informacion-a-herramineta-de-gestion\/","og_site_name":"Fundaci\u00f3 TIC Salut i Social","article_modified_time":"2021-07-21T13:37:07+00:00","og_image":[{"width":1688,"height":1125,"url":"https:\/\/ticsalutsocial.atoom.space\/wp-content\/uploads\/2018\/05\/hospital.jpg","type":"image\/jpeg"}],"twitter_card":"summary_large_image","twitter_misc":{"Tiempo de lectura":"3 minutos"},"schema":{"@context":"https:\/\/schema.org","@graph":[{"@type":"WebPage","@id":"https:\/\/ticsalutsocial.atoom.space\/es\/noticia\/hc3-de-repositorio-de-informacion-a-herramineta-de-gestion\/","url":"https:\/\/ticsalutsocial.atoom.space\/es\/noticia\/hc3-de-repositorio-de-informacion-a-herramineta-de-gestion\/","name":"HC3: de repositorio de informaci\u00f3n a herramineta de gesti\u00f3n - Fundaci\u00f3 TIC Salut i Social","isPartOf":{"@id":"https:\/\/ticsalutsocial.atoom.space\/es\/#website"},"primaryImageOfPage":{"@id":"https:\/\/ticsalutsocial.atoom.space\/es\/noticia\/hc3-de-repositorio-de-informacion-a-herramineta-de-gestion\/#primaryimage"},"image":{"@id":"https:\/\/ticsalutsocial.atoom.space\/es\/noticia\/hc3-de-repositorio-de-informacion-a-herramineta-de-gestion\/#primaryimage"},"thumbnailUrl":"https:\/\/ticsalutsocial.atoom.space\/wp-content\/uploads\/2018\/05\/hospital.jpg","datePublished":"2018-07-06T12:00:23+00:00","dateModified":"2021-07-21T13:37:07+00:00","breadcrumb":{"@id":"https:\/\/ticsalutsocial.atoom.space\/es\/noticia\/hc3-de-repositorio-de-informacion-a-herramineta-de-gestion\/#breadcrumb"},"inLanguage":"es","potentialAction":[{"@type":"ReadAction","target":["https:\/\/ticsalutsocial.atoom.space\/es\/noticia\/hc3-de-repositorio-de-informacion-a-herramineta-de-gestion\/"]}]},{"@type":"ImageObject","inLanguage":"es","@id":"https:\/\/ticsalutsocial.atoom.space\/es\/noticia\/hc3-de-repositorio-de-informacion-a-herramineta-de-gestion\/#primaryimage","url":"https:\/\/ticsalutsocial.atoom.space\/wp-content\/uploads\/2018\/05\/hospital.jpg","contentUrl":"https:\/\/ticsalutsocial.atoom.space\/wp-content\/uploads\/2018\/05\/hospital.jpg","width":1688,"height":1125},{"@type":"BreadcrumbList","@id":"https:\/\/ticsalutsocial.atoom.space\/es\/noticia\/hc3-de-repositorio-de-informacion-a-herramineta-de-gestion\/#breadcrumb","itemListElement":[{"@type":"ListItem","position":1,"name":"Inici","item":"https:\/\/ticsalutsocial.atoom.space\/es\/"},{"@type":"ListItem","position":2,"name":"HC3: de repositorio de informaci\u00f3n a herramineta de gesti\u00f3n"}]},{"@type":"WebSite","@id":"https:\/\/ticsalutsocial.atoom.space\/es\/#website","url":"https:\/\/ticsalutsocial.atoom.space\/es\/","name":"Fundaci\u00f3 TIC Salut i Social","description":"","potentialAction":[{"@type":"SearchAction","target":{"@type":"EntryPoint","urlTemplate":"https:\/\/ticsalutsocial.atoom.space\/es\/?s={search_term_string}"},"query-input":{"@type":"PropertyValueSpecification","valueRequired":true,"valueName":"search_term_string"}}],"inLanguage":"es"}]}},"_links":{"self":[{"href":"https:\/\/ticsalutsocial.atoom.space\/es\/wp-json\/wp\/v2\/noticia\/3443","targetHints":{"allow":["GET"]}}],"collection":[{"href":"https:\/\/ticsalutsocial.atoom.space\/es\/wp-json\/wp\/v2\/noticia"}],"about":[{"href":"https:\/\/ticsalutsocial.atoom.space\/es\/wp-json\/wp\/v2\/types\/noticia"}],"author":[{"embeddable":true,"href":"https:\/\/ticsalutsocial.atoom.space\/es\/wp-json\/wp\/v2\/users\/21"}],"wp:featuredmedia":[{"embeddable":true,"href":"https:\/\/ticsalutsocial.atoom.space\/es\/wp-json\/wp\/v2\/media\/1125"}],"wp:attachment":[{"href":"https:\/\/ticsalutsocial.atoom.space\/es\/wp-json\/wp\/v2\/media?parent=3443"}],"wp:term":[{"taxonomy":"etiqueta","embeddable":true,"href":"https:\/\/ticsalutsocial.atoom.space\/es\/wp-json\/wp\/v2\/etiqueta?post=3443"},{"taxonomy":"tipus","embeddable":true,"href":"https:\/\/ticsalutsocial.atoom.space\/es\/wp-json\/wp\/v2\/tipus?post=3443"},{"taxonomy":"topic","embeddable":true,"href":"https:\/\/ticsalutsocial.atoom.space\/es\/wp-json\/wp\/v2\/topic?post=3443"}],"curies":[{"name":"wp","href":"https:\/\/api.w.org\/{rel}","templated":true}]}}