
{"id":3447,"date":"2018-07-29T01:37:40","date_gmt":"2018-07-28T23:37:40","guid":{"rendered":"https:\/\/ticsalutsocial.atoom.space\/?post_type=noticia&#038;p=3447"},"modified":"2021-07-21T15:37:14","modified_gmt":"2021-07-21T13:37:14","slug":"fractures-escletxes-i-esquerdes-existeix-la-digital-divide","status":"publish","type":"noticia","link":"https:\/\/ticsalutsocial.atoom.space\/es\/noticia\/fractures-escletxes-i-esquerdes-existeix-la-digital-divide\/","title":{"rendered":"Fractures, escletxes i esquerdes: existeix la \u00abdigital divide\u00bb?"},"content":{"rendered":"<p>El <em>Consejo Econ\u00f3mico y Social<\/em> (CES) \u00e9s un \u00f2rgan consultiu del govern espanyol en mat\u00e8ria socioecon\u00f2mica i laboral. A banda de tenir la funci\u00f3 d\u2019emetre dict\u00e0mens en relaci\u00f3 als avantprojectes de llei de l\u2019estat, \u00e9s promotor d\u2019una mem\u00f2ria, publicada anualment, que presenta un rigor\u00f3s diagn\u00f2stic \u2013sempre referenciat amb les dades d\u2019origen institucional m\u00e9s actualitzades\u2013 dividit en \u00e0rees tem\u00e0tiques (per sectors productius, mercat de treball, educaci\u00f3, vivenda, medi ambient, etc.). El que es presenta a continuaci\u00f3 \u00e9s la primera d\u2019una s\u00e8rie de ressenyes d\u2019aspectes concrets dels cap\u00edtols sobre les prestacions socials i de salut, el sistema sanitari, la digitalitzaci\u00f3 i la innovaci\u00f3.<\/p>\n<p>L\u2019escletxa digital (<em>digital divide<\/em>, en angl\u00e8s) \u00e9s l\u2019apropiaci\u00f3 diferencial de les tecnologies per sectors poblacionals. Sovint s\u2019ha suggerit, per exemple, que la digitalitzaci\u00f3 tendiria a \u201cmarginar\u201d les franges d\u2019edat m\u00e9s avan\u00e7ada. El cap\u00edtol sobre aven\u00e7os en la digitalitzaci\u00f3 de l\u2019esmentat informe, i d\u2019acord amb l\u2019Enquesta sobre equipament i \u00fas de tecnologies de la informaci\u00f3 i comunicaci\u00f3 en les llars de l\u2019INE, identifica accessos i usos d\u2019internet desiguals entre edats, renda, nivell educatiu, g\u00e8nere i mida de la llar que podrien resultar en difer\u00e8ncies en el nivell d\u2019habilitat digital d\u2019aquests grups. La relaci\u00f3 entre aquestes variables es plasma en els gr\u00e0fics que es mostren a continuaci\u00f3.<\/p>\n<p><img loading=\"lazy\" decoding=\"async\" class=\"alignnone wp-image-8941 size-full\" src=\"https:\/\/ticsalutsocial.atoom.space\/wp-content\/uploads\/2018\/06\/1.png\" alt=\"\" width=\"1152\" height=\"425\" \/><\/p>\n<ul>\n<li>En relaci\u00f3 a l\u2019edat, s\u2019observa que efectivament l\u2019\u00fas d\u2019internet (mesurat amb tres variables diferents) decreix en franges d\u2019edat m\u00e9s grans. Sorpr\u00e8n, per\u00f2, la distribuci\u00f3 de la mostra: fins als 54 anys, l\u2019\u00fas \u00e9s for\u00e7a constant, per\u00f2 cau r\u00e0pidament en les franges 55-64 anys i 65-74 anys. \u00c9s doncs raonable assumir un descens m\u00e9s o menys proporcional en les franges d\u2019edat m\u00e9s avan\u00e7ada (fora de l\u2019abast de l\u2019estudi). Aquest \u00e9s l\u2019aspecte central que aborda el projecte <a href=\"https:\/\/www.uvic.cat\/parelles-digitals\">Parelles Digitals<\/a> (C\u00e0tedra TIC Salut &#8211; Universitat de Vic).<\/li>\n<li>En relaci\u00f3 al g\u00e8nere, el gr\u00e0fic mostra l\u2019\u00fas diferencial entre homes i dones, en punts percentuals. Malgrat s\u2019observa que s\u2019han redu\u00eft notablement des de 2012, les difer\u00e8ncies segueixen essent favorables als homes, especialment en la categoria \u201ccompres per internet\u201d (<a href=\"http:\/\/www.ine.es\/ss\/Satellite?blobcol=urldata&amp;blobheader=application%2Fpdf&amp;blobheadername1=Content-Disposition&amp;blobheadervalue1=attachment%3B+filename%3D6_7_Brecha_digital_d.pdf&amp;blobkey=urldata&amp;blobtable=MungoBlobs&amp;blobwhere=1259925530071%2F258%2F6.7.+Brecha+digital.pdf&amp;ssbinary=true\">informaci\u00f3 ampliada de l\u2019INE<\/a>).<\/li>\n<\/ul>\n<p><img loading=\"lazy\" decoding=\"async\" class=\"alignnone wp-image-8944 size-full\" src=\"https:\/\/ticsalutsocial.atoom.space\/wp-content\/uploads\/2018\/06\/2.png\" alt=\"\" width=\"1131\" height=\"374\" \/><\/p>\n<ul>\n<li>El nivell educatiu \u00e9s tamb\u00e9 un factor determinant en l\u2019\u00fas d\u2019internet. Les dades mostren una forta associaci\u00f3 positiva entre l\u2019acompliment d\u2019estudis superiors i l\u2019\u00fas d\u2019internet. \u00c9s interessant, tamb\u00e9, comparar les taxes entre els anys 2012 i 2017: malgrat per a totes les categories l\u2019\u00fas d\u2019internet ha crescut, ho ha fet de manera especialment significativa en les categories educatives m\u00e9s baixes, mostra de la socialitzaci\u00f3 i democratitzaci\u00f3 de la tecnologia possiblement motivada per l\u2019abaratiment dels preus.<\/li>\n<li>Igualment, com a aproximaci\u00f3 socioecon\u00f2mica, l\u2019associaci\u00f3 entre l\u2019\u00fas d\u2019internet i la renda familiar \u2013indicador que agrupa impl\u00edcitament les caracter\u00edstiques anteriorment esmentades- deriva en conclusions similars. La difer\u00e8ncia d\u2019aproximadament trenta punts percentuals entre la categoria de renda m\u00e9s baixa i la de renda m\u00e9s alta \u00e9s, si m\u00e9s no, preocupant, i va en l\u00ednia amb d\u2019altres estudis espec\u00edfics (vegi\u2019s <em><a href=\"http:\/\/mobileworldcapital.com\/escletxa-digital\/\">La brecha digital en la ciudad de Barcelona<\/a>).<\/em><\/li>\n<\/ul>\n<p><img loading=\"lazy\" decoding=\"async\" class=\"alignnone wp-image-8947 size-full\" src=\"https:\/\/ticsalutsocial.atoom.space\/wp-content\/uploads\/2018\/07\/3.png\" alt=\"\" width=\"1129\" height=\"375\" \/><\/p>\n<ul>\n<li>En relaci\u00f3 a la mida del municipi, les dades no mostren variacions significatives entre nombre d\u2019habitants. Cal assenyalar, per\u00f2, que en aquest cas la variable mesurada \u00e9s l\u2019acc\u00e9s, que no l\u2019\u00fas. En la mesura que la mida del municipi podria estar estretament lligada amb les variables edat i nivell socioecon\u00f2mic, \u00e9s plausible considerar que pot ser un factor diferencial.<\/li>\n<li>Finalment, les dades relacionen presenten l\u2019\u00fas d\u2019internet de les persones amb discapacitat. En aquest cas, l\u2019Observatori estatal de la discapacitat conclou que <a href=\"http:\/\/observatoriodeladiscapacidad.info\/documentos\/documentos-oed\/16-accesibilidad\/113-personas-con-discapacidad-y-uso-de-internet-seis-datos-clave.html\">la informaci\u00f3 demostra l\u2019exist\u00e8ncia de barreres per accedir a serveis web en aquest col\u00b7lectiu<\/a>.<\/li>\n<\/ul>\n<p>Les dades presenten una evid\u00e8ncia clara de com els condicionants socioecon\u00f2mics i demogr\u00e0fics afecten a l\u2019\u00fas desigual d\u2019internet entre la poblaci\u00f3. Per aix\u00f2, cal que l\u2019estrat\u00e8gia d\u2019innovaci\u00f3 dels ens p\u00fablics tinguin molt en compte l\u2019escletxa digital si vol vetllar per l\u2019equitat en l\u2019acc\u00e9s d\u2019aquests serveis, \u00f2ptica present en els projectes participats per la Fundaci\u00f3. La transformaci\u00f3 digital no ser\u00e0 si no \u00e9s de totes i tots.<\/p>\n","protected":false},"author":21,"featured_media":6883,"menu_order":0,"template":"","meta":{"_acf_changed":false,"inline_featured_image":false},"etiqueta":[],"tipus":[94],"topic":[],"class_list":["post-3447","noticia","type-noticia","status-publish","has-post-thumbnail","hentry","tipus-integracion-social-y-sanitaria"],"acf":{"imatge":6885,"autor":"Francesc L\u00f3pez Segui","textos_destacats":[{"texte":"Revisi\u00f3 de la Mem\u00f2ria 2017 del Consejo Econ\u00f3mico y Social (1)"}]},"yoast_head":"<!-- This site is optimized with the Yoast SEO plugin v27.1.1 - https:\/\/yoast.com\/product\/yoast-seo-wordpress\/ -->\n<title>Fractures, escletxes i esquerdes: existeix la &quot;digital divide&quot;? - Fundaci\u00f3 TIC Salut i Social<\/title>\n<meta name=\"robots\" content=\"index, follow, max-snippet:-1, max-image-preview:large, max-video-preview:-1\" \/>\n<link rel=\"canonical\" href=\"https:\/\/ticsalutsocial.atoom.space\/es\/noticia\/fractures-escletxes-i-esquerdes-existeix-la-digital-divide\/\" \/>\n<meta property=\"og:locale\" content=\"es_ES\" \/>\n<meta property=\"og:type\" content=\"article\" \/>\n<meta property=\"og:title\" content=\"Fractures, escletxes i esquerdes: existeix la &quot;digital divide&quot;? - Fundaci\u00f3 TIC Salut i Social\" \/>\n<meta property=\"og:description\" content=\"El Consejo Econ\u00f3mico y Social (CES) \u00e9s un \u00f2rgan consultiu del govern espanyol en mat\u00e8ria socioecon\u00f2mica i laboral. A banda de tenir la funci\u00f3 d\u2019emetre dict\u00e0mens en relaci\u00f3 als avantprojectes de llei de l\u2019estat, \u00e9s promotor d\u2019una mem\u00f2ria, publicada anualment, que presenta un rigor\u00f3s diagn\u00f2stic \u2013sempre referenciat amb les dades d\u2019origen institucional m\u00e9s actualitzades\u2013 dividit [&hellip;]\" \/>\n<meta property=\"og:url\" content=\"https:\/\/ticsalutsocial.atoom.space\/es\/noticia\/fractures-escletxes-i-esquerdes-existeix-la-digital-divide\/\" \/>\n<meta property=\"og:site_name\" content=\"Fundaci\u00f3 TIC Salut i Social\" \/>\n<meta property=\"article:modified_time\" content=\"2021-07-21T13:37:14+00:00\" \/>\n<meta property=\"og:image\" content=\"https:\/\/ticsalutsocial.atoom.space\/wp-content\/uploads\/2018\/07\/12.jpg\" \/>\n\t<meta property=\"og:image:width\" content=\"1400\" \/>\n\t<meta property=\"og:image:height\" content=\"788\" \/>\n\t<meta property=\"og:image:type\" content=\"image\/jpeg\" \/>\n<meta name=\"twitter:card\" content=\"summary_large_image\" \/>\n<meta name=\"twitter:label1\" content=\"Tiempo de lectura\" \/>\n\t<meta name=\"twitter:data1\" content=\"4 minutos\" \/>\n<script type=\"application\/ld+json\" class=\"yoast-schema-graph\">{\"@context\":\"https:\/\/schema.org\",\"@graph\":[{\"@type\":\"WebPage\",\"@id\":\"https:\/\/ticsalutsocial.atoom.space\/es\/noticia\/fractures-escletxes-i-esquerdes-existeix-la-digital-divide\/\",\"url\":\"https:\/\/ticsalutsocial.atoom.space\/es\/noticia\/fractures-escletxes-i-esquerdes-existeix-la-digital-divide\/\",\"name\":\"Fractures, escletxes i esquerdes: existeix la \\\"digital divide\\\"? - Fundaci\u00f3 TIC Salut i Social\",\"isPartOf\":{\"@id\":\"https:\/\/ticsalutsocial.atoom.space\/es\/#website\"},\"primaryImageOfPage\":{\"@id\":\"https:\/\/ticsalutsocial.atoom.space\/es\/noticia\/fractures-escletxes-i-esquerdes-existeix-la-digital-divide\/#primaryimage\"},\"image\":{\"@id\":\"https:\/\/ticsalutsocial.atoom.space\/es\/noticia\/fractures-escletxes-i-esquerdes-existeix-la-digital-divide\/#primaryimage\"},\"thumbnailUrl\":\"https:\/\/ticsalutsocial.atoom.space\/wp-content\/uploads\/2018\/07\/12.jpg\",\"datePublished\":\"2018-07-28T23:37:40+00:00\",\"dateModified\":\"2021-07-21T13:37:14+00:00\",\"breadcrumb\":{\"@id\":\"https:\/\/ticsalutsocial.atoom.space\/es\/noticia\/fractures-escletxes-i-esquerdes-existeix-la-digital-divide\/#breadcrumb\"},\"inLanguage\":\"es\",\"potentialAction\":[{\"@type\":\"ReadAction\",\"target\":[\"https:\/\/ticsalutsocial.atoom.space\/es\/noticia\/fractures-escletxes-i-esquerdes-existeix-la-digital-divide\/\"]}]},{\"@type\":\"ImageObject\",\"inLanguage\":\"es\",\"@id\":\"https:\/\/ticsalutsocial.atoom.space\/es\/noticia\/fractures-escletxes-i-esquerdes-existeix-la-digital-divide\/#primaryimage\",\"url\":\"https:\/\/ticsalutsocial.atoom.space\/wp-content\/uploads\/2018\/07\/12.jpg\",\"contentUrl\":\"https:\/\/ticsalutsocial.atoom.space\/wp-content\/uploads\/2018\/07\/12.jpg\",\"width\":1400,\"height\":788},{\"@type\":\"BreadcrumbList\",\"@id\":\"https:\/\/ticsalutsocial.atoom.space\/es\/noticia\/fractures-escletxes-i-esquerdes-existeix-la-digital-divide\/#breadcrumb\",\"itemListElement\":[{\"@type\":\"ListItem\",\"position\":1,\"name\":\"Inici\",\"item\":\"https:\/\/ticsalutsocial.atoom.space\/es\/\"},{\"@type\":\"ListItem\",\"position\":2,\"name\":\"Fractures, escletxes i esquerdes: existeix la &#8220;digital divide&#8221;?\"}]},{\"@type\":\"WebSite\",\"@id\":\"https:\/\/ticsalutsocial.atoom.space\/es\/#website\",\"url\":\"https:\/\/ticsalutsocial.atoom.space\/es\/\",\"name\":\"Fundaci\u00f3 TIC Salut i Social\",\"description\":\"\",\"potentialAction\":[{\"@type\":\"SearchAction\",\"target\":{\"@type\":\"EntryPoint\",\"urlTemplate\":\"https:\/\/ticsalutsocial.atoom.space\/es\/?s={search_term_string}\"},\"query-input\":{\"@type\":\"PropertyValueSpecification\",\"valueRequired\":true,\"valueName\":\"search_term_string\"}}],\"inLanguage\":\"es\"}]}<\/script>\n<!-- \/ Yoast SEO plugin. -->","yoast_head_json":{"title":"Fractures, escletxes i esquerdes: existeix la \"digital divide\"? - Fundaci\u00f3 TIC Salut i Social","robots":{"index":"index","follow":"follow","max-snippet":"max-snippet:-1","max-image-preview":"max-image-preview:large","max-video-preview":"max-video-preview:-1"},"canonical":"https:\/\/ticsalutsocial.atoom.space\/es\/noticia\/fractures-escletxes-i-esquerdes-existeix-la-digital-divide\/","og_locale":"es_ES","og_type":"article","og_title":"Fractures, escletxes i esquerdes: existeix la \"digital divide\"? - Fundaci\u00f3 TIC Salut i Social","og_description":"El Consejo Econ\u00f3mico y Social (CES) \u00e9s un \u00f2rgan consultiu del govern espanyol en mat\u00e8ria socioecon\u00f2mica i laboral. A banda de tenir la funci\u00f3 d\u2019emetre dict\u00e0mens en relaci\u00f3 als avantprojectes de llei de l\u2019estat, \u00e9s promotor d\u2019una mem\u00f2ria, publicada anualment, que presenta un rigor\u00f3s diagn\u00f2stic \u2013sempre referenciat amb les dades d\u2019origen institucional m\u00e9s actualitzades\u2013 dividit [&hellip;]","og_url":"https:\/\/ticsalutsocial.atoom.space\/es\/noticia\/fractures-escletxes-i-esquerdes-existeix-la-digital-divide\/","og_site_name":"Fundaci\u00f3 TIC Salut i Social","article_modified_time":"2021-07-21T13:37:14+00:00","og_image":[{"width":1400,"height":788,"url":"https:\/\/ticsalutsocial.atoom.space\/wp-content\/uploads\/2018\/07\/12.jpg","type":"image\/jpeg"}],"twitter_card":"summary_large_image","twitter_misc":{"Tiempo de lectura":"4 minutos"},"schema":{"@context":"https:\/\/schema.org","@graph":[{"@type":"WebPage","@id":"https:\/\/ticsalutsocial.atoom.space\/es\/noticia\/fractures-escletxes-i-esquerdes-existeix-la-digital-divide\/","url":"https:\/\/ticsalutsocial.atoom.space\/es\/noticia\/fractures-escletxes-i-esquerdes-existeix-la-digital-divide\/","name":"Fractures, escletxes i esquerdes: existeix la \"digital divide\"? - Fundaci\u00f3 TIC Salut i Social","isPartOf":{"@id":"https:\/\/ticsalutsocial.atoom.space\/es\/#website"},"primaryImageOfPage":{"@id":"https:\/\/ticsalutsocial.atoom.space\/es\/noticia\/fractures-escletxes-i-esquerdes-existeix-la-digital-divide\/#primaryimage"},"image":{"@id":"https:\/\/ticsalutsocial.atoom.space\/es\/noticia\/fractures-escletxes-i-esquerdes-existeix-la-digital-divide\/#primaryimage"},"thumbnailUrl":"https:\/\/ticsalutsocial.atoom.space\/wp-content\/uploads\/2018\/07\/12.jpg","datePublished":"2018-07-28T23:37:40+00:00","dateModified":"2021-07-21T13:37:14+00:00","breadcrumb":{"@id":"https:\/\/ticsalutsocial.atoom.space\/es\/noticia\/fractures-escletxes-i-esquerdes-existeix-la-digital-divide\/#breadcrumb"},"inLanguage":"es","potentialAction":[{"@type":"ReadAction","target":["https:\/\/ticsalutsocial.atoom.space\/es\/noticia\/fractures-escletxes-i-esquerdes-existeix-la-digital-divide\/"]}]},{"@type":"ImageObject","inLanguage":"es","@id":"https:\/\/ticsalutsocial.atoom.space\/es\/noticia\/fractures-escletxes-i-esquerdes-existeix-la-digital-divide\/#primaryimage","url":"https:\/\/ticsalutsocial.atoom.space\/wp-content\/uploads\/2018\/07\/12.jpg","contentUrl":"https:\/\/ticsalutsocial.atoom.space\/wp-content\/uploads\/2018\/07\/12.jpg","width":1400,"height":788},{"@type":"BreadcrumbList","@id":"https:\/\/ticsalutsocial.atoom.space\/es\/noticia\/fractures-escletxes-i-esquerdes-existeix-la-digital-divide\/#breadcrumb","itemListElement":[{"@type":"ListItem","position":1,"name":"Inici","item":"https:\/\/ticsalutsocial.atoom.space\/es\/"},{"@type":"ListItem","position":2,"name":"Fractures, escletxes i esquerdes: existeix la &#8220;digital divide&#8221;?"}]},{"@type":"WebSite","@id":"https:\/\/ticsalutsocial.atoom.space\/es\/#website","url":"https:\/\/ticsalutsocial.atoom.space\/es\/","name":"Fundaci\u00f3 TIC Salut i Social","description":"","potentialAction":[{"@type":"SearchAction","target":{"@type":"EntryPoint","urlTemplate":"https:\/\/ticsalutsocial.atoom.space\/es\/?s={search_term_string}"},"query-input":{"@type":"PropertyValueSpecification","valueRequired":true,"valueName":"search_term_string"}}],"inLanguage":"es"}]}},"_links":{"self":[{"href":"https:\/\/ticsalutsocial.atoom.space\/es\/wp-json\/wp\/v2\/noticia\/3447","targetHints":{"allow":["GET"]}}],"collection":[{"href":"https:\/\/ticsalutsocial.atoom.space\/es\/wp-json\/wp\/v2\/noticia"}],"about":[{"href":"https:\/\/ticsalutsocial.atoom.space\/es\/wp-json\/wp\/v2\/types\/noticia"}],"author":[{"embeddable":true,"href":"https:\/\/ticsalutsocial.atoom.space\/es\/wp-json\/wp\/v2\/users\/21"}],"wp:featuredmedia":[{"embeddable":true,"href":"https:\/\/ticsalutsocial.atoom.space\/es\/wp-json\/wp\/v2\/media\/6883"}],"wp:attachment":[{"href":"https:\/\/ticsalutsocial.atoom.space\/es\/wp-json\/wp\/v2\/media?parent=3447"}],"wp:term":[{"taxonomy":"etiqueta","embeddable":true,"href":"https:\/\/ticsalutsocial.atoom.space\/es\/wp-json\/wp\/v2\/etiqueta?post=3447"},{"taxonomy":"tipus","embeddable":true,"href":"https:\/\/ticsalutsocial.atoom.space\/es\/wp-json\/wp\/v2\/tipus?post=3447"},{"taxonomy":"topic","embeddable":true,"href":"https:\/\/ticsalutsocial.atoom.space\/es\/wp-json\/wp\/v2\/topic?post=3447"}],"curies":[{"name":"wp","href":"https:\/\/api.w.org\/{rel}","templated":true}]}}