
{"id":34512,"date":"2025-11-17T15:52:32","date_gmt":"2025-11-17T13:52:32","guid":{"rendered":"https:\/\/ticsalutsocial.atoom.space\/noticia\/uneix-te-al-comfortage-community-forum-un-espai-de-dialeg-per-millorar-latencio-a-la-demencia-i-la-fragilitat-a-europa\/"},"modified":"2025-11-17T16:04:54","modified_gmt":"2025-11-17T14:04:54","slug":"uneix-te-al-comfortage-community-forum-un-espai-de-dialeg-per-millorar-latencio-a-la-demencia-i-la-fragilitat-a-europa","status":"publish","type":"noticia","link":"https:\/\/ticsalutsocial.atoom.space\/es\/noticia\/uneix-te-al-comfortage-community-forum-un-espai-de-dialeg-per-millorar-latencio-a-la-demencia-i-la-fragilitat-a-europa\/","title":{"rendered":"\u00danete al COMFORTage Community Forum: un espacio de di\u00e1logo para mejorar la atenci\u00f3n a la demencia y la fragilidad en Europa"},"content":{"rendered":"\n<p>El proyecto europeo COMFORTAGE hace un llamamiento para <strong>formar parte de su foro internacional de di\u00e1logo<\/strong>, integrado por socios y participantes de los distintos pilotos del proyecto, as\u00ed como por personas expertas con un inter\u00e9s com\u00fan: mejorar la atenci\u00f3n a la demencia y al deterioro cognitivo mediante el uso de tecnolog\u00edas de salud digital.<\/p>\n\n\n\n<p>Los participantes del <a href=\"https:\/\/acumbamail.com\/newform\/web\/i3J9jTmV8SF6ku2Zz6H1Go2FCyXEQcK48putMS9xAEmnYtJaAtTCI5\/49413\/\" target=\"_blank\" rel=\"noreferrer noopener\">COMFORTAGE Community Forum <\/a>(CCF) podr\u00e1n beneficiarse de <strong>oportunidades continuas de aprendizaje, intercambio de conocimiento y colaboraci\u00f3n<\/strong> orientadas a mejorar la calidad de vida de las personas mayores en Europa. En concreto, las personas miembros del foro pueden contribuir con sus ideas a los proyectos en curso, participar en seminarios web y en diferentes actividades vinculadas a COMFORTAGE, y conectar con personas expertas, organizaciones y ciudadan\u00eda comprometida con la promoci\u00f3n de un envejecimiento saludable y activo.<\/p>\n\n\n\n<p>La pr\u00f3xima actividad del CCF ser\u00e1 el seminario web <a href=\"https:\/\/events.teams.microsoft.com\/event\/e6dbd99a-faa7-4bfc-b9ca-32d3ade44f3b@db8ec9ef-45bb-4c35-a570-ea99f38b2fd9\" target=\"_blank\" rel=\"noreferrer noopener\">\u201cExploring training and development opportunities for healthcare providers and caregivers\u201d<\/a>, que tendr\u00e1 lugar el pr\u00f3ximo <strong>27 de noviembre de 11 a 12 h<\/strong>. En el webinar se explorar\u00e1n oportunidades de formaci\u00f3n y desarrollo para que profesionales de la salud y personas cuidadoras puedan ampliar sus competencias y conocimientos.<\/p>\n\n\n\n<h2 class=\"wp-block-heading\"><strong>Sobre COMFORTAGE<\/strong><\/h2>\n\n\n\n<p>COMFORTAGE es un proyecto financiado por el programa Horizon Europe y formado por 39 organizaciones procedentes de centros de investigaci\u00f3n, universidades, entidades del \u00e1mbito de la salud y la asistencia social, asociaciones, fundaciones sin \u00e1nimo de lucro y empresas tecnol\u00f3gicas y jur\u00eddicas de 12 pa\u00edses europeos. Todas ellas trabajan, desde hace dos a\u00f1os, para impulsar un cambio significativo en la atenci\u00f3n a la demencia y la fragilidad en Europa mediante el desarrollo de modelos de salud hol\u00edsticos e integrados que se adapten a las necesidades individuales de las personas con enfermedades y trastornos mentales y f\u00edsicos relacionados con la edad.<\/p>\n\n\n\n<p>La Fundaci\u00f3 TIC Salut i Social participa aportando su experiencia en modelos de explicabilidad (XAI) y en inteligencia artificial fiable (<em>trustworthy AI<\/em>). Tambi\u00e9n forma parte de las tareas de evaluaci\u00f3n del impacto de la tecnolog\u00eda sanitaria y trabaja en coordinaci\u00f3n con la Ag\u00e8ncia d\u2019Atenci\u00f3 Integrada Social i Sanit\u00e0ria para contribuir a la construcci\u00f3n de un ecosistema de atenci\u00f3n integrada y a la escalabilidad de la soluci\u00f3n.<\/p>\n\n\n\n<p><a href=\"https:\/\/acumbamail.com\/newform\/web\/i3J9jTmV8SF6ku2Zz6H1Go2FCyXEQcK48putMS9xAEmnYtJaAtTCI5\/49413\/\" target=\"_blank\" rel=\"noreferrer noopener\">Inscr\u00edbete en el CCF en este enlace<\/a><\/p>\n","protected":false},"author":12,"featured_media":34510,"menu_order":0,"template":"","meta":{"_acf_changed":false,"inline_featured_image":false},"etiqueta":[],"tipus":[879],"topic":[127],"class_list":["post-34512","noticia","type-noticia","status-publish","has-post-thumbnail","hentry","tipus-inteligencia-artificial","topic-proyectos"],"acf":{"finalitzat":false,"tipus_plantilla":"objectius","template_objectius":{"cont_principal":"","imatge":false,"cont_seguent":{"titol":"","contingut":""},"seccio_llistat":{"titol":"","llistat":false},"objectius":{"titol":"","objectius":false},"documents":false},"autor":"","imatge":34510,"textos_destacats":[{"texte":"El proyecto organiza un seminario web sobre oportunidades de formaci\u00f3n y desarrollo para que profesionales de la salud y personas cuidadoras puedan ampliar sus competencias y conocimientos."}],"documents":false},"yoast_head":"<!-- This site is optimized with the Yoast SEO plugin v27.1.1 - https:\/\/yoast.com\/product\/yoast-seo-wordpress\/ -->\n<title>\u00danete al COMFORTage Community Forum: un espacio de di\u00e1logo para mejorar la atenci\u00f3n a la demencia y la fragilidad en Europa - Fundaci\u00f3 TIC Salut i Social<\/title>\n<meta name=\"description\" content=\"Los participantes del COMFORTAGE Community Forum podr\u00e1n beneficiarse de oportunidades continuas de aprendizaje, intercambio de conocimiento y colaboraci\u00f3n\" \/>\n<meta name=\"robots\" content=\"index, follow, max-snippet:-1, max-image-preview:large, max-video-preview:-1\" \/>\n<link rel=\"canonical\" href=\"https:\/\/ticsalutsocial.atoom.space\/es\/noticia\/uneix-te-al-comfortage-community-forum-un-espai-de-dialeg-per-millorar-latencio-a-la-demencia-i-la-fragilitat-a-europa\/\" \/>\n<meta property=\"og:locale\" content=\"es_ES\" \/>\n<meta property=\"og:type\" content=\"article\" \/>\n<meta property=\"og:title\" content=\"\u00danete al COMFORTage Community Forum: un espacio de di\u00e1logo para mejorar la atenci\u00f3n a la demencia y la fragilidad en Europa - Fundaci\u00f3 TIC Salut i Social\" \/>\n<meta property=\"og:description\" content=\"Los participantes del COMFORTAGE Community Forum podr\u00e1n beneficiarse de oportunidades continuas de aprendizaje, intercambio de conocimiento y colaboraci\u00f3n\" \/>\n<meta property=\"og:url\" content=\"https:\/\/ticsalutsocial.atoom.space\/es\/noticia\/uneix-te-al-comfortage-community-forum-un-espai-de-dialeg-per-millorar-latencio-a-la-demencia-i-la-fragilitat-a-europa\/\" \/>\n<meta property=\"og:site_name\" content=\"Fundaci\u00f3 TIC Salut i Social\" \/>\n<meta property=\"article:modified_time\" content=\"2025-11-17T14:04:54+00:00\" \/>\n<meta property=\"og:image\" content=\"https:\/\/ticsalutsocial.atoom.space\/wp-content\/uploads\/2025\/11\/COMFORTage-Community-Forum.jpg\" \/>\n\t<meta property=\"og:image:width\" content=\"1280\" \/>\n\t<meta property=\"og:image:height\" content=\"960\" \/>\n\t<meta property=\"og:image:type\" content=\"image\/jpeg\" \/>\n<meta name=\"twitter:card\" content=\"summary_large_image\" \/>\n<meta name=\"twitter:label1\" content=\"Tiempo de lectura\" \/>\n\t<meta name=\"twitter:data1\" content=\"3 minutos\" \/>\n<script type=\"application\/ld+json\" class=\"yoast-schema-graph\">{\"@context\":\"https:\/\/schema.org\",\"@graph\":[{\"@type\":\"WebPage\",\"@id\":\"https:\/\/ticsalutsocial.atoom.space\/es\/noticia\/uneix-te-al-comfortage-community-forum-un-espai-de-dialeg-per-millorar-latencio-a-la-demencia-i-la-fragilitat-a-europa\/\",\"url\":\"https:\/\/ticsalutsocial.atoom.space\/es\/noticia\/uneix-te-al-comfortage-community-forum-un-espai-de-dialeg-per-millorar-latencio-a-la-demencia-i-la-fragilitat-a-europa\/\",\"name\":\"\u00danete al COMFORTage Community Forum: un espacio de di\u00e1logo para mejorar la atenci\u00f3n a la demencia y la fragilidad en Europa - Fundaci\u00f3 TIC Salut i Social\",\"isPartOf\":{\"@id\":\"https:\/\/ticsalutsocial.atoom.space\/es\/#website\"},\"primaryImageOfPage\":{\"@id\":\"https:\/\/ticsalutsocial.atoom.space\/es\/noticia\/uneix-te-al-comfortage-community-forum-un-espai-de-dialeg-per-millorar-latencio-a-la-demencia-i-la-fragilitat-a-europa\/#primaryimage\"},\"image\":{\"@id\":\"https:\/\/ticsalutsocial.atoom.space\/es\/noticia\/uneix-te-al-comfortage-community-forum-un-espai-de-dialeg-per-millorar-latencio-a-la-demencia-i-la-fragilitat-a-europa\/#primaryimage\"},\"thumbnailUrl\":\"https:\/\/ticsalutsocial.atoom.space\/wp-content\/uploads\/2025\/11\/COMFORTage-Community-Forum.jpg\",\"datePublished\":\"2025-11-17T13:52:32+00:00\",\"dateModified\":\"2025-11-17T14:04:54+00:00\",\"description\":\"Los participantes del COMFORTAGE Community Forum podr\u00e1n beneficiarse de oportunidades continuas de aprendizaje, intercambio de conocimiento y colaboraci\u00f3n\",\"breadcrumb\":{\"@id\":\"https:\/\/ticsalutsocial.atoom.space\/es\/noticia\/uneix-te-al-comfortage-community-forum-un-espai-de-dialeg-per-millorar-latencio-a-la-demencia-i-la-fragilitat-a-europa\/#breadcrumb\"},\"inLanguage\":\"es\",\"potentialAction\":[{\"@type\":\"ReadAction\",\"target\":[\"https:\/\/ticsalutsocial.atoom.space\/es\/noticia\/uneix-te-al-comfortage-community-forum-un-espai-de-dialeg-per-millorar-latencio-a-la-demencia-i-la-fragilitat-a-europa\/\"]}]},{\"@type\":\"ImageObject\",\"inLanguage\":\"es\",\"@id\":\"https:\/\/ticsalutsocial.atoom.space\/es\/noticia\/uneix-te-al-comfortage-community-forum-un-espai-de-dialeg-per-millorar-latencio-a-la-demencia-i-la-fragilitat-a-europa\/#primaryimage\",\"url\":\"https:\/\/ticsalutsocial.atoom.space\/wp-content\/uploads\/2025\/11\/COMFORTage-Community-Forum.jpg\",\"contentUrl\":\"https:\/\/ticsalutsocial.atoom.space\/wp-content\/uploads\/2025\/11\/COMFORTage-Community-Forum.jpg\",\"width\":1280,\"height\":960,\"caption\":\"Logo del projecte COMFORTAGE\"},{\"@type\":\"BreadcrumbList\",\"@id\":\"https:\/\/ticsalutsocial.atoom.space\/es\/noticia\/uneix-te-al-comfortage-community-forum-un-espai-de-dialeg-per-millorar-latencio-a-la-demencia-i-la-fragilitat-a-europa\/#breadcrumb\",\"itemListElement\":[{\"@type\":\"ListItem\",\"position\":1,\"name\":\"Inici\",\"item\":\"https:\/\/ticsalutsocial.atoom.space\/es\/\"},{\"@type\":\"ListItem\",\"position\":2,\"name\":\"\u00danete al COMFORTage Community Forum: un espacio de di\u00e1logo para mejorar la atenci\u00f3n a la demencia y la fragilidad en Europa\"}]},{\"@type\":\"WebSite\",\"@id\":\"https:\/\/ticsalutsocial.atoom.space\/es\/#website\",\"url\":\"https:\/\/ticsalutsocial.atoom.space\/es\/\",\"name\":\"Fundaci\u00f3 TIC Salut i Social\",\"description\":\"\",\"potentialAction\":[{\"@type\":\"SearchAction\",\"target\":{\"@type\":\"EntryPoint\",\"urlTemplate\":\"https:\/\/ticsalutsocial.atoom.space\/es\/?s={search_term_string}\"},\"query-input\":{\"@type\":\"PropertyValueSpecification\",\"valueRequired\":true,\"valueName\":\"search_term_string\"}}],\"inLanguage\":\"es\"}]}<\/script>\n<!-- \/ Yoast SEO plugin. -->","yoast_head_json":{"title":"\u00danete al COMFORTage Community Forum: un espacio de di\u00e1logo para mejorar la atenci\u00f3n a la demencia y la fragilidad en Europa - Fundaci\u00f3 TIC Salut i Social","description":"Los participantes del COMFORTAGE Community Forum podr\u00e1n beneficiarse de oportunidades continuas de aprendizaje, intercambio de conocimiento y colaboraci\u00f3n","robots":{"index":"index","follow":"follow","max-snippet":"max-snippet:-1","max-image-preview":"max-image-preview:large","max-video-preview":"max-video-preview:-1"},"canonical":"https:\/\/ticsalutsocial.atoom.space\/es\/noticia\/uneix-te-al-comfortage-community-forum-un-espai-de-dialeg-per-millorar-latencio-a-la-demencia-i-la-fragilitat-a-europa\/","og_locale":"es_ES","og_type":"article","og_title":"\u00danete al COMFORTage Community Forum: un espacio de di\u00e1logo para mejorar la atenci\u00f3n a la demencia y la fragilidad en Europa - Fundaci\u00f3 TIC Salut i Social","og_description":"Los participantes del COMFORTAGE Community Forum podr\u00e1n beneficiarse de oportunidades continuas de aprendizaje, intercambio de conocimiento y colaboraci\u00f3n","og_url":"https:\/\/ticsalutsocial.atoom.space\/es\/noticia\/uneix-te-al-comfortage-community-forum-un-espai-de-dialeg-per-millorar-latencio-a-la-demencia-i-la-fragilitat-a-europa\/","og_site_name":"Fundaci\u00f3 TIC Salut i Social","article_modified_time":"2025-11-17T14:04:54+00:00","og_image":[{"width":1280,"height":960,"url":"https:\/\/ticsalutsocial.atoom.space\/wp-content\/uploads\/2025\/11\/COMFORTage-Community-Forum.jpg","type":"image\/jpeg"}],"twitter_card":"summary_large_image","twitter_misc":{"Tiempo de lectura":"3 minutos"},"schema":{"@context":"https:\/\/schema.org","@graph":[{"@type":"WebPage","@id":"https:\/\/ticsalutsocial.atoom.space\/es\/noticia\/uneix-te-al-comfortage-community-forum-un-espai-de-dialeg-per-millorar-latencio-a-la-demencia-i-la-fragilitat-a-europa\/","url":"https:\/\/ticsalutsocial.atoom.space\/es\/noticia\/uneix-te-al-comfortage-community-forum-un-espai-de-dialeg-per-millorar-latencio-a-la-demencia-i-la-fragilitat-a-europa\/","name":"\u00danete al COMFORTage Community Forum: un espacio de di\u00e1logo para mejorar la atenci\u00f3n a la demencia y la fragilidad en Europa - Fundaci\u00f3 TIC Salut i Social","isPartOf":{"@id":"https:\/\/ticsalutsocial.atoom.space\/es\/#website"},"primaryImageOfPage":{"@id":"https:\/\/ticsalutsocial.atoom.space\/es\/noticia\/uneix-te-al-comfortage-community-forum-un-espai-de-dialeg-per-millorar-latencio-a-la-demencia-i-la-fragilitat-a-europa\/#primaryimage"},"image":{"@id":"https:\/\/ticsalutsocial.atoom.space\/es\/noticia\/uneix-te-al-comfortage-community-forum-un-espai-de-dialeg-per-millorar-latencio-a-la-demencia-i-la-fragilitat-a-europa\/#primaryimage"},"thumbnailUrl":"https:\/\/ticsalutsocial.atoom.space\/wp-content\/uploads\/2025\/11\/COMFORTage-Community-Forum.jpg","datePublished":"2025-11-17T13:52:32+00:00","dateModified":"2025-11-17T14:04:54+00:00","description":"Los participantes del COMFORTAGE Community Forum podr\u00e1n beneficiarse de oportunidades continuas de aprendizaje, intercambio de conocimiento y colaboraci\u00f3n","breadcrumb":{"@id":"https:\/\/ticsalutsocial.atoom.space\/es\/noticia\/uneix-te-al-comfortage-community-forum-un-espai-de-dialeg-per-millorar-latencio-a-la-demencia-i-la-fragilitat-a-europa\/#breadcrumb"},"inLanguage":"es","potentialAction":[{"@type":"ReadAction","target":["https:\/\/ticsalutsocial.atoom.space\/es\/noticia\/uneix-te-al-comfortage-community-forum-un-espai-de-dialeg-per-millorar-latencio-a-la-demencia-i-la-fragilitat-a-europa\/"]}]},{"@type":"ImageObject","inLanguage":"es","@id":"https:\/\/ticsalutsocial.atoom.space\/es\/noticia\/uneix-te-al-comfortage-community-forum-un-espai-de-dialeg-per-millorar-latencio-a-la-demencia-i-la-fragilitat-a-europa\/#primaryimage","url":"https:\/\/ticsalutsocial.atoom.space\/wp-content\/uploads\/2025\/11\/COMFORTage-Community-Forum.jpg","contentUrl":"https:\/\/ticsalutsocial.atoom.space\/wp-content\/uploads\/2025\/11\/COMFORTage-Community-Forum.jpg","width":1280,"height":960,"caption":"Logo del projecte COMFORTAGE"},{"@type":"BreadcrumbList","@id":"https:\/\/ticsalutsocial.atoom.space\/es\/noticia\/uneix-te-al-comfortage-community-forum-un-espai-de-dialeg-per-millorar-latencio-a-la-demencia-i-la-fragilitat-a-europa\/#breadcrumb","itemListElement":[{"@type":"ListItem","position":1,"name":"Inici","item":"https:\/\/ticsalutsocial.atoom.space\/es\/"},{"@type":"ListItem","position":2,"name":"\u00danete al COMFORTage Community Forum: un espacio de di\u00e1logo para mejorar la atenci\u00f3n a la demencia y la fragilidad en Europa"}]},{"@type":"WebSite","@id":"https:\/\/ticsalutsocial.atoom.space\/es\/#website","url":"https:\/\/ticsalutsocial.atoom.space\/es\/","name":"Fundaci\u00f3 TIC Salut i Social","description":"","potentialAction":[{"@type":"SearchAction","target":{"@type":"EntryPoint","urlTemplate":"https:\/\/ticsalutsocial.atoom.space\/es\/?s={search_term_string}"},"query-input":{"@type":"PropertyValueSpecification","valueRequired":true,"valueName":"search_term_string"}}],"inLanguage":"es"}]}},"_links":{"self":[{"href":"https:\/\/ticsalutsocial.atoom.space\/es\/wp-json\/wp\/v2\/noticia\/34512","targetHints":{"allow":["GET"]}}],"collection":[{"href":"https:\/\/ticsalutsocial.atoom.space\/es\/wp-json\/wp\/v2\/noticia"}],"about":[{"href":"https:\/\/ticsalutsocial.atoom.space\/es\/wp-json\/wp\/v2\/types\/noticia"}],"author":[{"embeddable":true,"href":"https:\/\/ticsalutsocial.atoom.space\/es\/wp-json\/wp\/v2\/users\/12"}],"wp:featuredmedia":[{"embeddable":true,"href":"https:\/\/ticsalutsocial.atoom.space\/es\/wp-json\/wp\/v2\/media\/34510"}],"wp:attachment":[{"href":"https:\/\/ticsalutsocial.atoom.space\/es\/wp-json\/wp\/v2\/media?parent=34512"}],"wp:term":[{"taxonomy":"etiqueta","embeddable":true,"href":"https:\/\/ticsalutsocial.atoom.space\/es\/wp-json\/wp\/v2\/etiqueta?post=34512"},{"taxonomy":"tipus","embeddable":true,"href":"https:\/\/ticsalutsocial.atoom.space\/es\/wp-json\/wp\/v2\/tipus?post=34512"},{"taxonomy":"topic","embeddable":true,"href":"https:\/\/ticsalutsocial.atoom.space\/es\/wp-json\/wp\/v2\/topic?post=34512"}],"curies":[{"name":"wp","href":"https:\/\/api.w.org\/{rel}","templated":true}]}}