
{"id":34605,"date":"2025-11-18T11:58:34","date_gmt":"2025-11-18T09:58:34","guid":{"rendered":"https:\/\/ticsalutsocial.atoom.space\/noticia\/ets-professional-de-la-salut-inscriu-te-al-nou-curs-sobre-aplicacions-de-la-intelligencia-artificial-en-salut-i-en-lambit-del-medicament\/"},"modified":"2025-11-18T12:06:37","modified_gmt":"2025-11-18T10:06:37","slug":"ets-professional-de-la-salut-inscriu-te-al-nou-curs-sobre-aplicacions-de-la-intelligencia-artificial-en-salut-i-en-lambit-del-medicament","status":"publish","type":"noticia","link":"https:\/\/ticsalutsocial.atoom.space\/es\/noticia\/ets-professional-de-la-salut-inscriu-te-al-nou-curs-sobre-aplicacions-de-la-intelligencia-artificial-en-salut-i-en-lambit-del-medicament\/","title":{"rendered":"\u00bfEres profesional de la salud? Inscr\u00edbete en el nuevo curso sobre aplicaciones de la inteligencia artificial en salud y en el \u00e1mbito del medicamento"},"content":{"rendered":"\n<p>La Uni\u00f3 Consorci Formaci\u00f3 ha abierto las inscripciones del curso virtual <a href=\"https:\/\/www.ucf.cat\/ca\/curs-formatiu\/conceptes-basics-intelligencia-artificial-aplicacions-salut-lambit-medicament\" target=\"_blank\" rel=\"noreferrer noopener\">\u201cConceptos b\u00e1sicos de la inteligencia artificial: aplicaciones en salud y en el \u00e1mbito del medicamento\u201d<\/a>, <strong>dirigido a personal m\u00e9dico, de enfermer\u00eda, de farmacia y de otras profesiones sanitarias acreditables <\/strong>(LOPS). La formaci\u00f3n es una iniciativa del Departamento de Salud y la Fundaci\u00f3 TIC Salut i Social, y se enmarca en el Programa Salut\/IA y el Centro Virtual de Inteligencia Artificial del Medicamento de Catalu\u00f1a (CIAM).<\/p>\n\n\n\n<p>El programa del curso pretende ofrecer una <strong>visi\u00f3n global, cr\u00edtica e informada de la inteligencia artificial y su papel transformador en el sistema de salud de Catalu\u00f1a<\/strong>, fomentando una comprensi\u00f3n b\u00e1sica pero s\u00f3lida de su potencial y sus limitaciones. El objetivo es garantizar un uso adecuado, responsable, \u00e9tico y seguro de la inteligencia artificial en el \u00e1mbito de la salud y del medicamento, poniendo especial \u00e9nfasis en la importancia de la supervisi\u00f3n humana y el juicio cl\u00ednico.<\/p>\n\n\n\n<p>Entre los distintos m\u00f3dulos de contenidos, los participantes podr\u00e1n conocer aplicaciones de la inteligencia artificial en salud y en el medicamento, como herramientas de apoyo al ciclo de vida del f\u00e1rmaco, aplicaciones en diagn\u00f3stico por imagen, sistemas de ayuda a la toma de decisiones cl\u00ednicas, as\u00ed como soluciones orientadas a la salud p\u00fablica y la medicina preventiva.<\/p>\n\n\n\n<p>La formaci\u00f3n tiene una duraci\u00f3n de <strong>15 horas<\/strong>, es <strong>gratuita<\/strong> y las personas participantes que superen los requisitos de evaluaci\u00f3n recibir\u00e1n un certificado de aprovechamiento expedido por La Uni\u00f3 Consorci Formaci\u00f3.<\/p>\n\n\n\n<p><a href=\"https:\/\/www.ucf.cat\/ca\/curs-formatiu\/conceptes-basics-intelligencia-artificial-aplicacions-salut-lambit-medicament\" target=\"_blank\" rel=\"noreferrer noopener\">Las inscripciones est\u00e1n abiertas en este enlace <\/a>hasta el <strong>8 de diciembre<\/strong>, o hasta agotar las plazas disponibles.<\/p>\n","protected":false},"author":12,"featured_media":34603,"menu_order":0,"template":"","meta":{"_acf_changed":true,"inline_featured_image":false},"etiqueta":[],"tipus":[879],"topic":[123],"class_list":["post-34605","noticia","type-noticia","status-publish","has-post-thumbnail","hentry","tipus-inteligencia-artificial","topic-actualidad"],"acf":{"finalitzat":false,"tipus_plantilla":"objectius","template_objectius":{"cont_principal":"","imatge":false,"cont_seguent":{"titol":"","contingut":""},"seccio_llistat":{"titol":"","llistat":false},"objectius":{"titol":"","objectius":false},"documents":false},"autor":"","imatge":34603,"textos_destacats":[{"texte":"El Departamento de Salud y la Fundaci\u00f3 TIC Salut i Social impulsan una formaci\u00f3n gratuita de 15 horas dirigida a personal sanitario."}],"documents":false},"yoast_head":"<!-- This site is optimized with the Yoast SEO plugin v27.1.1 - https:\/\/yoast.com\/product\/yoast-seo-wordpress\/ -->\n<title>\u00bfEres profesional de la salud? Inscr\u00edbete en el nuevo curso sobre aplicaciones de la inteligencia artificial en salud y en el \u00e1mbito del medicamento - Fundaci\u00f3 TIC Salut i Social<\/title>\n<meta name=\"description\" content=\"Nou curs sobre aplicacions de la intel\u00b7lig\u00e8ncia artificial en salut i el medicament.\" \/>\n<meta name=\"robots\" content=\"index, follow, max-snippet:-1, max-image-preview:large, max-video-preview:-1\" \/>\n<link rel=\"canonical\" href=\"https:\/\/ticsalutsocial.atoom.space\/es\/noticia\/ets-professional-de-la-salut-inscriu-te-al-nou-curs-sobre-aplicacions-de-la-intelligencia-artificial-en-salut-i-en-lambit-del-medicament\/\" \/>\n<meta property=\"og:locale\" content=\"es_ES\" \/>\n<meta property=\"og:type\" content=\"article\" \/>\n<meta property=\"og:title\" content=\"\u00bfEres profesional de la salud? Inscr\u00edbete en el nuevo curso sobre aplicaciones de la inteligencia artificial en salud y en el \u00e1mbito del medicamento - Fundaci\u00f3 TIC Salut i Social\" \/>\n<meta property=\"og:description\" content=\"Nou curs sobre aplicacions de la intel\u00b7lig\u00e8ncia artificial en salut i el medicament.\" \/>\n<meta property=\"og:url\" content=\"https:\/\/ticsalutsocial.atoom.space\/es\/noticia\/ets-professional-de-la-salut-inscriu-te-al-nou-curs-sobre-aplicacions-de-la-intelligencia-artificial-en-salut-i-en-lambit-del-medicament\/\" \/>\n<meta property=\"og:site_name\" content=\"Fundaci\u00f3 TIC Salut i Social\" \/>\n<meta property=\"article:modified_time\" content=\"2025-11-18T10:06:37+00:00\" \/>\n<meta property=\"og:image\" content=\"https:\/\/ticsalutsocial.atoom.space\/wp-content\/uploads\/2025\/11\/Curs-IA-en-salut-i-medicament.png\" \/>\n\t<meta property=\"og:image:width\" content=\"1280\" \/>\n\t<meta property=\"og:image:height\" content=\"960\" \/>\n\t<meta property=\"og:image:type\" content=\"image\/png\" \/>\n<meta name=\"twitter:card\" content=\"summary_large_image\" \/>\n<meta name=\"twitter:label1\" content=\"Tiempo de lectura\" \/>\n\t<meta name=\"twitter:data1\" content=\"2 minutos\" \/>\n<script type=\"application\/ld+json\" class=\"yoast-schema-graph\">{\"@context\":\"https:\/\/schema.org\",\"@graph\":[{\"@type\":\"WebPage\",\"@id\":\"https:\/\/ticsalutsocial.atoom.space\/es\/noticia\/ets-professional-de-la-salut-inscriu-te-al-nou-curs-sobre-aplicacions-de-la-intelligencia-artificial-en-salut-i-en-lambit-del-medicament\/\",\"url\":\"https:\/\/ticsalutsocial.atoom.space\/es\/noticia\/ets-professional-de-la-salut-inscriu-te-al-nou-curs-sobre-aplicacions-de-la-intelligencia-artificial-en-salut-i-en-lambit-del-medicament\/\",\"name\":\"\u00bfEres profesional de la salud? Inscr\u00edbete en el nuevo curso sobre aplicaciones de la inteligencia artificial en salud y en el \u00e1mbito del medicamento - Fundaci\u00f3 TIC Salut i Social\",\"isPartOf\":{\"@id\":\"https:\/\/ticsalutsocial.atoom.space\/es\/#website\"},\"primaryImageOfPage\":{\"@id\":\"https:\/\/ticsalutsocial.atoom.space\/es\/noticia\/ets-professional-de-la-salut-inscriu-te-al-nou-curs-sobre-aplicacions-de-la-intelligencia-artificial-en-salut-i-en-lambit-del-medicament\/#primaryimage\"},\"image\":{\"@id\":\"https:\/\/ticsalutsocial.atoom.space\/es\/noticia\/ets-professional-de-la-salut-inscriu-te-al-nou-curs-sobre-aplicacions-de-la-intelligencia-artificial-en-salut-i-en-lambit-del-medicament\/#primaryimage\"},\"thumbnailUrl\":\"https:\/\/ticsalutsocial.atoom.space\/wp-content\/uploads\/2025\/11\/Curs-IA-en-salut-i-medicament.png\",\"datePublished\":\"2025-11-18T09:58:34+00:00\",\"dateModified\":\"2025-11-18T10:06:37+00:00\",\"description\":\"Nou curs sobre aplicacions de la intel\u00b7lig\u00e8ncia artificial en salut i el medicament.\",\"breadcrumb\":{\"@id\":\"https:\/\/ticsalutsocial.atoom.space\/es\/noticia\/ets-professional-de-la-salut-inscriu-te-al-nou-curs-sobre-aplicacions-de-la-intelligencia-artificial-en-salut-i-en-lambit-del-medicament\/#breadcrumb\"},\"inLanguage\":\"es\",\"potentialAction\":[{\"@type\":\"ReadAction\",\"target\":[\"https:\/\/ticsalutsocial.atoom.space\/es\/noticia\/ets-professional-de-la-salut-inscriu-te-al-nou-curs-sobre-aplicacions-de-la-intelligencia-artificial-en-salut-i-en-lambit-del-medicament\/\"]}]},{\"@type\":\"ImageObject\",\"inLanguage\":\"es\",\"@id\":\"https:\/\/ticsalutsocial.atoom.space\/es\/noticia\/ets-professional-de-la-salut-inscriu-te-al-nou-curs-sobre-aplicacions-de-la-intelligencia-artificial-en-salut-i-en-lambit-del-medicament\/#primaryimage\",\"url\":\"https:\/\/ticsalutsocial.atoom.space\/wp-content\/uploads\/2025\/11\/Curs-IA-en-salut-i-medicament.png\",\"contentUrl\":\"https:\/\/ticsalutsocial.atoom.space\/wp-content\/uploads\/2025\/11\/Curs-IA-en-salut-i-medicament.png\",\"width\":1280,\"height\":960},{\"@type\":\"BreadcrumbList\",\"@id\":\"https:\/\/ticsalutsocial.atoom.space\/es\/noticia\/ets-professional-de-la-salut-inscriu-te-al-nou-curs-sobre-aplicacions-de-la-intelligencia-artificial-en-salut-i-en-lambit-del-medicament\/#breadcrumb\",\"itemListElement\":[{\"@type\":\"ListItem\",\"position\":1,\"name\":\"Inici\",\"item\":\"https:\/\/ticsalutsocial.atoom.space\/es\/\"},{\"@type\":\"ListItem\",\"position\":2,\"name\":\"\u00bfEres profesional de la salud? Inscr\u00edbete en el nuevo curso sobre aplicaciones de la inteligencia artificial en salud y en el \u00e1mbito del medicamento\"}]},{\"@type\":\"WebSite\",\"@id\":\"https:\/\/ticsalutsocial.atoom.space\/es\/#website\",\"url\":\"https:\/\/ticsalutsocial.atoom.space\/es\/\",\"name\":\"Fundaci\u00f3 TIC Salut i Social\",\"description\":\"\",\"potentialAction\":[{\"@type\":\"SearchAction\",\"target\":{\"@type\":\"EntryPoint\",\"urlTemplate\":\"https:\/\/ticsalutsocial.atoom.space\/es\/?s={search_term_string}\"},\"query-input\":{\"@type\":\"PropertyValueSpecification\",\"valueRequired\":true,\"valueName\":\"search_term_string\"}}],\"inLanguage\":\"es\"}]}<\/script>\n<!-- \/ Yoast SEO plugin. -->","yoast_head_json":{"title":"\u00bfEres profesional de la salud? Inscr\u00edbete en el nuevo curso sobre aplicaciones de la inteligencia artificial en salud y en el \u00e1mbito del medicamento - Fundaci\u00f3 TIC Salut i Social","description":"Nou curs sobre aplicacions de la intel\u00b7lig\u00e8ncia artificial en salut i el medicament.","robots":{"index":"index","follow":"follow","max-snippet":"max-snippet:-1","max-image-preview":"max-image-preview:large","max-video-preview":"max-video-preview:-1"},"canonical":"https:\/\/ticsalutsocial.atoom.space\/es\/noticia\/ets-professional-de-la-salut-inscriu-te-al-nou-curs-sobre-aplicacions-de-la-intelligencia-artificial-en-salut-i-en-lambit-del-medicament\/","og_locale":"es_ES","og_type":"article","og_title":"\u00bfEres profesional de la salud? Inscr\u00edbete en el nuevo curso sobre aplicaciones de la inteligencia artificial en salud y en el \u00e1mbito del medicamento - Fundaci\u00f3 TIC Salut i Social","og_description":"Nou curs sobre aplicacions de la intel\u00b7lig\u00e8ncia artificial en salut i el medicament.","og_url":"https:\/\/ticsalutsocial.atoom.space\/es\/noticia\/ets-professional-de-la-salut-inscriu-te-al-nou-curs-sobre-aplicacions-de-la-intelligencia-artificial-en-salut-i-en-lambit-del-medicament\/","og_site_name":"Fundaci\u00f3 TIC Salut i Social","article_modified_time":"2025-11-18T10:06:37+00:00","og_image":[{"width":1280,"height":960,"url":"https:\/\/ticsalutsocial.atoom.space\/wp-content\/uploads\/2025\/11\/Curs-IA-en-salut-i-medicament.png","type":"image\/png"}],"twitter_card":"summary_large_image","twitter_misc":{"Tiempo de lectura":"2 minutos"},"schema":{"@context":"https:\/\/schema.org","@graph":[{"@type":"WebPage","@id":"https:\/\/ticsalutsocial.atoom.space\/es\/noticia\/ets-professional-de-la-salut-inscriu-te-al-nou-curs-sobre-aplicacions-de-la-intelligencia-artificial-en-salut-i-en-lambit-del-medicament\/","url":"https:\/\/ticsalutsocial.atoom.space\/es\/noticia\/ets-professional-de-la-salut-inscriu-te-al-nou-curs-sobre-aplicacions-de-la-intelligencia-artificial-en-salut-i-en-lambit-del-medicament\/","name":"\u00bfEres profesional de la salud? Inscr\u00edbete en el nuevo curso sobre aplicaciones de la inteligencia artificial en salud y en el \u00e1mbito del medicamento - Fundaci\u00f3 TIC Salut i Social","isPartOf":{"@id":"https:\/\/ticsalutsocial.atoom.space\/es\/#website"},"primaryImageOfPage":{"@id":"https:\/\/ticsalutsocial.atoom.space\/es\/noticia\/ets-professional-de-la-salut-inscriu-te-al-nou-curs-sobre-aplicacions-de-la-intelligencia-artificial-en-salut-i-en-lambit-del-medicament\/#primaryimage"},"image":{"@id":"https:\/\/ticsalutsocial.atoom.space\/es\/noticia\/ets-professional-de-la-salut-inscriu-te-al-nou-curs-sobre-aplicacions-de-la-intelligencia-artificial-en-salut-i-en-lambit-del-medicament\/#primaryimage"},"thumbnailUrl":"https:\/\/ticsalutsocial.atoom.space\/wp-content\/uploads\/2025\/11\/Curs-IA-en-salut-i-medicament.png","datePublished":"2025-11-18T09:58:34+00:00","dateModified":"2025-11-18T10:06:37+00:00","description":"Nou curs sobre aplicacions de la intel\u00b7lig\u00e8ncia artificial en salut i el medicament.","breadcrumb":{"@id":"https:\/\/ticsalutsocial.atoom.space\/es\/noticia\/ets-professional-de-la-salut-inscriu-te-al-nou-curs-sobre-aplicacions-de-la-intelligencia-artificial-en-salut-i-en-lambit-del-medicament\/#breadcrumb"},"inLanguage":"es","potentialAction":[{"@type":"ReadAction","target":["https:\/\/ticsalutsocial.atoom.space\/es\/noticia\/ets-professional-de-la-salut-inscriu-te-al-nou-curs-sobre-aplicacions-de-la-intelligencia-artificial-en-salut-i-en-lambit-del-medicament\/"]}]},{"@type":"ImageObject","inLanguage":"es","@id":"https:\/\/ticsalutsocial.atoom.space\/es\/noticia\/ets-professional-de-la-salut-inscriu-te-al-nou-curs-sobre-aplicacions-de-la-intelligencia-artificial-en-salut-i-en-lambit-del-medicament\/#primaryimage","url":"https:\/\/ticsalutsocial.atoom.space\/wp-content\/uploads\/2025\/11\/Curs-IA-en-salut-i-medicament.png","contentUrl":"https:\/\/ticsalutsocial.atoom.space\/wp-content\/uploads\/2025\/11\/Curs-IA-en-salut-i-medicament.png","width":1280,"height":960},{"@type":"BreadcrumbList","@id":"https:\/\/ticsalutsocial.atoom.space\/es\/noticia\/ets-professional-de-la-salut-inscriu-te-al-nou-curs-sobre-aplicacions-de-la-intelligencia-artificial-en-salut-i-en-lambit-del-medicament\/#breadcrumb","itemListElement":[{"@type":"ListItem","position":1,"name":"Inici","item":"https:\/\/ticsalutsocial.atoom.space\/es\/"},{"@type":"ListItem","position":2,"name":"\u00bfEres profesional de la salud? Inscr\u00edbete en el nuevo curso sobre aplicaciones de la inteligencia artificial en salud y en el \u00e1mbito del medicamento"}]},{"@type":"WebSite","@id":"https:\/\/ticsalutsocial.atoom.space\/es\/#website","url":"https:\/\/ticsalutsocial.atoom.space\/es\/","name":"Fundaci\u00f3 TIC Salut i Social","description":"","potentialAction":[{"@type":"SearchAction","target":{"@type":"EntryPoint","urlTemplate":"https:\/\/ticsalutsocial.atoom.space\/es\/?s={search_term_string}"},"query-input":{"@type":"PropertyValueSpecification","valueRequired":true,"valueName":"search_term_string"}}],"inLanguage":"es"}]}},"_links":{"self":[{"href":"https:\/\/ticsalutsocial.atoom.space\/es\/wp-json\/wp\/v2\/noticia\/34605","targetHints":{"allow":["GET"]}}],"collection":[{"href":"https:\/\/ticsalutsocial.atoom.space\/es\/wp-json\/wp\/v2\/noticia"}],"about":[{"href":"https:\/\/ticsalutsocial.atoom.space\/es\/wp-json\/wp\/v2\/types\/noticia"}],"author":[{"embeddable":true,"href":"https:\/\/ticsalutsocial.atoom.space\/es\/wp-json\/wp\/v2\/users\/12"}],"wp:featuredmedia":[{"embeddable":true,"href":"https:\/\/ticsalutsocial.atoom.space\/es\/wp-json\/wp\/v2\/media\/34603"}],"wp:attachment":[{"href":"https:\/\/ticsalutsocial.atoom.space\/es\/wp-json\/wp\/v2\/media?parent=34605"}],"wp:term":[{"taxonomy":"etiqueta","embeddable":true,"href":"https:\/\/ticsalutsocial.atoom.space\/es\/wp-json\/wp\/v2\/etiqueta?post=34605"},{"taxonomy":"tipus","embeddable":true,"href":"https:\/\/ticsalutsocial.atoom.space\/es\/wp-json\/wp\/v2\/tipus?post=34605"},{"taxonomy":"topic","embeddable":true,"href":"https:\/\/ticsalutsocial.atoom.space\/es\/wp-json\/wp\/v2\/topic?post=34605"}],"curies":[{"name":"wp","href":"https:\/\/api.w.org\/{rel}","templated":true}]}}