
{"id":3464,"date":"2018-07-11T15:20:42","date_gmt":"2018-07-11T13:20:42","guid":{"rendered":"https:\/\/ticsalutsocial.atoom.space\/?post_type=noticia&#038;p=3464"},"modified":"2021-07-21T15:37:22","modified_gmt":"2021-07-21T13:37:22","slug":"la-fundacio-tic-salut-social-participa-en-el-proyecto-aptitude","status":"publish","type":"noticia","link":"https:\/\/ticsalutsocial.atoom.space\/es\/noticia\/la-fundacio-tic-salut-social-participa-en-el-proyecto-aptitude\/","title":{"rendered":"La Fundaci\u00f3 Tic Salut Social participa en el proyecto APTITUDE"},"content":{"rendered":"<p>Europa experimenta un alto \u00edndice de envejecimiento en su poblaci\u00f3n. En este sentido, los diferentes pa\u00edses miembros, trabajan de forma conjunta con el objetivo de prevenir la dependencia y la discapacidad, actuando sobre la fragilidad de la poblaci\u00f3n de m\u00e1s edad. La fragilidad es un estado que se puede identificar. Corresponde a un subgrupo de personas mayores de 65 a\u00f1os que conservan su independencia de una forma inestable, que se encuentran en situaci\u00f3n de riesgo de p\u00e9rdida funcional. Estas personas podr\u00edan mejorar su calidad de vida si reciben la intervenci\u00f3n de un profesional de la salud en el momento adecuado.<\/p>\n<p>APTITUDE, responde al acr\u00f3nimo de: Actuar por la prevenci\u00f3n transpirenaica de la dependencia de las personas mayores. Es un proyecto Europeo financiado por el programa POCTEFA donde hay implicados varios pa\u00edses de la regi\u00f3n transfronteriza de los Pirineo. Concretamente participan 10 territorios y m\u00e1s de 20 hospitales de Andorra, la regi\u00f3n Francesa de Occitana, Navarra y Catalunya. En Catalunya el proyecto esta liderado por la Fundaci\u00f3n Salut i Envelliment (UAB) y por el propio Departament de Salut.<\/p>\n<p>El proyecto pretende implementar un espacio de colaboraci\u00f3n transfronteriza para prevenir la dependencia en las personas ancianas mediante la creaci\u00f3n de una red de expertos que promover\u00e1 la asistencia, la formaci\u00f3n, la investigaci\u00f3n y la innovaci\u00f3n en el campo de la Gerontolog\u00eda.<\/p>\n<p>El pasado 21 de Junio se celebr\u00f3 el primer taller en la ciudad de Toulouse. Bajo el paraguas de dos expertos de la OMS, se reflexion\u00f3 sobre el concepto de capacidad intr\u00ednseca. Un concepto que pretende huir de las practicas reactivas basadas en el paradigma problema &#8211; soluci\u00f3n, para centrarse en aquellas pr\u00e1cticas que potencian las capacidades de las personas y se centran en la promoci\u00f3n de la salud.<\/p>\n<p>La Fundaci\u00f3 TicSalutSocial participar\u00e1 del proyecto en el \u00e1mbito de la \u201cSilver Economy\u201d. El prop\u00f3sito es aportar toda la experiencia de la FTSS para encontrar soluciones innovadoras apoyadas en la tecnolog\u00eda. Pod\u00e9is encontrar m\u00e1s informaci\u00f3n en el <a href=\"https:\/\/www.aptitude-net.com\/\">web del proyecto APTITUDE.<\/a><\/p>\n<p>&nbsp;<\/p>\n","protected":false},"author":21,"featured_media":3461,"menu_order":0,"template":"","meta":{"_acf_changed":false,"inline_featured_image":false},"etiqueta":[],"tipus":[],"topic":[130],"class_list":["post-3464","noticia","type-noticia","status-publish","has-post-thumbnail","hentry","topic-la-fundacion"],"acf":{"imatge":3463,"autor":"Marc Fortes","textos_destacats":[{"texte":"El projecte APTITUDE permetr\u00e0 millorar la qualitat de vida de les persones grans i es desenvolupar\u00e0 en la regi\u00f3 transfronterera del Pirineus amb finan\u00e7ament Europeu."}]},"yoast_head":"<!-- This site is optimized with the Yoast SEO plugin v27.1.1 - https:\/\/yoast.com\/product\/yoast-seo-wordpress\/ -->\n<title>La Fundaci\u00f3 Tic Salut Social participa en el proyecto APTITUDE - Fundaci\u00f3 TIC Salut i Social<\/title>\n<meta name=\"robots\" content=\"index, follow, max-snippet:-1, max-image-preview:large, max-video-preview:-1\" \/>\n<link rel=\"canonical\" href=\"https:\/\/ticsalutsocial.atoom.space\/es\/noticia\/la-fundacio-tic-salut-social-participa-en-el-proyecto-aptitude\/\" \/>\n<meta property=\"og:locale\" content=\"es_ES\" \/>\n<meta property=\"og:type\" content=\"article\" \/>\n<meta property=\"og:title\" content=\"La Fundaci\u00f3 Tic Salut Social participa en el proyecto APTITUDE - Fundaci\u00f3 TIC Salut i Social\" \/>\n<meta property=\"og:description\" content=\"Europa experimenta un alto \u00edndice de envejecimiento en su poblaci\u00f3n. En este sentido, los diferentes pa\u00edses miembros, trabajan de forma conjunta con el objetivo de prevenir la dependencia y la discapacidad, actuando sobre la fragilidad de la poblaci\u00f3n de m\u00e1s edad. La fragilidad es un estado que se puede identificar. Corresponde a un subgrupo de [&hellip;]\" \/>\n<meta property=\"og:url\" content=\"https:\/\/ticsalutsocial.atoom.space\/es\/noticia\/la-fundacio-tic-salut-social-participa-en-el-proyecto-aptitude\/\" \/>\n<meta property=\"og:site_name\" content=\"Fundaci\u00f3 TIC Salut i Social\" \/>\n<meta property=\"article:modified_time\" content=\"2021-07-21T13:37:22+00:00\" \/>\n<meta property=\"og:image\" content=\"https:\/\/ticsalutsocial.atoom.space\/wp-content\/uploads\/2018\/07\/old-p.jpeg\" \/>\n\t<meta property=\"og:image:width\" content=\"1487\" \/>\n\t<meta property=\"og:image:height\" content=\"838\" \/>\n\t<meta property=\"og:image:type\" content=\"image\/jpeg\" \/>\n<meta name=\"twitter:card\" content=\"summary_large_image\" \/>\n<meta name=\"twitter:label1\" content=\"Tiempo de lectura\" \/>\n\t<meta name=\"twitter:data1\" content=\"2 minutos\" \/>\n<script type=\"application\/ld+json\" class=\"yoast-schema-graph\">{\"@context\":\"https:\/\/schema.org\",\"@graph\":[{\"@type\":\"WebPage\",\"@id\":\"https:\/\/ticsalutsocial.atoom.space\/es\/noticia\/la-fundacio-tic-salut-social-participa-en-el-proyecto-aptitude\/\",\"url\":\"https:\/\/ticsalutsocial.atoom.space\/es\/noticia\/la-fundacio-tic-salut-social-participa-en-el-proyecto-aptitude\/\",\"name\":\"La Fundaci\u00f3 Tic Salut Social participa en el proyecto APTITUDE - Fundaci\u00f3 TIC Salut i Social\",\"isPartOf\":{\"@id\":\"https:\/\/ticsalutsocial.atoom.space\/es\/#website\"},\"primaryImageOfPage\":{\"@id\":\"https:\/\/ticsalutsocial.atoom.space\/es\/noticia\/la-fundacio-tic-salut-social-participa-en-el-proyecto-aptitude\/#primaryimage\"},\"image\":{\"@id\":\"https:\/\/ticsalutsocial.atoom.space\/es\/noticia\/la-fundacio-tic-salut-social-participa-en-el-proyecto-aptitude\/#primaryimage\"},\"thumbnailUrl\":\"https:\/\/ticsalutsocial.atoom.space\/wp-content\/uploads\/2018\/07\/old-p.jpeg\",\"datePublished\":\"2018-07-11T13:20:42+00:00\",\"dateModified\":\"2021-07-21T13:37:22+00:00\",\"breadcrumb\":{\"@id\":\"https:\/\/ticsalutsocial.atoom.space\/es\/noticia\/la-fundacio-tic-salut-social-participa-en-el-proyecto-aptitude\/#breadcrumb\"},\"inLanguage\":\"es\",\"potentialAction\":[{\"@type\":\"ReadAction\",\"target\":[\"https:\/\/ticsalutsocial.atoom.space\/es\/noticia\/la-fundacio-tic-salut-social-participa-en-el-proyecto-aptitude\/\"]}]},{\"@type\":\"ImageObject\",\"inLanguage\":\"es\",\"@id\":\"https:\/\/ticsalutsocial.atoom.space\/es\/noticia\/la-fundacio-tic-salut-social-participa-en-el-proyecto-aptitude\/#primaryimage\",\"url\":\"https:\/\/ticsalutsocial.atoom.space\/wp-content\/uploads\/2018\/07\/old-p.jpeg\",\"contentUrl\":\"https:\/\/ticsalutsocial.atoom.space\/wp-content\/uploads\/2018\/07\/old-p.jpeg\",\"width\":1487,\"height\":838},{\"@type\":\"BreadcrumbList\",\"@id\":\"https:\/\/ticsalutsocial.atoom.space\/es\/noticia\/la-fundacio-tic-salut-social-participa-en-el-proyecto-aptitude\/#breadcrumb\",\"itemListElement\":[{\"@type\":\"ListItem\",\"position\":1,\"name\":\"Inici\",\"item\":\"https:\/\/ticsalutsocial.atoom.space\/es\/\"},{\"@type\":\"ListItem\",\"position\":2,\"name\":\"La Fundaci\u00f3 Tic Salut Social participa en el proyecto APTITUDE\"}]},{\"@type\":\"WebSite\",\"@id\":\"https:\/\/ticsalutsocial.atoom.space\/es\/#website\",\"url\":\"https:\/\/ticsalutsocial.atoom.space\/es\/\",\"name\":\"Fundaci\u00f3 TIC Salut i Social\",\"description\":\"\",\"potentialAction\":[{\"@type\":\"SearchAction\",\"target\":{\"@type\":\"EntryPoint\",\"urlTemplate\":\"https:\/\/ticsalutsocial.atoom.space\/es\/?s={search_term_string}\"},\"query-input\":{\"@type\":\"PropertyValueSpecification\",\"valueRequired\":true,\"valueName\":\"search_term_string\"}}],\"inLanguage\":\"es\"}]}<\/script>\n<!-- \/ Yoast SEO plugin. -->","yoast_head_json":{"title":"La Fundaci\u00f3 Tic Salut Social participa en el proyecto APTITUDE - Fundaci\u00f3 TIC Salut i Social","robots":{"index":"index","follow":"follow","max-snippet":"max-snippet:-1","max-image-preview":"max-image-preview:large","max-video-preview":"max-video-preview:-1"},"canonical":"https:\/\/ticsalutsocial.atoom.space\/es\/noticia\/la-fundacio-tic-salut-social-participa-en-el-proyecto-aptitude\/","og_locale":"es_ES","og_type":"article","og_title":"La Fundaci\u00f3 Tic Salut Social participa en el proyecto APTITUDE - Fundaci\u00f3 TIC Salut i Social","og_description":"Europa experimenta un alto \u00edndice de envejecimiento en su poblaci\u00f3n. En este sentido, los diferentes pa\u00edses miembros, trabajan de forma conjunta con el objetivo de prevenir la dependencia y la discapacidad, actuando sobre la fragilidad de la poblaci\u00f3n de m\u00e1s edad. La fragilidad es un estado que se puede identificar. Corresponde a un subgrupo de [&hellip;]","og_url":"https:\/\/ticsalutsocial.atoom.space\/es\/noticia\/la-fundacio-tic-salut-social-participa-en-el-proyecto-aptitude\/","og_site_name":"Fundaci\u00f3 TIC Salut i Social","article_modified_time":"2021-07-21T13:37:22+00:00","og_image":[{"width":1487,"height":838,"url":"https:\/\/ticsalutsocial.atoom.space\/wp-content\/uploads\/2018\/07\/old-p.jpeg","type":"image\/jpeg"}],"twitter_card":"summary_large_image","twitter_misc":{"Tiempo de lectura":"2 minutos"},"schema":{"@context":"https:\/\/schema.org","@graph":[{"@type":"WebPage","@id":"https:\/\/ticsalutsocial.atoom.space\/es\/noticia\/la-fundacio-tic-salut-social-participa-en-el-proyecto-aptitude\/","url":"https:\/\/ticsalutsocial.atoom.space\/es\/noticia\/la-fundacio-tic-salut-social-participa-en-el-proyecto-aptitude\/","name":"La Fundaci\u00f3 Tic Salut Social participa en el proyecto APTITUDE - Fundaci\u00f3 TIC Salut i Social","isPartOf":{"@id":"https:\/\/ticsalutsocial.atoom.space\/es\/#website"},"primaryImageOfPage":{"@id":"https:\/\/ticsalutsocial.atoom.space\/es\/noticia\/la-fundacio-tic-salut-social-participa-en-el-proyecto-aptitude\/#primaryimage"},"image":{"@id":"https:\/\/ticsalutsocial.atoom.space\/es\/noticia\/la-fundacio-tic-salut-social-participa-en-el-proyecto-aptitude\/#primaryimage"},"thumbnailUrl":"https:\/\/ticsalutsocial.atoom.space\/wp-content\/uploads\/2018\/07\/old-p.jpeg","datePublished":"2018-07-11T13:20:42+00:00","dateModified":"2021-07-21T13:37:22+00:00","breadcrumb":{"@id":"https:\/\/ticsalutsocial.atoom.space\/es\/noticia\/la-fundacio-tic-salut-social-participa-en-el-proyecto-aptitude\/#breadcrumb"},"inLanguage":"es","potentialAction":[{"@type":"ReadAction","target":["https:\/\/ticsalutsocial.atoom.space\/es\/noticia\/la-fundacio-tic-salut-social-participa-en-el-proyecto-aptitude\/"]}]},{"@type":"ImageObject","inLanguage":"es","@id":"https:\/\/ticsalutsocial.atoom.space\/es\/noticia\/la-fundacio-tic-salut-social-participa-en-el-proyecto-aptitude\/#primaryimage","url":"https:\/\/ticsalutsocial.atoom.space\/wp-content\/uploads\/2018\/07\/old-p.jpeg","contentUrl":"https:\/\/ticsalutsocial.atoom.space\/wp-content\/uploads\/2018\/07\/old-p.jpeg","width":1487,"height":838},{"@type":"BreadcrumbList","@id":"https:\/\/ticsalutsocial.atoom.space\/es\/noticia\/la-fundacio-tic-salut-social-participa-en-el-proyecto-aptitude\/#breadcrumb","itemListElement":[{"@type":"ListItem","position":1,"name":"Inici","item":"https:\/\/ticsalutsocial.atoom.space\/es\/"},{"@type":"ListItem","position":2,"name":"La Fundaci\u00f3 Tic Salut Social participa en el proyecto APTITUDE"}]},{"@type":"WebSite","@id":"https:\/\/ticsalutsocial.atoom.space\/es\/#website","url":"https:\/\/ticsalutsocial.atoom.space\/es\/","name":"Fundaci\u00f3 TIC Salut i Social","description":"","potentialAction":[{"@type":"SearchAction","target":{"@type":"EntryPoint","urlTemplate":"https:\/\/ticsalutsocial.atoom.space\/es\/?s={search_term_string}"},"query-input":{"@type":"PropertyValueSpecification","valueRequired":true,"valueName":"search_term_string"}}],"inLanguage":"es"}]}},"_links":{"self":[{"href":"https:\/\/ticsalutsocial.atoom.space\/es\/wp-json\/wp\/v2\/noticia\/3464","targetHints":{"allow":["GET"]}}],"collection":[{"href":"https:\/\/ticsalutsocial.atoom.space\/es\/wp-json\/wp\/v2\/noticia"}],"about":[{"href":"https:\/\/ticsalutsocial.atoom.space\/es\/wp-json\/wp\/v2\/types\/noticia"}],"author":[{"embeddable":true,"href":"https:\/\/ticsalutsocial.atoom.space\/es\/wp-json\/wp\/v2\/users\/21"}],"wp:featuredmedia":[{"embeddable":true,"href":"https:\/\/ticsalutsocial.atoom.space\/es\/wp-json\/wp\/v2\/media\/3461"}],"wp:attachment":[{"href":"https:\/\/ticsalutsocial.atoom.space\/es\/wp-json\/wp\/v2\/media?parent=3464"}],"wp:term":[{"taxonomy":"etiqueta","embeddable":true,"href":"https:\/\/ticsalutsocial.atoom.space\/es\/wp-json\/wp\/v2\/etiqueta?post=3464"},{"taxonomy":"tipus","embeddable":true,"href":"https:\/\/ticsalutsocial.atoom.space\/es\/wp-json\/wp\/v2\/tipus?post=3464"},{"taxonomy":"topic","embeddable":true,"href":"https:\/\/ticsalutsocial.atoom.space\/es\/wp-json\/wp\/v2\/topic?post=3464"}],"curies":[{"name":"wp","href":"https:\/\/api.w.org\/{rel}","templated":true}]}}