
{"id":34657,"date":"2025-11-24T14:41:44","date_gmt":"2025-11-24T12:41:44","guid":{"rendered":"https:\/\/ticsalutsocial.atoom.space\/noticia\/sinicien-els-grups-de-treball-per-actualitzar-les-recomanacions-dus-dels-canals-datencio-no-presencial-al-siscat\/"},"modified":"2025-11-24T15:02:36","modified_gmt":"2025-11-24T13:02:36","slug":"sinicien-els-grups-de-treball-per-actualitzar-les-recomanacions-dus-dels-canals-datencio-no-presencial-al-siscat","status":"publish","type":"noticia","link":"https:\/\/ticsalutsocial.atoom.space\/es\/noticia\/sinicien-els-grups-de-treball-per-actualitzar-les-recomanacions-dus-dels-canals-datencio-no-presencial-al-siscat\/","title":{"rendered":"Se inician los grupos de trabajo para actualizar las recomendaciones de uso de los canales de atenci\u00f3n no presencial en el SISCAT"},"content":{"rendered":"\n<p>La Fundaci\u00f3 TIC Salut i Social y el <a href=\"https:\/\/ehealthvalidationcenter.santpau.cat\/web\/public\" target=\"_blank\" rel=\"noreferrer noopener\">Centro de Validaci\u00f3n Cl\u00ednica de Soluciones Digitales Sanitarias <\/a>del Hospital de la Santa Creu i Sant Pau han iniciado el <strong>proceso para revisar las recomendaciones sobre el uso de herramientas digitales en consultas no presenciales<\/strong> en los centros de atenci\u00f3n primaria, hospitalarios, sociosanitarios y de salud mental del SISCAT. El proyecto, encargado por el Servei Catal\u00e0 de la Salut (CatSalut), permitir\u00e1 actualizar el modelo actual y crear nuevas gu\u00edas para facilitar el uso de estas herramientas entre los profesionales del SISCAT.<\/p>\n\n\n\n<p>La semana pasada, la Fundaci\u00f3n TIC Salut i Social convoc\u00f3 los primeros grupos focales, formados por una veintena de profesionales provenientes de la atenci\u00f3n primaria, hospitalaria, social y sanitaria, salud mental y \u00e1mbito social, que trabajan tanto en \u00e1reas metropolitanas como rurales. Las aportaciones de los diferentes grupos de trabajo permitir\u00e1n revisar los contenidos de las <a href=\"https:\/\/ticsalutsocial.atoom.space\/es\/noticia\/recomendaciones-de-uso-de-los-canals-de-atencion-no-presencial\/\">fichas informativas desarrolladas en 2020<\/a>, con recomendaciones dirigidas a profesionales y a las direcciones de los centros. Estas gu\u00edas visuales inclu\u00edan descripciones de <strong>canales de atenci\u00f3n no presencial como la atenci\u00f3n telef\u00f3nica, la eConsulta y la videoConsulta<\/strong>, informaci\u00f3n legal relativa al cumplimiento del GDPR, aspectos pr\u00e1cticos para la correcta realizaci\u00f3n de las visitas no presenciales, y recomendaciones organizativas, entre otros.<\/p>\n\n\n\n<p>Una vez finalicen las din\u00e1micas participativas de trabajo, un equipo de profesionales del Hospital de la Santa Creu i Sant Pau valorar\u00e1 los contenidos generados y los adaptar\u00e1 teniendo en cuenta las aportaciones de los diferentes perfiles participantes en las din\u00e1micas. La previsi\u00f3n es tener listas las recomendaciones y difundirlas entre los profesionales a principios de 2026.<\/p>\n\n\n\n<h2 class=\"wp-block-heading\"><strong>Convenio de colaboraci\u00f3n con el Hospital de la Santa Creu i Sant Pau<\/strong><\/h2>\n\n\n\n<p>La revisi\u00f3n de las fichas de atenci\u00f3n no presencial es uno de los puntos contemplados en el convenio de colaboraci\u00f3n firmado recientemente entre la Fundaci\u00f3 TIC Salut i Social y el Hospital de la Santa Creu i Sant Pau, con el objetivo de promover la innovaci\u00f3n en el uso de las TIC en el \u00e1mbito social y sanitario, en beneficio de la ciudadan\u00eda y de la sociedad en general.<\/p>\n\n\n\n<p>El convenio tambi\u00e9n incluye un proyecto de validaci\u00f3n de activos digitales en salud que permitir\u00e1 mejorar y optimizar el marco actual de evaluaci\u00f3n de activos digitales de la Fundaci\u00f3n TIC Salut i Social, ya que podr\u00e1n realizarse pruebas piloto de prescripci\u00f3n de los activos digitales evaluados en centros asistenciales del SISCAT.<\/p>\n","protected":false},"author":12,"featured_media":34655,"menu_order":0,"template":"","meta":{"_acf_changed":true,"inline_featured_image":false},"etiqueta":[],"tipus":[1186],"topic":[113],"class_list":["post-34657","noticia","type-noticia","status-publish","has-post-thumbnail","hentry","tipus-ehealth-es-2","topic-transformacion-digital"],"acf":{"finalitzat":false,"tipus_plantilla":"objectius","template_objectius":{"cont_principal":"","imatge":false,"cont_seguent":{"titol":"","contingut":""},"seccio_llistat":{"titol":"","llistat":false},"objectius":{"titol":"","objectius":false},"documents":false},"autor":"","imatge":34655,"textos_destacats":[{"texte":"La Fundaci\u00f3 TIC Salut i Social ha convocado grupos focales para revisar las fichas de recomendaciones de 2020 para el uso de herramientas de atenci\u00f3n no presencial en atenci\u00f3n primaria, hospitalaria, centros sociosanitarios, de salud mental y \u00e1mbito social."}],"documents":false},"yoast_head":"<!-- This site is optimized with the Yoast SEO plugin v27.1.1 - https:\/\/yoast.com\/product\/yoast-seo-wordpress\/ -->\n<title>Se inician los grupos de trabajo para actualizar las recomendaciones de uso de los canales de atenci\u00f3n no presencial en el SISCAT - Fundaci\u00f3 TIC Salut i Social<\/title>\n<meta name=\"description\" content=\"La Fundaci\u00f3 TIC Salut i Social ha convocado grupos focales para revisar recomendaciones de uso de los canales de atenci\u00f3n no presencial\" \/>\n<meta name=\"robots\" content=\"index, follow, max-snippet:-1, max-image-preview:large, max-video-preview:-1\" \/>\n<link rel=\"canonical\" href=\"https:\/\/ticsalutsocial.atoom.space\/es\/noticia\/sinicien-els-grups-de-treball-per-actualitzar-les-recomanacions-dus-dels-canals-datencio-no-presencial-al-siscat\/\" \/>\n<meta property=\"og:locale\" content=\"es_ES\" \/>\n<meta property=\"og:type\" content=\"article\" \/>\n<meta property=\"og:title\" content=\"Se inician los grupos de trabajo para actualizar las recomendaciones de uso de los canales de atenci\u00f3n no presencial en el SISCAT - Fundaci\u00f3 TIC Salut i Social\" \/>\n<meta property=\"og:description\" content=\"La Fundaci\u00f3 TIC Salut i Social ha convocado grupos focales para revisar recomendaciones de uso de los canales de atenci\u00f3n no presencial\" \/>\n<meta property=\"og:url\" content=\"https:\/\/ticsalutsocial.atoom.space\/es\/noticia\/sinicien-els-grups-de-treball-per-actualitzar-les-recomanacions-dus-dels-canals-datencio-no-presencial-al-siscat\/\" \/>\n<meta property=\"og:site_name\" content=\"Fundaci\u00f3 TIC Salut i Social\" \/>\n<meta property=\"article:modified_time\" content=\"2025-11-24T13:02:36+00:00\" \/>\n<meta property=\"og:image\" content=\"https:\/\/ticsalutsocial.atoom.space\/wp-content\/uploads\/2025\/11\/atencio-no-presencial-recomanacions.png\" \/>\n\t<meta property=\"og:image:width\" content=\"1280\" \/>\n\t<meta property=\"og:image:height\" content=\"960\" \/>\n\t<meta property=\"og:image:type\" content=\"image\/png\" \/>\n<meta name=\"twitter:card\" content=\"summary_large_image\" \/>\n<meta name=\"twitter:label1\" content=\"Tiempo de lectura\" \/>\n\t<meta name=\"twitter:data1\" content=\"3 minutos\" \/>\n<script type=\"application\/ld+json\" class=\"yoast-schema-graph\">{\"@context\":\"https:\/\/schema.org\",\"@graph\":[{\"@type\":\"WebPage\",\"@id\":\"https:\/\/ticsalutsocial.atoom.space\/es\/noticia\/sinicien-els-grups-de-treball-per-actualitzar-les-recomanacions-dus-dels-canals-datencio-no-presencial-al-siscat\/\",\"url\":\"https:\/\/ticsalutsocial.atoom.space\/es\/noticia\/sinicien-els-grups-de-treball-per-actualitzar-les-recomanacions-dus-dels-canals-datencio-no-presencial-al-siscat\/\",\"name\":\"Se inician los grupos de trabajo para actualizar las recomendaciones de uso de los canales de atenci\u00f3n no presencial en el SISCAT - Fundaci\u00f3 TIC Salut i Social\",\"isPartOf\":{\"@id\":\"https:\/\/ticsalutsocial.atoom.space\/es\/#website\"},\"primaryImageOfPage\":{\"@id\":\"https:\/\/ticsalutsocial.atoom.space\/es\/noticia\/sinicien-els-grups-de-treball-per-actualitzar-les-recomanacions-dus-dels-canals-datencio-no-presencial-al-siscat\/#primaryimage\"},\"image\":{\"@id\":\"https:\/\/ticsalutsocial.atoom.space\/es\/noticia\/sinicien-els-grups-de-treball-per-actualitzar-les-recomanacions-dus-dels-canals-datencio-no-presencial-al-siscat\/#primaryimage\"},\"thumbnailUrl\":\"https:\/\/ticsalutsocial.atoom.space\/wp-content\/uploads\/2025\/11\/atencio-no-presencial-recomanacions.png\",\"datePublished\":\"2025-11-24T12:41:44+00:00\",\"dateModified\":\"2025-11-24T13:02:36+00:00\",\"description\":\"La Fundaci\u00f3 TIC Salut i Social ha convocado grupos focales para revisar recomendaciones de uso de los canales de atenci\u00f3n no presencial\",\"breadcrumb\":{\"@id\":\"https:\/\/ticsalutsocial.atoom.space\/es\/noticia\/sinicien-els-grups-de-treball-per-actualitzar-les-recomanacions-dus-dels-canals-datencio-no-presencial-al-siscat\/#breadcrumb\"},\"inLanguage\":\"es\",\"potentialAction\":[{\"@type\":\"ReadAction\",\"target\":[\"https:\/\/ticsalutsocial.atoom.space\/es\/noticia\/sinicien-els-grups-de-treball-per-actualitzar-les-recomanacions-dus-dels-canals-datencio-no-presencial-al-siscat\/\"]}]},{\"@type\":\"ImageObject\",\"inLanguage\":\"es\",\"@id\":\"https:\/\/ticsalutsocial.atoom.space\/es\/noticia\/sinicien-els-grups-de-treball-per-actualitzar-les-recomanacions-dus-dels-canals-datencio-no-presencial-al-siscat\/#primaryimage\",\"url\":\"https:\/\/ticsalutsocial.atoom.space\/wp-content\/uploads\/2025\/11\/atencio-no-presencial-recomanacions.png\",\"contentUrl\":\"https:\/\/ticsalutsocial.atoom.space\/wp-content\/uploads\/2025\/11\/atencio-no-presencial-recomanacions.png\",\"width\":1280,\"height\":960,\"caption\":\"recomanacions d\u2019\u00fas dels canals d\u2019atenci\u00f3 no presencial\"},{\"@type\":\"BreadcrumbList\",\"@id\":\"https:\/\/ticsalutsocial.atoom.space\/es\/noticia\/sinicien-els-grups-de-treball-per-actualitzar-les-recomanacions-dus-dels-canals-datencio-no-presencial-al-siscat\/#breadcrumb\",\"itemListElement\":[{\"@type\":\"ListItem\",\"position\":1,\"name\":\"Inici\",\"item\":\"https:\/\/ticsalutsocial.atoom.space\/es\/\"},{\"@type\":\"ListItem\",\"position\":2,\"name\":\"Se inician los grupos de trabajo para actualizar las recomendaciones de uso de los canales de atenci\u00f3n no presencial en el SISCAT\"}]},{\"@type\":\"WebSite\",\"@id\":\"https:\/\/ticsalutsocial.atoom.space\/es\/#website\",\"url\":\"https:\/\/ticsalutsocial.atoom.space\/es\/\",\"name\":\"Fundaci\u00f3 TIC Salut i Social\",\"description\":\"\",\"potentialAction\":[{\"@type\":\"SearchAction\",\"target\":{\"@type\":\"EntryPoint\",\"urlTemplate\":\"https:\/\/ticsalutsocial.atoom.space\/es\/?s={search_term_string}\"},\"query-input\":{\"@type\":\"PropertyValueSpecification\",\"valueRequired\":true,\"valueName\":\"search_term_string\"}}],\"inLanguage\":\"es\"}]}<\/script>\n<!-- \/ Yoast SEO plugin. -->","yoast_head_json":{"title":"Se inician los grupos de trabajo para actualizar las recomendaciones de uso de los canales de atenci\u00f3n no presencial en el SISCAT - Fundaci\u00f3 TIC Salut i Social","description":"La Fundaci\u00f3 TIC Salut i Social ha convocado grupos focales para revisar recomendaciones de uso de los canales de atenci\u00f3n no presencial","robots":{"index":"index","follow":"follow","max-snippet":"max-snippet:-1","max-image-preview":"max-image-preview:large","max-video-preview":"max-video-preview:-1"},"canonical":"https:\/\/ticsalutsocial.atoom.space\/es\/noticia\/sinicien-els-grups-de-treball-per-actualitzar-les-recomanacions-dus-dels-canals-datencio-no-presencial-al-siscat\/","og_locale":"es_ES","og_type":"article","og_title":"Se inician los grupos de trabajo para actualizar las recomendaciones de uso de los canales de atenci\u00f3n no presencial en el SISCAT - Fundaci\u00f3 TIC Salut i Social","og_description":"La Fundaci\u00f3 TIC Salut i Social ha convocado grupos focales para revisar recomendaciones de uso de los canales de atenci\u00f3n no presencial","og_url":"https:\/\/ticsalutsocial.atoom.space\/es\/noticia\/sinicien-els-grups-de-treball-per-actualitzar-les-recomanacions-dus-dels-canals-datencio-no-presencial-al-siscat\/","og_site_name":"Fundaci\u00f3 TIC Salut i Social","article_modified_time":"2025-11-24T13:02:36+00:00","og_image":[{"width":1280,"height":960,"url":"https:\/\/ticsalutsocial.atoom.space\/wp-content\/uploads\/2025\/11\/atencio-no-presencial-recomanacions.png","type":"image\/png"}],"twitter_card":"summary_large_image","twitter_misc":{"Tiempo de lectura":"3 minutos"},"schema":{"@context":"https:\/\/schema.org","@graph":[{"@type":"WebPage","@id":"https:\/\/ticsalutsocial.atoom.space\/es\/noticia\/sinicien-els-grups-de-treball-per-actualitzar-les-recomanacions-dus-dels-canals-datencio-no-presencial-al-siscat\/","url":"https:\/\/ticsalutsocial.atoom.space\/es\/noticia\/sinicien-els-grups-de-treball-per-actualitzar-les-recomanacions-dus-dels-canals-datencio-no-presencial-al-siscat\/","name":"Se inician los grupos de trabajo para actualizar las recomendaciones de uso de los canales de atenci\u00f3n no presencial en el SISCAT - Fundaci\u00f3 TIC Salut i Social","isPartOf":{"@id":"https:\/\/ticsalutsocial.atoom.space\/es\/#website"},"primaryImageOfPage":{"@id":"https:\/\/ticsalutsocial.atoom.space\/es\/noticia\/sinicien-els-grups-de-treball-per-actualitzar-les-recomanacions-dus-dels-canals-datencio-no-presencial-al-siscat\/#primaryimage"},"image":{"@id":"https:\/\/ticsalutsocial.atoom.space\/es\/noticia\/sinicien-els-grups-de-treball-per-actualitzar-les-recomanacions-dus-dels-canals-datencio-no-presencial-al-siscat\/#primaryimage"},"thumbnailUrl":"https:\/\/ticsalutsocial.atoom.space\/wp-content\/uploads\/2025\/11\/atencio-no-presencial-recomanacions.png","datePublished":"2025-11-24T12:41:44+00:00","dateModified":"2025-11-24T13:02:36+00:00","description":"La Fundaci\u00f3 TIC Salut i Social ha convocado grupos focales para revisar recomendaciones de uso de los canales de atenci\u00f3n no presencial","breadcrumb":{"@id":"https:\/\/ticsalutsocial.atoom.space\/es\/noticia\/sinicien-els-grups-de-treball-per-actualitzar-les-recomanacions-dus-dels-canals-datencio-no-presencial-al-siscat\/#breadcrumb"},"inLanguage":"es","potentialAction":[{"@type":"ReadAction","target":["https:\/\/ticsalutsocial.atoom.space\/es\/noticia\/sinicien-els-grups-de-treball-per-actualitzar-les-recomanacions-dus-dels-canals-datencio-no-presencial-al-siscat\/"]}]},{"@type":"ImageObject","inLanguage":"es","@id":"https:\/\/ticsalutsocial.atoom.space\/es\/noticia\/sinicien-els-grups-de-treball-per-actualitzar-les-recomanacions-dus-dels-canals-datencio-no-presencial-al-siscat\/#primaryimage","url":"https:\/\/ticsalutsocial.atoom.space\/wp-content\/uploads\/2025\/11\/atencio-no-presencial-recomanacions.png","contentUrl":"https:\/\/ticsalutsocial.atoom.space\/wp-content\/uploads\/2025\/11\/atencio-no-presencial-recomanacions.png","width":1280,"height":960,"caption":"recomanacions d\u2019\u00fas dels canals d\u2019atenci\u00f3 no presencial"},{"@type":"BreadcrumbList","@id":"https:\/\/ticsalutsocial.atoom.space\/es\/noticia\/sinicien-els-grups-de-treball-per-actualitzar-les-recomanacions-dus-dels-canals-datencio-no-presencial-al-siscat\/#breadcrumb","itemListElement":[{"@type":"ListItem","position":1,"name":"Inici","item":"https:\/\/ticsalutsocial.atoom.space\/es\/"},{"@type":"ListItem","position":2,"name":"Se inician los grupos de trabajo para actualizar las recomendaciones de uso de los canales de atenci\u00f3n no presencial en el SISCAT"}]},{"@type":"WebSite","@id":"https:\/\/ticsalutsocial.atoom.space\/es\/#website","url":"https:\/\/ticsalutsocial.atoom.space\/es\/","name":"Fundaci\u00f3 TIC Salut i Social","description":"","potentialAction":[{"@type":"SearchAction","target":{"@type":"EntryPoint","urlTemplate":"https:\/\/ticsalutsocial.atoom.space\/es\/?s={search_term_string}"},"query-input":{"@type":"PropertyValueSpecification","valueRequired":true,"valueName":"search_term_string"}}],"inLanguage":"es"}]}},"_links":{"self":[{"href":"https:\/\/ticsalutsocial.atoom.space\/es\/wp-json\/wp\/v2\/noticia\/34657","targetHints":{"allow":["GET"]}}],"collection":[{"href":"https:\/\/ticsalutsocial.atoom.space\/es\/wp-json\/wp\/v2\/noticia"}],"about":[{"href":"https:\/\/ticsalutsocial.atoom.space\/es\/wp-json\/wp\/v2\/types\/noticia"}],"author":[{"embeddable":true,"href":"https:\/\/ticsalutsocial.atoom.space\/es\/wp-json\/wp\/v2\/users\/12"}],"wp:featuredmedia":[{"embeddable":true,"href":"https:\/\/ticsalutsocial.atoom.space\/es\/wp-json\/wp\/v2\/media\/34655"}],"wp:attachment":[{"href":"https:\/\/ticsalutsocial.atoom.space\/es\/wp-json\/wp\/v2\/media?parent=34657"}],"wp:term":[{"taxonomy":"etiqueta","embeddable":true,"href":"https:\/\/ticsalutsocial.atoom.space\/es\/wp-json\/wp\/v2\/etiqueta?post=34657"},{"taxonomy":"tipus","embeddable":true,"href":"https:\/\/ticsalutsocial.atoom.space\/es\/wp-json\/wp\/v2\/tipus?post=34657"},{"taxonomy":"topic","embeddable":true,"href":"https:\/\/ticsalutsocial.atoom.space\/es\/wp-json\/wp\/v2\/topic?post=34657"}],"curies":[{"name":"wp","href":"https:\/\/api.w.org\/{rel}","templated":true}]}}