
{"id":3470,"date":"2018-07-17T10:24:18","date_gmt":"2018-07-17T08:24:18","guid":{"rendered":"https:\/\/ticsalutsocial.atoom.space\/?post_type=noticia&#038;p=3470"},"modified":"2021-07-21T15:37:31","modified_gmt":"2021-07-21T13:37:31","slug":"josue-sallent-nuevo-director-de-la-fundacio-tic-salut-social","status":"publish","type":"noticia","link":"https:\/\/ticsalutsocial.atoom.space\/es\/noticia\/josue-sallent-nuevo-director-de-la-fundacio-tic-salut-social\/","title":{"rendered":"Josu\u00e8 Sallent, nuevo director de la Fundaci\u00f3 TIC Salut Social"},"content":{"rendered":"<p>El pasado mi\u00e9rcoles d\u00eda 11 de julio, el Patronato de la Fundaci\u00f3 TIC Salut Social nombr\u00f3 a Josu\u00e8 Sallent como nuevo director de la Fundaci\u00f3.<\/p>\n<p>Sallent se incorpora a TIC Salut Social procedente de la Fundaci\u00f3 i2CAT, entidad en la que particip\u00f3 en el desarrollo e implementaci\u00f3n de la tecnolog\u00eda 5G, esencial para la evoluci\u00f3n de la Internet de las Cosas, las Smart Cities y la Industria 4.0. Previo a su paso por i2CAT, Sallent dirigi\u00f3 la estrategia e innovaci\u00f3n del Centro de Telecomunicaciones y Tecnolog\u00edas de la Informaci\u00f3n (CTTI). Anteriorment, fue director general de la Societat de la Informaci\u00f3 de la Generalitat de Catalunya (2006-2010), director de la Fundaci\u00f3 Observatori para la Societat de la Informaci\u00f3 de Catalunya (FOBSIC, 2009-2011) y profesor de la Universitat Pompeu Fabra (2004 a 2011).<\/p>\n<div id=\"attachment_9108\" style=\"width: 297px\" class=\"wp-caption aligncenter\"><img loading=\"lazy\" decoding=\"async\" aria-describedby=\"caption-attachment-9108\" class=\"wp-image-9108 size-medium\" src=\"https:\/\/ticsalutsocial.atoom.space\/wp-content\/uploads\/2018\/07\/josue_01-287x300.jpg\" alt=\"\" width=\"287\" height=\"300\" \/><p id=\"caption-attachment-9108\" class=\"wp-caption-text\">Josu\u00e8 Sallent, director de la Fundaci\u00f3 TIC Salut Social<\/p><\/div>\n","protected":false},"author":21,"featured_media":3467,"menu_order":0,"template":"","meta":{"_acf_changed":false,"inline_featured_image":false},"etiqueta":[],"tipus":[],"topic":[123],"class_list":["post-3470","noticia","type-noticia","status-publish","has-post-thumbnail","hentry","topic-actualidad"],"acf":{"imatge":3469,"autor":"Adri\u00e0 G.Font","textos_destacats":[{"texte":"En su trayectoria destaca su paso por i2CAT, el CTTI y la direcci\u00f3n general de la Sociedad de la Informaci\u00f3n de la Generalitat de Catalunya"}]},"yoast_head":"<!-- This site is optimized with the Yoast SEO plugin v27.1.1 - https:\/\/yoast.com\/product\/yoast-seo-wordpress\/ -->\n<title>Josu\u00e8 Sallent, nuevo director de la Fundaci\u00f3 TIC Salut Social - Fundaci\u00f3 TIC Salut i Social<\/title>\n<meta name=\"robots\" content=\"index, follow, max-snippet:-1, max-image-preview:large, max-video-preview:-1\" \/>\n<link rel=\"canonical\" href=\"https:\/\/ticsalutsocial.atoom.space\/es\/noticia\/josue-sallent-nuevo-director-de-la-fundacio-tic-salut-social\/\" \/>\n<meta property=\"og:locale\" content=\"es_ES\" \/>\n<meta property=\"og:type\" content=\"article\" \/>\n<meta property=\"og:title\" content=\"Josu\u00e8 Sallent, nuevo director de la Fundaci\u00f3 TIC Salut Social - Fundaci\u00f3 TIC Salut i Social\" \/>\n<meta property=\"og:description\" content=\"El pasado mi\u00e9rcoles d\u00eda 11 de julio, el Patronato de la Fundaci\u00f3 TIC Salut Social nombr\u00f3 a Josu\u00e8 Sallent como nuevo director de la Fundaci\u00f3. Sallent se incorpora a TIC Salut Social procedente de la Fundaci\u00f3 i2CAT, entidad en la que particip\u00f3 en el desarrollo e implementaci\u00f3n de la tecnolog\u00eda 5G, esencial para la evoluci\u00f3n [&hellip;]\" \/>\n<meta property=\"og:url\" content=\"https:\/\/ticsalutsocial.atoom.space\/es\/noticia\/josue-sallent-nuevo-director-de-la-fundacio-tic-salut-social\/\" \/>\n<meta property=\"og:site_name\" content=\"Fundaci\u00f3 TIC Salut i Social\" \/>\n<meta property=\"article:modified_time\" content=\"2021-07-21T13:37:31+00:00\" \/>\n<meta property=\"og:image\" content=\"https:\/\/ticsalutsocial.atoom.space\/wp-content\/uploads\/2018\/07\/josue_07-scaled.jpg\" \/>\n\t<meta property=\"og:image:width\" content=\"2560\" \/>\n\t<meta property=\"og:image:height\" content=\"1702\" \/>\n\t<meta property=\"og:image:type\" content=\"image\/jpeg\" \/>\n<meta name=\"twitter:card\" content=\"summary_large_image\" \/>\n<meta name=\"twitter:label1\" content=\"Tiempo de lectura\" \/>\n\t<meta name=\"twitter:data1\" content=\"1 minuto\" \/>\n<script type=\"application\/ld+json\" class=\"yoast-schema-graph\">{\"@context\":\"https:\/\/schema.org\",\"@graph\":[{\"@type\":\"WebPage\",\"@id\":\"https:\/\/ticsalutsocial.atoom.space\/es\/noticia\/josue-sallent-nuevo-director-de-la-fundacio-tic-salut-social\/\",\"url\":\"https:\/\/ticsalutsocial.atoom.space\/es\/noticia\/josue-sallent-nuevo-director-de-la-fundacio-tic-salut-social\/\",\"name\":\"Josu\u00e8 Sallent, nuevo director de la Fundaci\u00f3 TIC Salut Social - Fundaci\u00f3 TIC Salut i Social\",\"isPartOf\":{\"@id\":\"https:\/\/ticsalutsocial.atoom.space\/es\/#website\"},\"primaryImageOfPage\":{\"@id\":\"https:\/\/ticsalutsocial.atoom.space\/es\/noticia\/josue-sallent-nuevo-director-de-la-fundacio-tic-salut-social\/#primaryimage\"},\"image\":{\"@id\":\"https:\/\/ticsalutsocial.atoom.space\/es\/noticia\/josue-sallent-nuevo-director-de-la-fundacio-tic-salut-social\/#primaryimage\"},\"thumbnailUrl\":\"https:\/\/ticsalutsocial.atoom.space\/wp-content\/uploads\/2018\/07\/josue_07-scaled.jpg\",\"datePublished\":\"2018-07-17T08:24:18+00:00\",\"dateModified\":\"2021-07-21T13:37:31+00:00\",\"breadcrumb\":{\"@id\":\"https:\/\/ticsalutsocial.atoom.space\/es\/noticia\/josue-sallent-nuevo-director-de-la-fundacio-tic-salut-social\/#breadcrumb\"},\"inLanguage\":\"es\",\"potentialAction\":[{\"@type\":\"ReadAction\",\"target\":[\"https:\/\/ticsalutsocial.atoom.space\/es\/noticia\/josue-sallent-nuevo-director-de-la-fundacio-tic-salut-social\/\"]}]},{\"@type\":\"ImageObject\",\"inLanguage\":\"es\",\"@id\":\"https:\/\/ticsalutsocial.atoom.space\/es\/noticia\/josue-sallent-nuevo-director-de-la-fundacio-tic-salut-social\/#primaryimage\",\"url\":\"https:\/\/ticsalutsocial.atoom.space\/wp-content\/uploads\/2018\/07\/josue_07-scaled.jpg\",\"contentUrl\":\"https:\/\/ticsalutsocial.atoom.space\/wp-content\/uploads\/2018\/07\/josue_07-scaled.jpg\",\"width\":2560,\"height\":1702},{\"@type\":\"BreadcrumbList\",\"@id\":\"https:\/\/ticsalutsocial.atoom.space\/es\/noticia\/josue-sallent-nuevo-director-de-la-fundacio-tic-salut-social\/#breadcrumb\",\"itemListElement\":[{\"@type\":\"ListItem\",\"position\":1,\"name\":\"Inici\",\"item\":\"https:\/\/ticsalutsocial.atoom.space\/es\/\"},{\"@type\":\"ListItem\",\"position\":2,\"name\":\"Josu\u00e8 Sallent, nuevo director de la Fundaci\u00f3 TIC Salut Social\"}]},{\"@type\":\"WebSite\",\"@id\":\"https:\/\/ticsalutsocial.atoom.space\/es\/#website\",\"url\":\"https:\/\/ticsalutsocial.atoom.space\/es\/\",\"name\":\"Fundaci\u00f3 TIC Salut i Social\",\"description\":\"\",\"potentialAction\":[{\"@type\":\"SearchAction\",\"target\":{\"@type\":\"EntryPoint\",\"urlTemplate\":\"https:\/\/ticsalutsocial.atoom.space\/es\/?s={search_term_string}\"},\"query-input\":{\"@type\":\"PropertyValueSpecification\",\"valueRequired\":true,\"valueName\":\"search_term_string\"}}],\"inLanguage\":\"es\"}]}<\/script>\n<!-- \/ Yoast SEO plugin. -->","yoast_head_json":{"title":"Josu\u00e8 Sallent, nuevo director de la Fundaci\u00f3 TIC Salut Social - Fundaci\u00f3 TIC Salut i Social","robots":{"index":"index","follow":"follow","max-snippet":"max-snippet:-1","max-image-preview":"max-image-preview:large","max-video-preview":"max-video-preview:-1"},"canonical":"https:\/\/ticsalutsocial.atoom.space\/es\/noticia\/josue-sallent-nuevo-director-de-la-fundacio-tic-salut-social\/","og_locale":"es_ES","og_type":"article","og_title":"Josu\u00e8 Sallent, nuevo director de la Fundaci\u00f3 TIC Salut Social - Fundaci\u00f3 TIC Salut i Social","og_description":"El pasado mi\u00e9rcoles d\u00eda 11 de julio, el Patronato de la Fundaci\u00f3 TIC Salut Social nombr\u00f3 a Josu\u00e8 Sallent como nuevo director de la Fundaci\u00f3. Sallent se incorpora a TIC Salut Social procedente de la Fundaci\u00f3 i2CAT, entidad en la que particip\u00f3 en el desarrollo e implementaci\u00f3n de la tecnolog\u00eda 5G, esencial para la evoluci\u00f3n [&hellip;]","og_url":"https:\/\/ticsalutsocial.atoom.space\/es\/noticia\/josue-sallent-nuevo-director-de-la-fundacio-tic-salut-social\/","og_site_name":"Fundaci\u00f3 TIC Salut i Social","article_modified_time":"2021-07-21T13:37:31+00:00","og_image":[{"width":2560,"height":1702,"url":"https:\/\/ticsalutsocial.atoom.space\/wp-content\/uploads\/2018\/07\/josue_07-scaled.jpg","type":"image\/jpeg"}],"twitter_card":"summary_large_image","twitter_misc":{"Tiempo de lectura":"1 minuto"},"schema":{"@context":"https:\/\/schema.org","@graph":[{"@type":"WebPage","@id":"https:\/\/ticsalutsocial.atoom.space\/es\/noticia\/josue-sallent-nuevo-director-de-la-fundacio-tic-salut-social\/","url":"https:\/\/ticsalutsocial.atoom.space\/es\/noticia\/josue-sallent-nuevo-director-de-la-fundacio-tic-salut-social\/","name":"Josu\u00e8 Sallent, nuevo director de la Fundaci\u00f3 TIC Salut Social - Fundaci\u00f3 TIC Salut i Social","isPartOf":{"@id":"https:\/\/ticsalutsocial.atoom.space\/es\/#website"},"primaryImageOfPage":{"@id":"https:\/\/ticsalutsocial.atoom.space\/es\/noticia\/josue-sallent-nuevo-director-de-la-fundacio-tic-salut-social\/#primaryimage"},"image":{"@id":"https:\/\/ticsalutsocial.atoom.space\/es\/noticia\/josue-sallent-nuevo-director-de-la-fundacio-tic-salut-social\/#primaryimage"},"thumbnailUrl":"https:\/\/ticsalutsocial.atoom.space\/wp-content\/uploads\/2018\/07\/josue_07-scaled.jpg","datePublished":"2018-07-17T08:24:18+00:00","dateModified":"2021-07-21T13:37:31+00:00","breadcrumb":{"@id":"https:\/\/ticsalutsocial.atoom.space\/es\/noticia\/josue-sallent-nuevo-director-de-la-fundacio-tic-salut-social\/#breadcrumb"},"inLanguage":"es","potentialAction":[{"@type":"ReadAction","target":["https:\/\/ticsalutsocial.atoom.space\/es\/noticia\/josue-sallent-nuevo-director-de-la-fundacio-tic-salut-social\/"]}]},{"@type":"ImageObject","inLanguage":"es","@id":"https:\/\/ticsalutsocial.atoom.space\/es\/noticia\/josue-sallent-nuevo-director-de-la-fundacio-tic-salut-social\/#primaryimage","url":"https:\/\/ticsalutsocial.atoom.space\/wp-content\/uploads\/2018\/07\/josue_07-scaled.jpg","contentUrl":"https:\/\/ticsalutsocial.atoom.space\/wp-content\/uploads\/2018\/07\/josue_07-scaled.jpg","width":2560,"height":1702},{"@type":"BreadcrumbList","@id":"https:\/\/ticsalutsocial.atoom.space\/es\/noticia\/josue-sallent-nuevo-director-de-la-fundacio-tic-salut-social\/#breadcrumb","itemListElement":[{"@type":"ListItem","position":1,"name":"Inici","item":"https:\/\/ticsalutsocial.atoom.space\/es\/"},{"@type":"ListItem","position":2,"name":"Josu\u00e8 Sallent, nuevo director de la Fundaci\u00f3 TIC Salut Social"}]},{"@type":"WebSite","@id":"https:\/\/ticsalutsocial.atoom.space\/es\/#website","url":"https:\/\/ticsalutsocial.atoom.space\/es\/","name":"Fundaci\u00f3 TIC Salut i Social","description":"","potentialAction":[{"@type":"SearchAction","target":{"@type":"EntryPoint","urlTemplate":"https:\/\/ticsalutsocial.atoom.space\/es\/?s={search_term_string}"},"query-input":{"@type":"PropertyValueSpecification","valueRequired":true,"valueName":"search_term_string"}}],"inLanguage":"es"}]}},"_links":{"self":[{"href":"https:\/\/ticsalutsocial.atoom.space\/es\/wp-json\/wp\/v2\/noticia\/3470","targetHints":{"allow":["GET"]}}],"collection":[{"href":"https:\/\/ticsalutsocial.atoom.space\/es\/wp-json\/wp\/v2\/noticia"}],"about":[{"href":"https:\/\/ticsalutsocial.atoom.space\/es\/wp-json\/wp\/v2\/types\/noticia"}],"author":[{"embeddable":true,"href":"https:\/\/ticsalutsocial.atoom.space\/es\/wp-json\/wp\/v2\/users\/21"}],"wp:featuredmedia":[{"embeddable":true,"href":"https:\/\/ticsalutsocial.atoom.space\/es\/wp-json\/wp\/v2\/media\/3467"}],"wp:attachment":[{"href":"https:\/\/ticsalutsocial.atoom.space\/es\/wp-json\/wp\/v2\/media?parent=3470"}],"wp:term":[{"taxonomy":"etiqueta","embeddable":true,"href":"https:\/\/ticsalutsocial.atoom.space\/es\/wp-json\/wp\/v2\/etiqueta?post=3470"},{"taxonomy":"tipus","embeddable":true,"href":"https:\/\/ticsalutsocial.atoom.space\/es\/wp-json\/wp\/v2\/tipus?post=3470"},{"taxonomy":"topic","embeddable":true,"href":"https:\/\/ticsalutsocial.atoom.space\/es\/wp-json\/wp\/v2\/topic?post=3470"}],"curies":[{"name":"wp","href":"https:\/\/api.w.org\/{rel}","templated":true}]}}