
{"id":34803,"date":"2025-11-28T12:03:02","date_gmt":"2025-11-28T10:03:02","guid":{"rendered":"https:\/\/ticsalutsocial.atoom.space\/?post_type=noticia&#038;p=34803"},"modified":"2025-11-28T12:12:04","modified_gmt":"2025-11-28T10:12:04","slug":"confirmada-la-nueva-edicion-del-genai-health-hack-en-barcelona","status":"publish","type":"noticia","link":"https:\/\/ticsalutsocial.atoom.space\/es\/noticia\/confirmada-la-nueva-edicion-del-genai-health-hack-en-barcelona\/","title":{"rendered":"Confirmada la nueva edici\u00f3n del GenAI Health Hack en Barcelona"},"content":{"rendered":"<p>El Hospital Cl\u00ednic de Barcelona, el Programa Salut\/IA del Departament de Salut y la C\u00e1tedra de Oncolog\u00eda de Precisi\u00f3n de la UB, en colaboraci\u00f3n con MIT Critical Data, anuncian una nueva edici\u00f3n del GenAI Health Hack, el encuentro de referencia para explorar la aplicaci\u00f3n de la inteligencia artificial generativa en el sistema de salud de Catalunya.<\/p>\r\n<p><!-- \/wp:post-content -->\r\n\r\n<!-- wp:paragraph --><\/p>\r\n<p>Este a\u00f1o, la hackat\u00f3n se celebrar\u00e1 de nuevo en el espacio NTT Data Barcelona y contar\u00e1 con una jornada inaugural de conferencias con personas expertas y profesionales del sector de la salud, que se realizar\u00e1 en el Hotel SB Icaria.<\/p>\r\n<p><!-- \/wp:paragraph -->\r\n\r\n<!-- wp:paragraph --><\/p>\r\n<p>Durante tres d\u00edas, equipos multidisciplinarios formados por profesionales de la salud, investigadores, ingenieros, estudiantes, cient\u00edficos de datos, expertos en \u00e9tica y pacientes trabajar\u00e1n conjuntamente para resolver retos reales del Sistema de Salud de Catalunya. El objetivo es impulsar soluciones l\u00edderes, promover un uso responsable de la IA y fortalecer el ecosistema de colaboraci\u00f3n entre instituciones sanitarias, centros de investigaci\u00f3n, universidades e industria.<\/p>\r\n<p><!-- \/wp:paragraph -->\r\n\r\n<!-- wp:paragraph --><\/p>\r\n<p>Esta nueva edici\u00f3n pone \u00e9nfasis especial en la creaci\u00f3n de un ecosistema abierto, donde la innovaci\u00f3n se construye compartiendo conocimiento, datos y experiencias.<\/p>\r\n<p><!-- \/wp:paragraph -->\r\n\r\n<!-- wp:heading --><\/p>\r\n<h2 class=\"wp-block-heading\">Inscripciones<\/h2>\r\n<ul>\r\n<li>Hackat\u00f3n: las inscripciones para participar ya est\u00e1n abiertas en este <a href=\"https:\/\/forms.office.com\/Pages\/ResponsePage.aspx?id=Qfd_ZuT7i0aVP_w82AGuNEx41CvaYfJHuEGZkZ8PrkpUOTRVTVJQSVpMV0pPMDJXRTRKSFRNWkcyWi4u\">enlace<\/a>.<\/li>\r\n<li>Conferencias: el registro se abrir\u00e1 a mediados de enero.<\/li>\r\n<\/ul>\r\n<p><!-- \/wp:heading -->\r\n\r\n<!-- wp:list-item --><\/p>\r\n<p><!-- \/wp:list-item --><\/p>\r\n<p><!-- \/wp:list -->\r\n\r\n<!-- wp:heading --><\/p>\r\n<h2 class=\"wp-block-heading\">Edici\u00f3n 2024<\/h2>\r\n<p><!-- \/wp:heading -->\r\n\r\n<!-- wp:paragraph --><\/p>\r\n<p>La primera edici\u00f3n del GenAI Health Hack se celebr\u00f3 el noviembre de 2024 y reuni\u00f3 94 participantes, organizados en 13 equipos multidisciplinarios que\u00a0 trabajaron conjuntamente con 17 mentores especializados en salud, tecnolog\u00eda y \u00e9tica. Los equipos abordaron retos reales vinculados a cuatro \u00e1reas clave de aplicaci\u00f3n de la inteligencia artificial generativa en el \u00e1mbito sanitario: la estructuraci\u00f3n autom\u00e1tica del lenguaje cl\u00ednico no estructurado, la traducci\u00f3n del lenguaje natural en consultas SQL para facilitar el acceso a datos cl\u00ednicos, el soporte al diagn\u00f3stico cl\u00ednico y el desarrollo de chatbots para la formaci\u00f3n de profesionales o la educaci\u00f3n de pacientes.<\/p>\r\n<p><!-- \/wp:paragraph -->\r\n\r\n<!-- wp:paragraph --><\/p>\r\n<p>El evento va gener\u00f3 mucho inter\u00e9s entre los profesionales en activo y estudiantes del \u00e1mbito de la tecnolog\u00eda y la salud, as\u00ed como representantes institucionales consolid\u00e1ndose como un punto de encuentro de referencia por impulsar la innovaci\u00f3n responsable en IA aplicada a la salud.<\/p>","protected":false},"author":12,"featured_media":34801,"menu_order":0,"template":"","meta":{"_acf_changed":false,"inline_featured_image":false},"etiqueta":[824],"tipus":[879],"topic":[117],"class_list":["post-34803","noticia","type-noticia","status-publish","has-post-thumbnail","hentry","etiqueta-ia-es","tipus-inteligencia-artificial","topic-jornadas"],"acf":{"autor":"","imatge":false,"textos_destacats":[{"texte":"Barcelona acoger\u00e1 los d\u00edas 19, 20 y 21 de febrero la segunda edici\u00f3n de la hackat\u00f3n del Campus Cl\u00ednic Barcelona, que en esta edici\u00f3n pondr\u00e1 el foco en Agentic IA en salud."}],"documents":false,"finalitzat":false,"tipus_plantilla":"objectius","template_objectius":{"cont_principal":"","imatge":false,"cont_seguent":{"titol":"","contingut":""},"seccio_llistat":{"titol":"","llistat":false},"objectius":{"titol":"","objectius":false},"documents":false}},"yoast_head":"<!-- This site is optimized with the Yoast SEO plugin v27.1.1 - https:\/\/yoast.com\/product\/yoast-seo-wordpress\/ -->\n<title>Confirmada la nueva edici\u00f3n del GenAI Health Hack en Barcelona - Fundaci\u00f3 TIC Salut i Social<\/title>\n<meta name=\"robots\" content=\"index, follow, max-snippet:-1, max-image-preview:large, max-video-preview:-1\" \/>\n<link rel=\"canonical\" href=\"https:\/\/ticsalutsocial.atoom.space\/es\/noticia\/confirmada-la-nueva-edicion-del-genai-health-hack-en-barcelona\/\" \/>\n<meta property=\"og:locale\" content=\"es_ES\" \/>\n<meta property=\"og:type\" content=\"article\" \/>\n<meta property=\"og:title\" content=\"Confirmada la nueva edici\u00f3n del GenAI Health Hack en Barcelona - Fundaci\u00f3 TIC Salut i Social\" \/>\n<meta property=\"og:description\" content=\"El Hospital Cl\u00ednic de Barcelona, el Programa Salut\/IA del Departament de Salut y la C\u00e1tedra de Oncolog\u00eda de Precisi\u00f3n de la UB, en colaboraci\u00f3n con MIT Critical Data, anuncian una nueva edici\u00f3n del GenAI Health Hack, el encuentro de referencia para explorar la aplicaci\u00f3n de la inteligencia artificial generativa en el sistema de salud de [&hellip;]\" \/>\n<meta property=\"og:url\" content=\"https:\/\/ticsalutsocial.atoom.space\/es\/noticia\/confirmada-la-nueva-edicion-del-genai-health-hack-en-barcelona\/\" \/>\n<meta property=\"og:site_name\" content=\"Fundaci\u00f3 TIC Salut i Social\" \/>\n<meta property=\"article:modified_time\" content=\"2025-11-28T10:12:04+00:00\" \/>\n<meta property=\"og:image\" content=\"https:\/\/ticsalutsocial.atoom.space\/wp-content\/uploads\/2025\/11\/Hackaton_WEB-1.png\" \/>\n\t<meta property=\"og:image:width\" content=\"1280\" \/>\n\t<meta property=\"og:image:height\" content=\"960\" \/>\n\t<meta property=\"og:image:type\" content=\"image\/png\" \/>\n<meta name=\"twitter:card\" content=\"summary_large_image\" \/>\n<meta name=\"twitter:label1\" content=\"Tiempo de lectura\" \/>\n\t<meta name=\"twitter:data1\" content=\"3 minutos\" \/>\n<script type=\"application\/ld+json\" class=\"yoast-schema-graph\">{\"@context\":\"https:\/\/schema.org\",\"@graph\":[{\"@type\":\"WebPage\",\"@id\":\"https:\/\/ticsalutsocial.atoom.space\/es\/noticia\/confirmada-la-nueva-edicion-del-genai-health-hack-en-barcelona\/\",\"url\":\"https:\/\/ticsalutsocial.atoom.space\/es\/noticia\/confirmada-la-nueva-edicion-del-genai-health-hack-en-barcelona\/\",\"name\":\"Confirmada la nueva edici\u00f3n del GenAI Health Hack en Barcelona - Fundaci\u00f3 TIC Salut i Social\",\"isPartOf\":{\"@id\":\"https:\/\/ticsalutsocial.atoom.space\/es\/#website\"},\"primaryImageOfPage\":{\"@id\":\"https:\/\/ticsalutsocial.atoom.space\/es\/noticia\/confirmada-la-nueva-edicion-del-genai-health-hack-en-barcelona\/#primaryimage\"},\"image\":{\"@id\":\"https:\/\/ticsalutsocial.atoom.space\/es\/noticia\/confirmada-la-nueva-edicion-del-genai-health-hack-en-barcelona\/#primaryimage\"},\"thumbnailUrl\":\"https:\/\/ticsalutsocial.atoom.space\/wp-content\/uploads\/2025\/11\/Hackaton_WEB-1.png\",\"datePublished\":\"2025-11-28T10:03:02+00:00\",\"dateModified\":\"2025-11-28T10:12:04+00:00\",\"breadcrumb\":{\"@id\":\"https:\/\/ticsalutsocial.atoom.space\/es\/noticia\/confirmada-la-nueva-edicion-del-genai-health-hack-en-barcelona\/#breadcrumb\"},\"inLanguage\":\"es\",\"potentialAction\":[{\"@type\":\"ReadAction\",\"target\":[\"https:\/\/ticsalutsocial.atoom.space\/es\/noticia\/confirmada-la-nueva-edicion-del-genai-health-hack-en-barcelona\/\"]}]},{\"@type\":\"ImageObject\",\"inLanguage\":\"es\",\"@id\":\"https:\/\/ticsalutsocial.atoom.space\/es\/noticia\/confirmada-la-nueva-edicion-del-genai-health-hack-en-barcelona\/#primaryimage\",\"url\":\"https:\/\/ticsalutsocial.atoom.space\/wp-content\/uploads\/2025\/11\/Hackaton_WEB-1.png\",\"contentUrl\":\"https:\/\/ticsalutsocial.atoom.space\/wp-content\/uploads\/2025\/11\/Hackaton_WEB-1.png\",\"width\":1280,\"height\":960,\"caption\":\"GenAI Health Hack\"},{\"@type\":\"BreadcrumbList\",\"@id\":\"https:\/\/ticsalutsocial.atoom.space\/es\/noticia\/confirmada-la-nueva-edicion-del-genai-health-hack-en-barcelona\/#breadcrumb\",\"itemListElement\":[{\"@type\":\"ListItem\",\"position\":1,\"name\":\"Inici\",\"item\":\"https:\/\/ticsalutsocial.atoom.space\/es\/\"},{\"@type\":\"ListItem\",\"position\":2,\"name\":\"Confirmada la nueva edici\u00f3n del GenAI Health Hack en Barcelona\"}]},{\"@type\":\"WebSite\",\"@id\":\"https:\/\/ticsalutsocial.atoom.space\/es\/#website\",\"url\":\"https:\/\/ticsalutsocial.atoom.space\/es\/\",\"name\":\"Fundaci\u00f3 TIC Salut i Social\",\"description\":\"\",\"potentialAction\":[{\"@type\":\"SearchAction\",\"target\":{\"@type\":\"EntryPoint\",\"urlTemplate\":\"https:\/\/ticsalutsocial.atoom.space\/es\/?s={search_term_string}\"},\"query-input\":{\"@type\":\"PropertyValueSpecification\",\"valueRequired\":true,\"valueName\":\"search_term_string\"}}],\"inLanguage\":\"es\"}]}<\/script>\n<!-- \/ Yoast SEO plugin. -->","yoast_head_json":{"title":"Confirmada la nueva edici\u00f3n del GenAI Health Hack en Barcelona - Fundaci\u00f3 TIC Salut i Social","robots":{"index":"index","follow":"follow","max-snippet":"max-snippet:-1","max-image-preview":"max-image-preview:large","max-video-preview":"max-video-preview:-1"},"canonical":"https:\/\/ticsalutsocial.atoom.space\/es\/noticia\/confirmada-la-nueva-edicion-del-genai-health-hack-en-barcelona\/","og_locale":"es_ES","og_type":"article","og_title":"Confirmada la nueva edici\u00f3n del GenAI Health Hack en Barcelona - Fundaci\u00f3 TIC Salut i Social","og_description":"El Hospital Cl\u00ednic de Barcelona, el Programa Salut\/IA del Departament de Salut y la C\u00e1tedra de Oncolog\u00eda de Precisi\u00f3n de la UB, en colaboraci\u00f3n con MIT Critical Data, anuncian una nueva edici\u00f3n del GenAI Health Hack, el encuentro de referencia para explorar la aplicaci\u00f3n de la inteligencia artificial generativa en el sistema de salud de [&hellip;]","og_url":"https:\/\/ticsalutsocial.atoom.space\/es\/noticia\/confirmada-la-nueva-edicion-del-genai-health-hack-en-barcelona\/","og_site_name":"Fundaci\u00f3 TIC Salut i Social","article_modified_time":"2025-11-28T10:12:04+00:00","og_image":[{"width":1280,"height":960,"url":"https:\/\/ticsalutsocial.atoom.space\/wp-content\/uploads\/2025\/11\/Hackaton_WEB-1.png","type":"image\/png"}],"twitter_card":"summary_large_image","twitter_misc":{"Tiempo de lectura":"3 minutos"},"schema":{"@context":"https:\/\/schema.org","@graph":[{"@type":"WebPage","@id":"https:\/\/ticsalutsocial.atoom.space\/es\/noticia\/confirmada-la-nueva-edicion-del-genai-health-hack-en-barcelona\/","url":"https:\/\/ticsalutsocial.atoom.space\/es\/noticia\/confirmada-la-nueva-edicion-del-genai-health-hack-en-barcelona\/","name":"Confirmada la nueva edici\u00f3n del GenAI Health Hack en Barcelona - Fundaci\u00f3 TIC Salut i Social","isPartOf":{"@id":"https:\/\/ticsalutsocial.atoom.space\/es\/#website"},"primaryImageOfPage":{"@id":"https:\/\/ticsalutsocial.atoom.space\/es\/noticia\/confirmada-la-nueva-edicion-del-genai-health-hack-en-barcelona\/#primaryimage"},"image":{"@id":"https:\/\/ticsalutsocial.atoom.space\/es\/noticia\/confirmada-la-nueva-edicion-del-genai-health-hack-en-barcelona\/#primaryimage"},"thumbnailUrl":"https:\/\/ticsalutsocial.atoom.space\/wp-content\/uploads\/2025\/11\/Hackaton_WEB-1.png","datePublished":"2025-11-28T10:03:02+00:00","dateModified":"2025-11-28T10:12:04+00:00","breadcrumb":{"@id":"https:\/\/ticsalutsocial.atoom.space\/es\/noticia\/confirmada-la-nueva-edicion-del-genai-health-hack-en-barcelona\/#breadcrumb"},"inLanguage":"es","potentialAction":[{"@type":"ReadAction","target":["https:\/\/ticsalutsocial.atoom.space\/es\/noticia\/confirmada-la-nueva-edicion-del-genai-health-hack-en-barcelona\/"]}]},{"@type":"ImageObject","inLanguage":"es","@id":"https:\/\/ticsalutsocial.atoom.space\/es\/noticia\/confirmada-la-nueva-edicion-del-genai-health-hack-en-barcelona\/#primaryimage","url":"https:\/\/ticsalutsocial.atoom.space\/wp-content\/uploads\/2025\/11\/Hackaton_WEB-1.png","contentUrl":"https:\/\/ticsalutsocial.atoom.space\/wp-content\/uploads\/2025\/11\/Hackaton_WEB-1.png","width":1280,"height":960,"caption":"GenAI Health Hack"},{"@type":"BreadcrumbList","@id":"https:\/\/ticsalutsocial.atoom.space\/es\/noticia\/confirmada-la-nueva-edicion-del-genai-health-hack-en-barcelona\/#breadcrumb","itemListElement":[{"@type":"ListItem","position":1,"name":"Inici","item":"https:\/\/ticsalutsocial.atoom.space\/es\/"},{"@type":"ListItem","position":2,"name":"Confirmada la nueva edici\u00f3n del GenAI Health Hack en Barcelona"}]},{"@type":"WebSite","@id":"https:\/\/ticsalutsocial.atoom.space\/es\/#website","url":"https:\/\/ticsalutsocial.atoom.space\/es\/","name":"Fundaci\u00f3 TIC Salut i Social","description":"","potentialAction":[{"@type":"SearchAction","target":{"@type":"EntryPoint","urlTemplate":"https:\/\/ticsalutsocial.atoom.space\/es\/?s={search_term_string}"},"query-input":{"@type":"PropertyValueSpecification","valueRequired":true,"valueName":"search_term_string"}}],"inLanguage":"es"}]}},"_links":{"self":[{"href":"https:\/\/ticsalutsocial.atoom.space\/es\/wp-json\/wp\/v2\/noticia\/34803","targetHints":{"allow":["GET"]}}],"collection":[{"href":"https:\/\/ticsalutsocial.atoom.space\/es\/wp-json\/wp\/v2\/noticia"}],"about":[{"href":"https:\/\/ticsalutsocial.atoom.space\/es\/wp-json\/wp\/v2\/types\/noticia"}],"author":[{"embeddable":true,"href":"https:\/\/ticsalutsocial.atoom.space\/es\/wp-json\/wp\/v2\/users\/12"}],"wp:featuredmedia":[{"embeddable":true,"href":"https:\/\/ticsalutsocial.atoom.space\/es\/wp-json\/wp\/v2\/media\/34801"}],"wp:attachment":[{"href":"https:\/\/ticsalutsocial.atoom.space\/es\/wp-json\/wp\/v2\/media?parent=34803"}],"wp:term":[{"taxonomy":"etiqueta","embeddable":true,"href":"https:\/\/ticsalutsocial.atoom.space\/es\/wp-json\/wp\/v2\/etiqueta?post=34803"},{"taxonomy":"tipus","embeddable":true,"href":"https:\/\/ticsalutsocial.atoom.space\/es\/wp-json\/wp\/v2\/tipus?post=34803"},{"taxonomy":"topic","embeddable":true,"href":"https:\/\/ticsalutsocial.atoom.space\/es\/wp-json\/wp\/v2\/topic?post=34803"}],"curies":[{"name":"wp","href":"https:\/\/api.w.org\/{rel}","templated":true}]}}