
{"id":3482,"date":"2018-08-02T08:37:52","date_gmt":"2018-08-02T06:37:52","guid":{"rendered":"https:\/\/ticsalutsocial.atoom.space\/?post_type=noticia&#038;p=3482"},"modified":"2021-07-21T15:37:37","modified_gmt":"2021-07-21T13:37:37","slug":"salut-mental-a-catalunya-cap-a-una-major-integracio-dels-sistemes-dinformacio","status":"publish","type":"noticia","link":"https:\/\/ticsalutsocial.atoom.space\/es\/noticia\/salut-mental-a-catalunya-cap-a-una-major-integracio-dels-sistemes-dinformacio\/","title":{"rendered":"Salut Mental a Catalunya: cap a una major integraci\u00f3 dels sistemes d\u2019informaci\u00f3"},"content":{"rendered":"<h1><\/h1>\n<p>L\u2019atenci\u00f3 p\u00fablica a la Salut Mental i Addiccions (SMiA) a Catalunya \u00e9s un sistema assistencial en profunda transformaci\u00f3 des de fa temps, per\u00f2 de manera m\u00e9s visible durant el darrer any amb l\u2019aprovaci\u00f3 de les l\u00ednies estrat\u00e8giques 2017-2020 del Pla Director de Salut Mental. Aquest t\u00e9 com a objectiu la normalitzaci\u00f3 i integraci\u00f3 assistencial, tan vertical com horitzontal, dels recursos sanitaris i socials, essent el coneixement i transmissi\u00f3 de la informaci\u00f3 cl\u00ednica de les persones ateses el factor clau per tal de facilitar la continu\u00eftat assistencial. Els resultats del Mapa de Tend\u00e8ncies mostren que una tercera part de les Entitats Prove\u00efdores del Sistema sanitari integral d&#8217;utilitzaci\u00f3 p\u00fablica de Catalunya (SISCAT) tenen un recurs de l\u2019\u00e0mbit de la SMiA, idea for\u00e7a tant de la import\u00e0ncia com de la progressiva integraci\u00f3 dels sistemes de SMiA en l\u2019atenci\u00f3 sanit\u00e0ria general.<\/p>\n<p>D\u2019acord amb els resultats d\u2019enguany, el 76% de les entitats responents disposen de programaris relatius a l\u2019estaci\u00f3 cl\u00ednica d\u2019infermeria i pla de cures, eines que serveixen de base per construir aquest pla integral d\u2019atenci\u00f3 i que, en continu\u00eftat amb d\u2019altres recursos, permeten valoracions cada cop m\u00e9s hol\u00edstiques. Aquests plans de cures tenen una visi\u00f3 bio-psico-social amb moltes dificultats d\u2019aplicaci\u00f3, la qual cosa podria explicar una menor puntuaci\u00f3 en el grau de satisfacci\u00f3 del programari utilitzat. En aquest proc\u00e9s d\u2019integraci\u00f3, els Centres d\u2019Atenci\u00f3 i Seguiment d\u2019Addiccions, encara que progressivament van utilitzant formules d\u2019integraci\u00f3 funcional o de col\u00b7laboraci\u00f3 amb els centres de Salut Mental, tampoc disposen d\u2019un Conjunt M\u00ednim B\u00e0sic de Dades espec\u00edfic (objectiu 2018). Es constata, doncs, la seva baixa interconnectivitat tant a l\u2019acc\u00e9s com a l\u2019aportaci\u00f3 de dades.<\/p>\n<p><em>Disposici\u00f3, grau mitj\u00e0 de satisfacci\u00f3 i intenci\u00f3 de canvi del programari utlitizat, per categories<\/em><\/p>\n<p><img loading=\"lazy\" decoding=\"async\" class=\"aligncenter wp-image-9260\" src=\"https:\/\/ticsalutsocial.atoom.space\/wp-content\/uploads\/2018\/08\/captura4.png\" alt=\"\" width=\"1800\" height=\"315\" \/><\/p>\n<p>Un dels punts forts destacats per les dades \u00e9s que el 75% dels Centres de Salut Mental i Addiccions (CSMiA) aporten dades a l\u2019HC3: aquesta dada \u00e9s important perqu\u00e8 el gruix de la poblaci\u00f3 atesa per SM ho fa en aquests centres (2,8% de la poblaci\u00f3 adulta i un 4,1% de la poblaci\u00f3 menor de 18 anys); per tant, l\u2019atenci\u00f3 dispensada, en gran part, est\u00e0 disponible en el sistema. En canvi, s\u2019identifiquen com a punts de millora l\u2019encara parcial acc\u00e9s d\u2019aquests centres a l\u2019HC3 (aproximadament el 50%), aspecte cabdal si es vol millorar l\u2019atenci\u00f3 en salut f\u00edsica i ps\u00edquica de les persones; i l\u2019acc\u00e9s i la informaci\u00f3 a l\u2019HC3 de les unitats d\u2019aguts, aix\u00ed com de les persones ateses a Hospitals de Dia, Subaguts i Centres de Dia (probablement la seva informaci\u00f3 queda reflectida en la informaci\u00f3 dels Centres de Salut Mental).<\/p>\n<p><em>Informa\/T\u00e9 acc\u00e9s a HC3? Per especialitats<\/em><\/p>\n<p><img loading=\"lazy\" decoding=\"async\" class=\"alignnone wp-image-9263\" src=\"https:\/\/ticsalutsocial.atoom.space\/wp-content\/uploads\/2018\/08\/captura3-1-700x717-1.png\" alt=\"\" width=\"500\" height=\"512\" \/><\/p>\n<p>En general, podem considerar que l\u2019entorn de SMiA est\u00e0 fent un visible esfor\u00e7 d\u2019adaptaci\u00f3: venim d\u2019un d\u00e8ficit important que, de manera progressiva, assolir\u00e0 les quotes d\u2019informaci\u00f3 i acc\u00e9s necess\u00e0ries per una qualitat assistencial integral. El Mapa de Tend\u00e8ncies ens dona un mapeig de situaci\u00f3 actual i ens permet trobar punts de millora.<\/p>\n<p><em>Agra\u00efm la col\u00b7laboraci\u00f3 en la redacci\u00f3 d\u2019aquest article al Dr. Pere Bonet (Althaia Xarxa Assistencial i Universit\u00e0ria de Manresa). Per a m\u00e9s informaci\u00f3, si us plau contacteu al correu <a href=\"mailto:mapatendencies@ticsalutsocial.cat\">mapatendencies@ticsalutsocial.cat<\/a><\/em><\/p>\n","protected":false},"author":21,"featured_media":3478,"menu_order":0,"template":"","meta":{"_acf_changed":false,"inline_featured_image":false},"etiqueta":[442,476,535,226,237],"tipus":[],"topic":[],"class_list":["post-3482","noticia","type-noticia","status-publish","has-post-thumbnail","hentry","etiqueta-mapaticsalut-es","etiqueta-observatori-es","etiqueta-sistemes-dinformacio-es","etiqueta-mapa-de-tendencies-es","etiqueta-siscat-es"],"acf":{"imatge":3480,"autor":"Francesc L\u00f3pez Segui","textos_destacats":[{"texte":"Avaluaci\u00f3 del programari de l\u2019Atenci\u00f3 a la Salut Mental i Addiccions: resultats del Mapa de Tend\u00e8ncies"}]},"yoast_head":"<!-- This site is optimized with the Yoast SEO plugin v27.1.1 - https:\/\/yoast.com\/product\/yoast-seo-wordpress\/ -->\n<title>Salut Mental a Catalunya: cap a una major integraci\u00f3 dels sistemes d\u2019informaci\u00f3 - Fundaci\u00f3 TIC Salut i Social<\/title>\n<meta name=\"robots\" content=\"index, follow, max-snippet:-1, max-image-preview:large, max-video-preview:-1\" \/>\n<link rel=\"canonical\" href=\"https:\/\/ticsalutsocial.atoom.space\/es\/noticia\/salut-mental-a-catalunya-cap-a-una-major-integracio-dels-sistemes-dinformacio\/\" \/>\n<meta property=\"og:locale\" content=\"es_ES\" \/>\n<meta property=\"og:type\" content=\"article\" \/>\n<meta property=\"og:title\" content=\"Salut Mental a Catalunya: cap a una major integraci\u00f3 dels sistemes d\u2019informaci\u00f3 - Fundaci\u00f3 TIC Salut i Social\" \/>\n<meta property=\"og:description\" content=\"L\u2019atenci\u00f3 p\u00fablica a la Salut Mental i Addiccions (SMiA) a Catalunya \u00e9s un sistema assistencial en profunda transformaci\u00f3 des de fa temps, per\u00f2 de manera m\u00e9s visible durant el darrer any amb l\u2019aprovaci\u00f3 de les l\u00ednies estrat\u00e8giques 2017-2020 del Pla Director de Salut Mental. Aquest t\u00e9 com a objectiu la normalitzaci\u00f3 i integraci\u00f3 assistencial, tan [&hellip;]\" \/>\n<meta property=\"og:url\" content=\"https:\/\/ticsalutsocial.atoom.space\/es\/noticia\/salut-mental-a-catalunya-cap-a-una-major-integracio-dels-sistemes-dinformacio\/\" \/>\n<meta property=\"og:site_name\" content=\"Fundaci\u00f3 TIC Salut i Social\" \/>\n<meta property=\"article:modified_time\" content=\"2021-07-21T13:37:37+00:00\" \/>\n<meta property=\"og:image\" content=\"https:\/\/ticsalutsocial.atoom.space\/wp-content\/uploads\/2018\/08\/bigdata02.jpg\" \/>\n\t<meta property=\"og:image:width\" content=\"500\" \/>\n\t<meta property=\"og:image:height\" content=\"250\" \/>\n\t<meta property=\"og:image:type\" content=\"image\/jpeg\" \/>\n<meta name=\"twitter:card\" content=\"summary_large_image\" \/>\n<meta name=\"twitter:label1\" content=\"Tiempo de lectura\" \/>\n\t<meta name=\"twitter:data1\" content=\"3 minutos\" \/>\n<script type=\"application\/ld+json\" class=\"yoast-schema-graph\">{\"@context\":\"https:\/\/schema.org\",\"@graph\":[{\"@type\":\"WebPage\",\"@id\":\"https:\/\/ticsalutsocial.atoom.space\/es\/noticia\/salut-mental-a-catalunya-cap-a-una-major-integracio-dels-sistemes-dinformacio\/\",\"url\":\"https:\/\/ticsalutsocial.atoom.space\/es\/noticia\/salut-mental-a-catalunya-cap-a-una-major-integracio-dels-sistemes-dinformacio\/\",\"name\":\"Salut Mental a Catalunya: cap a una major integraci\u00f3 dels sistemes d\u2019informaci\u00f3 - Fundaci\u00f3 TIC Salut i Social\",\"isPartOf\":{\"@id\":\"https:\/\/ticsalutsocial.atoom.space\/es\/#website\"},\"primaryImageOfPage\":{\"@id\":\"https:\/\/ticsalutsocial.atoom.space\/es\/noticia\/salut-mental-a-catalunya-cap-a-una-major-integracio-dels-sistemes-dinformacio\/#primaryimage\"},\"image\":{\"@id\":\"https:\/\/ticsalutsocial.atoom.space\/es\/noticia\/salut-mental-a-catalunya-cap-a-una-major-integracio-dels-sistemes-dinformacio\/#primaryimage\"},\"thumbnailUrl\":\"https:\/\/ticsalutsocial.atoom.space\/wp-content\/uploads\/2018\/08\/bigdata02.jpg\",\"datePublished\":\"2018-08-02T06:37:52+00:00\",\"dateModified\":\"2021-07-21T13:37:37+00:00\",\"breadcrumb\":{\"@id\":\"https:\/\/ticsalutsocial.atoom.space\/es\/noticia\/salut-mental-a-catalunya-cap-a-una-major-integracio-dels-sistemes-dinformacio\/#breadcrumb\"},\"inLanguage\":\"es\",\"potentialAction\":[{\"@type\":\"ReadAction\",\"target\":[\"https:\/\/ticsalutsocial.atoom.space\/es\/noticia\/salut-mental-a-catalunya-cap-a-una-major-integracio-dels-sistemes-dinformacio\/\"]}]},{\"@type\":\"ImageObject\",\"inLanguage\":\"es\",\"@id\":\"https:\/\/ticsalutsocial.atoom.space\/es\/noticia\/salut-mental-a-catalunya-cap-a-una-major-integracio-dels-sistemes-dinformacio\/#primaryimage\",\"url\":\"https:\/\/ticsalutsocial.atoom.space\/wp-content\/uploads\/2018\/08\/bigdata02.jpg\",\"contentUrl\":\"https:\/\/ticsalutsocial.atoom.space\/wp-content\/uploads\/2018\/08\/bigdata02.jpg\",\"width\":500,\"height\":250},{\"@type\":\"BreadcrumbList\",\"@id\":\"https:\/\/ticsalutsocial.atoom.space\/es\/noticia\/salut-mental-a-catalunya-cap-a-una-major-integracio-dels-sistemes-dinformacio\/#breadcrumb\",\"itemListElement\":[{\"@type\":\"ListItem\",\"position\":1,\"name\":\"Inici\",\"item\":\"https:\/\/ticsalutsocial.atoom.space\/es\/\"},{\"@type\":\"ListItem\",\"position\":2,\"name\":\"Salut Mental a Catalunya: cap a una major integraci\u00f3 dels sistemes d\u2019informaci\u00f3\"}]},{\"@type\":\"WebSite\",\"@id\":\"https:\/\/ticsalutsocial.atoom.space\/es\/#website\",\"url\":\"https:\/\/ticsalutsocial.atoom.space\/es\/\",\"name\":\"Fundaci\u00f3 TIC Salut i Social\",\"description\":\"\",\"potentialAction\":[{\"@type\":\"SearchAction\",\"target\":{\"@type\":\"EntryPoint\",\"urlTemplate\":\"https:\/\/ticsalutsocial.atoom.space\/es\/?s={search_term_string}\"},\"query-input\":{\"@type\":\"PropertyValueSpecification\",\"valueRequired\":true,\"valueName\":\"search_term_string\"}}],\"inLanguage\":\"es\"}]}<\/script>\n<!-- \/ Yoast SEO plugin. -->","yoast_head_json":{"title":"Salut Mental a Catalunya: cap a una major integraci\u00f3 dels sistemes d\u2019informaci\u00f3 - Fundaci\u00f3 TIC Salut i Social","robots":{"index":"index","follow":"follow","max-snippet":"max-snippet:-1","max-image-preview":"max-image-preview:large","max-video-preview":"max-video-preview:-1"},"canonical":"https:\/\/ticsalutsocial.atoom.space\/es\/noticia\/salut-mental-a-catalunya-cap-a-una-major-integracio-dels-sistemes-dinformacio\/","og_locale":"es_ES","og_type":"article","og_title":"Salut Mental a Catalunya: cap a una major integraci\u00f3 dels sistemes d\u2019informaci\u00f3 - Fundaci\u00f3 TIC Salut i Social","og_description":"L\u2019atenci\u00f3 p\u00fablica a la Salut Mental i Addiccions (SMiA) a Catalunya \u00e9s un sistema assistencial en profunda transformaci\u00f3 des de fa temps, per\u00f2 de manera m\u00e9s visible durant el darrer any amb l\u2019aprovaci\u00f3 de les l\u00ednies estrat\u00e8giques 2017-2020 del Pla Director de Salut Mental. Aquest t\u00e9 com a objectiu la normalitzaci\u00f3 i integraci\u00f3 assistencial, tan [&hellip;]","og_url":"https:\/\/ticsalutsocial.atoom.space\/es\/noticia\/salut-mental-a-catalunya-cap-a-una-major-integracio-dels-sistemes-dinformacio\/","og_site_name":"Fundaci\u00f3 TIC Salut i Social","article_modified_time":"2021-07-21T13:37:37+00:00","og_image":[{"width":500,"height":250,"url":"https:\/\/ticsalutsocial.atoom.space\/wp-content\/uploads\/2018\/08\/bigdata02.jpg","type":"image\/jpeg"}],"twitter_card":"summary_large_image","twitter_misc":{"Tiempo de lectura":"3 minutos"},"schema":{"@context":"https:\/\/schema.org","@graph":[{"@type":"WebPage","@id":"https:\/\/ticsalutsocial.atoom.space\/es\/noticia\/salut-mental-a-catalunya-cap-a-una-major-integracio-dels-sistemes-dinformacio\/","url":"https:\/\/ticsalutsocial.atoom.space\/es\/noticia\/salut-mental-a-catalunya-cap-a-una-major-integracio-dels-sistemes-dinformacio\/","name":"Salut Mental a Catalunya: cap a una major integraci\u00f3 dels sistemes d\u2019informaci\u00f3 - Fundaci\u00f3 TIC Salut i Social","isPartOf":{"@id":"https:\/\/ticsalutsocial.atoom.space\/es\/#website"},"primaryImageOfPage":{"@id":"https:\/\/ticsalutsocial.atoom.space\/es\/noticia\/salut-mental-a-catalunya-cap-a-una-major-integracio-dels-sistemes-dinformacio\/#primaryimage"},"image":{"@id":"https:\/\/ticsalutsocial.atoom.space\/es\/noticia\/salut-mental-a-catalunya-cap-a-una-major-integracio-dels-sistemes-dinformacio\/#primaryimage"},"thumbnailUrl":"https:\/\/ticsalutsocial.atoom.space\/wp-content\/uploads\/2018\/08\/bigdata02.jpg","datePublished":"2018-08-02T06:37:52+00:00","dateModified":"2021-07-21T13:37:37+00:00","breadcrumb":{"@id":"https:\/\/ticsalutsocial.atoom.space\/es\/noticia\/salut-mental-a-catalunya-cap-a-una-major-integracio-dels-sistemes-dinformacio\/#breadcrumb"},"inLanguage":"es","potentialAction":[{"@type":"ReadAction","target":["https:\/\/ticsalutsocial.atoom.space\/es\/noticia\/salut-mental-a-catalunya-cap-a-una-major-integracio-dels-sistemes-dinformacio\/"]}]},{"@type":"ImageObject","inLanguage":"es","@id":"https:\/\/ticsalutsocial.atoom.space\/es\/noticia\/salut-mental-a-catalunya-cap-a-una-major-integracio-dels-sistemes-dinformacio\/#primaryimage","url":"https:\/\/ticsalutsocial.atoom.space\/wp-content\/uploads\/2018\/08\/bigdata02.jpg","contentUrl":"https:\/\/ticsalutsocial.atoom.space\/wp-content\/uploads\/2018\/08\/bigdata02.jpg","width":500,"height":250},{"@type":"BreadcrumbList","@id":"https:\/\/ticsalutsocial.atoom.space\/es\/noticia\/salut-mental-a-catalunya-cap-a-una-major-integracio-dels-sistemes-dinformacio\/#breadcrumb","itemListElement":[{"@type":"ListItem","position":1,"name":"Inici","item":"https:\/\/ticsalutsocial.atoom.space\/es\/"},{"@type":"ListItem","position":2,"name":"Salut Mental a Catalunya: cap a una major integraci\u00f3 dels sistemes d\u2019informaci\u00f3"}]},{"@type":"WebSite","@id":"https:\/\/ticsalutsocial.atoom.space\/es\/#website","url":"https:\/\/ticsalutsocial.atoom.space\/es\/","name":"Fundaci\u00f3 TIC Salut i Social","description":"","potentialAction":[{"@type":"SearchAction","target":{"@type":"EntryPoint","urlTemplate":"https:\/\/ticsalutsocial.atoom.space\/es\/?s={search_term_string}"},"query-input":{"@type":"PropertyValueSpecification","valueRequired":true,"valueName":"search_term_string"}}],"inLanguage":"es"}]}},"_links":{"self":[{"href":"https:\/\/ticsalutsocial.atoom.space\/es\/wp-json\/wp\/v2\/noticia\/3482","targetHints":{"allow":["GET"]}}],"collection":[{"href":"https:\/\/ticsalutsocial.atoom.space\/es\/wp-json\/wp\/v2\/noticia"}],"about":[{"href":"https:\/\/ticsalutsocial.atoom.space\/es\/wp-json\/wp\/v2\/types\/noticia"}],"author":[{"embeddable":true,"href":"https:\/\/ticsalutsocial.atoom.space\/es\/wp-json\/wp\/v2\/users\/21"}],"wp:featuredmedia":[{"embeddable":true,"href":"https:\/\/ticsalutsocial.atoom.space\/es\/wp-json\/wp\/v2\/media\/3478"}],"wp:attachment":[{"href":"https:\/\/ticsalutsocial.atoom.space\/es\/wp-json\/wp\/v2\/media?parent=3482"}],"wp:term":[{"taxonomy":"etiqueta","embeddable":true,"href":"https:\/\/ticsalutsocial.atoom.space\/es\/wp-json\/wp\/v2\/etiqueta?post=3482"},{"taxonomy":"tipus","embeddable":true,"href":"https:\/\/ticsalutsocial.atoom.space\/es\/wp-json\/wp\/v2\/tipus?post=3482"},{"taxonomy":"topic","embeddable":true,"href":"https:\/\/ticsalutsocial.atoom.space\/es\/wp-json\/wp\/v2\/topic?post=3482"}],"curies":[{"name":"wp","href":"https:\/\/api.w.org\/{rel}","templated":true}]}}