
{"id":34917,"date":"2025-12-02T14:08:08","date_gmt":"2025-12-02T12:08:08","guid":{"rendered":"https:\/\/ticsalutsocial.atoom.space\/?post_type=noticia&#038;p=34917"},"modified":"2025-12-02T16:05:36","modified_gmt":"2025-12-02T14:05:36","slug":"la-societat-catalana-de-gestio-sanitaria-guardona-11-organitzacions-pels-seus-projectes-en-gestio-clinica-i-organitzativa","status":"publish","type":"noticia","link":"https:\/\/ticsalutsocial.atoom.space\/es\/noticia\/la-societat-catalana-de-gestio-sanitaria-guardona-11-organitzacions-pels-seus-projectes-en-gestio-clinica-i-organitzativa\/","title":{"rendered":"La Sociedad Catalana de Gesti\u00f3n Sanitaria premia a 11 organizaciones por sus proyectos en gesti\u00f3n cl\u00ednica y organizativa"},"content":{"rendered":"<p>Un total de 11 organizaciones, centros, hospitales y entidades han sido galardonadas con los II Premios a la Excelencia en Proyectos Sanitarios en Catalu\u00f1a, organizados por la Sociedad Catalana de Gesti\u00f3n Sanitaria (SCGS). Este a\u00f1o se han presentado 103 candidaturas a la convocatoria.<\/p>\n<p>El objetivo de estos galardones, creados con la colaboraci\u00f3n de la Federaci\u00f3n Espa\u00f1ola de Empresas de Tecnolog\u00eda Sanitaria en Catalu\u00f1a, es promover el conocimiento de experiencias ya en aplicaci\u00f3n que se est\u00e1n llevando a cabo en Catalu\u00f1a para impulsar la efectividad, la eficiencia, la calidad y la innovaci\u00f3n en la gesti\u00f3n de las organizaciones sanitarias y la gesti\u00f3n cl\u00ednica.<\/p>\n<p>Los premios se han entregado este viernes, 28 de noviembre, en el marco de la jornada\u00a0<em>El SISCAT: \u00bfevoluci\u00f3n o transformaci\u00f3n? Retos y oportunidades del sistema sanitario<\/em>, organizada por la SCGS con el apoyo de Fenin Catalu\u00f1a, la Uni\u00f3 Catalana d\u2019Hospitals, el Consorci de Salut i Social de Catalunya, la Associaci\u00f3 Catalana d\u2019Entitats de Salut (ACES) y el Institut Catal\u00e0 de la Salut (ICS).<\/p>\n<p>Los premiados y finalistas en las categor\u00edas de proyectos excelentes en gesti\u00f3n cl\u00ednica innovadora y en gesti\u00f3n de organizaciones son los siguientes. Los galardonados han recibido una dotaci\u00f3n econ\u00f3mica de 5.000\u20ac.<\/p>\n<p><strong>Premio a la excelencia en gesti\u00f3n cl\u00ednica innovadora:\u00a0<\/strong><\/p>\n<ul>\n<li><em>Modelo de atenci\u00f3n integrada a las personas con heridas cr\u00f3nicas y complejas de Atenci\u00f3n Primaria Metropolitana Sur y Pened\u00e8s.<\/em>\u00a0Unidad de Heridas Complejas de Atenci\u00f3n Primaria Metropolitana Sud y Pened\u00e8s, Gerencia de Atenci\u00f3n Primaria y a la Comunidad del Baix Llobregat, Gerencia de Atenci\u00f3n Primaria y a la Comunidad Delta, Gerencia de Atenci\u00f3n Primaria y a la Comunidad Pened\u00e8s. Institut Catal\u00e0 de la Salut<\/li>\n<\/ul>\n<p>&nbsp;<\/p>\n<p><strong>Premio a la excelencia en gesti\u00f3n organizativa:\u00a0<\/strong><\/p>\n<ul>\n<li><em>Aspace Neurona Care: Plataforma estrat\u00e9gica para la integraci\u00f3n social, sanitaria y educativa de las personas con trastornos del neurodesarrollo complejo, par\u00e1lisis cerebral y pluridiscapacidad, mejorando la equidad, la seguridad y la continuidad asistencial.<\/em>\u00a0Fundaci\u00f3 Aspace Catalunya<\/li>\n<\/ul>\n<p>&nbsp;<\/p>\n<p><strong>Finalistas en gesti\u00f3n cl\u00ednica innovadora:\u00a0<\/strong><\/p>\n<ul>\n<li><em>Red Digital de Atenci\u00f3n Domiciliaria Social y Sanitaria.<\/em>\u00a0Equipo de Atenci\u00f3n Primaria Sardenya<\/li>\n<li><em>GEA \u2013 Nuevo modelo de gesti\u00f3n digital de la sangre: transformando el proceso desde la donaci\u00f3n hasta la transfusi\u00f3n (vena a vena).<\/em>\u00a0Banc de Sang i Teixits<\/li>\n<li><em>Modelo de gesti\u00f3n de un programa de diabetes tipo 1 pedi\u00e1trica centrado en valor.\u00a0<\/em>Hospital Sant Joan de D\u00e9u de Barcelona<\/li>\n<li><em>Manejo integral e integrado del s\u00edndrome coronario agudo (SCA) en la poblaci\u00f3n de referencia del Hospital de la Santa Creu i Sant Pau (Programa SCA).\u00a0<\/em>Hospital de la Santa Creu i Sant Pau<\/li>\n<li><em>De la fragilidad, seg\u00fan la herramienta 3D\/3D+, a la decisi\u00f3n cl\u00ednica: un modelo asistencial para transformar la atenci\u00f3n.\u00a0<\/em>Fundaci\u00f3 Althaia \u00b7 Xarxa Assistencial Universit\u00e0ria de Manresa<\/li>\n<\/ul>\n<p>&nbsp;<\/p>\n<p><strong>Finalistas en gesti\u00f3n de organizaciones:<\/strong><\/p>\n<ul>\n<li><em>Hospitalizaci\u00f3n a Domicilio de Atenci\u00f3n Intermedia (HAD-AI): un modelo integral, seguro y centrado en la persona para mejorar la continuidad asistencial en Catalu\u00f1a.\u00a0<\/em>Parc Sanitari Pere Virgili<\/li>\n<li><em>De la dimensi\u00f3n insuficiente a la excelencia cl\u00ednica del servicio de patolog\u00eda del Hospital Universitario de Matar\u00f3.Un modelo escalable de gesti\u00f3n en red.\u00a0<\/em>Dibi Xarxa de Diagn\u00f2stic Biom\u00e8dic, Hospital de Matar\u00f3 y Hospital del Mar<\/li>\n<li><em>Gesti\u00f3n integrada de hospitalizaci\u00f3n y alternativas a la hospitalizaci\u00f3n en Osona y el Llu\u00e7an\u00e8s.<\/em>Hospital Universitari de Vic, Hospital Universitari de la Santa Creu de Vic y Hospital Sant Jaume de Manlleu<\/li>\n<li><em>Integraci\u00f3n horizontal de los servicios quir\u00fargicos y m\u00e9dicos de agudos y de atenci\u00f3n intermedia entre dos centros de regiones sanitarias diferentes.<\/em>Consorci Hospitalari de Vic y Fundaci\u00f3 Hospital de Campdev\u00e0nol<\/li>\n<\/ul>\n<p>&nbsp;<\/p>\n","protected":false},"author":12,"featured_media":34923,"menu_order":0,"template":"","meta":{"_acf_changed":false,"inline_featured_image":false},"etiqueta":[],"tipus":[1170],"topic":[],"class_list":["post-34917","noticia","type-noticia","status-publish","has-post-thumbnail","hentry","tipus-actualitat-es"],"acf":{"autor":"","imatge":false,"textos_destacats":false,"documents":false,"finalitzat":false,"tipus_plantilla":"objectius","template_objectius":{"cont_principal":"","imatge":false,"cont_seguent":{"titol":"","contingut":""},"seccio_llistat":{"titol":"","llistat":false},"objectius":{"titol":"","objectius":false},"documents":false}},"yoast_head":"<!-- This site is optimized with the Yoast SEO plugin v27.1.1 - https:\/\/yoast.com\/product\/yoast-seo-wordpress\/ -->\n<title>La Sociedad Catalana de Gesti\u00f3n Sanitaria premia a 11 organizaciones por sus proyectos en gesti\u00f3n cl\u00ednica y organizativa - Fundaci\u00f3 TIC Salut i Social<\/title>\n<meta name=\"robots\" content=\"index, follow, max-snippet:-1, max-image-preview:large, max-video-preview:-1\" \/>\n<link rel=\"canonical\" href=\"https:\/\/ticsalutsocial.atoom.space\/es\/noticia\/la-societat-catalana-de-gestio-sanitaria-guardona-11-organitzacions-pels-seus-projectes-en-gestio-clinica-i-organitzativa\/\" \/>\n<meta property=\"og:locale\" content=\"es_ES\" \/>\n<meta property=\"og:type\" content=\"article\" \/>\n<meta property=\"og:title\" content=\"La Sociedad Catalana de Gesti\u00f3n Sanitaria premia a 11 organizaciones por sus proyectos en gesti\u00f3n cl\u00ednica y organizativa - Fundaci\u00f3 TIC Salut i Social\" \/>\n<meta property=\"og:description\" content=\"Un total de 11 organizaciones, centros, hospitales y entidades han sido galardonadas con los II Premios a la Excelencia en Proyectos Sanitarios en Catalu\u00f1a, organizados por la Sociedad Catalana de Gesti\u00f3n Sanitaria (SCGS). Este a\u00f1o se han presentado 103 candidaturas a la convocatoria. El objetivo de estos galardones, creados con la colaboraci\u00f3n de la Federaci\u00f3n [&hellip;]\" \/>\n<meta property=\"og:url\" content=\"https:\/\/ticsalutsocial.atoom.space\/es\/noticia\/la-societat-catalana-de-gestio-sanitaria-guardona-11-organitzacions-pels-seus-projectes-en-gestio-clinica-i-organitzativa\/\" \/>\n<meta property=\"og:site_name\" content=\"Fundaci\u00f3 TIC Salut i Social\" \/>\n<meta property=\"article:modified_time\" content=\"2025-12-02T14:05:36+00:00\" \/>\n<meta property=\"og:image\" content=\"https:\/\/ticsalutsocial.atoom.space\/wp-content\/uploads\/2025\/12\/Gestio_Sanitaria.png\" \/>\n\t<meta property=\"og:image:width\" content=\"1280\" \/>\n\t<meta property=\"og:image:height\" content=\"960\" \/>\n\t<meta property=\"og:image:type\" content=\"image\/png\" \/>\n<meta name=\"twitter:card\" content=\"summary_large_image\" \/>\n<meta name=\"twitter:label1\" content=\"Tiempo de lectura\" \/>\n\t<meta name=\"twitter:data1\" content=\"4 minutos\" \/>\n<script type=\"application\/ld+json\" class=\"yoast-schema-graph\">{\"@context\":\"https:\/\/schema.org\",\"@graph\":[{\"@type\":\"WebPage\",\"@id\":\"https:\/\/ticsalutsocial.atoom.space\/es\/noticia\/la-societat-catalana-de-gestio-sanitaria-guardona-11-organitzacions-pels-seus-projectes-en-gestio-clinica-i-organitzativa\/\",\"url\":\"https:\/\/ticsalutsocial.atoom.space\/es\/noticia\/la-societat-catalana-de-gestio-sanitaria-guardona-11-organitzacions-pels-seus-projectes-en-gestio-clinica-i-organitzativa\/\",\"name\":\"La Sociedad Catalana de Gesti\u00f3n Sanitaria premia a 11 organizaciones por sus proyectos en gesti\u00f3n cl\u00ednica y organizativa - Fundaci\u00f3 TIC Salut i Social\",\"isPartOf\":{\"@id\":\"https:\/\/ticsalutsocial.atoom.space\/es\/#website\"},\"primaryImageOfPage\":{\"@id\":\"https:\/\/ticsalutsocial.atoom.space\/es\/noticia\/la-societat-catalana-de-gestio-sanitaria-guardona-11-organitzacions-pels-seus-projectes-en-gestio-clinica-i-organitzativa\/#primaryimage\"},\"image\":{\"@id\":\"https:\/\/ticsalutsocial.atoom.space\/es\/noticia\/la-societat-catalana-de-gestio-sanitaria-guardona-11-organitzacions-pels-seus-projectes-en-gestio-clinica-i-organitzativa\/#primaryimage\"},\"thumbnailUrl\":\"https:\/\/ticsalutsocial.atoom.space\/wp-content\/uploads\/2025\/12\/Gestio_Sanitaria.png\",\"datePublished\":\"2025-12-02T12:08:08+00:00\",\"dateModified\":\"2025-12-02T14:05:36+00:00\",\"breadcrumb\":{\"@id\":\"https:\/\/ticsalutsocial.atoom.space\/es\/noticia\/la-societat-catalana-de-gestio-sanitaria-guardona-11-organitzacions-pels-seus-projectes-en-gestio-clinica-i-organitzativa\/#breadcrumb\"},\"inLanguage\":\"es\",\"potentialAction\":[{\"@type\":\"ReadAction\",\"target\":[\"https:\/\/ticsalutsocial.atoom.space\/es\/noticia\/la-societat-catalana-de-gestio-sanitaria-guardona-11-organitzacions-pels-seus-projectes-en-gestio-clinica-i-organitzativa\/\"]}]},{\"@type\":\"ImageObject\",\"inLanguage\":\"es\",\"@id\":\"https:\/\/ticsalutsocial.atoom.space\/es\/noticia\/la-societat-catalana-de-gestio-sanitaria-guardona-11-organitzacions-pels-seus-projectes-en-gestio-clinica-i-organitzativa\/#primaryimage\",\"url\":\"https:\/\/ticsalutsocial.atoom.space\/wp-content\/uploads\/2025\/12\/Gestio_Sanitaria.png\",\"contentUrl\":\"https:\/\/ticsalutsocial.atoom.space\/wp-content\/uploads\/2025\/12\/Gestio_Sanitaria.png\",\"width\":1280,\"height\":960},{\"@type\":\"BreadcrumbList\",\"@id\":\"https:\/\/ticsalutsocial.atoom.space\/es\/noticia\/la-societat-catalana-de-gestio-sanitaria-guardona-11-organitzacions-pels-seus-projectes-en-gestio-clinica-i-organitzativa\/#breadcrumb\",\"itemListElement\":[{\"@type\":\"ListItem\",\"position\":1,\"name\":\"Inici\",\"item\":\"https:\/\/ticsalutsocial.atoom.space\/es\/\"},{\"@type\":\"ListItem\",\"position\":2,\"name\":\"La Sociedad Catalana de Gesti\u00f3n Sanitaria premia a 11 organizaciones por sus proyectos en gesti\u00f3n cl\u00ednica y organizativa\"}]},{\"@type\":\"WebSite\",\"@id\":\"https:\/\/ticsalutsocial.atoom.space\/es\/#website\",\"url\":\"https:\/\/ticsalutsocial.atoom.space\/es\/\",\"name\":\"Fundaci\u00f3 TIC Salut i Social\",\"description\":\"\",\"potentialAction\":[{\"@type\":\"SearchAction\",\"target\":{\"@type\":\"EntryPoint\",\"urlTemplate\":\"https:\/\/ticsalutsocial.atoom.space\/es\/?s={search_term_string}\"},\"query-input\":{\"@type\":\"PropertyValueSpecification\",\"valueRequired\":true,\"valueName\":\"search_term_string\"}}],\"inLanguage\":\"es\"}]}<\/script>\n<!-- \/ Yoast SEO plugin. -->","yoast_head_json":{"title":"La Sociedad Catalana de Gesti\u00f3n Sanitaria premia a 11 organizaciones por sus proyectos en gesti\u00f3n cl\u00ednica y organizativa - Fundaci\u00f3 TIC Salut i Social","robots":{"index":"index","follow":"follow","max-snippet":"max-snippet:-1","max-image-preview":"max-image-preview:large","max-video-preview":"max-video-preview:-1"},"canonical":"https:\/\/ticsalutsocial.atoom.space\/es\/noticia\/la-societat-catalana-de-gestio-sanitaria-guardona-11-organitzacions-pels-seus-projectes-en-gestio-clinica-i-organitzativa\/","og_locale":"es_ES","og_type":"article","og_title":"La Sociedad Catalana de Gesti\u00f3n Sanitaria premia a 11 organizaciones por sus proyectos en gesti\u00f3n cl\u00ednica y organizativa - Fundaci\u00f3 TIC Salut i Social","og_description":"Un total de 11 organizaciones, centros, hospitales y entidades han sido galardonadas con los II Premios a la Excelencia en Proyectos Sanitarios en Catalu\u00f1a, organizados por la Sociedad Catalana de Gesti\u00f3n Sanitaria (SCGS). Este a\u00f1o se han presentado 103 candidaturas a la convocatoria. El objetivo de estos galardones, creados con la colaboraci\u00f3n de la Federaci\u00f3n [&hellip;]","og_url":"https:\/\/ticsalutsocial.atoom.space\/es\/noticia\/la-societat-catalana-de-gestio-sanitaria-guardona-11-organitzacions-pels-seus-projectes-en-gestio-clinica-i-organitzativa\/","og_site_name":"Fundaci\u00f3 TIC Salut i Social","article_modified_time":"2025-12-02T14:05:36+00:00","og_image":[{"width":1280,"height":960,"url":"https:\/\/ticsalutsocial.atoom.space\/wp-content\/uploads\/2025\/12\/Gestio_Sanitaria.png","type":"image\/png"}],"twitter_card":"summary_large_image","twitter_misc":{"Tiempo de lectura":"4 minutos"},"schema":{"@context":"https:\/\/schema.org","@graph":[{"@type":"WebPage","@id":"https:\/\/ticsalutsocial.atoom.space\/es\/noticia\/la-societat-catalana-de-gestio-sanitaria-guardona-11-organitzacions-pels-seus-projectes-en-gestio-clinica-i-organitzativa\/","url":"https:\/\/ticsalutsocial.atoom.space\/es\/noticia\/la-societat-catalana-de-gestio-sanitaria-guardona-11-organitzacions-pels-seus-projectes-en-gestio-clinica-i-organitzativa\/","name":"La Sociedad Catalana de Gesti\u00f3n Sanitaria premia a 11 organizaciones por sus proyectos en gesti\u00f3n cl\u00ednica y organizativa - Fundaci\u00f3 TIC Salut i Social","isPartOf":{"@id":"https:\/\/ticsalutsocial.atoom.space\/es\/#website"},"primaryImageOfPage":{"@id":"https:\/\/ticsalutsocial.atoom.space\/es\/noticia\/la-societat-catalana-de-gestio-sanitaria-guardona-11-organitzacions-pels-seus-projectes-en-gestio-clinica-i-organitzativa\/#primaryimage"},"image":{"@id":"https:\/\/ticsalutsocial.atoom.space\/es\/noticia\/la-societat-catalana-de-gestio-sanitaria-guardona-11-organitzacions-pels-seus-projectes-en-gestio-clinica-i-organitzativa\/#primaryimage"},"thumbnailUrl":"https:\/\/ticsalutsocial.atoom.space\/wp-content\/uploads\/2025\/12\/Gestio_Sanitaria.png","datePublished":"2025-12-02T12:08:08+00:00","dateModified":"2025-12-02T14:05:36+00:00","breadcrumb":{"@id":"https:\/\/ticsalutsocial.atoom.space\/es\/noticia\/la-societat-catalana-de-gestio-sanitaria-guardona-11-organitzacions-pels-seus-projectes-en-gestio-clinica-i-organitzativa\/#breadcrumb"},"inLanguage":"es","potentialAction":[{"@type":"ReadAction","target":["https:\/\/ticsalutsocial.atoom.space\/es\/noticia\/la-societat-catalana-de-gestio-sanitaria-guardona-11-organitzacions-pels-seus-projectes-en-gestio-clinica-i-organitzativa\/"]}]},{"@type":"ImageObject","inLanguage":"es","@id":"https:\/\/ticsalutsocial.atoom.space\/es\/noticia\/la-societat-catalana-de-gestio-sanitaria-guardona-11-organitzacions-pels-seus-projectes-en-gestio-clinica-i-organitzativa\/#primaryimage","url":"https:\/\/ticsalutsocial.atoom.space\/wp-content\/uploads\/2025\/12\/Gestio_Sanitaria.png","contentUrl":"https:\/\/ticsalutsocial.atoom.space\/wp-content\/uploads\/2025\/12\/Gestio_Sanitaria.png","width":1280,"height":960},{"@type":"BreadcrumbList","@id":"https:\/\/ticsalutsocial.atoom.space\/es\/noticia\/la-societat-catalana-de-gestio-sanitaria-guardona-11-organitzacions-pels-seus-projectes-en-gestio-clinica-i-organitzativa\/#breadcrumb","itemListElement":[{"@type":"ListItem","position":1,"name":"Inici","item":"https:\/\/ticsalutsocial.atoom.space\/es\/"},{"@type":"ListItem","position":2,"name":"La Sociedad Catalana de Gesti\u00f3n Sanitaria premia a 11 organizaciones por sus proyectos en gesti\u00f3n cl\u00ednica y organizativa"}]},{"@type":"WebSite","@id":"https:\/\/ticsalutsocial.atoom.space\/es\/#website","url":"https:\/\/ticsalutsocial.atoom.space\/es\/","name":"Fundaci\u00f3 TIC Salut i Social","description":"","potentialAction":[{"@type":"SearchAction","target":{"@type":"EntryPoint","urlTemplate":"https:\/\/ticsalutsocial.atoom.space\/es\/?s={search_term_string}"},"query-input":{"@type":"PropertyValueSpecification","valueRequired":true,"valueName":"search_term_string"}}],"inLanguage":"es"}]}},"_links":{"self":[{"href":"https:\/\/ticsalutsocial.atoom.space\/es\/wp-json\/wp\/v2\/noticia\/34917","targetHints":{"allow":["GET"]}}],"collection":[{"href":"https:\/\/ticsalutsocial.atoom.space\/es\/wp-json\/wp\/v2\/noticia"}],"about":[{"href":"https:\/\/ticsalutsocial.atoom.space\/es\/wp-json\/wp\/v2\/types\/noticia"}],"author":[{"embeddable":true,"href":"https:\/\/ticsalutsocial.atoom.space\/es\/wp-json\/wp\/v2\/users\/12"}],"wp:featuredmedia":[{"embeddable":true,"href":"https:\/\/ticsalutsocial.atoom.space\/es\/wp-json\/wp\/v2\/media\/34923"}],"wp:attachment":[{"href":"https:\/\/ticsalutsocial.atoom.space\/es\/wp-json\/wp\/v2\/media?parent=34917"}],"wp:term":[{"taxonomy":"etiqueta","embeddable":true,"href":"https:\/\/ticsalutsocial.atoom.space\/es\/wp-json\/wp\/v2\/etiqueta?post=34917"},{"taxonomy":"tipus","embeddable":true,"href":"https:\/\/ticsalutsocial.atoom.space\/es\/wp-json\/wp\/v2\/tipus?post=34917"},{"taxonomy":"topic","embeddable":true,"href":"https:\/\/ticsalutsocial.atoom.space\/es\/wp-json\/wp\/v2\/topic?post=34917"}],"curies":[{"name":"wp","href":"https:\/\/api.w.org\/{rel}","templated":true}]}}