
{"id":3496,"date":"2018-09-03T09:51:05","date_gmt":"2018-09-03T07:51:05","guid":{"rendered":"https:\/\/ticsalutsocial.atoom.space\/?post_type=noticia&#038;p=3496"},"modified":"2021-07-21T15:37:47","modified_gmt":"2021-07-21T13:37:47","slug":"la-fabrica-social-de-internet","status":"publish","type":"noticia","link":"https:\/\/ticsalutsocial.atoom.space\/es\/noticia\/la-fabrica-social-de-internet\/","title":{"rendered":"La f\u00e1brica social de Internet"},"content":{"rendered":"<p><span style=\"font-weight: 400\">\u00bfQu\u00e9 es una Comunidad de Pr\u00e1ctica (CoP)? Una CoP es un grupo de personas que comparten una habilidad o una profesi\u00f3n. Este concepto fue propuesto inicialmente por el antrop\u00f3logo Jean Leave y por el te\u00f3rico de la educaci\u00f3n Etienne Wenger en 1991. Asimismo, Wenger expandi\u00f3 significativamente este concepto en 1998 con su libro \u00abComunidades de Pr\u00e1ctica\u00bb. As\u00ed pues, la creaci\u00f3n del t\u00e9rmino \u00abCoP\u00bb es relativamente reciente, a pesar del fen\u00f3meno a que se refiere sea antiguo. La vigencia del fen\u00f3meno se observa por el creciente n\u00famero de personas y organizaciones que en varios sectores se est\u00e1n actualmente focalizando en las \u00abCoP\u00bb como una de las claves para mejorar sus resultados.<\/span><span style=\"font-weight: 400\"><br \/>\n<\/span><span style=\"font-weight: 400\"><br \/>\n<\/span><span style=\"font-weight: 400\">Tres son los componentes b\u00e1sicos de una CoP:<\/span><\/p>\n<p><span style=\"font-weight: 400\">-El Dominio: El terreno com\u00fan que inspira a los miembros a unirse, dirige sus actividades de aprendizaje y da prop\u00f3sito y significado a sus actividades.<\/span><\/p>\n<p><span style=\"font-weight: 400\">-La Comunidad: Permite crear la \u00abf\u00e1brica social\u00bb del aprendizaje<\/span><span style=\"font-weight: 400\"><br \/>\n<\/span><\/p>\n<p><span style=\"font-weight: 400\">-La Pr\u00e1ctica: La componente pr\u00e1ctica de una \u00abCoP\u00bb es el punto de acci\u00f3n en torno al cual la comunidad se desarrolla, comparte y mantiene su conocimiento.<\/span><span style=\"font-weight: 400\"><br \/>\n<\/span><span style=\"font-weight: 400\"><br \/>\n<\/span><span style=\"font-weight: 400\">Con todo, parecer\u00eda interesante plantear como disminuir las barreras estructurales, culturales y pol\u00edticas que existen hacia las CoP mientras mantenemos nuestro d\u00eda a d\u00eda a las entidades, garantizando que todo funcione adecuadamente. Una soluci\u00f3n a medio plazo puede ser haciendo uso de Internet, de facto la mayor \u00abCoP virtual\u00bb que nos une globalmente, donde encontramos cantidades ingentes de informaci\u00f3n compartida, multitud de usuarios en red con los que poder hablar de intereses comunes, y la posibilidad de identificar potenciales \u00e1reas de trabajo a las que habr\u00eda sido pr\u00e1cticamente imposible de acceder si no existiera este espacio com\u00fan que nos facilita la tecnolog\u00eda. Posiblemente, este propio uso de Internet sea uno de los mayores aceleradores hacia la transformaci\u00f3n digital de las personas en la nueva sociedad en la que vivimos.<\/span><\/p>\n","protected":false},"author":21,"featured_media":6889,"menu_order":0,"template":"","meta":{"_acf_changed":false,"inline_featured_image":false},"etiqueta":[],"tipus":[],"topic":[119],"class_list":["post-3496","noticia","type-noticia","status-publish","has-post-thumbnail","hentry","topic-innovacion"],"acf":{"imatge":6889,"autor":"Marc De San Pedro","textos_destacats":[{"texte":"Posiblemente una de las mayores Comunidades de Pr\u00e1ctica"}]},"yoast_head":"<!-- This site is optimized with the Yoast SEO plugin v27.1.1 - https:\/\/yoast.com\/product\/yoast-seo-wordpress\/ -->\n<title>La f\u00e1brica social de Internet - Fundaci\u00f3 TIC Salut i Social<\/title>\n<meta name=\"robots\" content=\"index, follow, max-snippet:-1, max-image-preview:large, max-video-preview:-1\" \/>\n<link rel=\"canonical\" href=\"https:\/\/ticsalutsocial.atoom.space\/es\/noticia\/la-fabrica-social-de-internet\/\" \/>\n<meta property=\"og:locale\" content=\"es_ES\" \/>\n<meta property=\"og:type\" content=\"article\" \/>\n<meta property=\"og:title\" content=\"La f\u00e1brica social de Internet - Fundaci\u00f3 TIC Salut i Social\" \/>\n<meta property=\"og:description\" content=\"\u00bfQu\u00e9 es una Comunidad de Pr\u00e1ctica (CoP)? Una CoP es un grupo de personas que comparten una habilidad o una profesi\u00f3n. Este concepto fue propuesto inicialmente por el antrop\u00f3logo Jean Leave y por el te\u00f3rico de la educaci\u00f3n Etienne Wenger en 1991. Asimismo, Wenger expandi\u00f3 significativamente este concepto en 1998 con su libro \u00abComunidades de [&hellip;]\" \/>\n<meta property=\"og:url\" content=\"https:\/\/ticsalutsocial.atoom.space\/es\/noticia\/la-fabrica-social-de-internet\/\" \/>\n<meta property=\"og:site_name\" content=\"Fundaci\u00f3 TIC Salut i Social\" \/>\n<meta property=\"article:modified_time\" content=\"2021-07-21T13:37:47+00:00\" \/>\n<meta property=\"og:image\" content=\"https:\/\/ticsalutsocial.atoom.space\/wp-content\/uploads\/2018\/09\/cop.jpg\" \/>\n\t<meta property=\"og:image:width\" content=\"317\" \/>\n\t<meta property=\"og:image:height\" content=\"257\" \/>\n\t<meta property=\"og:image:type\" content=\"image\/jpeg\" \/>\n<meta name=\"twitter:card\" content=\"summary_large_image\" \/>\n<meta name=\"twitter:label1\" content=\"Tiempo de lectura\" \/>\n\t<meta name=\"twitter:data1\" content=\"2 minutos\" \/>\n<script type=\"application\/ld+json\" class=\"yoast-schema-graph\">{\"@context\":\"https:\/\/schema.org\",\"@graph\":[{\"@type\":\"WebPage\",\"@id\":\"https:\/\/ticsalutsocial.atoom.space\/es\/noticia\/la-fabrica-social-de-internet\/\",\"url\":\"https:\/\/ticsalutsocial.atoom.space\/es\/noticia\/la-fabrica-social-de-internet\/\",\"name\":\"La f\u00e1brica social de Internet - Fundaci\u00f3 TIC Salut i Social\",\"isPartOf\":{\"@id\":\"https:\/\/ticsalutsocial.atoom.space\/es\/#website\"},\"primaryImageOfPage\":{\"@id\":\"https:\/\/ticsalutsocial.atoom.space\/es\/noticia\/la-fabrica-social-de-internet\/#primaryimage\"},\"image\":{\"@id\":\"https:\/\/ticsalutsocial.atoom.space\/es\/noticia\/la-fabrica-social-de-internet\/#primaryimage\"},\"thumbnailUrl\":\"https:\/\/ticsalutsocial.atoom.space\/wp-content\/uploads\/2018\/09\/cop.jpg\",\"datePublished\":\"2018-09-03T07:51:05+00:00\",\"dateModified\":\"2021-07-21T13:37:47+00:00\",\"breadcrumb\":{\"@id\":\"https:\/\/ticsalutsocial.atoom.space\/es\/noticia\/la-fabrica-social-de-internet\/#breadcrumb\"},\"inLanguage\":\"es\",\"potentialAction\":[{\"@type\":\"ReadAction\",\"target\":[\"https:\/\/ticsalutsocial.atoom.space\/es\/noticia\/la-fabrica-social-de-internet\/\"]}]},{\"@type\":\"ImageObject\",\"inLanguage\":\"es\",\"@id\":\"https:\/\/ticsalutsocial.atoom.space\/es\/noticia\/la-fabrica-social-de-internet\/#primaryimage\",\"url\":\"https:\/\/ticsalutsocial.atoom.space\/wp-content\/uploads\/2018\/09\/cop.jpg\",\"contentUrl\":\"https:\/\/ticsalutsocial.atoom.space\/wp-content\/uploads\/2018\/09\/cop.jpg\",\"width\":317,\"height\":257},{\"@type\":\"BreadcrumbList\",\"@id\":\"https:\/\/ticsalutsocial.atoom.space\/es\/noticia\/la-fabrica-social-de-internet\/#breadcrumb\",\"itemListElement\":[{\"@type\":\"ListItem\",\"position\":1,\"name\":\"Inici\",\"item\":\"https:\/\/ticsalutsocial.atoom.space\/es\/\"},{\"@type\":\"ListItem\",\"position\":2,\"name\":\"La f\u00e1brica social de Internet\"}]},{\"@type\":\"WebSite\",\"@id\":\"https:\/\/ticsalutsocial.atoom.space\/es\/#website\",\"url\":\"https:\/\/ticsalutsocial.atoom.space\/es\/\",\"name\":\"Fundaci\u00f3 TIC Salut i Social\",\"description\":\"\",\"potentialAction\":[{\"@type\":\"SearchAction\",\"target\":{\"@type\":\"EntryPoint\",\"urlTemplate\":\"https:\/\/ticsalutsocial.atoom.space\/es\/?s={search_term_string}\"},\"query-input\":{\"@type\":\"PropertyValueSpecification\",\"valueRequired\":true,\"valueName\":\"search_term_string\"}}],\"inLanguage\":\"es\"}]}<\/script>\n<!-- \/ Yoast SEO plugin. -->","yoast_head_json":{"title":"La f\u00e1brica social de Internet - Fundaci\u00f3 TIC Salut i Social","robots":{"index":"index","follow":"follow","max-snippet":"max-snippet:-1","max-image-preview":"max-image-preview:large","max-video-preview":"max-video-preview:-1"},"canonical":"https:\/\/ticsalutsocial.atoom.space\/es\/noticia\/la-fabrica-social-de-internet\/","og_locale":"es_ES","og_type":"article","og_title":"La f\u00e1brica social de Internet - Fundaci\u00f3 TIC Salut i Social","og_description":"\u00bfQu\u00e9 es una Comunidad de Pr\u00e1ctica (CoP)? Una CoP es un grupo de personas que comparten una habilidad o una profesi\u00f3n. Este concepto fue propuesto inicialmente por el antrop\u00f3logo Jean Leave y por el te\u00f3rico de la educaci\u00f3n Etienne Wenger en 1991. Asimismo, Wenger expandi\u00f3 significativamente este concepto en 1998 con su libro \u00abComunidades de [&hellip;]","og_url":"https:\/\/ticsalutsocial.atoom.space\/es\/noticia\/la-fabrica-social-de-internet\/","og_site_name":"Fundaci\u00f3 TIC Salut i Social","article_modified_time":"2021-07-21T13:37:47+00:00","og_image":[{"width":317,"height":257,"url":"https:\/\/ticsalutsocial.atoom.space\/wp-content\/uploads\/2018\/09\/cop.jpg","type":"image\/jpeg"}],"twitter_card":"summary_large_image","twitter_misc":{"Tiempo de lectura":"2 minutos"},"schema":{"@context":"https:\/\/schema.org","@graph":[{"@type":"WebPage","@id":"https:\/\/ticsalutsocial.atoom.space\/es\/noticia\/la-fabrica-social-de-internet\/","url":"https:\/\/ticsalutsocial.atoom.space\/es\/noticia\/la-fabrica-social-de-internet\/","name":"La f\u00e1brica social de Internet - Fundaci\u00f3 TIC Salut i Social","isPartOf":{"@id":"https:\/\/ticsalutsocial.atoom.space\/es\/#website"},"primaryImageOfPage":{"@id":"https:\/\/ticsalutsocial.atoom.space\/es\/noticia\/la-fabrica-social-de-internet\/#primaryimage"},"image":{"@id":"https:\/\/ticsalutsocial.atoom.space\/es\/noticia\/la-fabrica-social-de-internet\/#primaryimage"},"thumbnailUrl":"https:\/\/ticsalutsocial.atoom.space\/wp-content\/uploads\/2018\/09\/cop.jpg","datePublished":"2018-09-03T07:51:05+00:00","dateModified":"2021-07-21T13:37:47+00:00","breadcrumb":{"@id":"https:\/\/ticsalutsocial.atoom.space\/es\/noticia\/la-fabrica-social-de-internet\/#breadcrumb"},"inLanguage":"es","potentialAction":[{"@type":"ReadAction","target":["https:\/\/ticsalutsocial.atoom.space\/es\/noticia\/la-fabrica-social-de-internet\/"]}]},{"@type":"ImageObject","inLanguage":"es","@id":"https:\/\/ticsalutsocial.atoom.space\/es\/noticia\/la-fabrica-social-de-internet\/#primaryimage","url":"https:\/\/ticsalutsocial.atoom.space\/wp-content\/uploads\/2018\/09\/cop.jpg","contentUrl":"https:\/\/ticsalutsocial.atoom.space\/wp-content\/uploads\/2018\/09\/cop.jpg","width":317,"height":257},{"@type":"BreadcrumbList","@id":"https:\/\/ticsalutsocial.atoom.space\/es\/noticia\/la-fabrica-social-de-internet\/#breadcrumb","itemListElement":[{"@type":"ListItem","position":1,"name":"Inici","item":"https:\/\/ticsalutsocial.atoom.space\/es\/"},{"@type":"ListItem","position":2,"name":"La f\u00e1brica social de Internet"}]},{"@type":"WebSite","@id":"https:\/\/ticsalutsocial.atoom.space\/es\/#website","url":"https:\/\/ticsalutsocial.atoom.space\/es\/","name":"Fundaci\u00f3 TIC Salut i Social","description":"","potentialAction":[{"@type":"SearchAction","target":{"@type":"EntryPoint","urlTemplate":"https:\/\/ticsalutsocial.atoom.space\/es\/?s={search_term_string}"},"query-input":{"@type":"PropertyValueSpecification","valueRequired":true,"valueName":"search_term_string"}}],"inLanguage":"es"}]}},"_links":{"self":[{"href":"https:\/\/ticsalutsocial.atoom.space\/es\/wp-json\/wp\/v2\/noticia\/3496","targetHints":{"allow":["GET"]}}],"collection":[{"href":"https:\/\/ticsalutsocial.atoom.space\/es\/wp-json\/wp\/v2\/noticia"}],"about":[{"href":"https:\/\/ticsalutsocial.atoom.space\/es\/wp-json\/wp\/v2\/types\/noticia"}],"author":[{"embeddable":true,"href":"https:\/\/ticsalutsocial.atoom.space\/es\/wp-json\/wp\/v2\/users\/21"}],"wp:featuredmedia":[{"embeddable":true,"href":"https:\/\/ticsalutsocial.atoom.space\/es\/wp-json\/wp\/v2\/media\/6889"}],"wp:attachment":[{"href":"https:\/\/ticsalutsocial.atoom.space\/es\/wp-json\/wp\/v2\/media?parent=3496"}],"wp:term":[{"taxonomy":"etiqueta","embeddable":true,"href":"https:\/\/ticsalutsocial.atoom.space\/es\/wp-json\/wp\/v2\/etiqueta?post=3496"},{"taxonomy":"tipus","embeddable":true,"href":"https:\/\/ticsalutsocial.atoom.space\/es\/wp-json\/wp\/v2\/tipus?post=3496"},{"taxonomy":"topic","embeddable":true,"href":"https:\/\/ticsalutsocial.atoom.space\/es\/wp-json\/wp\/v2\/topic?post=3496"}],"curies":[{"name":"wp","href":"https:\/\/api.w.org\/{rel}","templated":true}]}}