
{"id":34964,"date":"2025-12-04T09:43:07","date_gmt":"2025-12-04T07:43:07","guid":{"rendered":"https:\/\/ticsalutsocial.atoom.space\/?post_type=noticia&#038;p=34964"},"modified":"2025-12-04T10:07:38","modified_gmt":"2025-12-04T08:07:38","slug":"la-fundacion-maresme-reune-su-segundo-consejo-inspirador-para-trazar-la-estrategia-de-los-proximos-dos-anos","status":"publish","type":"noticia","link":"https:\/\/ticsalutsocial.atoom.space\/es\/noticia\/la-fundacion-maresme-reune-su-segundo-consejo-inspirador-para-trazar-la-estrategia-de-los-proximos-dos-anos\/","title":{"rendered":"La Fundaci\u00f3n Maresme reune su segundo &#8216;Consejo Inspirador&#8217; para trazar la estrategia de los pr\u00f3ximos dos a\u00f1os"},"content":{"rendered":"<p>El pasado 24 de noviembre, la Fundaci\u00f3 Maresme celebr\u00f3 en Matar\u00f3 la segunda edici\u00f3n de su <em>Consell Inspirador<\/em>, un espacio de reflexi\u00f3n pensado para orientar la estrategia de la entidad durante los pr\u00f3ximos a\u00f1os. En el encuentro participaron miembros de la Junta de Patrones, el equipo de direcci\u00f3n y el grupo de expertos que integra este grupo de trabajo, creado con el objetivo de aportar una mirada externa, profesional y multidisciplinaria que refuerce las decisiones estrat\u00e9gicas de la Fundaci\u00f3.<\/p>\n<p>El grupo de trabajo est\u00e1 formado por profesionales de diferentes sectores y \u00e1mbitos para obtener una mirada transversal y amplia. Entre los expertos se encuentra Joan Guanyabens, director de la Fundaci\u00f3 TIC Salut i Social; y Llu\u00eds Torrens M\u00e8lich, director t\u00e9cnico de la Iniciativa per la Productivitat i la Innovaci\u00f3 (IPI) del Cercle d\u2019Economia, especialista en innovaci\u00f3n social y pol\u00edticas p\u00fablicas.<\/p>\n<p>El grupo incorpora tambi\u00e9n la mirada de N\u00faria Valls Carol, presidenta de Fundesplai y directora del Observatorio Brechas Digitales; de Ramon Cunillera Gra\u00f1\u00f3, gerente de la Corporaci\u00f3 de Salut del Maresme i la Selva y presidente de la Societat Catalana de Gesti\u00f3 Sanit\u00e0ria; de Claudia Danesi, responsable de Transfer\u00e8ncia, Innovaci\u00f3 i Empresa al TecnoCampus Matar\u00f3-Maresme; y de Albert Ca\u00f1igueral Bag\u00f3, experto en tecnolog\u00eda y datos en el Barcelona Supercomputing Center.<\/p>\n<p>&nbsp;<\/p>\n<p><strong>Anticipar necesidades y detectar nuevas oportunidades<\/strong><\/p>\n<p>La sesi\u00f3n sirvi\u00f3 para poner en com\u00fan las necesidades actuales de las personas que atiende la Fundaci\u00f3 y paras detectar nuevos retos que requerir\u00e1n una respuesta estrat\u00e9gica en los pr\u00f3ximos a\u00f1os. El Consell deliber\u00f3 sobre la necesidad de impulsar la innovaci\u00f3n en el \u00e1mbito social, de aprovechar las oportunidades que ofrecen las nuevas tecnolog\u00edas, y anticipar los cambios demogr\u00e1ficos y sociales que afectan directamente a los colectivos m\u00e1s vulnerables.<\/p>\n<p>De este debate sale una hoja de ruta para los pr\u00f3ximos dos a\u00f1os, que incluye la voluntad de explorar la aplicaci\u00f3n de la inteligencia artificial en la atenci\u00f3n de las personas con discapacidad. Tambi\u00e9n el compromiso de continuar avanzando hacia un modelo de atenci\u00f3n integrada entre los \u00e1mbitos social y sanitario, y de reforzar el desarrollo tecnol\u00f3gico interno de la entidad para mejorar el acompa\u00f1amiento que ofrece. Adem\u00e1s, se plantea incorporar perfiles profesionales h\u00edbridos, capaces de combinar la formaci\u00f3n en curas y las competencias digitales, y estudiar la posibilidad de adaptar el concepto del gemelo digital, utilizado en salud, para aplicarlo en el \u00e1mbito social.<\/p>\n<p>Con estos objetivos, la Fundaci\u00f3 Maresme expresa su visi\u00f3n de generar valor compartido a la sociedad a trav\u00e9s de su voluntad de continuar creciendo integrando la innovaci\u00f3n para mantenerse firme en su compromiso con las personas y las familias que acompa\u00f1a.<\/p>\n","protected":false},"author":12,"featured_media":34976,"menu_order":0,"template":"","meta":{"_acf_changed":false,"inline_featured_image":false},"etiqueta":[],"tipus":[94,1181],"topic":[123],"class_list":["post-34964","noticia","type-noticia","status-publish","has-post-thumbnail","hentry","tipus-integracion-social-y-sanitaria","tipus-ambit-social-es","topic-actualidad"],"acf":{"autor":"","imatge":false,"textos_destacats":[{"texte":"El grupo de trabajo est\u00e1 formado por profesionales multidisciplinares para obtener una mirada transversal y amplia. Entre ellos se encuentran Joan Guanyabens, director de la Fundaci\u00f3 TIC Salut i Social, y Llu\u00eds Torrens M\u00e8lich, director t\u00e9cnico de la Iniciativa per la Productivitat i la Innovaci\u00f3 (IPI)"}],"documents":false,"finalitzat":false,"tipus_plantilla":"objectius","template_objectius":{"cont_principal":"","imatge":false,"cont_seguent":{"titol":"","contingut":""},"seccio_llistat":{"titol":"","llistat":false},"objectius":{"titol":"","objectius":false},"documents":false}},"yoast_head":"<!-- This site is optimized with the Yoast SEO plugin v27.1.1 - https:\/\/yoast.com\/product\/yoast-seo-wordpress\/ -->\n<title>La Fundaci\u00f3n Maresme reune su segundo &#039;Consejo Inspirador&#039; para trazar la estrategia de los pr\u00f3ximos dos a\u00f1os - Fundaci\u00f3 TIC Salut i Social<\/title>\n<meta name=\"robots\" content=\"index, follow, max-snippet:-1, max-image-preview:large, max-video-preview:-1\" \/>\n<link rel=\"canonical\" href=\"https:\/\/ticsalutsocial.atoom.space\/es\/noticia\/la-fundacion-maresme-reune-su-segundo-consejo-inspirador-para-trazar-la-estrategia-de-los-proximos-dos-anos\/\" \/>\n<meta property=\"og:locale\" content=\"es_ES\" \/>\n<meta property=\"og:type\" content=\"article\" \/>\n<meta property=\"og:title\" content=\"La Fundaci\u00f3n Maresme reune su segundo &#039;Consejo Inspirador&#039; para trazar la estrategia de los pr\u00f3ximos dos a\u00f1os - Fundaci\u00f3 TIC Salut i Social\" \/>\n<meta property=\"og:description\" content=\"El pasado 24 de noviembre, la Fundaci\u00f3 Maresme celebr\u00f3 en Matar\u00f3 la segunda edici\u00f3n de su Consell Inspirador, un espacio de reflexi\u00f3n pensado para orientar la estrategia de la entidad durante los pr\u00f3ximos a\u00f1os. En el encuentro participaron miembros de la Junta de Patrones, el equipo de direcci\u00f3n y el grupo de expertos que integra [&hellip;]\" \/>\n<meta property=\"og:url\" content=\"https:\/\/ticsalutsocial.atoom.space\/es\/noticia\/la-fundacion-maresme-reune-su-segundo-consejo-inspirador-para-trazar-la-estrategia-de-los-proximos-dos-anos\/\" \/>\n<meta property=\"og:site_name\" content=\"Fundaci\u00f3 TIC Salut i Social\" \/>\n<meta property=\"article:modified_time\" content=\"2025-12-04T08:07:38+00:00\" \/>\n<meta property=\"og:image\" content=\"https:\/\/ticsalutsocial.atoom.space\/wp-content\/uploads\/2025\/12\/Consell_Inspirador_Fundacio_Maresme_iStock.png\" \/>\n\t<meta property=\"og:image:width\" content=\"1280\" \/>\n\t<meta property=\"og:image:height\" content=\"960\" \/>\n\t<meta property=\"og:image:type\" content=\"image\/png\" \/>\n<meta name=\"twitter:card\" content=\"summary_large_image\" \/>\n<meta name=\"twitter:label1\" content=\"Tiempo de lectura\" \/>\n\t<meta name=\"twitter:data1\" content=\"3 minutos\" \/>\n<script type=\"application\/ld+json\" class=\"yoast-schema-graph\">{\"@context\":\"https:\/\/schema.org\",\"@graph\":[{\"@type\":\"WebPage\",\"@id\":\"https:\/\/ticsalutsocial.atoom.space\/es\/noticia\/la-fundacion-maresme-reune-su-segundo-consejo-inspirador-para-trazar-la-estrategia-de-los-proximos-dos-anos\/\",\"url\":\"https:\/\/ticsalutsocial.atoom.space\/es\/noticia\/la-fundacion-maresme-reune-su-segundo-consejo-inspirador-para-trazar-la-estrategia-de-los-proximos-dos-anos\/\",\"name\":\"La Fundaci\u00f3n Maresme reune su segundo 'Consejo Inspirador' para trazar la estrategia de los pr\u00f3ximos dos a\u00f1os - Fundaci\u00f3 TIC Salut i Social\",\"isPartOf\":{\"@id\":\"https:\/\/ticsalutsocial.atoom.space\/es\/#website\"},\"primaryImageOfPage\":{\"@id\":\"https:\/\/ticsalutsocial.atoom.space\/es\/noticia\/la-fundacion-maresme-reune-su-segundo-consejo-inspirador-para-trazar-la-estrategia-de-los-proximos-dos-anos\/#primaryimage\"},\"image\":{\"@id\":\"https:\/\/ticsalutsocial.atoom.space\/es\/noticia\/la-fundacion-maresme-reune-su-segundo-consejo-inspirador-para-trazar-la-estrategia-de-los-proximos-dos-anos\/#primaryimage\"},\"thumbnailUrl\":\"https:\/\/ticsalutsocial.atoom.space\/wp-content\/uploads\/2025\/12\/Consell_Inspirador_Fundacio_Maresme_iStock.png\",\"datePublished\":\"2025-12-04T07:43:07+00:00\",\"dateModified\":\"2025-12-04T08:07:38+00:00\",\"breadcrumb\":{\"@id\":\"https:\/\/ticsalutsocial.atoom.space\/es\/noticia\/la-fundacion-maresme-reune-su-segundo-consejo-inspirador-para-trazar-la-estrategia-de-los-proximos-dos-anos\/#breadcrumb\"},\"inLanguage\":\"es\",\"potentialAction\":[{\"@type\":\"ReadAction\",\"target\":[\"https:\/\/ticsalutsocial.atoom.space\/es\/noticia\/la-fundacion-maresme-reune-su-segundo-consejo-inspirador-para-trazar-la-estrategia-de-los-proximos-dos-anos\/\"]}]},{\"@type\":\"ImageObject\",\"inLanguage\":\"es\",\"@id\":\"https:\/\/ticsalutsocial.atoom.space\/es\/noticia\/la-fundacion-maresme-reune-su-segundo-consejo-inspirador-para-trazar-la-estrategia-de-los-proximos-dos-anos\/#primaryimage\",\"url\":\"https:\/\/ticsalutsocial.atoom.space\/wp-content\/uploads\/2025\/12\/Consell_Inspirador_Fundacio_Maresme_iStock.png\",\"contentUrl\":\"https:\/\/ticsalutsocial.atoom.space\/wp-content\/uploads\/2025\/12\/Consell_Inspirador_Fundacio_Maresme_iStock.png\",\"width\":1280,\"height\":960},{\"@type\":\"BreadcrumbList\",\"@id\":\"https:\/\/ticsalutsocial.atoom.space\/es\/noticia\/la-fundacion-maresme-reune-su-segundo-consejo-inspirador-para-trazar-la-estrategia-de-los-proximos-dos-anos\/#breadcrumb\",\"itemListElement\":[{\"@type\":\"ListItem\",\"position\":1,\"name\":\"Inici\",\"item\":\"https:\/\/ticsalutsocial.atoom.space\/es\/\"},{\"@type\":\"ListItem\",\"position\":2,\"name\":\"La Fundaci\u00f3n Maresme reune su segundo &#8216;Consejo Inspirador&#8217; para trazar la estrategia de los pr\u00f3ximos dos a\u00f1os\"}]},{\"@type\":\"WebSite\",\"@id\":\"https:\/\/ticsalutsocial.atoom.space\/es\/#website\",\"url\":\"https:\/\/ticsalutsocial.atoom.space\/es\/\",\"name\":\"Fundaci\u00f3 TIC Salut i Social\",\"description\":\"\",\"potentialAction\":[{\"@type\":\"SearchAction\",\"target\":{\"@type\":\"EntryPoint\",\"urlTemplate\":\"https:\/\/ticsalutsocial.atoom.space\/es\/?s={search_term_string}\"},\"query-input\":{\"@type\":\"PropertyValueSpecification\",\"valueRequired\":true,\"valueName\":\"search_term_string\"}}],\"inLanguage\":\"es\"}]}<\/script>\n<!-- \/ Yoast SEO plugin. -->","yoast_head_json":{"title":"La Fundaci\u00f3n Maresme reune su segundo 'Consejo Inspirador' para trazar la estrategia de los pr\u00f3ximos dos a\u00f1os - Fundaci\u00f3 TIC Salut i Social","robots":{"index":"index","follow":"follow","max-snippet":"max-snippet:-1","max-image-preview":"max-image-preview:large","max-video-preview":"max-video-preview:-1"},"canonical":"https:\/\/ticsalutsocial.atoom.space\/es\/noticia\/la-fundacion-maresme-reune-su-segundo-consejo-inspirador-para-trazar-la-estrategia-de-los-proximos-dos-anos\/","og_locale":"es_ES","og_type":"article","og_title":"La Fundaci\u00f3n Maresme reune su segundo 'Consejo Inspirador' para trazar la estrategia de los pr\u00f3ximos dos a\u00f1os - Fundaci\u00f3 TIC Salut i Social","og_description":"El pasado 24 de noviembre, la Fundaci\u00f3 Maresme celebr\u00f3 en Matar\u00f3 la segunda edici\u00f3n de su Consell Inspirador, un espacio de reflexi\u00f3n pensado para orientar la estrategia de la entidad durante los pr\u00f3ximos a\u00f1os. En el encuentro participaron miembros de la Junta de Patrones, el equipo de direcci\u00f3n y el grupo de expertos que integra [&hellip;]","og_url":"https:\/\/ticsalutsocial.atoom.space\/es\/noticia\/la-fundacion-maresme-reune-su-segundo-consejo-inspirador-para-trazar-la-estrategia-de-los-proximos-dos-anos\/","og_site_name":"Fundaci\u00f3 TIC Salut i Social","article_modified_time":"2025-12-04T08:07:38+00:00","og_image":[{"width":1280,"height":960,"url":"https:\/\/ticsalutsocial.atoom.space\/wp-content\/uploads\/2025\/12\/Consell_Inspirador_Fundacio_Maresme_iStock.png","type":"image\/png"}],"twitter_card":"summary_large_image","twitter_misc":{"Tiempo de lectura":"3 minutos"},"schema":{"@context":"https:\/\/schema.org","@graph":[{"@type":"WebPage","@id":"https:\/\/ticsalutsocial.atoom.space\/es\/noticia\/la-fundacion-maresme-reune-su-segundo-consejo-inspirador-para-trazar-la-estrategia-de-los-proximos-dos-anos\/","url":"https:\/\/ticsalutsocial.atoom.space\/es\/noticia\/la-fundacion-maresme-reune-su-segundo-consejo-inspirador-para-trazar-la-estrategia-de-los-proximos-dos-anos\/","name":"La Fundaci\u00f3n Maresme reune su segundo 'Consejo Inspirador' para trazar la estrategia de los pr\u00f3ximos dos a\u00f1os - Fundaci\u00f3 TIC Salut i Social","isPartOf":{"@id":"https:\/\/ticsalutsocial.atoom.space\/es\/#website"},"primaryImageOfPage":{"@id":"https:\/\/ticsalutsocial.atoom.space\/es\/noticia\/la-fundacion-maresme-reune-su-segundo-consejo-inspirador-para-trazar-la-estrategia-de-los-proximos-dos-anos\/#primaryimage"},"image":{"@id":"https:\/\/ticsalutsocial.atoom.space\/es\/noticia\/la-fundacion-maresme-reune-su-segundo-consejo-inspirador-para-trazar-la-estrategia-de-los-proximos-dos-anos\/#primaryimage"},"thumbnailUrl":"https:\/\/ticsalutsocial.atoom.space\/wp-content\/uploads\/2025\/12\/Consell_Inspirador_Fundacio_Maresme_iStock.png","datePublished":"2025-12-04T07:43:07+00:00","dateModified":"2025-12-04T08:07:38+00:00","breadcrumb":{"@id":"https:\/\/ticsalutsocial.atoom.space\/es\/noticia\/la-fundacion-maresme-reune-su-segundo-consejo-inspirador-para-trazar-la-estrategia-de-los-proximos-dos-anos\/#breadcrumb"},"inLanguage":"es","potentialAction":[{"@type":"ReadAction","target":["https:\/\/ticsalutsocial.atoom.space\/es\/noticia\/la-fundacion-maresme-reune-su-segundo-consejo-inspirador-para-trazar-la-estrategia-de-los-proximos-dos-anos\/"]}]},{"@type":"ImageObject","inLanguage":"es","@id":"https:\/\/ticsalutsocial.atoom.space\/es\/noticia\/la-fundacion-maresme-reune-su-segundo-consejo-inspirador-para-trazar-la-estrategia-de-los-proximos-dos-anos\/#primaryimage","url":"https:\/\/ticsalutsocial.atoom.space\/wp-content\/uploads\/2025\/12\/Consell_Inspirador_Fundacio_Maresme_iStock.png","contentUrl":"https:\/\/ticsalutsocial.atoom.space\/wp-content\/uploads\/2025\/12\/Consell_Inspirador_Fundacio_Maresme_iStock.png","width":1280,"height":960},{"@type":"BreadcrumbList","@id":"https:\/\/ticsalutsocial.atoom.space\/es\/noticia\/la-fundacion-maresme-reune-su-segundo-consejo-inspirador-para-trazar-la-estrategia-de-los-proximos-dos-anos\/#breadcrumb","itemListElement":[{"@type":"ListItem","position":1,"name":"Inici","item":"https:\/\/ticsalutsocial.atoom.space\/es\/"},{"@type":"ListItem","position":2,"name":"La Fundaci\u00f3n Maresme reune su segundo &#8216;Consejo Inspirador&#8217; para trazar la estrategia de los pr\u00f3ximos dos a\u00f1os"}]},{"@type":"WebSite","@id":"https:\/\/ticsalutsocial.atoom.space\/es\/#website","url":"https:\/\/ticsalutsocial.atoom.space\/es\/","name":"Fundaci\u00f3 TIC Salut i Social","description":"","potentialAction":[{"@type":"SearchAction","target":{"@type":"EntryPoint","urlTemplate":"https:\/\/ticsalutsocial.atoom.space\/es\/?s={search_term_string}"},"query-input":{"@type":"PropertyValueSpecification","valueRequired":true,"valueName":"search_term_string"}}],"inLanguage":"es"}]}},"_links":{"self":[{"href":"https:\/\/ticsalutsocial.atoom.space\/es\/wp-json\/wp\/v2\/noticia\/34964","targetHints":{"allow":["GET"]}}],"collection":[{"href":"https:\/\/ticsalutsocial.atoom.space\/es\/wp-json\/wp\/v2\/noticia"}],"about":[{"href":"https:\/\/ticsalutsocial.atoom.space\/es\/wp-json\/wp\/v2\/types\/noticia"}],"author":[{"embeddable":true,"href":"https:\/\/ticsalutsocial.atoom.space\/es\/wp-json\/wp\/v2\/users\/12"}],"wp:featuredmedia":[{"embeddable":true,"href":"https:\/\/ticsalutsocial.atoom.space\/es\/wp-json\/wp\/v2\/media\/34976"}],"wp:attachment":[{"href":"https:\/\/ticsalutsocial.atoom.space\/es\/wp-json\/wp\/v2\/media?parent=34964"}],"wp:term":[{"taxonomy":"etiqueta","embeddable":true,"href":"https:\/\/ticsalutsocial.atoom.space\/es\/wp-json\/wp\/v2\/etiqueta?post=34964"},{"taxonomy":"tipus","embeddable":true,"href":"https:\/\/ticsalutsocial.atoom.space\/es\/wp-json\/wp\/v2\/tipus?post=34964"},{"taxonomy":"topic","embeddable":true,"href":"https:\/\/ticsalutsocial.atoom.space\/es\/wp-json\/wp\/v2\/topic?post=34964"}],"curies":[{"name":"wp","href":"https:\/\/api.w.org\/{rel}","templated":true}]}}