
{"id":35056,"date":"2025-12-11T14:36:20","date_gmt":"2025-12-11T12:36:20","guid":{"rendered":"https:\/\/ticsalutsocial.atoom.space\/noticia\/el-pilot-per-testar-el-segell-industrial-del-projecte-xshare-comencara-al-gener\/"},"modified":"2025-12-12T09:36:36","modified_gmt":"2025-12-12T07:36:36","slug":"el-pilot-per-testar-el-segell-industrial-del-projecte-xshare-comencara-al-gener","status":"publish","type":"noticia","link":"https:\/\/ticsalutsocial.atoom.space\/es\/noticia\/el-pilot-per-testar-el-segell-industrial-del-projecte-xshare-comencara-al-gener\/","title":{"rendered":"El piloto para testear el sello industrial del proyecto xShare empezar\u00e1 en enero"},"content":{"rendered":"<p class=\"p1\">El proyecto xShare y la Fundaci\u00f3n TIC Salut i Social firman un convenio de colaboraci\u00f3n para iniciar el despliegue del <a href=\"https:\/\/ticsalutsocial.atoom.space\/noticia\/el-projecte-xshare-impulsa-un-segell-industrial-com-a-garantia-de-proteccio-de-dades-i-dinteroperabilitat-a-europa\/\" target=\"_blank\" rel=\"noopener\">sello industrial que certifique la calidad del bot\u00f3n amarillo xShare<\/a>. El acuerdo define un primer piloto con una duraci\u00f3n de un a\u00f1o y que iniciar\u00e1 a finales de enero de 2026. El objetivo es explorar como las entidades sanitarias que participen, pueden adoptar y validar el bot\u00f3n de descarga de datos de salud de los pacientes a trav\u00e9s de la etiqueta industrial de xShare. Esta etiqueta industrial est\u00e1 dise\u00f1ada para ayudar a Europa a avanzar hacia un intercambio de datos de salud m\u00e1s seguro e interoperable.<\/p>\n<h2 class=\"p1\">Pruebas en entornos reales<\/h2>\n<p class=\"p1\"><span data-teams=\"true\">El objetivo es comprobar en entornos reales la correcta implementaci\u00f3n del bot\u00f3n amarillo impulsado por el consorcio del proyecto xShare<\/span>. Identificar aspectos tecnol\u00f3gicos de mejora y obtener evidencias que permitan orientar una futura adopci\u00f3n del bot\u00f3n a escala europea. El piloto se centrar\u00e1 en aplicaciones de historias cl\u00ednicas privadas utilizadas en Catalunya. Estas aplicaciones pasar\u00e1n por una evaluaci\u00f3n completa que incluir\u00e1 la revisi\u00f3n documental, pruebas t\u00e9cnicas y el paso final de certificaci\u00f3n.<\/p>\n<p class=\"p1\">Una gran parte del trabajo girar\u00e1 alrededor de la interoperabilidad. Las pruebas analizar\u00e1n si los datos de pacientes estructurados cumplen los requisitos de los principales est\u00e1ndares europeos utilizados de manera mayoritaria. En este sentido, la fundaci\u00f3n realizar\u00e1 pruebas con la herramienta Gazelle, revisar\u00e1 el nivel de madurez de la implementaci\u00f3n del <em>International Patient Sumary<\/em> y validar\u00e1 la funcionalidad del bot\u00f3n amarillo de xShare para descargar estos datos en entornos reales.<\/p>\n<p class=\"p1\">xShare proporcionar\u00e1 a la fundaci\u00f3n el acceso a todas las herramientas y la documentaci\u00f3n necesarias para la evaluaci\u00f3n, y participar\u00e1 en las discusiones sobre resultados y mejoras metodol\u00f3gicas. La fundaci\u00f3n liderar\u00e1 la evaluaci\u00f3n, elaborar\u00e1 el informe final y definir\u00e1 las recomendaciones que puedan orientar el sello industrial, que estar\u00e1 basado en su servicio de certificaci\u00f3n de activos digitales.<\/p>\n<p class=\"p1\">Estos pilotos suponen un paso importante para ayudar a los sistemas de salud europeos a adaptarse al Espacio Europeo de Datos. El piloto en Catalunya es el primer paso para establecer una regi\u00f3n europea como a referente para trasladar este modelo de intercambio y descarga de datos a otras regiones que quieran validar este tipo de funcionalidad de manera fiable e interoperable a gran escala.<\/p>\n","protected":false},"author":3,"featured_media":35046,"menu_order":0,"template":"","meta":{"_acf_changed":false,"inline_featured_image":false},"etiqueta":[],"tipus":[725],"topic":[130,127],"class_list":["post-35056","noticia","type-noticia","status-publish","has-post-thumbnail","hentry","tipus-proyectos","topic-la-fundacion","topic-proyectos"],"acf":{"finalitzat":false,"tipus_plantilla":"objectius","template_objectius":{"cont_principal":"","imatge":false,"cont_seguent":{"titol":"","contingut":""},"seccio_llistat":{"titol":"","llistat":false},"objectius":{"titol":"","objectius":false},"documents":false},"autor":"","imatge":false,"textos_destacats":[{"texte":"La fundaci\u00f3n lidera la evaluaci\u00f3n tecnol\u00f3gica del bot\u00f3n amarillo de xShare como funcionalidad para descargar datos de pacientes de los sistemas de informaci\u00f3n europeos"}],"documents":false},"yoast_head":"<!-- This site is optimized with the Yoast SEO plugin v27.1.1 - https:\/\/yoast.com\/product\/yoast-seo-wordpress\/ -->\n<title>El piloto para testear el sello industrial del proyecto xShare empezar\u00e1 en enero - Fundaci\u00f3 TIC Salut i Social<\/title>\n<meta name=\"robots\" content=\"index, follow, max-snippet:-1, max-image-preview:large, max-video-preview:-1\" \/>\n<link rel=\"canonical\" href=\"https:\/\/ticsalutsocial.atoom.space\/es\/noticia\/el-pilot-per-testar-el-segell-industrial-del-projecte-xshare-comencara-al-gener\/\" \/>\n<meta property=\"og:locale\" content=\"es_ES\" \/>\n<meta property=\"og:type\" content=\"article\" \/>\n<meta property=\"og:title\" content=\"El piloto para testear el sello industrial del proyecto xShare empezar\u00e1 en enero - Fundaci\u00f3 TIC Salut i Social\" \/>\n<meta property=\"og:description\" content=\"El proyecto xShare y la Fundaci\u00f3n TIC Salut i Social firman un convenio de colaboraci\u00f3n para iniciar el despliegue del sello industrial que certifique la calidad del bot\u00f3n amarillo xShare. El acuerdo define un primer piloto con una duraci\u00f3n de un a\u00f1o y que iniciar\u00e1 a finales de enero de 2026. El objetivo es explorar [&hellip;]\" \/>\n<meta property=\"og:url\" content=\"https:\/\/ticsalutsocial.atoom.space\/es\/noticia\/el-pilot-per-testar-el-segell-industrial-del-projecte-xshare-comencara-al-gener\/\" \/>\n<meta property=\"og:site_name\" content=\"Fundaci\u00f3 TIC Salut i Social\" \/>\n<meta property=\"article:modified_time\" content=\"2025-12-12T07:36:36+00:00\" \/>\n<meta property=\"og:image\" content=\"https:\/\/ticsalutsocial.atoom.space\/wp-content\/uploads\/2025\/12\/Captura-de-pantalla-2025-12-11-a-les-13.33.23.png\" \/>\n\t<meta property=\"og:image:width\" content=\"793\" \/>\n\t<meta property=\"og:image:height\" content=\"444\" \/>\n\t<meta property=\"og:image:type\" content=\"image\/png\" \/>\n<meta name=\"twitter:card\" content=\"summary_large_image\" \/>\n<meta name=\"twitter:label1\" content=\"Tiempo de lectura\" \/>\n\t<meta name=\"twitter:data1\" content=\"2 minutos\" \/>\n<script type=\"application\/ld+json\" class=\"yoast-schema-graph\">{\"@context\":\"https:\/\/schema.org\",\"@graph\":[{\"@type\":\"WebPage\",\"@id\":\"https:\/\/ticsalutsocial.atoom.space\/es\/noticia\/el-pilot-per-testar-el-segell-industrial-del-projecte-xshare-comencara-al-gener\/\",\"url\":\"https:\/\/ticsalutsocial.atoom.space\/es\/noticia\/el-pilot-per-testar-el-segell-industrial-del-projecte-xshare-comencara-al-gener\/\",\"name\":\"El piloto para testear el sello industrial del proyecto xShare empezar\u00e1 en enero - Fundaci\u00f3 TIC Salut i Social\",\"isPartOf\":{\"@id\":\"https:\/\/ticsalutsocial.atoom.space\/es\/#website\"},\"primaryImageOfPage\":{\"@id\":\"https:\/\/ticsalutsocial.atoom.space\/es\/noticia\/el-pilot-per-testar-el-segell-industrial-del-projecte-xshare-comencara-al-gener\/#primaryimage\"},\"image\":{\"@id\":\"https:\/\/ticsalutsocial.atoom.space\/es\/noticia\/el-pilot-per-testar-el-segell-industrial-del-projecte-xshare-comencara-al-gener\/#primaryimage\"},\"thumbnailUrl\":\"https:\/\/ticsalutsocial.atoom.space\/wp-content\/uploads\/2025\/12\/Captura-de-pantalla-2025-12-11-a-les-13.33.23.png\",\"datePublished\":\"2025-12-11T12:36:20+00:00\",\"dateModified\":\"2025-12-12T07:36:36+00:00\",\"breadcrumb\":{\"@id\":\"https:\/\/ticsalutsocial.atoom.space\/es\/noticia\/el-pilot-per-testar-el-segell-industrial-del-projecte-xshare-comencara-al-gener\/#breadcrumb\"},\"inLanguage\":\"es\",\"potentialAction\":[{\"@type\":\"ReadAction\",\"target\":[\"https:\/\/ticsalutsocial.atoom.space\/es\/noticia\/el-pilot-per-testar-el-segell-industrial-del-projecte-xshare-comencara-al-gener\/\"]}]},{\"@type\":\"ImageObject\",\"inLanguage\":\"es\",\"@id\":\"https:\/\/ticsalutsocial.atoom.space\/es\/noticia\/el-pilot-per-testar-el-segell-industrial-del-projecte-xshare-comencara-al-gener\/#primaryimage\",\"url\":\"https:\/\/ticsalutsocial.atoom.space\/wp-content\/uploads\/2025\/12\/Captura-de-pantalla-2025-12-11-a-les-13.33.23.png\",\"contentUrl\":\"https:\/\/ticsalutsocial.atoom.space\/wp-content\/uploads\/2025\/12\/Captura-de-pantalla-2025-12-11-a-les-13.33.23.png\",\"width\":793,\"height\":444,\"caption\":\"El pilot per testar el segell industrial del projecte xShare comen\u00e7ar\u00e0 al gener\"},{\"@type\":\"BreadcrumbList\",\"@id\":\"https:\/\/ticsalutsocial.atoom.space\/es\/noticia\/el-pilot-per-testar-el-segell-industrial-del-projecte-xshare-comencara-al-gener\/#breadcrumb\",\"itemListElement\":[{\"@type\":\"ListItem\",\"position\":1,\"name\":\"Inici\",\"item\":\"https:\/\/ticsalutsocial.atoom.space\/es\/\"},{\"@type\":\"ListItem\",\"position\":2,\"name\":\"El piloto para testear el sello industrial del proyecto xShare empezar\u00e1 en enero\"}]},{\"@type\":\"WebSite\",\"@id\":\"https:\/\/ticsalutsocial.atoom.space\/es\/#website\",\"url\":\"https:\/\/ticsalutsocial.atoom.space\/es\/\",\"name\":\"Fundaci\u00f3 TIC Salut i Social\",\"description\":\"\",\"potentialAction\":[{\"@type\":\"SearchAction\",\"target\":{\"@type\":\"EntryPoint\",\"urlTemplate\":\"https:\/\/ticsalutsocial.atoom.space\/es\/?s={search_term_string}\"},\"query-input\":{\"@type\":\"PropertyValueSpecification\",\"valueRequired\":true,\"valueName\":\"search_term_string\"}}],\"inLanguage\":\"es\"}]}<\/script>\n<!-- \/ Yoast SEO plugin. -->","yoast_head_json":{"title":"El piloto para testear el sello industrial del proyecto xShare empezar\u00e1 en enero - Fundaci\u00f3 TIC Salut i Social","robots":{"index":"index","follow":"follow","max-snippet":"max-snippet:-1","max-image-preview":"max-image-preview:large","max-video-preview":"max-video-preview:-1"},"canonical":"https:\/\/ticsalutsocial.atoom.space\/es\/noticia\/el-pilot-per-testar-el-segell-industrial-del-projecte-xshare-comencara-al-gener\/","og_locale":"es_ES","og_type":"article","og_title":"El piloto para testear el sello industrial del proyecto xShare empezar\u00e1 en enero - Fundaci\u00f3 TIC Salut i Social","og_description":"El proyecto xShare y la Fundaci\u00f3n TIC Salut i Social firman un convenio de colaboraci\u00f3n para iniciar el despliegue del sello industrial que certifique la calidad del bot\u00f3n amarillo xShare. El acuerdo define un primer piloto con una duraci\u00f3n de un a\u00f1o y que iniciar\u00e1 a finales de enero de 2026. El objetivo es explorar [&hellip;]","og_url":"https:\/\/ticsalutsocial.atoom.space\/es\/noticia\/el-pilot-per-testar-el-segell-industrial-del-projecte-xshare-comencara-al-gener\/","og_site_name":"Fundaci\u00f3 TIC Salut i Social","article_modified_time":"2025-12-12T07:36:36+00:00","og_image":[{"width":793,"height":444,"url":"https:\/\/ticsalutsocial.atoom.space\/wp-content\/uploads\/2025\/12\/Captura-de-pantalla-2025-12-11-a-les-13.33.23.png","type":"image\/png"}],"twitter_card":"summary_large_image","twitter_misc":{"Tiempo de lectura":"2 minutos"},"schema":{"@context":"https:\/\/schema.org","@graph":[{"@type":"WebPage","@id":"https:\/\/ticsalutsocial.atoom.space\/es\/noticia\/el-pilot-per-testar-el-segell-industrial-del-projecte-xshare-comencara-al-gener\/","url":"https:\/\/ticsalutsocial.atoom.space\/es\/noticia\/el-pilot-per-testar-el-segell-industrial-del-projecte-xshare-comencara-al-gener\/","name":"El piloto para testear el sello industrial del proyecto xShare empezar\u00e1 en enero - Fundaci\u00f3 TIC Salut i Social","isPartOf":{"@id":"https:\/\/ticsalutsocial.atoom.space\/es\/#website"},"primaryImageOfPage":{"@id":"https:\/\/ticsalutsocial.atoom.space\/es\/noticia\/el-pilot-per-testar-el-segell-industrial-del-projecte-xshare-comencara-al-gener\/#primaryimage"},"image":{"@id":"https:\/\/ticsalutsocial.atoom.space\/es\/noticia\/el-pilot-per-testar-el-segell-industrial-del-projecte-xshare-comencara-al-gener\/#primaryimage"},"thumbnailUrl":"https:\/\/ticsalutsocial.atoom.space\/wp-content\/uploads\/2025\/12\/Captura-de-pantalla-2025-12-11-a-les-13.33.23.png","datePublished":"2025-12-11T12:36:20+00:00","dateModified":"2025-12-12T07:36:36+00:00","breadcrumb":{"@id":"https:\/\/ticsalutsocial.atoom.space\/es\/noticia\/el-pilot-per-testar-el-segell-industrial-del-projecte-xshare-comencara-al-gener\/#breadcrumb"},"inLanguage":"es","potentialAction":[{"@type":"ReadAction","target":["https:\/\/ticsalutsocial.atoom.space\/es\/noticia\/el-pilot-per-testar-el-segell-industrial-del-projecte-xshare-comencara-al-gener\/"]}]},{"@type":"ImageObject","inLanguage":"es","@id":"https:\/\/ticsalutsocial.atoom.space\/es\/noticia\/el-pilot-per-testar-el-segell-industrial-del-projecte-xshare-comencara-al-gener\/#primaryimage","url":"https:\/\/ticsalutsocial.atoom.space\/wp-content\/uploads\/2025\/12\/Captura-de-pantalla-2025-12-11-a-les-13.33.23.png","contentUrl":"https:\/\/ticsalutsocial.atoom.space\/wp-content\/uploads\/2025\/12\/Captura-de-pantalla-2025-12-11-a-les-13.33.23.png","width":793,"height":444,"caption":"El pilot per testar el segell industrial del projecte xShare comen\u00e7ar\u00e0 al gener"},{"@type":"BreadcrumbList","@id":"https:\/\/ticsalutsocial.atoom.space\/es\/noticia\/el-pilot-per-testar-el-segell-industrial-del-projecte-xshare-comencara-al-gener\/#breadcrumb","itemListElement":[{"@type":"ListItem","position":1,"name":"Inici","item":"https:\/\/ticsalutsocial.atoom.space\/es\/"},{"@type":"ListItem","position":2,"name":"El piloto para testear el sello industrial del proyecto xShare empezar\u00e1 en enero"}]},{"@type":"WebSite","@id":"https:\/\/ticsalutsocial.atoom.space\/es\/#website","url":"https:\/\/ticsalutsocial.atoom.space\/es\/","name":"Fundaci\u00f3 TIC Salut i Social","description":"","potentialAction":[{"@type":"SearchAction","target":{"@type":"EntryPoint","urlTemplate":"https:\/\/ticsalutsocial.atoom.space\/es\/?s={search_term_string}"},"query-input":{"@type":"PropertyValueSpecification","valueRequired":true,"valueName":"search_term_string"}}],"inLanguage":"es"}]}},"_links":{"self":[{"href":"https:\/\/ticsalutsocial.atoom.space\/es\/wp-json\/wp\/v2\/noticia\/35056","targetHints":{"allow":["GET"]}}],"collection":[{"href":"https:\/\/ticsalutsocial.atoom.space\/es\/wp-json\/wp\/v2\/noticia"}],"about":[{"href":"https:\/\/ticsalutsocial.atoom.space\/es\/wp-json\/wp\/v2\/types\/noticia"}],"author":[{"embeddable":true,"href":"https:\/\/ticsalutsocial.atoom.space\/es\/wp-json\/wp\/v2\/users\/3"}],"wp:featuredmedia":[{"embeddable":true,"href":"https:\/\/ticsalutsocial.atoom.space\/es\/wp-json\/wp\/v2\/media\/35046"}],"wp:attachment":[{"href":"https:\/\/ticsalutsocial.atoom.space\/es\/wp-json\/wp\/v2\/media?parent=35056"}],"wp:term":[{"taxonomy":"etiqueta","embeddable":true,"href":"https:\/\/ticsalutsocial.atoom.space\/es\/wp-json\/wp\/v2\/etiqueta?post=35056"},{"taxonomy":"tipus","embeddable":true,"href":"https:\/\/ticsalutsocial.atoom.space\/es\/wp-json\/wp\/v2\/tipus?post=35056"},{"taxonomy":"topic","embeddable":true,"href":"https:\/\/ticsalutsocial.atoom.space\/es\/wp-json\/wp\/v2\/topic?post=35056"}],"curies":[{"name":"wp","href":"https:\/\/api.w.org\/{rel}","templated":true}]}}