
{"id":3513,"date":"2018-09-10T15:32:01","date_gmt":"2018-09-10T13:32:01","guid":{"rendered":"https:\/\/ticsalutsocial.atoom.space\/?post_type=noticia&#038;p=3513"},"modified":"2021-07-21T15:37:57","modified_gmt":"2021-07-21T13:37:57","slug":"entrevista-septiembre-2018-marina-geli-coordinadora-del-centre-destudios-sanitaris-i-socials-cess","status":"publish","type":"noticia","link":"https:\/\/ticsalutsocial.atoom.space\/es\/noticia\/entrevista-septiembre-2018-marina-geli-coordinadora-del-centre-destudios-sanitaris-i-socials-cess\/","title":{"rendered":"Entrevista Septiembre 2018: Marina Geli, Coordinadora del Centre d&#8217;Estudios Sanitaris i Socials (CESS)"},"content":{"rendered":"<p><strong>Con el inicio del nuevo curso calentamos motores para la octava edici\u00f3n de las <em>Jornades RDI en TIC Salut i Social<\/em> que este a\u00f1o se celebran durante los d\u00edas 27 y 28 de septiembre en Vic. Con este motivo conversamos con Marina Geli, Coordinadora del <em>Centre de Estudis Sanitaris i Socials<\/em> (CESS) sobre los contenidos del evento y el rol de la tecnolog\u00eda en los sectores que nos ocupan:<\/strong><\/p>\n<p><strong>Las <em>Jornades<\/em> <em>RDI en TIC Salut i Social<\/em> llegan a la 8a edici\u00f3n, la 3a en Vic. \u00bfQu\u00e9 puede esperar el sector en la edici\u00f3n de este a\u00f1o?<\/strong><\/p>\n<p>La 8\u00aa edici\u00f3n de las <em>Jornades TIC Salut i Social<\/em> puede aportar una mirada del uso de las TIC y la tecnolog\u00eda para la mejora de la calidad de vida de la gente. Muy a menudo asociamos TIC y tecnolog\u00eda al concepto de deshumanizaci\u00f3n, adicci\u00f3n, p\u00e9rdida de intimidad, tr\u00e1fico de datos,&#8230; Este a\u00f1o, al contrario de lo preconcebido, compartiremos conocimiento sobre c\u00f3mo \u00e9stas pueden mejorar la calidad de vida de las personas y de la comunidad, con una mirada social y de salud.<\/p>\n<p><strong>\u00bfPorque Terapias Digitales?<\/strong><\/p>\n<p>Las TIC y la tecnolog\u00eda tienen que acontecer, igual que la prescripci\u00f3n de los medicamentos, un proceso normalizado con sus evaluadores pre, durante y post prescripci\u00f3n. Donde se tengan en cuenta la recomendaci\u00f3n y los efectos secundarios.<\/p>\n<p><strong>Entre las personalidades m\u00e1s destacadas, tenemos la presencia de Luz Rello, el Dr. Mateo Valero o el Dr. Samuel S\u00e1nchez, 3 mesas redondas, espacios B2B, c\u00e1psulas de comunicaci\u00f3n&#8230; \u00bfSer\u00e1 una jornada de alto contenido te\u00f3rico y al mismo tiempo pr\u00e1ctico?<\/strong><\/p>\n<p>La voluntad de las jornadas es la de compartir conocimiento, pr\u00e1ctica de alto impacto, est\u00e1 claro, de presente y de futuro. Dislexia, an\u00e1lisis de datos, <em>big data<\/em>, inteligencia artificial en \u00e1mbitos como salud y social, terapias digitales en salud mental, en organizaciones y en \u00e1reas como la nano-medicina, por ejemplo.<\/p>\n<p><strong>\u00bfQu\u00e9 papel tienen reservado las empresas en estas jornadas?<\/strong><\/p>\n<p>Las empresas son parte del mecenazgo, del intercambio entre los proyectos, nuevos o consolidados, y a la vez tienen la posibilidad de presentar sus experiencias.<\/p>\n<p><strong>\u00bfEl comit\u00e9 cient\u00edfico ha recibido m\u00e1s de 100 proyectos y se entregar\u00e1n 9 premios. \u00bfPodemos decir que los sector disfruta de un buen estado de forma?<\/strong><\/p>\n<p>El sector disfruta de muy buena salud y hay que orientarlo hacia la innovaci\u00f3n efectiva, aplicable, escalable y reproducible.<\/p>\n<p><strong>Finalmente, \u00bfqu\u00e9 recomendaci\u00f3n har\u00eda a alguien que se est\u00e1 planteando participar pero todav\u00eda no se ha decidido?<\/strong><\/p>\n<p>La jornada es un foro tranquilo y de di\u00e1logo, de intercambio y con posibilidad de compartir con actores diversos: empresariales, funcionales, organizaciones, entidades y corporaciones entre otros<\/p>\n","protected":false},"author":21,"featured_media":3510,"menu_order":0,"template":"","meta":{"_acf_changed":false,"inline_featured_image":false},"etiqueta":[],"tipus":[],"topic":[121],"class_list":["post-3513","noticia","type-noticia","status-publish","has-post-thumbnail","hentry","topic-dpd-es"],"acf":{"imatge":3512,"autor":"Adri\u00e0 G.Font","textos_destacats":[{"texte":"8a edici\u00f3 de les Jornades RDI en TIC Salut i Social"}]},"yoast_head":"<!-- This site is optimized with the Yoast SEO plugin v27.1.1 - https:\/\/yoast.com\/product\/yoast-seo-wordpress\/ -->\n<title>Entrevista Septiembre 2018: Marina Geli, Coordinadora del Centre d&#039;Estudios Sanitaris i Socials (CESS) - Fundaci\u00f3 TIC Salut i Social<\/title>\n<meta name=\"robots\" content=\"index, follow, max-snippet:-1, max-image-preview:large, max-video-preview:-1\" \/>\n<link rel=\"canonical\" href=\"https:\/\/ticsalutsocial.atoom.space\/es\/noticia\/entrevista-septiembre-2018-marina-geli-coordinadora-del-centre-destudios-sanitaris-i-socials-cess\/\" \/>\n<meta property=\"og:locale\" content=\"es_ES\" \/>\n<meta property=\"og:type\" content=\"article\" \/>\n<meta property=\"og:title\" content=\"Entrevista Septiembre 2018: Marina Geli, Coordinadora del Centre d&#039;Estudios Sanitaris i Socials (CESS) - Fundaci\u00f3 TIC Salut i Social\" \/>\n<meta property=\"og:description\" content=\"Con el inicio del nuevo curso calentamos motores para la octava edici\u00f3n de las Jornades RDI en TIC Salut i Social que este a\u00f1o se celebran durante los d\u00edas 27 y 28 de septiembre en Vic. Con este motivo conversamos con Marina Geli, Coordinadora del Centre de Estudis Sanitaris i Socials (CESS) sobre los contenidos [&hellip;]\" \/>\n<meta property=\"og:url\" content=\"https:\/\/ticsalutsocial.atoom.space\/es\/noticia\/entrevista-septiembre-2018-marina-geli-coordinadora-del-centre-destudios-sanitaris-i-socials-cess\/\" \/>\n<meta property=\"og:site_name\" content=\"Fundaci\u00f3 TIC Salut i Social\" \/>\n<meta property=\"article:modified_time\" content=\"2021-07-21T13:37:57+00:00\" \/>\n<meta property=\"og:image\" content=\"https:\/\/ticsalutsocial.atoom.space\/wp-content\/uploads\/2018\/09\/captura-1.png\" \/>\n\t<meta property=\"og:image:width\" content=\"856\" \/>\n\t<meta property=\"og:image:height\" content=\"575\" \/>\n\t<meta property=\"og:image:type\" content=\"image\/png\" \/>\n<meta name=\"twitter:card\" content=\"summary_large_image\" \/>\n<meta name=\"twitter:label1\" content=\"Tiempo de lectura\" \/>\n\t<meta name=\"twitter:data1\" content=\"2 minutos\" \/>\n<script type=\"application\/ld+json\" class=\"yoast-schema-graph\">{\"@context\":\"https:\/\/schema.org\",\"@graph\":[{\"@type\":\"WebPage\",\"@id\":\"https:\/\/ticsalutsocial.atoom.space\/es\/noticia\/entrevista-septiembre-2018-marina-geli-coordinadora-del-centre-destudios-sanitaris-i-socials-cess\/\",\"url\":\"https:\/\/ticsalutsocial.atoom.space\/es\/noticia\/entrevista-septiembre-2018-marina-geli-coordinadora-del-centre-destudios-sanitaris-i-socials-cess\/\",\"name\":\"Entrevista Septiembre 2018: Marina Geli, Coordinadora del Centre d'Estudios Sanitaris i Socials (CESS) - Fundaci\u00f3 TIC Salut i Social\",\"isPartOf\":{\"@id\":\"https:\/\/ticsalutsocial.atoom.space\/es\/#website\"},\"primaryImageOfPage\":{\"@id\":\"https:\/\/ticsalutsocial.atoom.space\/es\/noticia\/entrevista-septiembre-2018-marina-geli-coordinadora-del-centre-destudios-sanitaris-i-socials-cess\/#primaryimage\"},\"image\":{\"@id\":\"https:\/\/ticsalutsocial.atoom.space\/es\/noticia\/entrevista-septiembre-2018-marina-geli-coordinadora-del-centre-destudios-sanitaris-i-socials-cess\/#primaryimage\"},\"thumbnailUrl\":\"https:\/\/ticsalutsocial.atoom.space\/wp-content\/uploads\/2018\/09\/captura-1.png\",\"datePublished\":\"2018-09-10T13:32:01+00:00\",\"dateModified\":\"2021-07-21T13:37:57+00:00\",\"breadcrumb\":{\"@id\":\"https:\/\/ticsalutsocial.atoom.space\/es\/noticia\/entrevista-septiembre-2018-marina-geli-coordinadora-del-centre-destudios-sanitaris-i-socials-cess\/#breadcrumb\"},\"inLanguage\":\"es\",\"potentialAction\":[{\"@type\":\"ReadAction\",\"target\":[\"https:\/\/ticsalutsocial.atoom.space\/es\/noticia\/entrevista-septiembre-2018-marina-geli-coordinadora-del-centre-destudios-sanitaris-i-socials-cess\/\"]}]},{\"@type\":\"ImageObject\",\"inLanguage\":\"es\",\"@id\":\"https:\/\/ticsalutsocial.atoom.space\/es\/noticia\/entrevista-septiembre-2018-marina-geli-coordinadora-del-centre-destudios-sanitaris-i-socials-cess\/#primaryimage\",\"url\":\"https:\/\/ticsalutsocial.atoom.space\/wp-content\/uploads\/2018\/09\/captura-1.png\",\"contentUrl\":\"https:\/\/ticsalutsocial.atoom.space\/wp-content\/uploads\/2018\/09\/captura-1.png\",\"width\":856,\"height\":575},{\"@type\":\"BreadcrumbList\",\"@id\":\"https:\/\/ticsalutsocial.atoom.space\/es\/noticia\/entrevista-septiembre-2018-marina-geli-coordinadora-del-centre-destudios-sanitaris-i-socials-cess\/#breadcrumb\",\"itemListElement\":[{\"@type\":\"ListItem\",\"position\":1,\"name\":\"Inici\",\"item\":\"https:\/\/ticsalutsocial.atoom.space\/es\/\"},{\"@type\":\"ListItem\",\"position\":2,\"name\":\"Entrevista Septiembre 2018: Marina Geli, Coordinadora del Centre d&#8217;Estudios Sanitaris i Socials (CESS)\"}]},{\"@type\":\"WebSite\",\"@id\":\"https:\/\/ticsalutsocial.atoom.space\/es\/#website\",\"url\":\"https:\/\/ticsalutsocial.atoom.space\/es\/\",\"name\":\"Fundaci\u00f3 TIC Salut i Social\",\"description\":\"\",\"potentialAction\":[{\"@type\":\"SearchAction\",\"target\":{\"@type\":\"EntryPoint\",\"urlTemplate\":\"https:\/\/ticsalutsocial.atoom.space\/es\/?s={search_term_string}\"},\"query-input\":{\"@type\":\"PropertyValueSpecification\",\"valueRequired\":true,\"valueName\":\"search_term_string\"}}],\"inLanguage\":\"es\"}]}<\/script>\n<!-- \/ Yoast SEO plugin. -->","yoast_head_json":{"title":"Entrevista Septiembre 2018: Marina Geli, Coordinadora del Centre d'Estudios Sanitaris i Socials (CESS) - Fundaci\u00f3 TIC Salut i Social","robots":{"index":"index","follow":"follow","max-snippet":"max-snippet:-1","max-image-preview":"max-image-preview:large","max-video-preview":"max-video-preview:-1"},"canonical":"https:\/\/ticsalutsocial.atoom.space\/es\/noticia\/entrevista-septiembre-2018-marina-geli-coordinadora-del-centre-destudios-sanitaris-i-socials-cess\/","og_locale":"es_ES","og_type":"article","og_title":"Entrevista Septiembre 2018: Marina Geli, Coordinadora del Centre d'Estudios Sanitaris i Socials (CESS) - Fundaci\u00f3 TIC Salut i Social","og_description":"Con el inicio del nuevo curso calentamos motores para la octava edici\u00f3n de las Jornades RDI en TIC Salut i Social que este a\u00f1o se celebran durante los d\u00edas 27 y 28 de septiembre en Vic. Con este motivo conversamos con Marina Geli, Coordinadora del Centre de Estudis Sanitaris i Socials (CESS) sobre los contenidos [&hellip;]","og_url":"https:\/\/ticsalutsocial.atoom.space\/es\/noticia\/entrevista-septiembre-2018-marina-geli-coordinadora-del-centre-destudios-sanitaris-i-socials-cess\/","og_site_name":"Fundaci\u00f3 TIC Salut i Social","article_modified_time":"2021-07-21T13:37:57+00:00","og_image":[{"width":856,"height":575,"url":"https:\/\/ticsalutsocial.atoom.space\/wp-content\/uploads\/2018\/09\/captura-1.png","type":"image\/png"}],"twitter_card":"summary_large_image","twitter_misc":{"Tiempo de lectura":"2 minutos"},"schema":{"@context":"https:\/\/schema.org","@graph":[{"@type":"WebPage","@id":"https:\/\/ticsalutsocial.atoom.space\/es\/noticia\/entrevista-septiembre-2018-marina-geli-coordinadora-del-centre-destudios-sanitaris-i-socials-cess\/","url":"https:\/\/ticsalutsocial.atoom.space\/es\/noticia\/entrevista-septiembre-2018-marina-geli-coordinadora-del-centre-destudios-sanitaris-i-socials-cess\/","name":"Entrevista Septiembre 2018: Marina Geli, Coordinadora del Centre d'Estudios Sanitaris i Socials (CESS) - Fundaci\u00f3 TIC Salut i Social","isPartOf":{"@id":"https:\/\/ticsalutsocial.atoom.space\/es\/#website"},"primaryImageOfPage":{"@id":"https:\/\/ticsalutsocial.atoom.space\/es\/noticia\/entrevista-septiembre-2018-marina-geli-coordinadora-del-centre-destudios-sanitaris-i-socials-cess\/#primaryimage"},"image":{"@id":"https:\/\/ticsalutsocial.atoom.space\/es\/noticia\/entrevista-septiembre-2018-marina-geli-coordinadora-del-centre-destudios-sanitaris-i-socials-cess\/#primaryimage"},"thumbnailUrl":"https:\/\/ticsalutsocial.atoom.space\/wp-content\/uploads\/2018\/09\/captura-1.png","datePublished":"2018-09-10T13:32:01+00:00","dateModified":"2021-07-21T13:37:57+00:00","breadcrumb":{"@id":"https:\/\/ticsalutsocial.atoom.space\/es\/noticia\/entrevista-septiembre-2018-marina-geli-coordinadora-del-centre-destudios-sanitaris-i-socials-cess\/#breadcrumb"},"inLanguage":"es","potentialAction":[{"@type":"ReadAction","target":["https:\/\/ticsalutsocial.atoom.space\/es\/noticia\/entrevista-septiembre-2018-marina-geli-coordinadora-del-centre-destudios-sanitaris-i-socials-cess\/"]}]},{"@type":"ImageObject","inLanguage":"es","@id":"https:\/\/ticsalutsocial.atoom.space\/es\/noticia\/entrevista-septiembre-2018-marina-geli-coordinadora-del-centre-destudios-sanitaris-i-socials-cess\/#primaryimage","url":"https:\/\/ticsalutsocial.atoom.space\/wp-content\/uploads\/2018\/09\/captura-1.png","contentUrl":"https:\/\/ticsalutsocial.atoom.space\/wp-content\/uploads\/2018\/09\/captura-1.png","width":856,"height":575},{"@type":"BreadcrumbList","@id":"https:\/\/ticsalutsocial.atoom.space\/es\/noticia\/entrevista-septiembre-2018-marina-geli-coordinadora-del-centre-destudios-sanitaris-i-socials-cess\/#breadcrumb","itemListElement":[{"@type":"ListItem","position":1,"name":"Inici","item":"https:\/\/ticsalutsocial.atoom.space\/es\/"},{"@type":"ListItem","position":2,"name":"Entrevista Septiembre 2018: Marina Geli, Coordinadora del Centre d&#8217;Estudios Sanitaris i Socials (CESS)"}]},{"@type":"WebSite","@id":"https:\/\/ticsalutsocial.atoom.space\/es\/#website","url":"https:\/\/ticsalutsocial.atoom.space\/es\/","name":"Fundaci\u00f3 TIC Salut i Social","description":"","potentialAction":[{"@type":"SearchAction","target":{"@type":"EntryPoint","urlTemplate":"https:\/\/ticsalutsocial.atoom.space\/es\/?s={search_term_string}"},"query-input":{"@type":"PropertyValueSpecification","valueRequired":true,"valueName":"search_term_string"}}],"inLanguage":"es"}]}},"_links":{"self":[{"href":"https:\/\/ticsalutsocial.atoom.space\/es\/wp-json\/wp\/v2\/noticia\/3513","targetHints":{"allow":["GET"]}}],"collection":[{"href":"https:\/\/ticsalutsocial.atoom.space\/es\/wp-json\/wp\/v2\/noticia"}],"about":[{"href":"https:\/\/ticsalutsocial.atoom.space\/es\/wp-json\/wp\/v2\/types\/noticia"}],"author":[{"embeddable":true,"href":"https:\/\/ticsalutsocial.atoom.space\/es\/wp-json\/wp\/v2\/users\/21"}],"wp:featuredmedia":[{"embeddable":true,"href":"https:\/\/ticsalutsocial.atoom.space\/es\/wp-json\/wp\/v2\/media\/3510"}],"wp:attachment":[{"href":"https:\/\/ticsalutsocial.atoom.space\/es\/wp-json\/wp\/v2\/media?parent=3513"}],"wp:term":[{"taxonomy":"etiqueta","embeddable":true,"href":"https:\/\/ticsalutsocial.atoom.space\/es\/wp-json\/wp\/v2\/etiqueta?post=3513"},{"taxonomy":"tipus","embeddable":true,"href":"https:\/\/ticsalutsocial.atoom.space\/es\/wp-json\/wp\/v2\/tipus?post=3513"},{"taxonomy":"topic","embeddable":true,"href":"https:\/\/ticsalutsocial.atoom.space\/es\/wp-json\/wp\/v2\/topic?post=3513"}],"curies":[{"name":"wp","href":"https:\/\/api.w.org\/{rel}","templated":true}]}}