
{"id":3536,"date":"2018-09-17T12:57:23","date_gmt":"2018-09-17T10:57:23","guid":{"rendered":"https:\/\/ticsalutsocial.atoom.space\/?post_type=noticia&#038;p=3536"},"modified":"2021-07-21T15:38:07","modified_gmt":"2021-07-21T13:38:07","slug":"josue-sallent-tenemos-que-ser-referentes-de-la-innovacion-en-el-uso-de-las-tic-en-el-ambito-de-la-salud-y-el-bienestar-social","status":"publish","type":"noticia","link":"https:\/\/ticsalutsocial.atoom.space\/es\/noticia\/josue-sallent-tenemos-que-ser-referentes-de-la-innovacion-en-el-uso-de-las-tic-en-el-ambito-de-la-salud-y-el-bienestar-social\/","title":{"rendered":"Josu\u00e8 Sallent: \u00abTenemos que ser referentes de la innovaci\u00f3n en el uso de las TIC en el \u00e1mbito de la salud y el bienestar social.\u00bb"},"content":{"rendered":"<p>Antes del verano, el Patronato de la <em>Fundaci\u00f3 TIC Salut Social<\/em> nombr\u00f3 al <a href=\"https:\/\/ticsalutsocial.atoom.space\/es\/actualitat\/josue-sallent-nou-director-de-la-fundacio-tic-salut-social\/\">Dr. Josu\u00e8 Sallent, nuevo director de la <em>Fundaci\u00f3<\/em>.<\/a> En esta edici\u00f3n del Flash TICSS, hemos querido captar las l\u00edneas de trabajo que impulsar\u00e1 al frente de <em>TIC Salut Social<\/em> y qu\u00e9 objetivos se ha planteado.<\/p>\n<p>Sallent se incorpora a <em>TIC Salut Social<\/em> procedente de la <em>Fundaci\u00f3 i2CAT<\/em>, entidad en la que particip\u00f3 desarrollando e implementando de la tecnolog\u00eda 5G, esencial para la evoluci\u00f3n de la Internet de las Cosas, las <em>Smart Cities<\/em> y la Industria 4.0. \u00abLa aplicaci\u00f3n de las TIC en los \u00e1mbitos de salud y social tiene que permitir disponer de un sistema m\u00e1s eficiente, justo y sostenible en un entorno complejo como el actual. Es una satisfacci\u00f3n poder colaborar en una Fundaci\u00f3n ya consolidada y con amplia trayectoria en el sector\u00bb, afirma Sallent.<\/p>\n<p>Entre los objetivos que se visualizan desde el Patronato y la Direcci\u00f3n, Sallent destaca la voluntad de \u00abser referentes de la innovaci\u00f3n en el uso de las TIC en el \u00e1mbito de la salud y el bienestar social. Tenemos que aumentar el impacto de nuestras actuaciones, incrementando el n\u00famero y trascendencia de los proyectos dentro del sistema y, en paralelo, ayudar a la digitalizaci\u00f3n del \u00e1mbito social.\u00bb<\/p>\n<p>El nuevo director abre las puertas al sector y afirma que \u00ablos sectores TIC, salud y bienestar social, encontrar\u00e1n en la Fundaci\u00f3n un compa\u00f1ero de viaje que les ayudar\u00e1 en sus procesos de innovaci\u00f3n basados o el uso de las TIC\u00bb. Finalmente, remarca la \u00abnecesidad de convertirse un HUB donde converjan diferentes demandas y servicios\u00bb, encrucijada de caminos para \u00ab\u00e1mbitos de investigaci\u00f3n y conocimiento (\u00e1mbito acad\u00e9mico) y tambi\u00e9n la empresa y los proveedores de servicios.\u00bb<\/p>\n","protected":false},"author":21,"featured_media":3533,"menu_order":0,"template":"","meta":{"_acf_changed":false,"inline_featured_image":false},"etiqueta":[],"tipus":[94],"topic":[123],"class_list":["post-3536","noticia","type-noticia","status-publish","has-post-thumbnail","hentry","tipus-integracion-social-y-sanitaria","topic-actualidad"],"acf":{"imatge":3535,"autor":"Adri\u00e0 G.Font","textos_destacats":[{"texte":"Primeras impresiones del nuevo director de la Fundaci\u00f3 TIC Salut Social"}]},"yoast_head":"<!-- This site is optimized with the Yoast SEO plugin v27.1.1 - https:\/\/yoast.com\/product\/yoast-seo-wordpress\/ -->\n<title>Josu\u00e8 Sallent: &quot;Tenemos que ser referentes de la innovaci\u00f3n en el uso de las TIC en el \u00e1mbito de la salud y el bienestar social.&quot; - Fundaci\u00f3 TIC Salut i Social<\/title>\n<meta name=\"robots\" content=\"index, follow, max-snippet:-1, max-image-preview:large, max-video-preview:-1\" \/>\n<link rel=\"canonical\" href=\"https:\/\/ticsalutsocial.atoom.space\/es\/noticia\/josue-sallent-tenemos-que-ser-referentes-de-la-innovacion-en-el-uso-de-las-tic-en-el-ambito-de-la-salud-y-el-bienestar-social\/\" \/>\n<meta property=\"og:locale\" content=\"es_ES\" \/>\n<meta property=\"og:type\" content=\"article\" \/>\n<meta property=\"og:title\" content=\"Josu\u00e8 Sallent: &quot;Tenemos que ser referentes de la innovaci\u00f3n en el uso de las TIC en el \u00e1mbito de la salud y el bienestar social.&quot; - Fundaci\u00f3 TIC Salut i Social\" \/>\n<meta property=\"og:description\" content=\"Antes del verano, el Patronato de la Fundaci\u00f3 TIC Salut Social nombr\u00f3 al Dr. Josu\u00e8 Sallent, nuevo director de la Fundaci\u00f3. En esta edici\u00f3n del Flash TICSS, hemos querido captar las l\u00edneas de trabajo que impulsar\u00e1 al frente de TIC Salut Social y qu\u00e9 objetivos se ha planteado. Sallent se incorpora a TIC Salut Social [&hellip;]\" \/>\n<meta property=\"og:url\" content=\"https:\/\/ticsalutsocial.atoom.space\/es\/noticia\/josue-sallent-tenemos-que-ser-referentes-de-la-innovacion-en-el-uso-de-las-tic-en-el-ambito-de-la-salud-y-el-bienestar-social\/\" \/>\n<meta property=\"og:site_name\" content=\"Fundaci\u00f3 TIC Salut i Social\" \/>\n<meta property=\"article:modified_time\" content=\"2021-07-21T13:38:07+00:00\" \/>\n<meta property=\"og:image\" content=\"https:\/\/ticsalutsocial.atoom.space\/wp-content\/uploads\/2018\/09\/sallent_presentacio.jpg\" \/>\n\t<meta property=\"og:image:width\" content=\"2048\" \/>\n\t<meta property=\"og:image:height\" content=\"1536\" \/>\n\t<meta property=\"og:image:type\" content=\"image\/jpeg\" \/>\n<meta name=\"twitter:card\" content=\"summary_large_image\" \/>\n<meta name=\"twitter:label1\" content=\"Tiempo de lectura\" \/>\n\t<meta name=\"twitter:data1\" content=\"2 minutos\" \/>\n<script type=\"application\/ld+json\" class=\"yoast-schema-graph\">{\"@context\":\"https:\/\/schema.org\",\"@graph\":[{\"@type\":\"WebPage\",\"@id\":\"https:\/\/ticsalutsocial.atoom.space\/es\/noticia\/josue-sallent-tenemos-que-ser-referentes-de-la-innovacion-en-el-uso-de-las-tic-en-el-ambito-de-la-salud-y-el-bienestar-social\/\",\"url\":\"https:\/\/ticsalutsocial.atoom.space\/es\/noticia\/josue-sallent-tenemos-que-ser-referentes-de-la-innovacion-en-el-uso-de-las-tic-en-el-ambito-de-la-salud-y-el-bienestar-social\/\",\"name\":\"Josu\u00e8 Sallent: \\\"Tenemos que ser referentes de la innovaci\u00f3n en el uso de las TIC en el \u00e1mbito de la salud y el bienestar social.\\\" - Fundaci\u00f3 TIC Salut i Social\",\"isPartOf\":{\"@id\":\"https:\/\/ticsalutsocial.atoom.space\/es\/#website\"},\"primaryImageOfPage\":{\"@id\":\"https:\/\/ticsalutsocial.atoom.space\/es\/noticia\/josue-sallent-tenemos-que-ser-referentes-de-la-innovacion-en-el-uso-de-las-tic-en-el-ambito-de-la-salud-y-el-bienestar-social\/#primaryimage\"},\"image\":{\"@id\":\"https:\/\/ticsalutsocial.atoom.space\/es\/noticia\/josue-sallent-tenemos-que-ser-referentes-de-la-innovacion-en-el-uso-de-las-tic-en-el-ambito-de-la-salud-y-el-bienestar-social\/#primaryimage\"},\"thumbnailUrl\":\"https:\/\/ticsalutsocial.atoom.space\/wp-content\/uploads\/2018\/09\/sallent_presentacio.jpg\",\"datePublished\":\"2018-09-17T10:57:23+00:00\",\"dateModified\":\"2021-07-21T13:38:07+00:00\",\"breadcrumb\":{\"@id\":\"https:\/\/ticsalutsocial.atoom.space\/es\/noticia\/josue-sallent-tenemos-que-ser-referentes-de-la-innovacion-en-el-uso-de-las-tic-en-el-ambito-de-la-salud-y-el-bienestar-social\/#breadcrumb\"},\"inLanguage\":\"es\",\"potentialAction\":[{\"@type\":\"ReadAction\",\"target\":[\"https:\/\/ticsalutsocial.atoom.space\/es\/noticia\/josue-sallent-tenemos-que-ser-referentes-de-la-innovacion-en-el-uso-de-las-tic-en-el-ambito-de-la-salud-y-el-bienestar-social\/\"]}]},{\"@type\":\"ImageObject\",\"inLanguage\":\"es\",\"@id\":\"https:\/\/ticsalutsocial.atoom.space\/es\/noticia\/josue-sallent-tenemos-que-ser-referentes-de-la-innovacion-en-el-uso-de-las-tic-en-el-ambito-de-la-salud-y-el-bienestar-social\/#primaryimage\",\"url\":\"https:\/\/ticsalutsocial.atoom.space\/wp-content\/uploads\/2018\/09\/sallent_presentacio.jpg\",\"contentUrl\":\"https:\/\/ticsalutsocial.atoom.space\/wp-content\/uploads\/2018\/09\/sallent_presentacio.jpg\",\"width\":2048,\"height\":1536},{\"@type\":\"BreadcrumbList\",\"@id\":\"https:\/\/ticsalutsocial.atoom.space\/es\/noticia\/josue-sallent-tenemos-que-ser-referentes-de-la-innovacion-en-el-uso-de-las-tic-en-el-ambito-de-la-salud-y-el-bienestar-social\/#breadcrumb\",\"itemListElement\":[{\"@type\":\"ListItem\",\"position\":1,\"name\":\"Inici\",\"item\":\"https:\/\/ticsalutsocial.atoom.space\/es\/\"},{\"@type\":\"ListItem\",\"position\":2,\"name\":\"Josu\u00e8 Sallent: &#8220;Tenemos que ser referentes de la innovaci\u00f3n en el uso de las TIC en el \u00e1mbito de la salud y el bienestar social.&#8221;\"}]},{\"@type\":\"WebSite\",\"@id\":\"https:\/\/ticsalutsocial.atoom.space\/es\/#website\",\"url\":\"https:\/\/ticsalutsocial.atoom.space\/es\/\",\"name\":\"Fundaci\u00f3 TIC Salut i Social\",\"description\":\"\",\"potentialAction\":[{\"@type\":\"SearchAction\",\"target\":{\"@type\":\"EntryPoint\",\"urlTemplate\":\"https:\/\/ticsalutsocial.atoom.space\/es\/?s={search_term_string}\"},\"query-input\":{\"@type\":\"PropertyValueSpecification\",\"valueRequired\":true,\"valueName\":\"search_term_string\"}}],\"inLanguage\":\"es\"}]}<\/script>\n<!-- \/ Yoast SEO plugin. -->","yoast_head_json":{"title":"Josu\u00e8 Sallent: \"Tenemos que ser referentes de la innovaci\u00f3n en el uso de las TIC en el \u00e1mbito de la salud y el bienestar social.\" - Fundaci\u00f3 TIC Salut i Social","robots":{"index":"index","follow":"follow","max-snippet":"max-snippet:-1","max-image-preview":"max-image-preview:large","max-video-preview":"max-video-preview:-1"},"canonical":"https:\/\/ticsalutsocial.atoom.space\/es\/noticia\/josue-sallent-tenemos-que-ser-referentes-de-la-innovacion-en-el-uso-de-las-tic-en-el-ambito-de-la-salud-y-el-bienestar-social\/","og_locale":"es_ES","og_type":"article","og_title":"Josu\u00e8 Sallent: \"Tenemos que ser referentes de la innovaci\u00f3n en el uso de las TIC en el \u00e1mbito de la salud y el bienestar social.\" - Fundaci\u00f3 TIC Salut i Social","og_description":"Antes del verano, el Patronato de la Fundaci\u00f3 TIC Salut Social nombr\u00f3 al Dr. Josu\u00e8 Sallent, nuevo director de la Fundaci\u00f3. En esta edici\u00f3n del Flash TICSS, hemos querido captar las l\u00edneas de trabajo que impulsar\u00e1 al frente de TIC Salut Social y qu\u00e9 objetivos se ha planteado. Sallent se incorpora a TIC Salut Social [&hellip;]","og_url":"https:\/\/ticsalutsocial.atoom.space\/es\/noticia\/josue-sallent-tenemos-que-ser-referentes-de-la-innovacion-en-el-uso-de-las-tic-en-el-ambito-de-la-salud-y-el-bienestar-social\/","og_site_name":"Fundaci\u00f3 TIC Salut i Social","article_modified_time":"2021-07-21T13:38:07+00:00","og_image":[{"width":2048,"height":1536,"url":"https:\/\/ticsalutsocial.atoom.space\/wp-content\/uploads\/2018\/09\/sallent_presentacio.jpg","type":"image\/jpeg"}],"twitter_card":"summary_large_image","twitter_misc":{"Tiempo de lectura":"2 minutos"},"schema":{"@context":"https:\/\/schema.org","@graph":[{"@type":"WebPage","@id":"https:\/\/ticsalutsocial.atoom.space\/es\/noticia\/josue-sallent-tenemos-que-ser-referentes-de-la-innovacion-en-el-uso-de-las-tic-en-el-ambito-de-la-salud-y-el-bienestar-social\/","url":"https:\/\/ticsalutsocial.atoom.space\/es\/noticia\/josue-sallent-tenemos-que-ser-referentes-de-la-innovacion-en-el-uso-de-las-tic-en-el-ambito-de-la-salud-y-el-bienestar-social\/","name":"Josu\u00e8 Sallent: \"Tenemos que ser referentes de la innovaci\u00f3n en el uso de las TIC en el \u00e1mbito de la salud y el bienestar social.\" - Fundaci\u00f3 TIC Salut i Social","isPartOf":{"@id":"https:\/\/ticsalutsocial.atoom.space\/es\/#website"},"primaryImageOfPage":{"@id":"https:\/\/ticsalutsocial.atoom.space\/es\/noticia\/josue-sallent-tenemos-que-ser-referentes-de-la-innovacion-en-el-uso-de-las-tic-en-el-ambito-de-la-salud-y-el-bienestar-social\/#primaryimage"},"image":{"@id":"https:\/\/ticsalutsocial.atoom.space\/es\/noticia\/josue-sallent-tenemos-que-ser-referentes-de-la-innovacion-en-el-uso-de-las-tic-en-el-ambito-de-la-salud-y-el-bienestar-social\/#primaryimage"},"thumbnailUrl":"https:\/\/ticsalutsocial.atoom.space\/wp-content\/uploads\/2018\/09\/sallent_presentacio.jpg","datePublished":"2018-09-17T10:57:23+00:00","dateModified":"2021-07-21T13:38:07+00:00","breadcrumb":{"@id":"https:\/\/ticsalutsocial.atoom.space\/es\/noticia\/josue-sallent-tenemos-que-ser-referentes-de-la-innovacion-en-el-uso-de-las-tic-en-el-ambito-de-la-salud-y-el-bienestar-social\/#breadcrumb"},"inLanguage":"es","potentialAction":[{"@type":"ReadAction","target":["https:\/\/ticsalutsocial.atoom.space\/es\/noticia\/josue-sallent-tenemos-que-ser-referentes-de-la-innovacion-en-el-uso-de-las-tic-en-el-ambito-de-la-salud-y-el-bienestar-social\/"]}]},{"@type":"ImageObject","inLanguage":"es","@id":"https:\/\/ticsalutsocial.atoom.space\/es\/noticia\/josue-sallent-tenemos-que-ser-referentes-de-la-innovacion-en-el-uso-de-las-tic-en-el-ambito-de-la-salud-y-el-bienestar-social\/#primaryimage","url":"https:\/\/ticsalutsocial.atoom.space\/wp-content\/uploads\/2018\/09\/sallent_presentacio.jpg","contentUrl":"https:\/\/ticsalutsocial.atoom.space\/wp-content\/uploads\/2018\/09\/sallent_presentacio.jpg","width":2048,"height":1536},{"@type":"BreadcrumbList","@id":"https:\/\/ticsalutsocial.atoom.space\/es\/noticia\/josue-sallent-tenemos-que-ser-referentes-de-la-innovacion-en-el-uso-de-las-tic-en-el-ambito-de-la-salud-y-el-bienestar-social\/#breadcrumb","itemListElement":[{"@type":"ListItem","position":1,"name":"Inici","item":"https:\/\/ticsalutsocial.atoom.space\/es\/"},{"@type":"ListItem","position":2,"name":"Josu\u00e8 Sallent: &#8220;Tenemos que ser referentes de la innovaci\u00f3n en el uso de las TIC en el \u00e1mbito de la salud y el bienestar social.&#8221;"}]},{"@type":"WebSite","@id":"https:\/\/ticsalutsocial.atoom.space\/es\/#website","url":"https:\/\/ticsalutsocial.atoom.space\/es\/","name":"Fundaci\u00f3 TIC Salut i Social","description":"","potentialAction":[{"@type":"SearchAction","target":{"@type":"EntryPoint","urlTemplate":"https:\/\/ticsalutsocial.atoom.space\/es\/?s={search_term_string}"},"query-input":{"@type":"PropertyValueSpecification","valueRequired":true,"valueName":"search_term_string"}}],"inLanguage":"es"}]}},"_links":{"self":[{"href":"https:\/\/ticsalutsocial.atoom.space\/es\/wp-json\/wp\/v2\/noticia\/3536","targetHints":{"allow":["GET"]}}],"collection":[{"href":"https:\/\/ticsalutsocial.atoom.space\/es\/wp-json\/wp\/v2\/noticia"}],"about":[{"href":"https:\/\/ticsalutsocial.atoom.space\/es\/wp-json\/wp\/v2\/types\/noticia"}],"author":[{"embeddable":true,"href":"https:\/\/ticsalutsocial.atoom.space\/es\/wp-json\/wp\/v2\/users\/21"}],"wp:featuredmedia":[{"embeddable":true,"href":"https:\/\/ticsalutsocial.atoom.space\/es\/wp-json\/wp\/v2\/media\/3533"}],"wp:attachment":[{"href":"https:\/\/ticsalutsocial.atoom.space\/es\/wp-json\/wp\/v2\/media?parent=3536"}],"wp:term":[{"taxonomy":"etiqueta","embeddable":true,"href":"https:\/\/ticsalutsocial.atoom.space\/es\/wp-json\/wp\/v2\/etiqueta?post=3536"},{"taxonomy":"tipus","embeddable":true,"href":"https:\/\/ticsalutsocial.atoom.space\/es\/wp-json\/wp\/v2\/tipus?post=3536"},{"taxonomy":"topic","embeddable":true,"href":"https:\/\/ticsalutsocial.atoom.space\/es\/wp-json\/wp\/v2\/topic?post=3536"}],"curies":[{"name":"wp","href":"https:\/\/api.w.org\/{rel}","templated":true}]}}