
{"id":35475,"date":"2026-01-26T15:22:24","date_gmt":"2026-01-26T13:22:24","guid":{"rendered":"https:\/\/ticsalutsocial.atoom.space\/noticia\/nou-curs-sobre-intelligencia-artificial-gestio-de-dades-i-bioinformatica-en-lambit-de-la-salut\/"},"modified":"2026-01-27T12:02:57","modified_gmt":"2026-01-27T10:02:57","slug":"nou-curs-sobre-intelligencia-artificial-gestio-de-dades-i-bioinformatica-en-lambit-de-la-salut","status":"publish","type":"noticia","link":"https:\/\/ticsalutsocial.atoom.space\/es\/noticia\/nou-curs-sobre-intelligencia-artificial-gestio-de-dades-i-bioinformatica-en-lambit-de-la-salut\/","title":{"rendered":"Nuevo curso sobre inteligencia artificial, gesti\u00f3n de datos y bioinform\u00e1tica en el \u00e1mbito de la salud"},"content":{"rendered":"\n<p>El pr\u00f3ximo 4 de febrero comienza el curso <a href=\"https:\/\/www.il3.ub.edu\/microcredenciales-inteligencia-artificial-gestion-datos-bioinformatica-en-ambito-salud\" target=\"_blank\" rel=\"noreferrer noopener\">Inteligencia Artificial, Gesti\u00f3n de Datos y Bioinform\u00e1tica en el \u00c1mbito de la Salud<\/a>, impulsado por Bioinformatics Barcelona y el Institut de Formaci\u00f3 Cont\u00ednua IL3, con el apoyo de la Fundaci\u00f3 TIC Salut i Social, la Societat Catalana de Salut Digital, la Uni\u00f3 Catalana d\u2019Hospitals y el Consorci de Salut i Social de Catalunya. <strong>La formaci\u00f3n est\u00e1 dirigida a profesionales sanitarios<\/strong> que quieran incorporar la inteligencia artificial (IA) de manera segura y fiable.<\/p>\n\n\n\n<p>El curso ofrece una base s\u00f3lida y pr\u00e1ctica sobre IA, la gesti\u00f3n de datos cl\u00ednicos, la \u00e9tica, la validaci\u00f3n de modelos y la integraci\u00f3n en los flujos asistenciales. Entre otros objetivos, pretende que los profesionales sean capaces de identificar oportunidades para incorporar soluciones basadas en IA en los flujos asistenciales y de colaborar con equipos multidisciplinares en proyectos de innovaci\u00f3n sanitaria.<\/p>\n\n\n\n<p>Entre el equipo docente se encuentran <strong>Maria Bretones <\/strong>y <strong>Vaneza G\u00f3mez<\/strong>, gestoras de proyectos del \u00c1rea de IA de la Fundaci\u00f3 TIC Salut i Social, y <strong>M\u00edriam M\u00e9ndez<\/strong>, miembro del equipo de la Oficina del Delegado de Protecci\u00f3n de Datos en Salud. Las dos primeras participar\u00e1n en las sesiones sobre fundamentos de la IA y sobre evaluaci\u00f3n e interpretaci\u00f3n de modelos de IA, en este \u00faltimo caso en colaboraci\u00f3n con la Ag\u00e8ncia de Qualitat i Avaluaci\u00f3 Sanit\u00e0ries de Catalunya (AQuAS). Por su parte, M\u00edriam M\u00e9ndez ser\u00e1 docente de la sesi\u00f3n sobre aspectos \u00e9ticos y legales de la IA en salud.<\/p>\n\n\n\n<p>El curso es en l\u00ednea, tiene una duraci\u00f3n de 6 semanas y est\u00e1 reconocido con 2 cr\u00e9ditos ECTS.<\/p>\n\n\n\n<p><\/p>\n\n\n\n<figure class=\"wp-block-image size-large is-resized\"><img loading=\"lazy\" decoding=\"async\" width=\"1024\" height=\"53\" src=\"https:\/\/ticsalutsocial.atoom.space\/wp-content\/uploads\/2026\/01\/harmonitzacioLogosProjectesEuropeus-MTDFP-1024x53.png\" alt=\"\" class=\"wp-image-35478\" style=\"aspect-ratio:19.324227174694464;width:657px;height:auto\" srcset=\"https:\/\/ticsalutsocial.atoom.space\/wp-content\/uploads\/2026\/01\/harmonitzacioLogosProjectesEuropeus-MTDFP-1024x53.png 1024w, https:\/\/ticsalutsocial.atoom.space\/wp-content\/uploads\/2026\/01\/harmonitzacioLogosProjectesEuropeus-MTDFP-300x15.png 300w, https:\/\/ticsalutsocial.atoom.space\/wp-content\/uploads\/2026\/01\/harmonitzacioLogosProjectesEuropeus-MTDFP-768x40.png 768w, https:\/\/ticsalutsocial.atoom.space\/wp-content\/uploads\/2026\/01\/harmonitzacioLogosProjectesEuropeus-MTDFP-1536x79.png 1536w, https:\/\/ticsalutsocial.atoom.space\/wp-content\/uploads\/2026\/01\/harmonitzacioLogosProjectesEuropeus-MTDFP-2048x106.png 2048w\" sizes=\"auto, (max-width: 1024px) 100vw, 1024px\" \/><\/figure>\n","protected":false},"author":12,"featured_media":35473,"menu_order":0,"template":"","meta":{"_acf_changed":false,"inline_featured_image":false},"etiqueta":[],"tipus":[879],"topic":[123],"class_list":["post-35475","noticia","type-noticia","status-publish","has-post-thumbnail","hentry","tipus-inteligencia-artificial","topic-actualidad"],"acf":{"finalitzat":false,"tipus_plantilla":"objectius","template_objectius":{"cont_principal":"","imatge":false,"cont_seguent":{"titol":"","contingut":""},"seccio_llistat":{"titol":"","llistat":false},"objectius":{"titol":"","objectius":false},"documents":false},"autor":"","imatge":35473,"textos_destacats":[{"texte":"La formaci\u00f3n est\u00e1 dirigida a profesionales sanitarios que quieran incorporar la IA de manera segura y fiable."}],"documents":false},"yoast_head":"<!-- This site is optimized with the Yoast SEO plugin v27.1.1 - https:\/\/yoast.com\/product\/yoast-seo-wordpress\/ -->\n<title>Nuevo curso sobre inteligencia artificial, gesti\u00f3n de datos y bioinform\u00e1tica en el \u00e1mbito de la salud - Fundaci\u00f3 TIC Salut i Social<\/title>\n<meta name=\"robots\" content=\"index, follow, max-snippet:-1, max-image-preview:large, max-video-preview:-1\" \/>\n<link rel=\"canonical\" href=\"https:\/\/ticsalutsocial.atoom.space\/es\/noticia\/nou-curs-sobre-intelligencia-artificial-gestio-de-dades-i-bioinformatica-en-lambit-de-la-salut\/\" \/>\n<meta property=\"og:locale\" content=\"es_ES\" \/>\n<meta property=\"og:type\" content=\"article\" \/>\n<meta property=\"og:title\" content=\"Nuevo curso sobre inteligencia artificial, gesti\u00f3n de datos y bioinform\u00e1tica en el \u00e1mbito de la salud - Fundaci\u00f3 TIC Salut i Social\" \/>\n<meta property=\"og:description\" content=\"El pr\u00f3ximo 4 de febrero comienza el curso Inteligencia Artificial, Gesti\u00f3n de Datos y Bioinform\u00e1tica en el \u00c1mbito de la Salud, impulsado por Bioinformatics Barcelona y el Institut de Formaci\u00f3 Cont\u00ednua IL3, con el apoyo de la Fundaci\u00f3 TIC Salut i Social, la Societat Catalana de Salut Digital, la Uni\u00f3 Catalana d\u2019Hospitals y el Consorci [&hellip;]\" \/>\n<meta property=\"og:url\" content=\"https:\/\/ticsalutsocial.atoom.space\/es\/noticia\/nou-curs-sobre-intelligencia-artificial-gestio-de-dades-i-bioinformatica-en-lambit-de-la-salut\/\" \/>\n<meta property=\"og:site_name\" content=\"Fundaci\u00f3 TIC Salut i Social\" \/>\n<meta property=\"article:modified_time\" content=\"2026-01-27T10:02:57+00:00\" \/>\n<meta property=\"og:image\" content=\"https:\/\/ticsalutsocial.atoom.space\/wp-content\/uploads\/2026\/01\/curs-sobre-intelligencia-artificial-gestio-de-dades-i-bioinformatica.png\" \/>\n\t<meta property=\"og:image:width\" content=\"1280\" \/>\n\t<meta property=\"og:image:height\" content=\"960\" \/>\n\t<meta property=\"og:image:type\" content=\"image\/png\" \/>\n<meta name=\"twitter:card\" content=\"summary_large_image\" \/>\n<meta name=\"twitter:label1\" content=\"Tiempo de lectura\" \/>\n\t<meta name=\"twitter:data1\" content=\"1 minuto\" \/>\n<script type=\"application\/ld+json\" class=\"yoast-schema-graph\">{\"@context\":\"https:\/\/schema.org\",\"@graph\":[{\"@type\":\"WebPage\",\"@id\":\"https:\/\/ticsalutsocial.atoom.space\/es\/noticia\/nou-curs-sobre-intelligencia-artificial-gestio-de-dades-i-bioinformatica-en-lambit-de-la-salut\/\",\"url\":\"https:\/\/ticsalutsocial.atoom.space\/es\/noticia\/nou-curs-sobre-intelligencia-artificial-gestio-de-dades-i-bioinformatica-en-lambit-de-la-salut\/\",\"name\":\"Nuevo curso sobre inteligencia artificial, gesti\u00f3n de datos y bioinform\u00e1tica en el \u00e1mbito de la salud - Fundaci\u00f3 TIC Salut i Social\",\"isPartOf\":{\"@id\":\"https:\/\/ticsalutsocial.atoom.space\/es\/#website\"},\"primaryImageOfPage\":{\"@id\":\"https:\/\/ticsalutsocial.atoom.space\/es\/noticia\/nou-curs-sobre-intelligencia-artificial-gestio-de-dades-i-bioinformatica-en-lambit-de-la-salut\/#primaryimage\"},\"image\":{\"@id\":\"https:\/\/ticsalutsocial.atoom.space\/es\/noticia\/nou-curs-sobre-intelligencia-artificial-gestio-de-dades-i-bioinformatica-en-lambit-de-la-salut\/#primaryimage\"},\"thumbnailUrl\":\"https:\/\/ticsalutsocial.atoom.space\/wp-content\/uploads\/2026\/01\/curs-sobre-intelligencia-artificial-gestio-de-dades-i-bioinformatica.png\",\"datePublished\":\"2026-01-26T13:22:24+00:00\",\"dateModified\":\"2026-01-27T10:02:57+00:00\",\"breadcrumb\":{\"@id\":\"https:\/\/ticsalutsocial.atoom.space\/es\/noticia\/nou-curs-sobre-intelligencia-artificial-gestio-de-dades-i-bioinformatica-en-lambit-de-la-salut\/#breadcrumb\"},\"inLanguage\":\"es\",\"potentialAction\":[{\"@type\":\"ReadAction\",\"target\":[\"https:\/\/ticsalutsocial.atoom.space\/es\/noticia\/nou-curs-sobre-intelligencia-artificial-gestio-de-dades-i-bioinformatica-en-lambit-de-la-salut\/\"]}]},{\"@type\":\"ImageObject\",\"inLanguage\":\"es\",\"@id\":\"https:\/\/ticsalutsocial.atoom.space\/es\/noticia\/nou-curs-sobre-intelligencia-artificial-gestio-de-dades-i-bioinformatica-en-lambit-de-la-salut\/#primaryimage\",\"url\":\"https:\/\/ticsalutsocial.atoom.space\/wp-content\/uploads\/2026\/01\/curs-sobre-intelligencia-artificial-gestio-de-dades-i-bioinformatica.png\",\"contentUrl\":\"https:\/\/ticsalutsocial.atoom.space\/wp-content\/uploads\/2026\/01\/curs-sobre-intelligencia-artificial-gestio-de-dades-i-bioinformatica.png\",\"width\":1280,\"height\":960,\"caption\":\"curs sobre intel\u00b7lig\u00e8ncia artificial, gesti\u00f3 de dades i bioinform\u00e0tica\"},{\"@type\":\"BreadcrumbList\",\"@id\":\"https:\/\/ticsalutsocial.atoom.space\/es\/noticia\/nou-curs-sobre-intelligencia-artificial-gestio-de-dades-i-bioinformatica-en-lambit-de-la-salut\/#breadcrumb\",\"itemListElement\":[{\"@type\":\"ListItem\",\"position\":1,\"name\":\"Inici\",\"item\":\"https:\/\/ticsalutsocial.atoom.space\/es\/\"},{\"@type\":\"ListItem\",\"position\":2,\"name\":\"Nuevo curso sobre inteligencia artificial, gesti\u00f3n de datos y bioinform\u00e1tica en el \u00e1mbito de la salud\"}]},{\"@type\":\"WebSite\",\"@id\":\"https:\/\/ticsalutsocial.atoom.space\/es\/#website\",\"url\":\"https:\/\/ticsalutsocial.atoom.space\/es\/\",\"name\":\"Fundaci\u00f3 TIC Salut i Social\",\"description\":\"\",\"potentialAction\":[{\"@type\":\"SearchAction\",\"target\":{\"@type\":\"EntryPoint\",\"urlTemplate\":\"https:\/\/ticsalutsocial.atoom.space\/es\/?s={search_term_string}\"},\"query-input\":{\"@type\":\"PropertyValueSpecification\",\"valueRequired\":true,\"valueName\":\"search_term_string\"}}],\"inLanguage\":\"es\"}]}<\/script>\n<!-- \/ Yoast SEO plugin. -->","yoast_head_json":{"title":"Nuevo curso sobre inteligencia artificial, gesti\u00f3n de datos y bioinform\u00e1tica en el \u00e1mbito de la salud - Fundaci\u00f3 TIC Salut i Social","robots":{"index":"index","follow":"follow","max-snippet":"max-snippet:-1","max-image-preview":"max-image-preview:large","max-video-preview":"max-video-preview:-1"},"canonical":"https:\/\/ticsalutsocial.atoom.space\/es\/noticia\/nou-curs-sobre-intelligencia-artificial-gestio-de-dades-i-bioinformatica-en-lambit-de-la-salut\/","og_locale":"es_ES","og_type":"article","og_title":"Nuevo curso sobre inteligencia artificial, gesti\u00f3n de datos y bioinform\u00e1tica en el \u00e1mbito de la salud - Fundaci\u00f3 TIC Salut i Social","og_description":"El pr\u00f3ximo 4 de febrero comienza el curso Inteligencia Artificial, Gesti\u00f3n de Datos y Bioinform\u00e1tica en el \u00c1mbito de la Salud, impulsado por Bioinformatics Barcelona y el Institut de Formaci\u00f3 Cont\u00ednua IL3, con el apoyo de la Fundaci\u00f3 TIC Salut i Social, la Societat Catalana de Salut Digital, la Uni\u00f3 Catalana d\u2019Hospitals y el Consorci [&hellip;]","og_url":"https:\/\/ticsalutsocial.atoom.space\/es\/noticia\/nou-curs-sobre-intelligencia-artificial-gestio-de-dades-i-bioinformatica-en-lambit-de-la-salut\/","og_site_name":"Fundaci\u00f3 TIC Salut i Social","article_modified_time":"2026-01-27T10:02:57+00:00","og_image":[{"width":1280,"height":960,"url":"https:\/\/ticsalutsocial.atoom.space\/wp-content\/uploads\/2026\/01\/curs-sobre-intelligencia-artificial-gestio-de-dades-i-bioinformatica.png","type":"image\/png"}],"twitter_card":"summary_large_image","twitter_misc":{"Tiempo de lectura":"1 minuto"},"schema":{"@context":"https:\/\/schema.org","@graph":[{"@type":"WebPage","@id":"https:\/\/ticsalutsocial.atoom.space\/es\/noticia\/nou-curs-sobre-intelligencia-artificial-gestio-de-dades-i-bioinformatica-en-lambit-de-la-salut\/","url":"https:\/\/ticsalutsocial.atoom.space\/es\/noticia\/nou-curs-sobre-intelligencia-artificial-gestio-de-dades-i-bioinformatica-en-lambit-de-la-salut\/","name":"Nuevo curso sobre inteligencia artificial, gesti\u00f3n de datos y bioinform\u00e1tica en el \u00e1mbito de la salud - Fundaci\u00f3 TIC Salut i Social","isPartOf":{"@id":"https:\/\/ticsalutsocial.atoom.space\/es\/#website"},"primaryImageOfPage":{"@id":"https:\/\/ticsalutsocial.atoom.space\/es\/noticia\/nou-curs-sobre-intelligencia-artificial-gestio-de-dades-i-bioinformatica-en-lambit-de-la-salut\/#primaryimage"},"image":{"@id":"https:\/\/ticsalutsocial.atoom.space\/es\/noticia\/nou-curs-sobre-intelligencia-artificial-gestio-de-dades-i-bioinformatica-en-lambit-de-la-salut\/#primaryimage"},"thumbnailUrl":"https:\/\/ticsalutsocial.atoom.space\/wp-content\/uploads\/2026\/01\/curs-sobre-intelligencia-artificial-gestio-de-dades-i-bioinformatica.png","datePublished":"2026-01-26T13:22:24+00:00","dateModified":"2026-01-27T10:02:57+00:00","breadcrumb":{"@id":"https:\/\/ticsalutsocial.atoom.space\/es\/noticia\/nou-curs-sobre-intelligencia-artificial-gestio-de-dades-i-bioinformatica-en-lambit-de-la-salut\/#breadcrumb"},"inLanguage":"es","potentialAction":[{"@type":"ReadAction","target":["https:\/\/ticsalutsocial.atoom.space\/es\/noticia\/nou-curs-sobre-intelligencia-artificial-gestio-de-dades-i-bioinformatica-en-lambit-de-la-salut\/"]}]},{"@type":"ImageObject","inLanguage":"es","@id":"https:\/\/ticsalutsocial.atoom.space\/es\/noticia\/nou-curs-sobre-intelligencia-artificial-gestio-de-dades-i-bioinformatica-en-lambit-de-la-salut\/#primaryimage","url":"https:\/\/ticsalutsocial.atoom.space\/wp-content\/uploads\/2026\/01\/curs-sobre-intelligencia-artificial-gestio-de-dades-i-bioinformatica.png","contentUrl":"https:\/\/ticsalutsocial.atoom.space\/wp-content\/uploads\/2026\/01\/curs-sobre-intelligencia-artificial-gestio-de-dades-i-bioinformatica.png","width":1280,"height":960,"caption":"curs sobre intel\u00b7lig\u00e8ncia artificial, gesti\u00f3 de dades i bioinform\u00e0tica"},{"@type":"BreadcrumbList","@id":"https:\/\/ticsalutsocial.atoom.space\/es\/noticia\/nou-curs-sobre-intelligencia-artificial-gestio-de-dades-i-bioinformatica-en-lambit-de-la-salut\/#breadcrumb","itemListElement":[{"@type":"ListItem","position":1,"name":"Inici","item":"https:\/\/ticsalutsocial.atoom.space\/es\/"},{"@type":"ListItem","position":2,"name":"Nuevo curso sobre inteligencia artificial, gesti\u00f3n de datos y bioinform\u00e1tica en el \u00e1mbito de la salud"}]},{"@type":"WebSite","@id":"https:\/\/ticsalutsocial.atoom.space\/es\/#website","url":"https:\/\/ticsalutsocial.atoom.space\/es\/","name":"Fundaci\u00f3 TIC Salut i Social","description":"","potentialAction":[{"@type":"SearchAction","target":{"@type":"EntryPoint","urlTemplate":"https:\/\/ticsalutsocial.atoom.space\/es\/?s={search_term_string}"},"query-input":{"@type":"PropertyValueSpecification","valueRequired":true,"valueName":"search_term_string"}}],"inLanguage":"es"}]}},"_links":{"self":[{"href":"https:\/\/ticsalutsocial.atoom.space\/es\/wp-json\/wp\/v2\/noticia\/35475","targetHints":{"allow":["GET"]}}],"collection":[{"href":"https:\/\/ticsalutsocial.atoom.space\/es\/wp-json\/wp\/v2\/noticia"}],"about":[{"href":"https:\/\/ticsalutsocial.atoom.space\/es\/wp-json\/wp\/v2\/types\/noticia"}],"author":[{"embeddable":true,"href":"https:\/\/ticsalutsocial.atoom.space\/es\/wp-json\/wp\/v2\/users\/12"}],"wp:featuredmedia":[{"embeddable":true,"href":"https:\/\/ticsalutsocial.atoom.space\/es\/wp-json\/wp\/v2\/media\/35473"}],"wp:attachment":[{"href":"https:\/\/ticsalutsocial.atoom.space\/es\/wp-json\/wp\/v2\/media?parent=35475"}],"wp:term":[{"taxonomy":"etiqueta","embeddable":true,"href":"https:\/\/ticsalutsocial.atoom.space\/es\/wp-json\/wp\/v2\/etiqueta?post=35475"},{"taxonomy":"tipus","embeddable":true,"href":"https:\/\/ticsalutsocial.atoom.space\/es\/wp-json\/wp\/v2\/tipus?post=35475"},{"taxonomy":"topic","embeddable":true,"href":"https:\/\/ticsalutsocial.atoom.space\/es\/wp-json\/wp\/v2\/topic?post=35475"}],"curies":[{"name":"wp","href":"https:\/\/api.w.org\/{rel}","templated":true}]}}