
{"id":3548,"date":"2018-09-27T18:27:38","date_gmt":"2018-09-27T16:27:38","guid":{"rendered":"https:\/\/ticsalutsocial.atoom.space\/?post_type=noticia&#038;p=3548"},"modified":"2021-07-21T15:38:12","modified_gmt":"2021-07-21T13:38:12","slug":"el-equipo-de-pades-de-la-fundacio-hospital-dolot-inicia-el-trabajo-en-telemedicina-con-pacientes-de-curas-paliativas","status":"publish","type":"noticia","link":"https:\/\/ticsalutsocial.atoom.space\/es\/noticia\/el-equipo-de-pades-de-la-fundacio-hospital-dolot-inicia-el-trabajo-en-telemedicina-con-pacientes-de-curas-paliativas\/","title":{"rendered":"El equipo de PADES de la Fundaci\u00f3 Hospital d&#8217;Olot inicia el trabajo en telemedicina con pacientes de curas paliativas"},"content":{"rendered":"<ul>\n<li>La telemedicina con los pacientes paliativos permite realizar videoconferencias, controlar las constantes vitales con un brazalete de actividad y comparar semanalmente los s\u00edntomas con un test on-line.<\/li>\n<li>El programa servir\u00e1 para realizar un ensayo cl\u00ednico cuya previsi\u00f3n finaliza en 2020. Analizar\u00e1 la efectividad de la telemedicina en el control sintom\u00e1tico en este tipo de pacientes.<\/li>\n<\/ul>\n<p>El equipo del Programa de Atenci\u00f3n Domiciliaria, Equipos de Apoyo (PADES) de la <em>Fundaci\u00f3 Hospital d&#8217;Olot i Comarcal de la Garrotxa<\/em> ha incorporado en sus t\u00e9cnicas diarias de trabajo la telemedicina para aplicar en tratamientos con pacientes de curas paliativas. Hasta ahora, el contacto con el enfermo y la prescripci\u00f3n del tratamiento se hac\u00eda con visitas presenciales y v\u00eda telef\u00f3nica; desde este verano, el servicio se ampl\u00eda y se le ofrece al paciente una mesita t\u00e1ctil y un brazalete de actividad que permite complementar la atenci\u00f3n convencional.<\/p>\n<p>La adhesi\u00f3n en el programa es totalmente voluntaria.<br \/>\nLa telemedicina con pacientes paliativos se utiliza para realizar videoconferencias, controlar y comparar diariamente las constantes con un brazalete de actividad y, mediante un test on-line basado en el m\u00e9todo de Edmonton, medir y valorar cada semana aspectos como el dolor, el cansancio, las n\u00e1useas o el estado de \u00e1nimo.<br \/>\nEl objetivo del equipo es utilizar las tecnolog\u00edas de la informaci\u00f3n y la comunicaci\u00f3n para mejorar el servicio y poder llegar a m\u00e1s pacientes, teniendo en cuenta que el alcance de cobertura del equipo de PADES es de \u00e1mbito comarcal, desde Besal\u00fa hasta Les Planes d&#8217;Hostoles. Actualmente, el equipo de PADES de la Fundaci\u00f3n est\u00e1 formado por un m\u00e9dico, una enfermera, un trabajador social y un psicoonc\u00f3logo que est\u00e1n en constante coordinaci\u00f3n con los equipos de atenci\u00f3n primaria.<br \/>\nAl derivar un paciente a PADES, el equipo hace una primera visita en el domicilio y una entrevista al enfermo, es en esta primera visita donde se presenta la telemedicina, un recurso m\u00e1s de intercambio de informaci\u00f3n entre \u00e9l y los profesionales sanitarios. Si el paciente acepta este refuerzo se realiza una segunda visita donde se le hace entrega del brazalete de actividad y se le ofrece la mesita t\u00e1ctil desde donde se realizar\u00e1n las videoconferencias y contestar\u00e1 una serie de cuestionarios sobre sus s\u00edntomas online.<br \/>\nEstas herramientas facilitar\u00e1n el trabajo de monitoritzaci\u00f3 de los profesionales sanitarios, les permitir\u00e1 hacer una recogida de datos m\u00e1s exhaustiva y tener m\u00e1s capacidad de reacci\u00f3n si alg\u00fan par\u00e1metro no es correcto.<br \/>\nEl coordinador m\u00e9dico del \u00e1rea de atenci\u00f3n a la cronicidad, Hugo Brice\u00f1o, remarca que \u201cno se ha modificado la manera de trabajar del equipo, sino que se trabaja con el mismo circuito a pesar de que con m\u00e1s herramientas y recursos\u201d. Admite tambi\u00e9n que todav\u00eda \u201ces temprano\u201d para sacar conclusiones, pero que \u201cest\u00e1 teniendo una buena acogida tanto por los pacientes como sus familias\u201d.<br \/>\nEl PADES no s\u00f3lo acoge pacientes oncol\u00f3gicos (70%), sino que tambi\u00e9n trata pacientes con enfermedades cr\u00f3nicas avanzadas (GUAPA), que suponen un 30% del total.<br \/>\nAnualmente, PADES da apoyo y tratamiento a 120 personas y de media diaria asiste a unos 25 pacientes.<\/p>\n<p>La telemedicina y la atenci\u00f3n domiciliaria garantizan un seguimiento m\u00e1s exhaustivo y continuo de los enfermos cr\u00f3nicos, en este caso de los pacientes de curas paliativas.<\/p>\n<p>El PADES o Programa de Atenci\u00f3n Domiciliaria, Equipos de Apoyo son equipos sanitarios de valoraci\u00f3n y apoyo a domicilio. Apoyan a la atenci\u00f3n primaria en el domicilio en aquellos casos complejos que se benefician de la interdisciplinariedad y la especializaci\u00f3n. Adem\u00e1s de realizar la atenci\u00f3n integral directa, tienen un papel importante en la gesti\u00f3n de casos complejos y en la coordinaci\u00f3n de recursos entre niveles asistenciales.<br \/>\nEste recurso est\u00e1 formado por equipos interdisciplinarios de profesionales especializados compuestos por graduados en medicina, en enfermer\u00eda, en trabajo social y en psicolog\u00eda.<br \/>\nEl equipo vela para que el paciente reciba en todo momento la asistencia que le hace falta en el lugar adecuado. El equipo de PADES que gestiona la FHOCG forma parte del Servicio de Medicina Interna y Atenci\u00f3n a la Cronicidad, que act\u00faa en la comarca de la Garrotxa desde Besal\u00fa hasta les Planes d&#8217;Hostoles.<\/p>\n<p>El estudio financiado por la Sociedad Espa\u00f1ola de Medicina Interna (SEMI)<br \/>\nsobre uso de la telemedicina con pacientes paliativos tambi\u00e9n ser\u00e1 objeto de estudio por parte del Servicio de Medicina Interna del Hospital de Olot. Actualmente hay estudios que han demostrado la utilidad de la telemedicina en pacientes paliativos oncol\u00f3gicos, pero no en personas con enfermedad cr\u00f3nica avanzada (GUAPA) con necesidad de atenci\u00f3n paliativa.<br \/>\nEl equipo de PADES del Hospital de Olot ha iniciado un ensayo cl\u00ednico para analizar la efectividad de la telemedicina en el control sintom\u00e1tico en este tipo de pacientes.<br \/>\nEl estudio, que tiene una duraci\u00f3n prevista de 2 a\u00f1os, est\u00e1 financiado por la Sociedad Espa\u00f1ola de Medicina Interna (FESEMI), que concedi\u00f3 al equipo de PADES la beca para investigaci\u00f3n en pacientes cr\u00f3nicos de 2017 por un importe de 22.000\u20ac.<\/p>\n","protected":false},"author":21,"featured_media":3545,"menu_order":0,"template":"","meta":{"_acf_changed":false,"inline_featured_image":false},"etiqueta":[],"tipus":[],"topic":[],"class_list":["post-3548","noticia","type-noticia","status-publish","has-post-thumbnail","hentry"],"acf":{"imatge":3547,"autor":"Adri\u00e0 G.Font"},"yoast_head":"<!-- This site is optimized with the Yoast SEO plugin v27.1.1 - https:\/\/yoast.com\/product\/yoast-seo-wordpress\/ -->\n<title>El equipo de PADES de la Fundaci\u00f3 Hospital d&#039;Olot inicia el trabajo en telemedicina con pacientes de curas paliativas - Fundaci\u00f3 TIC Salut i Social<\/title>\n<meta name=\"robots\" content=\"index, follow, max-snippet:-1, max-image-preview:large, max-video-preview:-1\" \/>\n<link rel=\"canonical\" href=\"https:\/\/ticsalutsocial.atoom.space\/es\/noticia\/el-equipo-de-pades-de-la-fundacio-hospital-dolot-inicia-el-trabajo-en-telemedicina-con-pacientes-de-curas-paliativas\/\" \/>\n<meta property=\"og:locale\" content=\"es_ES\" \/>\n<meta property=\"og:type\" content=\"article\" \/>\n<meta property=\"og:title\" content=\"El equipo de PADES de la Fundaci\u00f3 Hospital d&#039;Olot inicia el trabajo en telemedicina con pacientes de curas paliativas - Fundaci\u00f3 TIC Salut i Social\" \/>\n<meta property=\"og:description\" content=\"La telemedicina con los pacientes paliativos permite realizar videoconferencias, controlar las constantes vitales con un brazalete de actividad y comparar semanalmente los s\u00edntomas con un test on-line. El programa servir\u00e1 para realizar un ensayo cl\u00ednico cuya previsi\u00f3n finaliza en 2020. Analizar\u00e1 la efectividad de la telemedicina en el control sintom\u00e1tico en este tipo de pacientes. [&hellip;]\" \/>\n<meta property=\"og:url\" content=\"https:\/\/ticsalutsocial.atoom.space\/es\/noticia\/el-equipo-de-pades-de-la-fundacio-hospital-dolot-inicia-el-trabajo-en-telemedicina-con-pacientes-de-curas-paliativas\/\" \/>\n<meta property=\"og:site_name\" content=\"Fundaci\u00f3 TIC Salut i Social\" \/>\n<meta property=\"article:modified_time\" content=\"2021-07-21T13:38:12+00:00\" \/>\n<meta property=\"og:image\" content=\"https:\/\/ticsalutsocial.atoom.space\/wp-content\/uploads\/2018\/09\/pades2-scaled.jpg\" \/>\n\t<meta property=\"og:image:width\" content=\"2560\" \/>\n\t<meta property=\"og:image:height\" content=\"1920\" \/>\n\t<meta property=\"og:image:type\" content=\"image\/jpeg\" \/>\n<meta name=\"twitter:card\" content=\"summary_large_image\" \/>\n<meta name=\"twitter:label1\" content=\"Tiempo de lectura\" \/>\n\t<meta name=\"twitter:data1\" content=\"4 minutos\" \/>\n<script type=\"application\/ld+json\" class=\"yoast-schema-graph\">{\"@context\":\"https:\/\/schema.org\",\"@graph\":[{\"@type\":\"WebPage\",\"@id\":\"https:\/\/ticsalutsocial.atoom.space\/es\/noticia\/el-equipo-de-pades-de-la-fundacio-hospital-dolot-inicia-el-trabajo-en-telemedicina-con-pacientes-de-curas-paliativas\/\",\"url\":\"https:\/\/ticsalutsocial.atoom.space\/es\/noticia\/el-equipo-de-pades-de-la-fundacio-hospital-dolot-inicia-el-trabajo-en-telemedicina-con-pacientes-de-curas-paliativas\/\",\"name\":\"El equipo de PADES de la Fundaci\u00f3 Hospital d'Olot inicia el trabajo en telemedicina con pacientes de curas paliativas - Fundaci\u00f3 TIC Salut i Social\",\"isPartOf\":{\"@id\":\"https:\/\/ticsalutsocial.atoom.space\/es\/#website\"},\"primaryImageOfPage\":{\"@id\":\"https:\/\/ticsalutsocial.atoom.space\/es\/noticia\/el-equipo-de-pades-de-la-fundacio-hospital-dolot-inicia-el-trabajo-en-telemedicina-con-pacientes-de-curas-paliativas\/#primaryimage\"},\"image\":{\"@id\":\"https:\/\/ticsalutsocial.atoom.space\/es\/noticia\/el-equipo-de-pades-de-la-fundacio-hospital-dolot-inicia-el-trabajo-en-telemedicina-con-pacientes-de-curas-paliativas\/#primaryimage\"},\"thumbnailUrl\":\"https:\/\/ticsalutsocial.atoom.space\/wp-content\/uploads\/2018\/09\/pades2-scaled.jpg\",\"datePublished\":\"2018-09-27T16:27:38+00:00\",\"dateModified\":\"2021-07-21T13:38:12+00:00\",\"breadcrumb\":{\"@id\":\"https:\/\/ticsalutsocial.atoom.space\/es\/noticia\/el-equipo-de-pades-de-la-fundacio-hospital-dolot-inicia-el-trabajo-en-telemedicina-con-pacientes-de-curas-paliativas\/#breadcrumb\"},\"inLanguage\":\"es\",\"potentialAction\":[{\"@type\":\"ReadAction\",\"target\":[\"https:\/\/ticsalutsocial.atoom.space\/es\/noticia\/el-equipo-de-pades-de-la-fundacio-hospital-dolot-inicia-el-trabajo-en-telemedicina-con-pacientes-de-curas-paliativas\/\"]}]},{\"@type\":\"ImageObject\",\"inLanguage\":\"es\",\"@id\":\"https:\/\/ticsalutsocial.atoom.space\/es\/noticia\/el-equipo-de-pades-de-la-fundacio-hospital-dolot-inicia-el-trabajo-en-telemedicina-con-pacientes-de-curas-paliativas\/#primaryimage\",\"url\":\"https:\/\/ticsalutsocial.atoom.space\/wp-content\/uploads\/2018\/09\/pades2-scaled.jpg\",\"contentUrl\":\"https:\/\/ticsalutsocial.atoom.space\/wp-content\/uploads\/2018\/09\/pades2-scaled.jpg\",\"width\":2560,\"height\":1920},{\"@type\":\"BreadcrumbList\",\"@id\":\"https:\/\/ticsalutsocial.atoom.space\/es\/noticia\/el-equipo-de-pades-de-la-fundacio-hospital-dolot-inicia-el-trabajo-en-telemedicina-con-pacientes-de-curas-paliativas\/#breadcrumb\",\"itemListElement\":[{\"@type\":\"ListItem\",\"position\":1,\"name\":\"Inici\",\"item\":\"https:\/\/ticsalutsocial.atoom.space\/es\/\"},{\"@type\":\"ListItem\",\"position\":2,\"name\":\"El equipo de PADES de la Fundaci\u00f3 Hospital d&#8217;Olot inicia el trabajo en telemedicina con pacientes de curas paliativas\"}]},{\"@type\":\"WebSite\",\"@id\":\"https:\/\/ticsalutsocial.atoom.space\/es\/#website\",\"url\":\"https:\/\/ticsalutsocial.atoom.space\/es\/\",\"name\":\"Fundaci\u00f3 TIC Salut i Social\",\"description\":\"\",\"potentialAction\":[{\"@type\":\"SearchAction\",\"target\":{\"@type\":\"EntryPoint\",\"urlTemplate\":\"https:\/\/ticsalutsocial.atoom.space\/es\/?s={search_term_string}\"},\"query-input\":{\"@type\":\"PropertyValueSpecification\",\"valueRequired\":true,\"valueName\":\"search_term_string\"}}],\"inLanguage\":\"es\"}]}<\/script>\n<!-- \/ Yoast SEO plugin. -->","yoast_head_json":{"title":"El equipo de PADES de la Fundaci\u00f3 Hospital d'Olot inicia el trabajo en telemedicina con pacientes de curas paliativas - Fundaci\u00f3 TIC Salut i Social","robots":{"index":"index","follow":"follow","max-snippet":"max-snippet:-1","max-image-preview":"max-image-preview:large","max-video-preview":"max-video-preview:-1"},"canonical":"https:\/\/ticsalutsocial.atoom.space\/es\/noticia\/el-equipo-de-pades-de-la-fundacio-hospital-dolot-inicia-el-trabajo-en-telemedicina-con-pacientes-de-curas-paliativas\/","og_locale":"es_ES","og_type":"article","og_title":"El equipo de PADES de la Fundaci\u00f3 Hospital d'Olot inicia el trabajo en telemedicina con pacientes de curas paliativas - Fundaci\u00f3 TIC Salut i Social","og_description":"La telemedicina con los pacientes paliativos permite realizar videoconferencias, controlar las constantes vitales con un brazalete de actividad y comparar semanalmente los s\u00edntomas con un test on-line. El programa servir\u00e1 para realizar un ensayo cl\u00ednico cuya previsi\u00f3n finaliza en 2020. Analizar\u00e1 la efectividad de la telemedicina en el control sintom\u00e1tico en este tipo de pacientes. [&hellip;]","og_url":"https:\/\/ticsalutsocial.atoom.space\/es\/noticia\/el-equipo-de-pades-de-la-fundacio-hospital-dolot-inicia-el-trabajo-en-telemedicina-con-pacientes-de-curas-paliativas\/","og_site_name":"Fundaci\u00f3 TIC Salut i Social","article_modified_time":"2021-07-21T13:38:12+00:00","og_image":[{"width":2560,"height":1920,"url":"https:\/\/ticsalutsocial.atoom.space\/wp-content\/uploads\/2018\/09\/pades2-scaled.jpg","type":"image\/jpeg"}],"twitter_card":"summary_large_image","twitter_misc":{"Tiempo de lectura":"4 minutos"},"schema":{"@context":"https:\/\/schema.org","@graph":[{"@type":"WebPage","@id":"https:\/\/ticsalutsocial.atoom.space\/es\/noticia\/el-equipo-de-pades-de-la-fundacio-hospital-dolot-inicia-el-trabajo-en-telemedicina-con-pacientes-de-curas-paliativas\/","url":"https:\/\/ticsalutsocial.atoom.space\/es\/noticia\/el-equipo-de-pades-de-la-fundacio-hospital-dolot-inicia-el-trabajo-en-telemedicina-con-pacientes-de-curas-paliativas\/","name":"El equipo de PADES de la Fundaci\u00f3 Hospital d'Olot inicia el trabajo en telemedicina con pacientes de curas paliativas - Fundaci\u00f3 TIC Salut i Social","isPartOf":{"@id":"https:\/\/ticsalutsocial.atoom.space\/es\/#website"},"primaryImageOfPage":{"@id":"https:\/\/ticsalutsocial.atoom.space\/es\/noticia\/el-equipo-de-pades-de-la-fundacio-hospital-dolot-inicia-el-trabajo-en-telemedicina-con-pacientes-de-curas-paliativas\/#primaryimage"},"image":{"@id":"https:\/\/ticsalutsocial.atoom.space\/es\/noticia\/el-equipo-de-pades-de-la-fundacio-hospital-dolot-inicia-el-trabajo-en-telemedicina-con-pacientes-de-curas-paliativas\/#primaryimage"},"thumbnailUrl":"https:\/\/ticsalutsocial.atoom.space\/wp-content\/uploads\/2018\/09\/pades2-scaled.jpg","datePublished":"2018-09-27T16:27:38+00:00","dateModified":"2021-07-21T13:38:12+00:00","breadcrumb":{"@id":"https:\/\/ticsalutsocial.atoom.space\/es\/noticia\/el-equipo-de-pades-de-la-fundacio-hospital-dolot-inicia-el-trabajo-en-telemedicina-con-pacientes-de-curas-paliativas\/#breadcrumb"},"inLanguage":"es","potentialAction":[{"@type":"ReadAction","target":["https:\/\/ticsalutsocial.atoom.space\/es\/noticia\/el-equipo-de-pades-de-la-fundacio-hospital-dolot-inicia-el-trabajo-en-telemedicina-con-pacientes-de-curas-paliativas\/"]}]},{"@type":"ImageObject","inLanguage":"es","@id":"https:\/\/ticsalutsocial.atoom.space\/es\/noticia\/el-equipo-de-pades-de-la-fundacio-hospital-dolot-inicia-el-trabajo-en-telemedicina-con-pacientes-de-curas-paliativas\/#primaryimage","url":"https:\/\/ticsalutsocial.atoom.space\/wp-content\/uploads\/2018\/09\/pades2-scaled.jpg","contentUrl":"https:\/\/ticsalutsocial.atoom.space\/wp-content\/uploads\/2018\/09\/pades2-scaled.jpg","width":2560,"height":1920},{"@type":"BreadcrumbList","@id":"https:\/\/ticsalutsocial.atoom.space\/es\/noticia\/el-equipo-de-pades-de-la-fundacio-hospital-dolot-inicia-el-trabajo-en-telemedicina-con-pacientes-de-curas-paliativas\/#breadcrumb","itemListElement":[{"@type":"ListItem","position":1,"name":"Inici","item":"https:\/\/ticsalutsocial.atoom.space\/es\/"},{"@type":"ListItem","position":2,"name":"El equipo de PADES de la Fundaci\u00f3 Hospital d&#8217;Olot inicia el trabajo en telemedicina con pacientes de curas paliativas"}]},{"@type":"WebSite","@id":"https:\/\/ticsalutsocial.atoom.space\/es\/#website","url":"https:\/\/ticsalutsocial.atoom.space\/es\/","name":"Fundaci\u00f3 TIC Salut i Social","description":"","potentialAction":[{"@type":"SearchAction","target":{"@type":"EntryPoint","urlTemplate":"https:\/\/ticsalutsocial.atoom.space\/es\/?s={search_term_string}"},"query-input":{"@type":"PropertyValueSpecification","valueRequired":true,"valueName":"search_term_string"}}],"inLanguage":"es"}]}},"_links":{"self":[{"href":"https:\/\/ticsalutsocial.atoom.space\/es\/wp-json\/wp\/v2\/noticia\/3548","targetHints":{"allow":["GET"]}}],"collection":[{"href":"https:\/\/ticsalutsocial.atoom.space\/es\/wp-json\/wp\/v2\/noticia"}],"about":[{"href":"https:\/\/ticsalutsocial.atoom.space\/es\/wp-json\/wp\/v2\/types\/noticia"}],"author":[{"embeddable":true,"href":"https:\/\/ticsalutsocial.atoom.space\/es\/wp-json\/wp\/v2\/users\/21"}],"wp:featuredmedia":[{"embeddable":true,"href":"https:\/\/ticsalutsocial.atoom.space\/es\/wp-json\/wp\/v2\/media\/3545"}],"wp:attachment":[{"href":"https:\/\/ticsalutsocial.atoom.space\/es\/wp-json\/wp\/v2\/media?parent=3548"}],"wp:term":[{"taxonomy":"etiqueta","embeddable":true,"href":"https:\/\/ticsalutsocial.atoom.space\/es\/wp-json\/wp\/v2\/etiqueta?post=3548"},{"taxonomy":"tipus","embeddable":true,"href":"https:\/\/ticsalutsocial.atoom.space\/es\/wp-json\/wp\/v2\/tipus?post=3548"},{"taxonomy":"topic","embeddable":true,"href":"https:\/\/ticsalutsocial.atoom.space\/es\/wp-json\/wp\/v2\/topic?post=3548"}],"curies":[{"name":"wp","href":"https:\/\/api.w.org\/{rel}","templated":true}]}}