
{"id":35534,"date":"2026-01-28T07:00:46","date_gmt":"2026-01-28T05:00:46","guid":{"rendered":"https:\/\/ticsalutsocial.atoom.space\/?post_type=noticia&#038;p=35534"},"modified":"2026-01-28T11:31:20","modified_gmt":"2026-01-28T09:31:20","slug":"dia-mundial-de-la-proteccio-de-dades-2","status":"publish","type":"noticia","link":"https:\/\/ticsalutsocial.atoom.space\/es\/noticia\/dia-mundial-de-la-proteccio-de-dades-2\/","title":{"rendered":"D\u00eda internacional de la protecci\u00f3n de datos"},"content":{"rendered":"<p data-start=\"185\" data-end=\"600\">Hoy, 28 de enero, se celebra el <strong>D\u00eda internacional de la protecci\u00f3n de datos<\/strong>, una jornada de reflexi\u00f3n sobre la importancia de la privacidad y los retos de proteger la informaci\u00f3n personal en entornos digitales. En un contexto en el que los datos forman parte del d\u00eda a d\u00eda de la ciudadan\u00eda, de los profesionales y de las organizaciones, esta efem\u00e9ride invita a analizar la evoluci\u00f3n del marco normativo que regula su uso.<\/p>\n<p data-start=\"602\" data-end=\"1100\">En los \u00faltimos a\u00f1os, la protecci\u00f3n de datos ha estado inmersa en un escenario de cambio continuo, marcado por la aparici\u00f3n de nuevas tecnolog\u00edas, el uso intensivo de la informaci\u00f3n y el impulso de nuevas iniciativas legislativas a escala europea. En este contexto, y coincidiendo con el D\u00eda internacional de la protecci\u00f3n de datos, desde la Oficina del Delegado de Protecci\u00f3n de Datos de salud repasamos las principales l\u00edneas que est\u00e1n definiendo el presente y el futuro de la regulaci\u00f3n en este \u00e1mbito.<\/p>\n<h2 data-start=\"1102\" data-end=\"1167\"><strong data-start=\"1102\" data-end=\"1167\">Simplificaci\u00f3n y armonizaci\u00f3n de la normativa digital europea<\/strong><\/h2>\n<p data-start=\"1169\" data-end=\"1619\">Entre las iniciativas m\u00e1s relevantes destaca la Propuesta de Reglamento \u00d3mnibus Digital, que tiene como objetivo simplificar y armonizar la normativa digital europea. Esta propuesta introduce cambios en diversos textos legales, entre los que se encuentra el Reglamento General de Protecci\u00f3n de Datos (RGPD), con la voluntad de adaptarlos a la realidad tecnol\u00f3gica actual y facilitar su aplicaci\u00f3n en el funcionamiento cotidiano de las organizaciones.<\/p>\n<h2 data-start=\"1621\" data-end=\"1658\"><strong data-start=\"1621\" data-end=\"1658\">Espacio Europeo de Datos de Salud<\/strong><\/h2>\n<p data-start=\"1660\" data-end=\"1916\">Este proceso de adaptaci\u00f3n normativa se refleja tambi\u00e9n en el despliegue de la Estrategia Europea de Datos, orientada a la creaci\u00f3n de un mercado \u00fanico europeo de los datos basado en la confianza, la seguridad y el respeto por los derechos de las personas.<\/p>\n<p data-start=\"1918\" data-end=\"2191\">En este marco, el Espacio Europeo de Datos de Salud representa una pieza clave que trata de reforzar el control de la ciudadan\u00eda sobre sus datos de salud y favorecer un uso seguro de los mismos, tanto para la asistencia sanitaria como para la investigaci\u00f3n y la innovaci\u00f3n.<\/p>\n<h2 data-start=\"2193\" data-end=\"2234\"><strong data-start=\"2193\" data-end=\"2234\">Reglamento de Inteligencia Artificial<\/strong><\/h2>\n<p data-start=\"2236\" data-end=\"2676\">El desarrollo de la inteligencia artificial ha impulsado la aprobaci\u00f3n de un nuevo marco regulador europeo basado en un enfoque de riesgo. El Reglamento de Inteligencia Artificial establece obligaciones espec\u00edficas para los sistemas que pueden tener un impacto significativo sobre los derechos fundamentales, reforzando la necesidad de integrar la protecci\u00f3n de datos como un elemento central en cualquier proceso de innovaci\u00f3n tecnol\u00f3gica.<\/p>\n<h2 data-start=\"2678\" data-end=\"2709\"><strong data-start=\"2678\" data-end=\"2709\">Seguridad de la informaci\u00f3n<\/strong><\/h2>\n<p data-start=\"2711\" data-end=\"3023\">Para alcanzar el m\u00e1ximo potencial de la innovaci\u00f3n sin comprometer la privacidad, ser\u00e1 necesario adoptar mecanismos de control adecuados que garanticen una correcta gobernanza de los datos, eviten exposiciones involuntarias de informaci\u00f3n e incorporen la supervisi\u00f3n humana en los procesos de toma de decisiones.<\/p>\n<p data-start=\"3025\" data-end=\"3367\">En este sentido, la protecci\u00f3n de datos y la seguridad de la informaci\u00f3n deben ir de la mano. Por ello, es esencial implementar medidas t\u00e9cnicas como el cifrado de la informaci\u00f3n, as\u00ed como llevar a cabo una gesti\u00f3n rigurosa de los accesos, entre otras, para garantizar la confidencialidad, integridad y disponibilidad de los datos personales.<\/p>\n","protected":false},"author":3,"featured_media":35532,"menu_order":0,"template":"","meta":{"_acf_changed":false,"inline_featured_image":false},"etiqueta":[],"tipus":[106],"topic":[121],"class_list":["post-35534","noticia","type-noticia","status-publish","has-post-thumbnail","hentry","tipus-dpd-salud","topic-dpd-es"],"acf":{"finalitzat":false,"tipus_plantilla":"objectius","template_objectius":{"cont_principal":"","imatge":false,"cont_seguent":{"titol":"","contingut":""},"seccio_llistat":{"titol":"","llistat":false},"objectius":{"titol":"","objectius":false},"documents":false},"autor":"","imatge":false,"textos_destacats":[{"texte":"Desde la Oficina del Delegado de Protecci\u00f3n de Datos de salud repasamos las principales l\u00edneas que est\u00e1n definiendo el presente y el futuro de la regulaci\u00f3n en este \u00e1mbito"}],"documents":false},"yoast_head":"<!-- This site is optimized with the Yoast SEO plugin v27.1.1 - https:\/\/yoast.com\/product\/yoast-seo-wordpress\/ -->\n<title>D\u00eda internacional de la protecci\u00f3n de datos - Fundaci\u00f3 TIC Salut i Social<\/title>\n<meta name=\"robots\" content=\"index, follow, max-snippet:-1, max-image-preview:large, max-video-preview:-1\" \/>\n<link rel=\"canonical\" href=\"https:\/\/ticsalutsocial.atoom.space\/es\/noticia\/dia-mundial-de-la-proteccio-de-dades-2\/\" \/>\n<meta property=\"og:locale\" content=\"es_ES\" \/>\n<meta property=\"og:type\" content=\"article\" \/>\n<meta property=\"og:title\" content=\"D\u00eda internacional de la protecci\u00f3n de datos - Fundaci\u00f3 TIC Salut i Social\" \/>\n<meta property=\"og:description\" content=\"Hoy, 28 de enero, se celebra el D\u00eda internacional de la protecci\u00f3n de datos, una jornada de reflexi\u00f3n sobre la importancia de la privacidad y los retos de proteger la informaci\u00f3n personal en entornos digitales. En un contexto en el que los datos forman parte del d\u00eda a d\u00eda de la ciudadan\u00eda, de los profesionales [&hellip;]\" \/>\n<meta property=\"og:url\" content=\"https:\/\/ticsalutsocial.atoom.space\/es\/noticia\/dia-mundial-de-la-proteccio-de-dades-2\/\" \/>\n<meta property=\"og:site_name\" content=\"Fundaci\u00f3 TIC Salut i Social\" \/>\n<meta property=\"article:modified_time\" content=\"2026-01-28T09:31:20+00:00\" \/>\n<meta property=\"og:image\" content=\"https:\/\/ticsalutsocial.atoom.space\/wp-content\/uploads\/2026\/01\/iStock-1188387719.jpg\" \/>\n\t<meta property=\"og:image:width\" content=\"1254\" \/>\n\t<meta property=\"og:image:height\" content=\"836\" \/>\n\t<meta property=\"og:image:type\" content=\"image\/jpeg\" \/>\n<meta name=\"twitter:card\" content=\"summary_large_image\" \/>\n<meta name=\"twitter:label1\" content=\"Tiempo de lectura\" \/>\n\t<meta name=\"twitter:data1\" content=\"3 minutos\" \/>\n<script type=\"application\/ld+json\" class=\"yoast-schema-graph\">{\"@context\":\"https:\/\/schema.org\",\"@graph\":[{\"@type\":\"WebPage\",\"@id\":\"https:\/\/ticsalutsocial.atoom.space\/es\/noticia\/dia-mundial-de-la-proteccio-de-dades-2\/\",\"url\":\"https:\/\/ticsalutsocial.atoom.space\/es\/noticia\/dia-mundial-de-la-proteccio-de-dades-2\/\",\"name\":\"D\u00eda internacional de la protecci\u00f3n de datos - Fundaci\u00f3 TIC Salut i Social\",\"isPartOf\":{\"@id\":\"https:\/\/ticsalutsocial.atoom.space\/es\/#website\"},\"primaryImageOfPage\":{\"@id\":\"https:\/\/ticsalutsocial.atoom.space\/es\/noticia\/dia-mundial-de-la-proteccio-de-dades-2\/#primaryimage\"},\"image\":{\"@id\":\"https:\/\/ticsalutsocial.atoom.space\/es\/noticia\/dia-mundial-de-la-proteccio-de-dades-2\/#primaryimage\"},\"thumbnailUrl\":\"https:\/\/ticsalutsocial.atoom.space\/wp-content\/uploads\/2026\/01\/iStock-1188387719.jpg\",\"datePublished\":\"2026-01-28T05:00:46+00:00\",\"dateModified\":\"2026-01-28T09:31:20+00:00\",\"breadcrumb\":{\"@id\":\"https:\/\/ticsalutsocial.atoom.space\/es\/noticia\/dia-mundial-de-la-proteccio-de-dades-2\/#breadcrumb\"},\"inLanguage\":\"es\",\"potentialAction\":[{\"@type\":\"ReadAction\",\"target\":[\"https:\/\/ticsalutsocial.atoom.space\/es\/noticia\/dia-mundial-de-la-proteccio-de-dades-2\/\"]}]},{\"@type\":\"ImageObject\",\"inLanguage\":\"es\",\"@id\":\"https:\/\/ticsalutsocial.atoom.space\/es\/noticia\/dia-mundial-de-la-proteccio-de-dades-2\/#primaryimage\",\"url\":\"https:\/\/ticsalutsocial.atoom.space\/wp-content\/uploads\/2026\/01\/iStock-1188387719.jpg\",\"contentUrl\":\"https:\/\/ticsalutsocial.atoom.space\/wp-content\/uploads\/2026\/01\/iStock-1188387719.jpg\",\"width\":1254,\"height\":836,\"caption\":\"Planet Earth With Moving Connection Lines. Based on imagery from NASA. https:\/\/visibleearth.nasa.gov\/view.php?id=57752\"},{\"@type\":\"BreadcrumbList\",\"@id\":\"https:\/\/ticsalutsocial.atoom.space\/es\/noticia\/dia-mundial-de-la-proteccio-de-dades-2\/#breadcrumb\",\"itemListElement\":[{\"@type\":\"ListItem\",\"position\":1,\"name\":\"Inici\",\"item\":\"https:\/\/ticsalutsocial.atoom.space\/es\/\"},{\"@type\":\"ListItem\",\"position\":2,\"name\":\"D\u00eda internacional de la protecci\u00f3n de datos\"}]},{\"@type\":\"WebSite\",\"@id\":\"https:\/\/ticsalutsocial.atoom.space\/es\/#website\",\"url\":\"https:\/\/ticsalutsocial.atoom.space\/es\/\",\"name\":\"Fundaci\u00f3 TIC Salut i Social\",\"description\":\"\",\"potentialAction\":[{\"@type\":\"SearchAction\",\"target\":{\"@type\":\"EntryPoint\",\"urlTemplate\":\"https:\/\/ticsalutsocial.atoom.space\/es\/?s={search_term_string}\"},\"query-input\":{\"@type\":\"PropertyValueSpecification\",\"valueRequired\":true,\"valueName\":\"search_term_string\"}}],\"inLanguage\":\"es\"}]}<\/script>\n<!-- \/ Yoast SEO plugin. -->","yoast_head_json":{"title":"D\u00eda internacional de la protecci\u00f3n de datos - Fundaci\u00f3 TIC Salut i Social","robots":{"index":"index","follow":"follow","max-snippet":"max-snippet:-1","max-image-preview":"max-image-preview:large","max-video-preview":"max-video-preview:-1"},"canonical":"https:\/\/ticsalutsocial.atoom.space\/es\/noticia\/dia-mundial-de-la-proteccio-de-dades-2\/","og_locale":"es_ES","og_type":"article","og_title":"D\u00eda internacional de la protecci\u00f3n de datos - Fundaci\u00f3 TIC Salut i Social","og_description":"Hoy, 28 de enero, se celebra el D\u00eda internacional de la protecci\u00f3n de datos, una jornada de reflexi\u00f3n sobre la importancia de la privacidad y los retos de proteger la informaci\u00f3n personal en entornos digitales. En un contexto en el que los datos forman parte del d\u00eda a d\u00eda de la ciudadan\u00eda, de los profesionales [&hellip;]","og_url":"https:\/\/ticsalutsocial.atoom.space\/es\/noticia\/dia-mundial-de-la-proteccio-de-dades-2\/","og_site_name":"Fundaci\u00f3 TIC Salut i Social","article_modified_time":"2026-01-28T09:31:20+00:00","og_image":[{"width":1254,"height":836,"url":"https:\/\/ticsalutsocial.atoom.space\/wp-content\/uploads\/2026\/01\/iStock-1188387719.jpg","type":"image\/jpeg"}],"twitter_card":"summary_large_image","twitter_misc":{"Tiempo de lectura":"3 minutos"},"schema":{"@context":"https:\/\/schema.org","@graph":[{"@type":"WebPage","@id":"https:\/\/ticsalutsocial.atoom.space\/es\/noticia\/dia-mundial-de-la-proteccio-de-dades-2\/","url":"https:\/\/ticsalutsocial.atoom.space\/es\/noticia\/dia-mundial-de-la-proteccio-de-dades-2\/","name":"D\u00eda internacional de la protecci\u00f3n de datos - Fundaci\u00f3 TIC Salut i Social","isPartOf":{"@id":"https:\/\/ticsalutsocial.atoom.space\/es\/#website"},"primaryImageOfPage":{"@id":"https:\/\/ticsalutsocial.atoom.space\/es\/noticia\/dia-mundial-de-la-proteccio-de-dades-2\/#primaryimage"},"image":{"@id":"https:\/\/ticsalutsocial.atoom.space\/es\/noticia\/dia-mundial-de-la-proteccio-de-dades-2\/#primaryimage"},"thumbnailUrl":"https:\/\/ticsalutsocial.atoom.space\/wp-content\/uploads\/2026\/01\/iStock-1188387719.jpg","datePublished":"2026-01-28T05:00:46+00:00","dateModified":"2026-01-28T09:31:20+00:00","breadcrumb":{"@id":"https:\/\/ticsalutsocial.atoom.space\/es\/noticia\/dia-mundial-de-la-proteccio-de-dades-2\/#breadcrumb"},"inLanguage":"es","potentialAction":[{"@type":"ReadAction","target":["https:\/\/ticsalutsocial.atoom.space\/es\/noticia\/dia-mundial-de-la-proteccio-de-dades-2\/"]}]},{"@type":"ImageObject","inLanguage":"es","@id":"https:\/\/ticsalutsocial.atoom.space\/es\/noticia\/dia-mundial-de-la-proteccio-de-dades-2\/#primaryimage","url":"https:\/\/ticsalutsocial.atoom.space\/wp-content\/uploads\/2026\/01\/iStock-1188387719.jpg","contentUrl":"https:\/\/ticsalutsocial.atoom.space\/wp-content\/uploads\/2026\/01\/iStock-1188387719.jpg","width":1254,"height":836,"caption":"Planet Earth With Moving Connection Lines. Based on imagery from NASA. https:\/\/visibleearth.nasa.gov\/view.php?id=57752"},{"@type":"BreadcrumbList","@id":"https:\/\/ticsalutsocial.atoom.space\/es\/noticia\/dia-mundial-de-la-proteccio-de-dades-2\/#breadcrumb","itemListElement":[{"@type":"ListItem","position":1,"name":"Inici","item":"https:\/\/ticsalutsocial.atoom.space\/es\/"},{"@type":"ListItem","position":2,"name":"D\u00eda internacional de la protecci\u00f3n de datos"}]},{"@type":"WebSite","@id":"https:\/\/ticsalutsocial.atoom.space\/es\/#website","url":"https:\/\/ticsalutsocial.atoom.space\/es\/","name":"Fundaci\u00f3 TIC Salut i Social","description":"","potentialAction":[{"@type":"SearchAction","target":{"@type":"EntryPoint","urlTemplate":"https:\/\/ticsalutsocial.atoom.space\/es\/?s={search_term_string}"},"query-input":{"@type":"PropertyValueSpecification","valueRequired":true,"valueName":"search_term_string"}}],"inLanguage":"es"}]}},"_links":{"self":[{"href":"https:\/\/ticsalutsocial.atoom.space\/es\/wp-json\/wp\/v2\/noticia\/35534","targetHints":{"allow":["GET"]}}],"collection":[{"href":"https:\/\/ticsalutsocial.atoom.space\/es\/wp-json\/wp\/v2\/noticia"}],"about":[{"href":"https:\/\/ticsalutsocial.atoom.space\/es\/wp-json\/wp\/v2\/types\/noticia"}],"author":[{"embeddable":true,"href":"https:\/\/ticsalutsocial.atoom.space\/es\/wp-json\/wp\/v2\/users\/3"}],"wp:featuredmedia":[{"embeddable":true,"href":"https:\/\/ticsalutsocial.atoom.space\/es\/wp-json\/wp\/v2\/media\/35532"}],"wp:attachment":[{"href":"https:\/\/ticsalutsocial.atoom.space\/es\/wp-json\/wp\/v2\/media?parent=35534"}],"wp:term":[{"taxonomy":"etiqueta","embeddable":true,"href":"https:\/\/ticsalutsocial.atoom.space\/es\/wp-json\/wp\/v2\/etiqueta?post=35534"},{"taxonomy":"tipus","embeddable":true,"href":"https:\/\/ticsalutsocial.atoom.space\/es\/wp-json\/wp\/v2\/tipus?post=35534"},{"taxonomy":"topic","embeddable":true,"href":"https:\/\/ticsalutsocial.atoom.space\/es\/wp-json\/wp\/v2\/topic?post=35534"}],"curies":[{"name":"wp","href":"https:\/\/api.w.org\/{rel}","templated":true}]}}