
{"id":3554,"date":"2018-10-01T13:02:15","date_gmt":"2018-10-01T11:02:15","guid":{"rendered":"https:\/\/ticsalutsocial.atoom.space\/?post_type=noticia&#038;p=3554"},"modified":"2021-07-21T15:38:15","modified_gmt":"2021-07-21T13:38:15","slug":"en-marcha-el-mapa-de-tendencias-2018","status":"publish","type":"noticia","link":"https:\/\/ticsalutsocial.atoom.space\/es\/noticia\/en-marcha-el-mapa-de-tendencias-2018\/","title":{"rendered":"En marcha el Mapa de Tendencias 2018"},"content":{"rendered":"<p>Un a\u00f1o m\u00e1s la Fundaci\u00f3 TIC Salut Social pone en marcha el Mapa de Tendencias 2018, estudio que pretende conocer el nivel de desarrollo y uso de las TIC en las entidades sanitarias y sociales de Catalu\u00f1a y que se articula mediante una encuesta online.<\/p>\n<p>Siguiendo la tendencia de estos \u00faltimos a\u00f1os, el estudio contin\u00faa ampli\u00e1ndose e incluye la visi\u00f3n del Responsable de Sistemas de Informaci\u00f3n, Responsable de Atenci\u00f3n al Ciudadano y, como novedad, contar\u00eda con la participaci\u00f3n del Responsable de Investigaci\u00f3n e Innovaci\u00f3n (Atenci\u00f3n Primaria y Atenci\u00f3n Hospitalaria).<\/p>\n<p>Los responsables de Sistemas de Informaci\u00f3n han recibido un correo electr\u00f3nico indicando la direcci\u00f3n URL de la plataforma desde la que podr\u00e1n acceder a la encuesta de este a\u00f1o, la cual ya ha sido completada por los Responsables de Atenci\u00f3n al Ciudadano y de Investigaci\u00f3n e Innovaci\u00f3n.<\/p>\n<p><strong>La encuesta permanecer\u00e1 abierta hasta el 30 de octubre.<\/strong><\/p>\n","protected":false},"author":21,"featured_media":3551,"menu_order":0,"template":"","meta":{"_acf_changed":false,"inline_featured_image":false},"etiqueta":[],"tipus":[],"topic":[],"class_list":["post-3554","noticia","type-noticia","status-publish","has-post-thumbnail","hentry"],"acf":{"imatge":3553,"autor":"Lourdes Rodriguez","textos_destacats":[{"texte":"Se trata de una encuesta dirigida a los Responsables de Sistemas de Informaci\u00f3n de las Entidades Proveedoras del Sistema Sanitario P\u00fablico Catal\u00e1n"}]},"yoast_head":"<!-- This site is optimized with the Yoast SEO plugin v27.1.1 - https:\/\/yoast.com\/product\/yoast-seo-wordpress\/ -->\n<title>En marcha el Mapa de Tendencias 2018 - Fundaci\u00f3 TIC Salut i Social<\/title>\n<meta name=\"robots\" content=\"index, follow, max-snippet:-1, max-image-preview:large, max-video-preview:-1\" \/>\n<link rel=\"canonical\" href=\"https:\/\/ticsalutsocial.atoom.space\/es\/noticia\/en-marcha-el-mapa-de-tendencias-2018\/\" \/>\n<meta property=\"og:locale\" content=\"es_ES\" \/>\n<meta property=\"og:type\" content=\"article\" \/>\n<meta property=\"og:title\" content=\"En marcha el Mapa de Tendencias 2018 - Fundaci\u00f3 TIC Salut i Social\" \/>\n<meta property=\"og:description\" content=\"Un a\u00f1o m\u00e1s la Fundaci\u00f3 TIC Salut Social pone en marcha el Mapa de Tendencias 2018, estudio que pretende conocer el nivel de desarrollo y uso de las TIC en las entidades sanitarias y sociales de Catalu\u00f1a y que se articula mediante una encuesta online. Siguiendo la tendencia de estos \u00faltimos a\u00f1os, el estudio contin\u00faa [&hellip;]\" \/>\n<meta property=\"og:url\" content=\"https:\/\/ticsalutsocial.atoom.space\/es\/noticia\/en-marcha-el-mapa-de-tendencias-2018\/\" \/>\n<meta property=\"og:site_name\" content=\"Fundaci\u00f3 TIC Salut i Social\" \/>\n<meta property=\"article:modified_time\" content=\"2021-07-21T13:38:15+00:00\" \/>\n<meta property=\"og:image\" content=\"https:\/\/ticsalutsocial.atoom.space\/wp-content\/uploads\/2018\/10\/2017-12-15-jornada-mapa-tendencies-tic-salut-8161-scaled.jpg\" \/>\n\t<meta property=\"og:image:width\" content=\"2560\" \/>\n\t<meta property=\"og:image:height\" content=\"1709\" \/>\n\t<meta property=\"og:image:type\" content=\"image\/jpeg\" \/>\n<meta name=\"twitter:card\" content=\"summary_large_image\" \/>\n<meta name=\"twitter:label1\" content=\"Tiempo de lectura\" \/>\n\t<meta name=\"twitter:data1\" content=\"1 minuto\" \/>\n<script type=\"application\/ld+json\" class=\"yoast-schema-graph\">{\"@context\":\"https:\/\/schema.org\",\"@graph\":[{\"@type\":\"WebPage\",\"@id\":\"https:\/\/ticsalutsocial.atoom.space\/es\/noticia\/en-marcha-el-mapa-de-tendencias-2018\/\",\"url\":\"https:\/\/ticsalutsocial.atoom.space\/es\/noticia\/en-marcha-el-mapa-de-tendencias-2018\/\",\"name\":\"En marcha el Mapa de Tendencias 2018 - Fundaci\u00f3 TIC Salut i Social\",\"isPartOf\":{\"@id\":\"https:\/\/ticsalutsocial.atoom.space\/es\/#website\"},\"primaryImageOfPage\":{\"@id\":\"https:\/\/ticsalutsocial.atoom.space\/es\/noticia\/en-marcha-el-mapa-de-tendencias-2018\/#primaryimage\"},\"image\":{\"@id\":\"https:\/\/ticsalutsocial.atoom.space\/es\/noticia\/en-marcha-el-mapa-de-tendencias-2018\/#primaryimage\"},\"thumbnailUrl\":\"https:\/\/ticsalutsocial.atoom.space\/wp-content\/uploads\/2018\/10\/2017-12-15-jornada-mapa-tendencies-tic-salut-8161-scaled.jpg\",\"datePublished\":\"2018-10-01T11:02:15+00:00\",\"dateModified\":\"2021-07-21T13:38:15+00:00\",\"breadcrumb\":{\"@id\":\"https:\/\/ticsalutsocial.atoom.space\/es\/noticia\/en-marcha-el-mapa-de-tendencias-2018\/#breadcrumb\"},\"inLanguage\":\"es\",\"potentialAction\":[{\"@type\":\"ReadAction\",\"target\":[\"https:\/\/ticsalutsocial.atoom.space\/es\/noticia\/en-marcha-el-mapa-de-tendencias-2018\/\"]}]},{\"@type\":\"ImageObject\",\"inLanguage\":\"es\",\"@id\":\"https:\/\/ticsalutsocial.atoom.space\/es\/noticia\/en-marcha-el-mapa-de-tendencias-2018\/#primaryimage\",\"url\":\"https:\/\/ticsalutsocial.atoom.space\/wp-content\/uploads\/2018\/10\/2017-12-15-jornada-mapa-tendencies-tic-salut-8161-scaled.jpg\",\"contentUrl\":\"https:\/\/ticsalutsocial.atoom.space\/wp-content\/uploads\/2018\/10\/2017-12-15-jornada-mapa-tendencies-tic-salut-8161-scaled.jpg\",\"width\":2560,\"height\":1709},{\"@type\":\"BreadcrumbList\",\"@id\":\"https:\/\/ticsalutsocial.atoom.space\/es\/noticia\/en-marcha-el-mapa-de-tendencias-2018\/#breadcrumb\",\"itemListElement\":[{\"@type\":\"ListItem\",\"position\":1,\"name\":\"Inici\",\"item\":\"https:\/\/ticsalutsocial.atoom.space\/es\/\"},{\"@type\":\"ListItem\",\"position\":2,\"name\":\"En marcha el Mapa de Tendencias 2018\"}]},{\"@type\":\"WebSite\",\"@id\":\"https:\/\/ticsalutsocial.atoom.space\/es\/#website\",\"url\":\"https:\/\/ticsalutsocial.atoom.space\/es\/\",\"name\":\"Fundaci\u00f3 TIC Salut i Social\",\"description\":\"\",\"potentialAction\":[{\"@type\":\"SearchAction\",\"target\":{\"@type\":\"EntryPoint\",\"urlTemplate\":\"https:\/\/ticsalutsocial.atoom.space\/es\/?s={search_term_string}\"},\"query-input\":{\"@type\":\"PropertyValueSpecification\",\"valueRequired\":true,\"valueName\":\"search_term_string\"}}],\"inLanguage\":\"es\"}]}<\/script>\n<!-- \/ Yoast SEO plugin. -->","yoast_head_json":{"title":"En marcha el Mapa de Tendencias 2018 - Fundaci\u00f3 TIC Salut i Social","robots":{"index":"index","follow":"follow","max-snippet":"max-snippet:-1","max-image-preview":"max-image-preview:large","max-video-preview":"max-video-preview:-1"},"canonical":"https:\/\/ticsalutsocial.atoom.space\/es\/noticia\/en-marcha-el-mapa-de-tendencias-2018\/","og_locale":"es_ES","og_type":"article","og_title":"En marcha el Mapa de Tendencias 2018 - Fundaci\u00f3 TIC Salut i Social","og_description":"Un a\u00f1o m\u00e1s la Fundaci\u00f3 TIC Salut Social pone en marcha el Mapa de Tendencias 2018, estudio que pretende conocer el nivel de desarrollo y uso de las TIC en las entidades sanitarias y sociales de Catalu\u00f1a y que se articula mediante una encuesta online. Siguiendo la tendencia de estos \u00faltimos a\u00f1os, el estudio contin\u00faa [&hellip;]","og_url":"https:\/\/ticsalutsocial.atoom.space\/es\/noticia\/en-marcha-el-mapa-de-tendencias-2018\/","og_site_name":"Fundaci\u00f3 TIC Salut i Social","article_modified_time":"2021-07-21T13:38:15+00:00","og_image":[{"width":2560,"height":1709,"url":"https:\/\/ticsalutsocial.atoom.space\/wp-content\/uploads\/2018\/10\/2017-12-15-jornada-mapa-tendencies-tic-salut-8161-scaled.jpg","type":"image\/jpeg"}],"twitter_card":"summary_large_image","twitter_misc":{"Tiempo de lectura":"1 minuto"},"schema":{"@context":"https:\/\/schema.org","@graph":[{"@type":"WebPage","@id":"https:\/\/ticsalutsocial.atoom.space\/es\/noticia\/en-marcha-el-mapa-de-tendencias-2018\/","url":"https:\/\/ticsalutsocial.atoom.space\/es\/noticia\/en-marcha-el-mapa-de-tendencias-2018\/","name":"En marcha el Mapa de Tendencias 2018 - Fundaci\u00f3 TIC Salut i Social","isPartOf":{"@id":"https:\/\/ticsalutsocial.atoom.space\/es\/#website"},"primaryImageOfPage":{"@id":"https:\/\/ticsalutsocial.atoom.space\/es\/noticia\/en-marcha-el-mapa-de-tendencias-2018\/#primaryimage"},"image":{"@id":"https:\/\/ticsalutsocial.atoom.space\/es\/noticia\/en-marcha-el-mapa-de-tendencias-2018\/#primaryimage"},"thumbnailUrl":"https:\/\/ticsalutsocial.atoom.space\/wp-content\/uploads\/2018\/10\/2017-12-15-jornada-mapa-tendencies-tic-salut-8161-scaled.jpg","datePublished":"2018-10-01T11:02:15+00:00","dateModified":"2021-07-21T13:38:15+00:00","breadcrumb":{"@id":"https:\/\/ticsalutsocial.atoom.space\/es\/noticia\/en-marcha-el-mapa-de-tendencias-2018\/#breadcrumb"},"inLanguage":"es","potentialAction":[{"@type":"ReadAction","target":["https:\/\/ticsalutsocial.atoom.space\/es\/noticia\/en-marcha-el-mapa-de-tendencias-2018\/"]}]},{"@type":"ImageObject","inLanguage":"es","@id":"https:\/\/ticsalutsocial.atoom.space\/es\/noticia\/en-marcha-el-mapa-de-tendencias-2018\/#primaryimage","url":"https:\/\/ticsalutsocial.atoom.space\/wp-content\/uploads\/2018\/10\/2017-12-15-jornada-mapa-tendencies-tic-salut-8161-scaled.jpg","contentUrl":"https:\/\/ticsalutsocial.atoom.space\/wp-content\/uploads\/2018\/10\/2017-12-15-jornada-mapa-tendencies-tic-salut-8161-scaled.jpg","width":2560,"height":1709},{"@type":"BreadcrumbList","@id":"https:\/\/ticsalutsocial.atoom.space\/es\/noticia\/en-marcha-el-mapa-de-tendencias-2018\/#breadcrumb","itemListElement":[{"@type":"ListItem","position":1,"name":"Inici","item":"https:\/\/ticsalutsocial.atoom.space\/es\/"},{"@type":"ListItem","position":2,"name":"En marcha el Mapa de Tendencias 2018"}]},{"@type":"WebSite","@id":"https:\/\/ticsalutsocial.atoom.space\/es\/#website","url":"https:\/\/ticsalutsocial.atoom.space\/es\/","name":"Fundaci\u00f3 TIC Salut i Social","description":"","potentialAction":[{"@type":"SearchAction","target":{"@type":"EntryPoint","urlTemplate":"https:\/\/ticsalutsocial.atoom.space\/es\/?s={search_term_string}"},"query-input":{"@type":"PropertyValueSpecification","valueRequired":true,"valueName":"search_term_string"}}],"inLanguage":"es"}]}},"_links":{"self":[{"href":"https:\/\/ticsalutsocial.atoom.space\/es\/wp-json\/wp\/v2\/noticia\/3554","targetHints":{"allow":["GET"]}}],"collection":[{"href":"https:\/\/ticsalutsocial.atoom.space\/es\/wp-json\/wp\/v2\/noticia"}],"about":[{"href":"https:\/\/ticsalutsocial.atoom.space\/es\/wp-json\/wp\/v2\/types\/noticia"}],"author":[{"embeddable":true,"href":"https:\/\/ticsalutsocial.atoom.space\/es\/wp-json\/wp\/v2\/users\/21"}],"wp:featuredmedia":[{"embeddable":true,"href":"https:\/\/ticsalutsocial.atoom.space\/es\/wp-json\/wp\/v2\/media\/3551"}],"wp:attachment":[{"href":"https:\/\/ticsalutsocial.atoom.space\/es\/wp-json\/wp\/v2\/media?parent=3554"}],"wp:term":[{"taxonomy":"etiqueta","embeddable":true,"href":"https:\/\/ticsalutsocial.atoom.space\/es\/wp-json\/wp\/v2\/etiqueta?post=3554"},{"taxonomy":"tipus","embeddable":true,"href":"https:\/\/ticsalutsocial.atoom.space\/es\/wp-json\/wp\/v2\/tipus?post=3554"},{"taxonomy":"topic","embeddable":true,"href":"https:\/\/ticsalutsocial.atoom.space\/es\/wp-json\/wp\/v2\/topic?post=3554"}],"curies":[{"name":"wp","href":"https:\/\/api.w.org\/{rel}","templated":true}]}}