
{"id":3557,"date":"2018-10-02T11:24:07","date_gmt":"2018-10-02T09:24:07","guid":{"rendered":"https:\/\/ticsalutsocial.atoom.space\/?post_type=noticia&#038;p=3557"},"modified":"2021-07-21T15:38:17","modified_gmt":"2021-07-21T13:38:17","slug":"las-jornadas-tic-salut-i-social-se-consolidan-en-vic-con-mas-de-400-participantes","status":"publish","type":"noticia","link":"https:\/\/ticsalutsocial.atoom.space\/es\/noticia\/las-jornadas-tic-salut-i-social-se-consolidan-en-vic-con-mas-de-400-participantes\/","title":{"rendered":"Las Jornadas \u00abTIC Salut i Social\u00bb se consolidan en Vic con m\u00e1s de 400 participantes"},"content":{"rendered":"<p><strong>Durante dos d\u00edas se han presentado m\u00e1s de 100 proyectos y experiencias sobre el uso de nuevas tecnolog\u00edas en los \u00e1mbitos \u00a0salud y social<\/strong><\/p>\n<p>El uso de una app para diagnosticar y mejorar la dislexia, de nanorobots para tratar el c\u00e1ncer y de c\u00e1maras de v\u00eddeo para frenar el adelanto de Alzheimer son algunos de los casos presentados.<\/p>\n<p>El <em>Conseller<\/em> de <em>Treball, Afers Socials i Fam\u00edlies<\/em>, Chakir el Homrani, inaugur\u00f3 las jornadas con un llamamiento a una \u201catenci\u00f3n sanitaria y social centrada en las personas\u201d y en su \u201cdiversidad\u201d.<\/p>\n<p>El pasado jueves 27 y viernes 28 de septiembre se celebraron\u00a0 las octavas\u00a0<a href=\"https:\/\/ticsalutsocial.atoom.space\/wp-admin\/post.php?post=9884&amp;action=edit&amp;lang=es&amp;admin_bar=1\"><em>Jornadas I+D+I TIC Salut i Social\u00a0<\/em><\/a>reuniendo m\u00e1s de 400 personas en Vic para abordar el papel de las terapias digitales en la mejora de la salud y la calidad de vida de las personas. Durante dos d\u00edas el recinto <em>El Sucre<\/em> se convirti\u00f3 en un espacio de debate y reflexi\u00f3n sobre los \u00faltimos adelantos en estas terapias y sobre su papel como sustitutas o complementos de los f\u00e1rmacos, tratamientos o instrumentos educativos tradicionales. Todo ello articulado mediante conferencias, mesas redondas y presentaciones de m\u00e1s de un centenar de proyectos en varios formatos.<\/p>\n<p>La alcaldesa de Vic, Anna Erra, durante la inauguraci\u00f3n que se hizo el jueves, defini\u00f3 las jornadas como \u201cuna gran oportunidad para ver c\u00f3mo las nuevas tecnolog\u00edas pueden mejorar la vida de las personas pero tambi\u00e9n mejorar las ciudades, en los \u00e1mbitos de la salud y lo social\u201d. El rector de la Universidad de Vic \u2013 Universidad Central de Catalu\u00f1a (UVic-UCC), Joan Masnou, afirm\u00f3 que en este encuentro \u201cse intentan responder preguntas de un alto valor cient\u00edfico, pero tambi\u00e9n filos\u00f3fico y \u00e9tico, y adentrarse en la profundidad de las contradicciones aparentes\u201d.<\/p>\n<p>El acto inaugural lo presidi\u00f3 el <em>Conseller<\/em> de <em>Treball, Afers Socials i Fam\u00edlies<\/em> de la Generalitat de Catalu\u00f1a, Chakir el Homrani afirmando que \u201cahora ya no se puede hablar de atenci\u00f3n primaria sin contemplar el \u00e1mbito social, porque es la \u00fanica manera de poder poner la persona al centro del proceso\u201d y se mostr\u00f3 convencido que \u201ces obligaci\u00f3n de todos aprovechar la tecnolog\u00eda\u201d para conseguir una \u201catenci\u00f3n sanitaria y social centrada en las personas\u201d y en su \u201cdiversidad\u201d. La mesa la completaron <strong>el director de la <em>Fundaci\u00f3 TIC Salut Social<\/em>, Josu\u00e8 Sallent<\/strong>, que emplaz\u00f3 a los asistentes a \u201cno tener miedo de equivocarnos para progresar y crecer\u201d y la presidenta de la delegaci\u00f3n de Osona de la C\u00e1mara de Comercio de Barcelona, Montserrat Braut.<\/p>\n<p><strong>Alzheimer, dislexia y nanorobots para tratar el c\u00e1ncer<\/strong><br \/>\nLas jornadas arrancaron con una conferencia marco de Mateo Valero, director del Barcelona Supercomputing Center, que habl\u00f3 de las aportaciones de este centro en materia de terapias digitales y medicina personalizada. Adem\u00e1s, se desarrollaron dos mesas redondas, en el transcurso de las cuales se conocieron proyectos y experiencias que ya se est\u00e1n desarrollando, por ejemplo para aplicar las terapias digitales en el campo de las neurociencias.<\/p>\n<p>Es el caso de Luz Rello, ling\u00fcista, doctora en ciencia computacional y especialista en dislexia, que ha desarrollado la aplicaci\u00f3n m\u00f3vil <a href=\"http:\/\/Dytective\">Dytective<\/a>. La herramienta, validada cient\u00edficamente, incluye un test de detecci\u00f3n del riesgo de sufrir dislexia y un juego para ni\u00f1os diagnosticados que permite mejorar sus capacidades de lectura y escritura. \u201cDe momento hemos demostrado que haciendo una sesi\u00f3n de juego diaria complementaria a su terapia habitual, los ni\u00f1os y ni\u00f1as han mejorado su aprendizaje m\u00e1s que ni\u00f1os que no han usado la herramienta\u201d, explica Rello que asegura que hay que \u201ctrabajar para que todas las personas dislexicas sean diagnosticadas cuanto antes mejor, y esta deje de ser una enfermedad oculta\u201d.<\/p>\n<p>Otra de las experiencias presentadas es la de la Dra. Maite Garolera, especialista en psicolog\u00eda cl\u00ednica y directora de la Unidad de Neuropsicolog\u00eda del Consorcio Sanitario de Terrassa, que ha introducido las terapias digitales en el tratamiento de enfermos de Alzheimer en fase inicial a trav\u00e9s de el\u00a0<a href=\"http:\/\/www.rememory.cat\/ca\/projecte\/\">proyecto Rememory<\/a>. El proyecto capta el d\u00eda a d\u00eda del paciente a trav\u00e9s de una c\u00e1mara que \u00e9ste trae incorporada en la solapa, un material que posteriormente se convierte en un episodio editado que se muestra al paciente para estimular el cerebro: \u201cEl ensayo cl\u00ednico ha demostrado cambios en la memoria usando medidas de test objetivas despu\u00e9s de utilizar el Rememory durante 8 semanas\u201d dice Garolera.<\/p>\n<p>Al d\u00eda siguiente, las jornadas continuaron con la tercera mesa redonda, de evaluaci\u00f3n y debate de experiencias tecnol\u00f3gicas, y con una conferencia de Samuel S\u00e1nchez, del Institute for Bioengineering of Catalonia (IBEC). El investigador explic\u00f3 como trabajan para desarrollar nanorobots que se introducen en el cuerpo humano para transportar y liberar f\u00e1rmacos y combatir el c\u00e1ncer. Seg\u00fan el investigador, se trata de una tecnolog\u00eda que permite \u201cmejorar la precisi\u00f3n en la liberaci\u00f3n de los medicamentos y frenar la propagaci\u00f3n de c\u00e9lulas tumorales de forma m\u00e1s eficiente\u201d con la ventaja que \u201ctambi\u00e9n se reducen los efectos secundarios del tratamiento\u201d.<\/p>\n<p><strong>Premios a los mejores proyectos presentados<\/strong><br \/>\nLas jornadas han premiado los mejores proyectos presentados en las jornadas. El premio Innovador del Instituto Catal\u00e1n de la Salud ha sido por el proyecto \u201cLa rob\u00f3tica como herramienta en la rehabilitaci\u00f3n psicosocial en salud mental\u201d de Osonament; el premio Disruptivo de la UVic ha sido para myHealth Watcher, de Cube Technology, mientras el de Transformaci\u00f3n Organizativa, que otorgaba la EBA Vic Sur, ha sido para el proyecto \u201cCompartimos informaci\u00f3n entre profesionales, pacientes-profesionales, servicios sociales y sanitarios, de Capsbe. La Fundaci\u00f3n Althaia ha otorgado el premio Terapias Digitales a <a href=\"http:\/\/\u00c0gora VR, un projecte d\u2019intervenci\u00f3 psicol\u00f2gica de l\u2019agoraf\u00f2bia mitjan\u00e7ant la realitat virtual\">Agora VR, un proyecto de intervenci\u00f3n psicol\u00f3gica de la agorafobia mediante la realidad virtual<\/a>, de Psious, y la <em>Fundaci\u00f3 TIC Salut Social<\/em> ha galardonado con el premio Impacto Social el proyecto B-Resol, un nuevo canal de comunicaci\u00f3n para adolescentes.<\/p>\n<p>El premio cooperaci\u00f3n Euroregional de la Euroregi\u00f3n Pirineo-Mediterr\u00e1nea ha sido para Eurecat y el proyecto \u201cPatient empowerment and case management\u201d; el Original\/Creativo del <em>Consorci Hospitalari de Vic<\/em> para la Fundaci\u00f3n Bit y el uso de a terapia con videojuegos para la mejora de la salud emocional de los pacientes de la UCI del Hospital Son Ll\u00e0tzer; el Sostenible del Hospital de la Santa Creu para la Gerencia Territorial de la Catalu\u00f1a Central por un proyecto de teledermatologia; y el de Interoperabilidad de la EBA Centelles para Pediatr\u00eda del Pirineo, por un proyecto de monitorizaci\u00f3n card\u00edaca para el diagn\u00f3stico de arritmias en una zona rural.<\/p>\n<p>El acto de clausura fue presidido por el primer teniente de alcalde de Vic y presidente de la Fundaci\u00f3n de Estudios Superiores en Ciencias de la Salud (FESS), Josep Arimany, \u00a0y ha contado con la presencia del rector de la UVic-UCC, Joan Masnou; la secretaria general del <em>Departament de Salut<\/em> de la Generalitat, Laura Pelay,\u00a0la responsable de Estrategia Mediterr\u00e1nea y Redes de la Direcci\u00f3n de Asuntos Multilaterales y Europeos de la Generalitat, Gemma Aubarell y el vicepresidente del <em>Consell Comarcal<\/em> de Osona, Joan Carles Rodr\u00edguez.<\/p>\n<p>Las jornadas <em>R+D+I TIC Salut i Social<\/em> se organizan a trev\u00e9s de\u00a0<em><a href=\"http:\/\/www.uvic.cat\/\" target=\"_blank\" rel=\"noopener\">Universitat de Vic \u2013 Universitat Central de Catalunya<\/a><\/em>\u00a0v\u00eda C\u00e1tedra TIC Salud y C\u00e1tedra de Servicios Sociales, la<em>\u00a0<a href=\"http:\/\/www.ticsalut.cat\/\">Fundaci\u00f3 TIC Salut<\/a><a href=\"http:\/\/www.ticsalut.cat\/\" target=\"_blank\" rel=\"noopener\">\u00a0Social<\/a>,\u00a0<a href=\"http:\/\/www.chv.cat\/\" target=\"_blank\" rel=\"noopener\">Consorci Hospitalari de Vic<\/a>, <a href=\"http:\/\/ics.gencat.cat\/ca\/inici\">I<\/a><a href=\"http:\/\/ics.gencat.cat\/ca\/inici\" target=\"_blank\" rel=\"noopener\">nstitut Catal\u00e0 de la Salut<\/a>,\u00a0<a href=\"http:\/\/www.fhsc.cat\/\" target=\"_blank\" rel=\"noopener\">Fundaci\u00f3 Hospital de la Santa Creu de Vic<\/a>,\u00a0<a href=\"http:\/\/www.eapvic.org\/ca\/\">EBA Vic<\/a><a href=\"http:\/\/www.eapvic.org\/ca\/\" target=\"_blank\" rel=\"noopener\">\u00a0Sud,<\/a>\u00a0<a href=\"http:\/\/www.ebacentelles.cat\/\" target=\"_blank\" rel=\"noopener\">EBA Centelles<\/a><\/em>\u00a0y\u00a0<em><a href=\"https:\/\/www.althaia.cat\/althaia\/ca\" target=\"_blank\" rel=\"noopener\">Fundaci\u00f3 Althaia<\/a><\/em>.<\/p>\n","protected":false},"author":21,"featured_media":6815,"menu_order":0,"template":"","meta":{"_acf_changed":false,"inline_featured_image":false},"etiqueta":[],"tipus":[],"topic":[],"class_list":["post-3557","noticia","type-noticia","status-publish","has-post-thumbnail","hentry"],"acf":{"imatge":6817,"autor":"Adri\u00e0 G.Font"},"yoast_head":"<!-- This site is optimized with the Yoast SEO plugin v27.1.1 - https:\/\/yoast.com\/product\/yoast-seo-wordpress\/ -->\n<title>Las Jornadas &quot;TIC Salut i Social&quot; se consolidan en Vic con m\u00e1s de 400 participantes - Fundaci\u00f3 TIC Salut i Social<\/title>\n<meta name=\"robots\" content=\"index, follow, max-snippet:-1, max-image-preview:large, max-video-preview:-1\" \/>\n<link rel=\"canonical\" href=\"https:\/\/ticsalutsocial.atoom.space\/es\/noticia\/las-jornadas-tic-salut-i-social-se-consolidan-en-vic-con-mas-de-400-participantes\/\" \/>\n<meta property=\"og:locale\" content=\"es_ES\" \/>\n<meta property=\"og:type\" content=\"article\" \/>\n<meta property=\"og:title\" content=\"Las Jornadas &quot;TIC Salut i Social&quot; se consolidan en Vic con m\u00e1s de 400 participantes - Fundaci\u00f3 TIC Salut i Social\" \/>\n<meta property=\"og:description\" content=\"Durante dos d\u00edas se han presentado m\u00e1s de 100 proyectos y experiencias sobre el uso de nuevas tecnolog\u00edas en los \u00e1mbitos \u00a0salud y social El uso de una app para diagnosticar y mejorar la dislexia, de nanorobots para tratar el c\u00e1ncer y de c\u00e1maras de v\u00eddeo para frenar el adelanto de Alzheimer son algunos de [&hellip;]\" \/>\n<meta property=\"og:url\" content=\"https:\/\/ticsalutsocial.atoom.space\/es\/noticia\/las-jornadas-tic-salut-i-social-se-consolidan-en-vic-con-mas-de-400-participantes\/\" \/>\n<meta property=\"og:site_name\" content=\"Fundaci\u00f3 TIC Salut i Social\" \/>\n<meta property=\"article:modified_time\" content=\"2021-07-21T13:38:17+00:00\" \/>\n<meta property=\"og:image\" content=\"https:\/\/ticsalutsocial.atoom.space\/wp-content\/uploads\/2018\/05\/01.png\" \/>\n\t<meta property=\"og:image:width\" content=\"1152\" \/>\n\t<meta property=\"og:image:height\" content=\"1152\" \/>\n\t<meta property=\"og:image:type\" content=\"image\/png\" \/>\n<meta name=\"twitter:card\" content=\"summary_large_image\" \/>\n<meta name=\"twitter:label1\" content=\"Tiempo de lectura\" \/>\n\t<meta name=\"twitter:data1\" content=\"6 minutos\" \/>\n<script type=\"application\/ld+json\" class=\"yoast-schema-graph\">{\"@context\":\"https:\/\/schema.org\",\"@graph\":[{\"@type\":\"WebPage\",\"@id\":\"https:\/\/ticsalutsocial.atoom.space\/es\/noticia\/las-jornadas-tic-salut-i-social-se-consolidan-en-vic-con-mas-de-400-participantes\/\",\"url\":\"https:\/\/ticsalutsocial.atoom.space\/es\/noticia\/las-jornadas-tic-salut-i-social-se-consolidan-en-vic-con-mas-de-400-participantes\/\",\"name\":\"Las Jornadas \\\"TIC Salut i Social\\\" se consolidan en Vic con m\u00e1s de 400 participantes - Fundaci\u00f3 TIC Salut i Social\",\"isPartOf\":{\"@id\":\"https:\/\/ticsalutsocial.atoom.space\/es\/#website\"},\"primaryImageOfPage\":{\"@id\":\"https:\/\/ticsalutsocial.atoom.space\/es\/noticia\/las-jornadas-tic-salut-i-social-se-consolidan-en-vic-con-mas-de-400-participantes\/#primaryimage\"},\"image\":{\"@id\":\"https:\/\/ticsalutsocial.atoom.space\/es\/noticia\/las-jornadas-tic-salut-i-social-se-consolidan-en-vic-con-mas-de-400-participantes\/#primaryimage\"},\"thumbnailUrl\":\"https:\/\/ticsalutsocial.atoom.space\/wp-content\/uploads\/2018\/05\/01.png\",\"datePublished\":\"2018-10-02T09:24:07+00:00\",\"dateModified\":\"2021-07-21T13:38:17+00:00\",\"breadcrumb\":{\"@id\":\"https:\/\/ticsalutsocial.atoom.space\/es\/noticia\/las-jornadas-tic-salut-i-social-se-consolidan-en-vic-con-mas-de-400-participantes\/#breadcrumb\"},\"inLanguage\":\"es\",\"potentialAction\":[{\"@type\":\"ReadAction\",\"target\":[\"https:\/\/ticsalutsocial.atoom.space\/es\/noticia\/las-jornadas-tic-salut-i-social-se-consolidan-en-vic-con-mas-de-400-participantes\/\"]}]},{\"@type\":\"ImageObject\",\"inLanguage\":\"es\",\"@id\":\"https:\/\/ticsalutsocial.atoom.space\/es\/noticia\/las-jornadas-tic-salut-i-social-se-consolidan-en-vic-con-mas-de-400-participantes\/#primaryimage\",\"url\":\"https:\/\/ticsalutsocial.atoom.space\/wp-content\/uploads\/2018\/05\/01.png\",\"contentUrl\":\"https:\/\/ticsalutsocial.atoom.space\/wp-content\/uploads\/2018\/05\/01.png\",\"width\":1152,\"height\":1152},{\"@type\":\"BreadcrumbList\",\"@id\":\"https:\/\/ticsalutsocial.atoom.space\/es\/noticia\/las-jornadas-tic-salut-i-social-se-consolidan-en-vic-con-mas-de-400-participantes\/#breadcrumb\",\"itemListElement\":[{\"@type\":\"ListItem\",\"position\":1,\"name\":\"Inici\",\"item\":\"https:\/\/ticsalutsocial.atoom.space\/es\/\"},{\"@type\":\"ListItem\",\"position\":2,\"name\":\"Las Jornadas &#8220;TIC Salut i Social&#8221; se consolidan en Vic con m\u00e1s de 400 participantes\"}]},{\"@type\":\"WebSite\",\"@id\":\"https:\/\/ticsalutsocial.atoom.space\/es\/#website\",\"url\":\"https:\/\/ticsalutsocial.atoom.space\/es\/\",\"name\":\"Fundaci\u00f3 TIC Salut i Social\",\"description\":\"\",\"potentialAction\":[{\"@type\":\"SearchAction\",\"target\":{\"@type\":\"EntryPoint\",\"urlTemplate\":\"https:\/\/ticsalutsocial.atoom.space\/es\/?s={search_term_string}\"},\"query-input\":{\"@type\":\"PropertyValueSpecification\",\"valueRequired\":true,\"valueName\":\"search_term_string\"}}],\"inLanguage\":\"es\"}]}<\/script>\n<!-- \/ Yoast SEO plugin. -->","yoast_head_json":{"title":"Las Jornadas \"TIC Salut i Social\" se consolidan en Vic con m\u00e1s de 400 participantes - Fundaci\u00f3 TIC Salut i Social","robots":{"index":"index","follow":"follow","max-snippet":"max-snippet:-1","max-image-preview":"max-image-preview:large","max-video-preview":"max-video-preview:-1"},"canonical":"https:\/\/ticsalutsocial.atoom.space\/es\/noticia\/las-jornadas-tic-salut-i-social-se-consolidan-en-vic-con-mas-de-400-participantes\/","og_locale":"es_ES","og_type":"article","og_title":"Las Jornadas \"TIC Salut i Social\" se consolidan en Vic con m\u00e1s de 400 participantes - Fundaci\u00f3 TIC Salut i Social","og_description":"Durante dos d\u00edas se han presentado m\u00e1s de 100 proyectos y experiencias sobre el uso de nuevas tecnolog\u00edas en los \u00e1mbitos \u00a0salud y social El uso de una app para diagnosticar y mejorar la dislexia, de nanorobots para tratar el c\u00e1ncer y de c\u00e1maras de v\u00eddeo para frenar el adelanto de Alzheimer son algunos de [&hellip;]","og_url":"https:\/\/ticsalutsocial.atoom.space\/es\/noticia\/las-jornadas-tic-salut-i-social-se-consolidan-en-vic-con-mas-de-400-participantes\/","og_site_name":"Fundaci\u00f3 TIC Salut i Social","article_modified_time":"2021-07-21T13:38:17+00:00","og_image":[{"width":1152,"height":1152,"url":"https:\/\/ticsalutsocial.atoom.space\/wp-content\/uploads\/2018\/05\/01.png","type":"image\/png"}],"twitter_card":"summary_large_image","twitter_misc":{"Tiempo de lectura":"6 minutos"},"schema":{"@context":"https:\/\/schema.org","@graph":[{"@type":"WebPage","@id":"https:\/\/ticsalutsocial.atoom.space\/es\/noticia\/las-jornadas-tic-salut-i-social-se-consolidan-en-vic-con-mas-de-400-participantes\/","url":"https:\/\/ticsalutsocial.atoom.space\/es\/noticia\/las-jornadas-tic-salut-i-social-se-consolidan-en-vic-con-mas-de-400-participantes\/","name":"Las Jornadas \"TIC Salut i Social\" se consolidan en Vic con m\u00e1s de 400 participantes - Fundaci\u00f3 TIC Salut i Social","isPartOf":{"@id":"https:\/\/ticsalutsocial.atoom.space\/es\/#website"},"primaryImageOfPage":{"@id":"https:\/\/ticsalutsocial.atoom.space\/es\/noticia\/las-jornadas-tic-salut-i-social-se-consolidan-en-vic-con-mas-de-400-participantes\/#primaryimage"},"image":{"@id":"https:\/\/ticsalutsocial.atoom.space\/es\/noticia\/las-jornadas-tic-salut-i-social-se-consolidan-en-vic-con-mas-de-400-participantes\/#primaryimage"},"thumbnailUrl":"https:\/\/ticsalutsocial.atoom.space\/wp-content\/uploads\/2018\/05\/01.png","datePublished":"2018-10-02T09:24:07+00:00","dateModified":"2021-07-21T13:38:17+00:00","breadcrumb":{"@id":"https:\/\/ticsalutsocial.atoom.space\/es\/noticia\/las-jornadas-tic-salut-i-social-se-consolidan-en-vic-con-mas-de-400-participantes\/#breadcrumb"},"inLanguage":"es","potentialAction":[{"@type":"ReadAction","target":["https:\/\/ticsalutsocial.atoom.space\/es\/noticia\/las-jornadas-tic-salut-i-social-se-consolidan-en-vic-con-mas-de-400-participantes\/"]}]},{"@type":"ImageObject","inLanguage":"es","@id":"https:\/\/ticsalutsocial.atoom.space\/es\/noticia\/las-jornadas-tic-salut-i-social-se-consolidan-en-vic-con-mas-de-400-participantes\/#primaryimage","url":"https:\/\/ticsalutsocial.atoom.space\/wp-content\/uploads\/2018\/05\/01.png","contentUrl":"https:\/\/ticsalutsocial.atoom.space\/wp-content\/uploads\/2018\/05\/01.png","width":1152,"height":1152},{"@type":"BreadcrumbList","@id":"https:\/\/ticsalutsocial.atoom.space\/es\/noticia\/las-jornadas-tic-salut-i-social-se-consolidan-en-vic-con-mas-de-400-participantes\/#breadcrumb","itemListElement":[{"@type":"ListItem","position":1,"name":"Inici","item":"https:\/\/ticsalutsocial.atoom.space\/es\/"},{"@type":"ListItem","position":2,"name":"Las Jornadas &#8220;TIC Salut i Social&#8221; se consolidan en Vic con m\u00e1s de 400 participantes"}]},{"@type":"WebSite","@id":"https:\/\/ticsalutsocial.atoom.space\/es\/#website","url":"https:\/\/ticsalutsocial.atoom.space\/es\/","name":"Fundaci\u00f3 TIC Salut i Social","description":"","potentialAction":[{"@type":"SearchAction","target":{"@type":"EntryPoint","urlTemplate":"https:\/\/ticsalutsocial.atoom.space\/es\/?s={search_term_string}"},"query-input":{"@type":"PropertyValueSpecification","valueRequired":true,"valueName":"search_term_string"}}],"inLanguage":"es"}]}},"_links":{"self":[{"href":"https:\/\/ticsalutsocial.atoom.space\/es\/wp-json\/wp\/v2\/noticia\/3557","targetHints":{"allow":["GET"]}}],"collection":[{"href":"https:\/\/ticsalutsocial.atoom.space\/es\/wp-json\/wp\/v2\/noticia"}],"about":[{"href":"https:\/\/ticsalutsocial.atoom.space\/es\/wp-json\/wp\/v2\/types\/noticia"}],"author":[{"embeddable":true,"href":"https:\/\/ticsalutsocial.atoom.space\/es\/wp-json\/wp\/v2\/users\/21"}],"wp:featuredmedia":[{"embeddable":true,"href":"https:\/\/ticsalutsocial.atoom.space\/es\/wp-json\/wp\/v2\/media\/6815"}],"wp:attachment":[{"href":"https:\/\/ticsalutsocial.atoom.space\/es\/wp-json\/wp\/v2\/media?parent=3557"}],"wp:term":[{"taxonomy":"etiqueta","embeddable":true,"href":"https:\/\/ticsalutsocial.atoom.space\/es\/wp-json\/wp\/v2\/etiqueta?post=3557"},{"taxonomy":"tipus","embeddable":true,"href":"https:\/\/ticsalutsocial.atoom.space\/es\/wp-json\/wp\/v2\/tipus?post=3557"},{"taxonomy":"topic","embeddable":true,"href":"https:\/\/ticsalutsocial.atoom.space\/es\/wp-json\/wp\/v2\/topic?post=3557"}],"curies":[{"name":"wp","href":"https:\/\/api.w.org\/{rel}","templated":true}]}}