
{"id":3563,"date":"2018-10-03T09:53:48","date_gmt":"2018-10-03T07:53:48","guid":{"rendered":"https:\/\/ticsalutsocial.atoom.space\/?post_type=noticia&#038;p=3563"},"modified":"2021-07-21T15:38:22","modified_gmt":"2021-07-21T13:38:22","slug":"por-que-salud-y-social","status":"publish","type":"noticia","link":"https:\/\/ticsalutsocial.atoom.space\/es\/noticia\/por-que-salud-y-social\/","title":{"rendered":"\u00bfPor qu\u00e9 salud y social?"},"content":{"rendered":"<p>\u00abEl paro es el principal problema de salud en Catalu\u00f1a\u00bb. Atribu\u00eda esta frase al Conseller Com\u00edn, pero no lo he podido contrastar. En cualquier caso, el verdadero asunto: los factores sociales determinan la salud (y la salud determina los factores sociales). La simultaneidad en esta relaci\u00f3n no es ninguna novedad. La emergente importancia de las enfermedades cr\u00f3nicas motiv\u00f3 durante los a\u00f1os sesenta el auge de la epidemiolog\u00eda (la ciencia que desde el siglo quince estudia la salud de los grupos humanos en relaci\u00f3n con su medio), identificando la importancia de factores como el tabaquismo, la dieta, la inactividad f\u00edsica y la presi\u00f3n alta como determinantes de la mortalidad. Hoy d\u00eda, vinculamos inequ\u00edvocamente todos estos elementos en la salud.<\/p>\n<p>Durante los a\u00f1os setenta, Marc Lalonde, ministro de salud y bienestar * canadiense entre 1972 y 1977, public\u00f3 y diseminar el famoso \u00abLalonde Report\u00bb [1], identificado como el primer documento de un gobierno del mundo occidental que reconoce que la \u00e9nfasis en la \u00f3ptica biom\u00e9dica de los sistemas de salud es err\u00f3neo y que hay que buscar m\u00e1s all\u00e1 de los sistemas tradicionales (sick care) para mejorar la salud p\u00fablica. En aquella \u00e9poca, el gr\u00e1fico que se presenta a continuaci\u00f3n deb\u00eda ser lo que ahora llamamos \u00abdisruptivo\u00bb: m\u00e1s all\u00e1 de la precisi\u00f3n de las proporciones propuestas, es una cr\u00edtica frontal al abordaje de los gobiernos frente la salud p\u00fablica.<\/p>\n<div id=\"attachment_9903\" style=\"width: 310px\" class=\"wp-caption aligncenter\"><img loading=\"lazy\" decoding=\"async\" aria-describedby=\"caption-attachment-9903\" class=\"wp-image-9903 size-medium\" src=\"https:\/\/ticsalutsocial.atoom.space\/wp-content\/uploads\/2018\/10\/gasto-y-determinantes-300x196-1.jpg\" alt=\"\" width=\"300\" height=\"196\" \/><p id=\"caption-attachment-9903\" class=\"wp-caption-text\">Gr\u00e1fico: Factores de la salud<\/p><\/div>\n<p>Han pasado cuarenta a\u00f1os y seguramente, a pesar nos hemos reeducado en la cultura de lo que es salud y social, esta cr\u00edtica sigue aplicando. Decenas de disciplinas y millones de b\u00fasquedas han intentado sumar en el entendimiento rigurosa de esta multicausalidad con todas las limitaciones propias de su complejidad. F\u00edjense como de heterog\u00e9neos son los diagn\u00f3sticos y c\u00f3mo cambian las etiquetas y los pesos relativos respecto de la propuesta de Marc Lalonde (Bosske et al. [2]).<\/p>\n<div id=\"attachment_9906\" style=\"width: 310px\" class=\"wp-caption aligncenter\"><img loading=\"lazy\" decoding=\"async\" aria-describedby=\"caption-attachment-9906\" class=\"wp-image-9906 size-medium\" src=\"https:\/\/ticsalutsocial.atoom.space\/wp-content\/uploads\/2018\/10\/captura-300x111-1.jpg\" alt=\"\" width=\"300\" height=\"111\" \/><p id=\"caption-attachment-9906\" class=\"wp-caption-text\">Tabla \u00abDeterminantes de la Salud\u00bb<\/p><\/div>\n<p>Asimismo, miles de empleados p\u00fablicos de nuestro entorno han pensado y repensado cu\u00e1l es el marco de actuaci\u00f3n que debe coordinar lo que todav\u00eda son dos mundos. \u00bfQu\u00e9 nos deparar\u00e1 el nuevo PIAISS? Parece que la soluci\u00f3n pasa por coordinarse mejor y compartir informaci\u00f3n. \u00bfQu\u00e9 papel juegan la interoperabilidad, el Big Data y la tecnolog\u00eda m\u00f3vil?<\/p>\n<p>Ya lo dijo Mateo Valero, director del Barcelona Supercomputing Center, al final de su conferencia en las \u00faltimas <a href=\"https:\/\/ticsalutsocial.atoom.space\/es\/actualitat\/les-jornades-tic-salut-i-social-es-consoliden-a-vic-amb-mes-de-400-participants\/\">Jornadas RDI<\/a> celebradas en Vic: \u00abla \u00fanica manera de avanzar es colaborar, colaborar, colaborar; compartir datos, compartir ideas, compartir recursos \u00ab. Esta vez s\u00ed que lo puedo contrastar (v\u00eddeo jueves ma\u00f1ana, 2h 02 &#8216;).<\/p>\n<p>* El ministerio se llam\u00f3 as\u00ed entre 1944 y 1996; ahora simplemente \u00abde salud\u00bb. Las palabras son importantes?<\/p>\n<p>&#8211;<br \/>\n[1] Lalonde, M. (1974). A New Perspective on the Health of Canadians: A Working Documento = Nouvelle Perspective De La Sante Desde Canadiens<br \/>\n[2] Booske, B. C., Athens, J. K., Kindig, D. A., Park, H., &amp; Remington, P. L. (2010). Different perspectives for assigning weights to determinantes of health. University of Wisconsin: Population Health Institute<\/p>\n","protected":false},"author":21,"featured_media":3560,"menu_order":0,"template":"","meta":{"_acf_changed":false,"inline_featured_image":false},"etiqueta":[],"tipus":[94],"topic":[127],"class_list":["post-3563","noticia","type-noticia","status-publish","has-post-thumbnail","hentry","tipus-integracion-social-y-sanitaria","topic-proyectos"],"acf":{"imatge":3562,"autor":"Francesc L\u00f3pez Segui","textos_destacats":[{"texte":"Factores sociales como determinantes de la salud; factores de la salud como determinantes de lo social"}]},"yoast_head":"<!-- This site is optimized with the Yoast SEO plugin v27.1.1 - https:\/\/yoast.com\/product\/yoast-seo-wordpress\/ -->\n<title>\u00bfPor qu\u00e9 salud y social? - Fundaci\u00f3 TIC Salut i Social<\/title>\n<meta name=\"robots\" content=\"index, follow, max-snippet:-1, max-image-preview:large, max-video-preview:-1\" \/>\n<link rel=\"canonical\" href=\"https:\/\/ticsalutsocial.atoom.space\/es\/noticia\/por-que-salud-y-social\/\" \/>\n<meta property=\"og:locale\" content=\"es_ES\" \/>\n<meta property=\"og:type\" content=\"article\" \/>\n<meta property=\"og:title\" content=\"\u00bfPor qu\u00e9 salud y social? - Fundaci\u00f3 TIC Salut i Social\" \/>\n<meta property=\"og:description\" content=\"\u00abEl paro es el principal problema de salud en Catalu\u00f1a\u00bb. Atribu\u00eda esta frase al Conseller Com\u00edn, pero no lo he podido contrastar. En cualquier caso, el verdadero asunto: los factores sociales determinan la salud (y la salud determina los factores sociales). La simultaneidad en esta relaci\u00f3n no es ninguna novedad. La emergente importancia de las [&hellip;]\" \/>\n<meta property=\"og:url\" content=\"https:\/\/ticsalutsocial.atoom.space\/es\/noticia\/por-que-salud-y-social\/\" \/>\n<meta property=\"og:site_name\" content=\"Fundaci\u00f3 TIC Salut i Social\" \/>\n<meta property=\"article:modified_time\" content=\"2021-07-21T13:38:22+00:00\" \/>\n<meta property=\"og:image\" content=\"https:\/\/ticsalutsocial.atoom.space\/wp-content\/uploads\/2018\/10\/images-1.jpg\" \/>\n\t<meta property=\"og:image:width\" content=\"960\" \/>\n\t<meta property=\"og:image:height\" content=\"640\" \/>\n\t<meta property=\"og:image:type\" content=\"image\/jpeg\" \/>\n<meta name=\"twitter:card\" content=\"summary_large_image\" \/>\n<meta name=\"twitter:label1\" content=\"Tiempo de lectura\" \/>\n\t<meta name=\"twitter:data1\" content=\"3 minutos\" \/>\n<script type=\"application\/ld+json\" class=\"yoast-schema-graph\">{\"@context\":\"https:\/\/schema.org\",\"@graph\":[{\"@type\":\"WebPage\",\"@id\":\"https:\/\/ticsalutsocial.atoom.space\/es\/noticia\/por-que-salud-y-social\/\",\"url\":\"https:\/\/ticsalutsocial.atoom.space\/es\/noticia\/por-que-salud-y-social\/\",\"name\":\"\u00bfPor qu\u00e9 salud y social? - Fundaci\u00f3 TIC Salut i Social\",\"isPartOf\":{\"@id\":\"https:\/\/ticsalutsocial.atoom.space\/es\/#website\"},\"primaryImageOfPage\":{\"@id\":\"https:\/\/ticsalutsocial.atoom.space\/es\/noticia\/por-que-salud-y-social\/#primaryimage\"},\"image\":{\"@id\":\"https:\/\/ticsalutsocial.atoom.space\/es\/noticia\/por-que-salud-y-social\/#primaryimage\"},\"thumbnailUrl\":\"https:\/\/ticsalutsocial.atoom.space\/wp-content\/uploads\/2018\/10\/images-1.jpg\",\"datePublished\":\"2018-10-03T07:53:48+00:00\",\"dateModified\":\"2021-07-21T13:38:22+00:00\",\"breadcrumb\":{\"@id\":\"https:\/\/ticsalutsocial.atoom.space\/es\/noticia\/por-que-salud-y-social\/#breadcrumb\"},\"inLanguage\":\"es\",\"potentialAction\":[{\"@type\":\"ReadAction\",\"target\":[\"https:\/\/ticsalutsocial.atoom.space\/es\/noticia\/por-que-salud-y-social\/\"]}]},{\"@type\":\"ImageObject\",\"inLanguage\":\"es\",\"@id\":\"https:\/\/ticsalutsocial.atoom.space\/es\/noticia\/por-que-salud-y-social\/#primaryimage\",\"url\":\"https:\/\/ticsalutsocial.atoom.space\/wp-content\/uploads\/2018\/10\/images-1.jpg\",\"contentUrl\":\"https:\/\/ticsalutsocial.atoom.space\/wp-content\/uploads\/2018\/10\/images-1.jpg\",\"width\":960,\"height\":640},{\"@type\":\"BreadcrumbList\",\"@id\":\"https:\/\/ticsalutsocial.atoom.space\/es\/noticia\/por-que-salud-y-social\/#breadcrumb\",\"itemListElement\":[{\"@type\":\"ListItem\",\"position\":1,\"name\":\"Inici\",\"item\":\"https:\/\/ticsalutsocial.atoom.space\/es\/\"},{\"@type\":\"ListItem\",\"position\":2,\"name\":\"\u00bfPor qu\u00e9 salud y social?\"}]},{\"@type\":\"WebSite\",\"@id\":\"https:\/\/ticsalutsocial.atoom.space\/es\/#website\",\"url\":\"https:\/\/ticsalutsocial.atoom.space\/es\/\",\"name\":\"Fundaci\u00f3 TIC Salut i Social\",\"description\":\"\",\"potentialAction\":[{\"@type\":\"SearchAction\",\"target\":{\"@type\":\"EntryPoint\",\"urlTemplate\":\"https:\/\/ticsalutsocial.atoom.space\/es\/?s={search_term_string}\"},\"query-input\":{\"@type\":\"PropertyValueSpecification\",\"valueRequired\":true,\"valueName\":\"search_term_string\"}}],\"inLanguage\":\"es\"}]}<\/script>\n<!-- \/ Yoast SEO plugin. -->","yoast_head_json":{"title":"\u00bfPor qu\u00e9 salud y social? - Fundaci\u00f3 TIC Salut i Social","robots":{"index":"index","follow":"follow","max-snippet":"max-snippet:-1","max-image-preview":"max-image-preview:large","max-video-preview":"max-video-preview:-1"},"canonical":"https:\/\/ticsalutsocial.atoom.space\/es\/noticia\/por-que-salud-y-social\/","og_locale":"es_ES","og_type":"article","og_title":"\u00bfPor qu\u00e9 salud y social? - Fundaci\u00f3 TIC Salut i Social","og_description":"\u00abEl paro es el principal problema de salud en Catalu\u00f1a\u00bb. Atribu\u00eda esta frase al Conseller Com\u00edn, pero no lo he podido contrastar. En cualquier caso, el verdadero asunto: los factores sociales determinan la salud (y la salud determina los factores sociales). La simultaneidad en esta relaci\u00f3n no es ninguna novedad. La emergente importancia de las [&hellip;]","og_url":"https:\/\/ticsalutsocial.atoom.space\/es\/noticia\/por-que-salud-y-social\/","og_site_name":"Fundaci\u00f3 TIC Salut i Social","article_modified_time":"2021-07-21T13:38:22+00:00","og_image":[{"width":960,"height":640,"url":"https:\/\/ticsalutsocial.atoom.space\/wp-content\/uploads\/2018\/10\/images-1.jpg","type":"image\/jpeg"}],"twitter_card":"summary_large_image","twitter_misc":{"Tiempo de lectura":"3 minutos"},"schema":{"@context":"https:\/\/schema.org","@graph":[{"@type":"WebPage","@id":"https:\/\/ticsalutsocial.atoom.space\/es\/noticia\/por-que-salud-y-social\/","url":"https:\/\/ticsalutsocial.atoom.space\/es\/noticia\/por-que-salud-y-social\/","name":"\u00bfPor qu\u00e9 salud y social? - Fundaci\u00f3 TIC Salut i Social","isPartOf":{"@id":"https:\/\/ticsalutsocial.atoom.space\/es\/#website"},"primaryImageOfPage":{"@id":"https:\/\/ticsalutsocial.atoom.space\/es\/noticia\/por-que-salud-y-social\/#primaryimage"},"image":{"@id":"https:\/\/ticsalutsocial.atoom.space\/es\/noticia\/por-que-salud-y-social\/#primaryimage"},"thumbnailUrl":"https:\/\/ticsalutsocial.atoom.space\/wp-content\/uploads\/2018\/10\/images-1.jpg","datePublished":"2018-10-03T07:53:48+00:00","dateModified":"2021-07-21T13:38:22+00:00","breadcrumb":{"@id":"https:\/\/ticsalutsocial.atoom.space\/es\/noticia\/por-que-salud-y-social\/#breadcrumb"},"inLanguage":"es","potentialAction":[{"@type":"ReadAction","target":["https:\/\/ticsalutsocial.atoom.space\/es\/noticia\/por-que-salud-y-social\/"]}]},{"@type":"ImageObject","inLanguage":"es","@id":"https:\/\/ticsalutsocial.atoom.space\/es\/noticia\/por-que-salud-y-social\/#primaryimage","url":"https:\/\/ticsalutsocial.atoom.space\/wp-content\/uploads\/2018\/10\/images-1.jpg","contentUrl":"https:\/\/ticsalutsocial.atoom.space\/wp-content\/uploads\/2018\/10\/images-1.jpg","width":960,"height":640},{"@type":"BreadcrumbList","@id":"https:\/\/ticsalutsocial.atoom.space\/es\/noticia\/por-que-salud-y-social\/#breadcrumb","itemListElement":[{"@type":"ListItem","position":1,"name":"Inici","item":"https:\/\/ticsalutsocial.atoom.space\/es\/"},{"@type":"ListItem","position":2,"name":"\u00bfPor qu\u00e9 salud y social?"}]},{"@type":"WebSite","@id":"https:\/\/ticsalutsocial.atoom.space\/es\/#website","url":"https:\/\/ticsalutsocial.atoom.space\/es\/","name":"Fundaci\u00f3 TIC Salut i Social","description":"","potentialAction":[{"@type":"SearchAction","target":{"@type":"EntryPoint","urlTemplate":"https:\/\/ticsalutsocial.atoom.space\/es\/?s={search_term_string}"},"query-input":{"@type":"PropertyValueSpecification","valueRequired":true,"valueName":"search_term_string"}}],"inLanguage":"es"}]}},"_links":{"self":[{"href":"https:\/\/ticsalutsocial.atoom.space\/es\/wp-json\/wp\/v2\/noticia\/3563","targetHints":{"allow":["GET"]}}],"collection":[{"href":"https:\/\/ticsalutsocial.atoom.space\/es\/wp-json\/wp\/v2\/noticia"}],"about":[{"href":"https:\/\/ticsalutsocial.atoom.space\/es\/wp-json\/wp\/v2\/types\/noticia"}],"author":[{"embeddable":true,"href":"https:\/\/ticsalutsocial.atoom.space\/es\/wp-json\/wp\/v2\/users\/21"}],"wp:featuredmedia":[{"embeddable":true,"href":"https:\/\/ticsalutsocial.atoom.space\/es\/wp-json\/wp\/v2\/media\/3560"}],"wp:attachment":[{"href":"https:\/\/ticsalutsocial.atoom.space\/es\/wp-json\/wp\/v2\/media?parent=3563"}],"wp:term":[{"taxonomy":"etiqueta","embeddable":true,"href":"https:\/\/ticsalutsocial.atoom.space\/es\/wp-json\/wp\/v2\/etiqueta?post=3563"},{"taxonomy":"tipus","embeddable":true,"href":"https:\/\/ticsalutsocial.atoom.space\/es\/wp-json\/wp\/v2\/tipus?post=3563"},{"taxonomy":"topic","embeddable":true,"href":"https:\/\/ticsalutsocial.atoom.space\/es\/wp-json\/wp\/v2\/topic?post=3563"}],"curies":[{"name":"wp","href":"https:\/\/api.w.org\/{rel}","templated":true}]}}