
{"id":35651,"date":"2026-02-09T10:06:29","date_gmt":"2026-02-09T08:06:29","guid":{"rendered":"https:\/\/ticsalutsocial.atoom.space\/noticia\/catalunya-defensa-a-helsinki-una-infraestructura-de-dades-de-salut-centrada-en-la-persona\/"},"modified":"2026-02-09T10:19:32","modified_gmt":"2026-02-09T08:19:32","slug":"catalunya-defensa-a-helsinki-una-infraestructura-de-dades-de-salut-centrada-en-la-persona","status":"publish","type":"noticia","link":"https:\/\/ticsalutsocial.atoom.space\/es\/noticia\/catalunya-defensa-a-helsinki-una-infraestructura-de-dades-de-salut-centrada-en-la-persona\/","title":{"rendered":"Catalu\u00f1a defiende en Helsinki una infraestructura de datos de salud centrada en la persona"},"content":{"rendered":"\n<p>El director de la Fundaci\u00f3 TIC Salut i Social, <strong>Joan Guanyabens<\/strong>, present\u00f3 la experiencia de Catalu\u00f1a en la gesti\u00f3n de datos de salud en el <a href=\"https:\/\/radicalhealthfestival.messukeskus.com\/\" target=\"_blank\" rel=\"noreferrer noopener\">Radical Health Festival<\/a>, celebrado el pasado mes de enero en Helsinki, Finlandia. En una sesi\u00f3n plenaria sobre infraestructuras de datos para desplegar el potencial del Espacio Europeo de Datos de Salud (EHDS), compartida con otros expertos internacionales, Guanyabens defendi\u00f3 la <strong>necesidad de disponer de infraestructuras digitales s\u00f3lidas, reguladas y centradas en la persona para mejorar la salud y la equidad del sistema.<\/strong><\/p>\n\n\n\n<p>Guanyabens inici\u00f3 su intervenci\u00f3n con una defensa de la salud digital, que solo puede considerarse un verdadero avance si se basa en <strong>datos fiables, conocimiento compartido y control p\u00fablico<\/strong>. En un contexto marcado por la desinformaci\u00f3n y la concentraci\u00f3n de poder en grandes empresas tecnol\u00f3gicas que controlan los datos de la ciudadan\u00eda, reivindic\u00f3 la soberan\u00eda digital y la regulaci\u00f3n europea como elementos clave para garantizar que los datos y la innovaci\u00f3n tecnol\u00f3gica est\u00e9n al servicio del bien com\u00fan y refuercen la democracia.<\/p>\n\n\n\n<p>A continuaci\u00f3n, el director de la Fundaci\u00f3 TIC Salut i Social y actual presidente de la <a href=\"https:\/\/www.ehtel.eu\/\" target=\"_blank\" rel=\"noreferrer noopener\">Asociaci\u00f3n Europea de Telem\u00e1tica de la Salud (EHTEL) <\/a>puso en valor la apuesta de Catalu\u00f1a por concebir los sistemas de informaci\u00f3n en salud como una <strong>infraestructura cr\u00edtica de pa\u00eds<\/strong>, basada en est\u00e1ndares abiertos, en la <strong>soberan\u00eda de la ciudadan\u00eda sobre su informaci\u00f3n<\/strong> y en una <strong>gobernanza clara <\/strong>orientada a mejorar la salud de la poblaci\u00f3n, la sostenibilidad del sistema y la experiencia tanto de la ciudadan\u00eda como de los profesionales.<\/p>\n\n\n\n<p>Como ejemplo de proyectos punteros desarrollados en Catalu\u00f1a, mencion\u00f3 el <a href=\"https:\/\/ticsalutsocial.atoom.space\/es\/noticia\/el-pilot-per-testar-el-segell-industrial-del-projecte-xshare-comencara-al-gener\/\">Yellow Button<\/a> para la descarga del resumen del paciente en toda Europa; <a href=\"https:\/\/catsalut.gencat.cat\/ca\/serveis-sanitaris\/la-meva-salut\/index.html#googtrans(ca|es)\" target=\"_blank\" rel=\"noreferrer noopener\">La Meva Salut<\/a>, que recoge la informaci\u00f3n de la historia cl\u00ednica compartida del paciente, y el <a href=\"https:\/\/iasalut.cat\/es\/\" target=\"_blank\" rel=\"noreferrer noopener\">Programa Salut\/IA <\/a>para la promoci\u00f3n y el desarrollo de la inteligencia artificial en el Sistema de Salud de Catalu\u00f1a.<\/p>\n\n\n\n<p>Finalmente, se\u00f1al\u00f3 que la alineaci\u00f3n con el Espacio Europeo de Datos de Salud requiere avanzar de forma progresiva y coordinada hacia nuevos modelos de gobernanza y uso compartido de los datos, capaces de generar confianza y de situar a la ciudadan\u00eda en el centro del sistema de salud digital.<\/p>\n\n\n\n<h2 class=\"wp-block-heading\"><strong>La Fundaci\u00f3 en el Radical Health<\/strong><\/h2>\n\n\n\n<p>La Fundaci\u00f3 TIC Salut i Social fue uno de los <em><a href=\"https:\/\/radicalhealthfestival.messukeskus.com\/festival-partners\/\" target=\"_blank\" rel=\"noreferrer noopener\">contribution partners<\/a><\/em> del congreso, con una presencia destacada. La responsable de Activos Digitales para la Ciudadan\u00eda, <strong>Carme Pratdep\u00e0dua<\/strong>, y la responsable de Programas P\u00fablicos, <strong>Carla \u00c1lvarez<\/strong>, participaron en la sesi\u00f3n \u201cThe Yellow Button: Innovating for Everyday Life with Patient Access\u201d para explicar la contribuci\u00f3n catalana al proyecto europeo <a href=\"https:\/\/xshare-project.eu\/\" target=\"_blank\" rel=\"noreferrer noopener\">xShare<\/a>.<\/p>\n\n\n\n<p>La delegaci\u00f3n de la Fundaci\u00f3 TIC Salut i Social tambi\u00e9n cont\u00f3 con la participaci\u00f3n de <strong>Anna Benavent<\/strong>, directora de estrategia digital en salud del Hospital Parc Taul\u00ed, que intervino en la sesi\u00f3n \u201cEHR Algorithm Communication\u201d.<\/p>\n","protected":false},"author":12,"featured_media":35649,"menu_order":0,"template":"","meta":{"_acf_changed":true,"inline_featured_image":false},"etiqueta":[],"tipus":[1169],"topic":[123],"class_list":["post-35651","noticia","type-noticia","status-publish","has-post-thumbnail","hentry","tipus-fundacio-es","topic-actualidad"],"acf":{"finalitzat":false,"tipus_plantilla":"objectius","template_objectius":{"cont_principal":"","imatge":false,"cont_seguent":{"titol":"","contingut":""},"seccio_llistat":{"titol":"","llistat":false},"objectius":{"titol":"","objectius":false},"documents":false},"autor":"","imatge":35646,"textos_destacats":[{"texte":"El director de la Fundaci\u00f3 TIC Salut i Social present\u00f3 en el Radical Health Festival la estrategia catalana en sistemas de informaci\u00f3n en salud."}],"documents":false},"yoast_head":"<!-- This site is optimized with the Yoast SEO plugin v27.1.1 - https:\/\/yoast.com\/product\/yoast-seo-wordpress\/ -->\n<title>Catalu\u00f1a defiende en Helsinki una infraestructura de datos de salud centrada en la persona - Fundaci\u00f3 TIC Salut i Social<\/title>\n<meta name=\"robots\" content=\"index, follow, max-snippet:-1, max-image-preview:large, max-video-preview:-1\" \/>\n<link rel=\"canonical\" href=\"https:\/\/ticsalutsocial.atoom.space\/es\/noticia\/catalunya-defensa-a-helsinki-una-infraestructura-de-dades-de-salut-centrada-en-la-persona\/\" \/>\n<meta property=\"og:locale\" content=\"es_ES\" \/>\n<meta property=\"og:type\" content=\"article\" \/>\n<meta property=\"og:title\" content=\"Catalu\u00f1a defiende en Helsinki una infraestructura de datos de salud centrada en la persona - Fundaci\u00f3 TIC Salut i Social\" \/>\n<meta property=\"og:description\" content=\"El director de la Fundaci\u00f3 TIC Salut i Social, Joan Guanyabens, present\u00f3 la experiencia de Catalu\u00f1a en la gesti\u00f3n de datos de salud en el Radical Health Festival, celebrado el pasado mes de enero en Helsinki, Finlandia. En una sesi\u00f3n plenaria sobre infraestructuras de datos para desplegar el potencial del Espacio Europeo de Datos de [&hellip;]\" \/>\n<meta property=\"og:url\" content=\"https:\/\/ticsalutsocial.atoom.space\/es\/noticia\/catalunya-defensa-a-helsinki-una-infraestructura-de-dades-de-salut-centrada-en-la-persona\/\" \/>\n<meta property=\"og:site_name\" content=\"Fundaci\u00f3 TIC Salut i Social\" \/>\n<meta property=\"article:modified_time\" content=\"2026-02-09T08:19:32+00:00\" \/>\n<meta property=\"og:image\" content=\"https:\/\/ticsalutsocial.atoom.space\/wp-content\/uploads\/2026\/02\/Joan-Guanyabens-al-Radical-Health-Festival-1.png\" \/>\n\t<meta property=\"og:image:width\" content=\"1280\" \/>\n\t<meta property=\"og:image:height\" content=\"960\" \/>\n\t<meta property=\"og:image:type\" content=\"image\/png\" \/>\n<meta name=\"twitter:card\" content=\"summary_large_image\" \/>\n<meta name=\"twitter:label1\" content=\"Tiempo de lectura\" \/>\n\t<meta name=\"twitter:data1\" content=\"3 minutos\" \/>\n<script type=\"application\/ld+json\" class=\"yoast-schema-graph\">{\"@context\":\"https:\/\/schema.org\",\"@graph\":[{\"@type\":\"WebPage\",\"@id\":\"https:\/\/ticsalutsocial.atoom.space\/es\/noticia\/catalunya-defensa-a-helsinki-una-infraestructura-de-dades-de-salut-centrada-en-la-persona\/\",\"url\":\"https:\/\/ticsalutsocial.atoom.space\/es\/noticia\/catalunya-defensa-a-helsinki-una-infraestructura-de-dades-de-salut-centrada-en-la-persona\/\",\"name\":\"Catalu\u00f1a defiende en Helsinki una infraestructura de datos de salud centrada en la persona - Fundaci\u00f3 TIC Salut i Social\",\"isPartOf\":{\"@id\":\"https:\/\/ticsalutsocial.atoom.space\/es\/#website\"},\"primaryImageOfPage\":{\"@id\":\"https:\/\/ticsalutsocial.atoom.space\/es\/noticia\/catalunya-defensa-a-helsinki-una-infraestructura-de-dades-de-salut-centrada-en-la-persona\/#primaryimage\"},\"image\":{\"@id\":\"https:\/\/ticsalutsocial.atoom.space\/es\/noticia\/catalunya-defensa-a-helsinki-una-infraestructura-de-dades-de-salut-centrada-en-la-persona\/#primaryimage\"},\"thumbnailUrl\":\"https:\/\/ticsalutsocial.atoom.space\/wp-content\/uploads\/2026\/02\/Joan-Guanyabens-al-Radical-Health-Festival-1.png\",\"datePublished\":\"2026-02-09T08:06:29+00:00\",\"dateModified\":\"2026-02-09T08:19:32+00:00\",\"breadcrumb\":{\"@id\":\"https:\/\/ticsalutsocial.atoom.space\/es\/noticia\/catalunya-defensa-a-helsinki-una-infraestructura-de-dades-de-salut-centrada-en-la-persona\/#breadcrumb\"},\"inLanguage\":\"es\",\"potentialAction\":[{\"@type\":\"ReadAction\",\"target\":[\"https:\/\/ticsalutsocial.atoom.space\/es\/noticia\/catalunya-defensa-a-helsinki-una-infraestructura-de-dades-de-salut-centrada-en-la-persona\/\"]}]},{\"@type\":\"ImageObject\",\"inLanguage\":\"es\",\"@id\":\"https:\/\/ticsalutsocial.atoom.space\/es\/noticia\/catalunya-defensa-a-helsinki-una-infraestructura-de-dades-de-salut-centrada-en-la-persona\/#primaryimage\",\"url\":\"https:\/\/ticsalutsocial.atoom.space\/wp-content\/uploads\/2026\/02\/Joan-Guanyabens-al-Radical-Health-Festival-1.png\",\"contentUrl\":\"https:\/\/ticsalutsocial.atoom.space\/wp-content\/uploads\/2026\/02\/Joan-Guanyabens-al-Radical-Health-Festival-1.png\",\"width\":1280,\"height\":960},{\"@type\":\"BreadcrumbList\",\"@id\":\"https:\/\/ticsalutsocial.atoom.space\/es\/noticia\/catalunya-defensa-a-helsinki-una-infraestructura-de-dades-de-salut-centrada-en-la-persona\/#breadcrumb\",\"itemListElement\":[{\"@type\":\"ListItem\",\"position\":1,\"name\":\"Inici\",\"item\":\"https:\/\/ticsalutsocial.atoom.space\/es\/\"},{\"@type\":\"ListItem\",\"position\":2,\"name\":\"Catalu\u00f1a defiende en Helsinki una infraestructura de datos de salud centrada en la persona\"}]},{\"@type\":\"WebSite\",\"@id\":\"https:\/\/ticsalutsocial.atoom.space\/es\/#website\",\"url\":\"https:\/\/ticsalutsocial.atoom.space\/es\/\",\"name\":\"Fundaci\u00f3 TIC Salut i Social\",\"description\":\"\",\"potentialAction\":[{\"@type\":\"SearchAction\",\"target\":{\"@type\":\"EntryPoint\",\"urlTemplate\":\"https:\/\/ticsalutsocial.atoom.space\/es\/?s={search_term_string}\"},\"query-input\":{\"@type\":\"PropertyValueSpecification\",\"valueRequired\":true,\"valueName\":\"search_term_string\"}}],\"inLanguage\":\"es\"}]}<\/script>\n<!-- \/ Yoast SEO plugin. -->","yoast_head_json":{"title":"Catalu\u00f1a defiende en Helsinki una infraestructura de datos de salud centrada en la persona - Fundaci\u00f3 TIC Salut i Social","robots":{"index":"index","follow":"follow","max-snippet":"max-snippet:-1","max-image-preview":"max-image-preview:large","max-video-preview":"max-video-preview:-1"},"canonical":"https:\/\/ticsalutsocial.atoom.space\/es\/noticia\/catalunya-defensa-a-helsinki-una-infraestructura-de-dades-de-salut-centrada-en-la-persona\/","og_locale":"es_ES","og_type":"article","og_title":"Catalu\u00f1a defiende en Helsinki una infraestructura de datos de salud centrada en la persona - Fundaci\u00f3 TIC Salut i Social","og_description":"El director de la Fundaci\u00f3 TIC Salut i Social, Joan Guanyabens, present\u00f3 la experiencia de Catalu\u00f1a en la gesti\u00f3n de datos de salud en el Radical Health Festival, celebrado el pasado mes de enero en Helsinki, Finlandia. En una sesi\u00f3n plenaria sobre infraestructuras de datos para desplegar el potencial del Espacio Europeo de Datos de [&hellip;]","og_url":"https:\/\/ticsalutsocial.atoom.space\/es\/noticia\/catalunya-defensa-a-helsinki-una-infraestructura-de-dades-de-salut-centrada-en-la-persona\/","og_site_name":"Fundaci\u00f3 TIC Salut i Social","article_modified_time":"2026-02-09T08:19:32+00:00","og_image":[{"width":1280,"height":960,"url":"https:\/\/ticsalutsocial.atoom.space\/wp-content\/uploads\/2026\/02\/Joan-Guanyabens-al-Radical-Health-Festival-1.png","type":"image\/png"}],"twitter_card":"summary_large_image","twitter_misc":{"Tiempo de lectura":"3 minutos"},"schema":{"@context":"https:\/\/schema.org","@graph":[{"@type":"WebPage","@id":"https:\/\/ticsalutsocial.atoom.space\/es\/noticia\/catalunya-defensa-a-helsinki-una-infraestructura-de-dades-de-salut-centrada-en-la-persona\/","url":"https:\/\/ticsalutsocial.atoom.space\/es\/noticia\/catalunya-defensa-a-helsinki-una-infraestructura-de-dades-de-salut-centrada-en-la-persona\/","name":"Catalu\u00f1a defiende en Helsinki una infraestructura de datos de salud centrada en la persona - Fundaci\u00f3 TIC Salut i Social","isPartOf":{"@id":"https:\/\/ticsalutsocial.atoom.space\/es\/#website"},"primaryImageOfPage":{"@id":"https:\/\/ticsalutsocial.atoom.space\/es\/noticia\/catalunya-defensa-a-helsinki-una-infraestructura-de-dades-de-salut-centrada-en-la-persona\/#primaryimage"},"image":{"@id":"https:\/\/ticsalutsocial.atoom.space\/es\/noticia\/catalunya-defensa-a-helsinki-una-infraestructura-de-dades-de-salut-centrada-en-la-persona\/#primaryimage"},"thumbnailUrl":"https:\/\/ticsalutsocial.atoom.space\/wp-content\/uploads\/2026\/02\/Joan-Guanyabens-al-Radical-Health-Festival-1.png","datePublished":"2026-02-09T08:06:29+00:00","dateModified":"2026-02-09T08:19:32+00:00","breadcrumb":{"@id":"https:\/\/ticsalutsocial.atoom.space\/es\/noticia\/catalunya-defensa-a-helsinki-una-infraestructura-de-dades-de-salut-centrada-en-la-persona\/#breadcrumb"},"inLanguage":"es","potentialAction":[{"@type":"ReadAction","target":["https:\/\/ticsalutsocial.atoom.space\/es\/noticia\/catalunya-defensa-a-helsinki-una-infraestructura-de-dades-de-salut-centrada-en-la-persona\/"]}]},{"@type":"ImageObject","inLanguage":"es","@id":"https:\/\/ticsalutsocial.atoom.space\/es\/noticia\/catalunya-defensa-a-helsinki-una-infraestructura-de-dades-de-salut-centrada-en-la-persona\/#primaryimage","url":"https:\/\/ticsalutsocial.atoom.space\/wp-content\/uploads\/2026\/02\/Joan-Guanyabens-al-Radical-Health-Festival-1.png","contentUrl":"https:\/\/ticsalutsocial.atoom.space\/wp-content\/uploads\/2026\/02\/Joan-Guanyabens-al-Radical-Health-Festival-1.png","width":1280,"height":960},{"@type":"BreadcrumbList","@id":"https:\/\/ticsalutsocial.atoom.space\/es\/noticia\/catalunya-defensa-a-helsinki-una-infraestructura-de-dades-de-salut-centrada-en-la-persona\/#breadcrumb","itemListElement":[{"@type":"ListItem","position":1,"name":"Inici","item":"https:\/\/ticsalutsocial.atoom.space\/es\/"},{"@type":"ListItem","position":2,"name":"Catalu\u00f1a defiende en Helsinki una infraestructura de datos de salud centrada en la persona"}]},{"@type":"WebSite","@id":"https:\/\/ticsalutsocial.atoom.space\/es\/#website","url":"https:\/\/ticsalutsocial.atoom.space\/es\/","name":"Fundaci\u00f3 TIC Salut i Social","description":"","potentialAction":[{"@type":"SearchAction","target":{"@type":"EntryPoint","urlTemplate":"https:\/\/ticsalutsocial.atoom.space\/es\/?s={search_term_string}"},"query-input":{"@type":"PropertyValueSpecification","valueRequired":true,"valueName":"search_term_string"}}],"inLanguage":"es"}]}},"_links":{"self":[{"href":"https:\/\/ticsalutsocial.atoom.space\/es\/wp-json\/wp\/v2\/noticia\/35651","targetHints":{"allow":["GET"]}}],"collection":[{"href":"https:\/\/ticsalutsocial.atoom.space\/es\/wp-json\/wp\/v2\/noticia"}],"about":[{"href":"https:\/\/ticsalutsocial.atoom.space\/es\/wp-json\/wp\/v2\/types\/noticia"}],"author":[{"embeddable":true,"href":"https:\/\/ticsalutsocial.atoom.space\/es\/wp-json\/wp\/v2\/users\/12"}],"wp:featuredmedia":[{"embeddable":true,"href":"https:\/\/ticsalutsocial.atoom.space\/es\/wp-json\/wp\/v2\/media\/35649"}],"wp:attachment":[{"href":"https:\/\/ticsalutsocial.atoom.space\/es\/wp-json\/wp\/v2\/media?parent=35651"}],"wp:term":[{"taxonomy":"etiqueta","embeddable":true,"href":"https:\/\/ticsalutsocial.atoom.space\/es\/wp-json\/wp\/v2\/etiqueta?post=35651"},{"taxonomy":"tipus","embeddable":true,"href":"https:\/\/ticsalutsocial.atoom.space\/es\/wp-json\/wp\/v2\/tipus?post=35651"},{"taxonomy":"topic","embeddable":true,"href":"https:\/\/ticsalutsocial.atoom.space\/es\/wp-json\/wp\/v2\/topic?post=35651"}],"curies":[{"name":"wp","href":"https:\/\/api.w.org\/{rel}","templated":true}]}}