
{"id":3569,"date":"2018-10-02T16:25:53","date_gmt":"2018-10-02T14:25:53","guid":{"rendered":"https:\/\/ticsalutsocial.atoom.space\/?post_type=noticia&#038;p=3569"},"modified":"2021-07-21T15:38:24","modified_gmt":"2021-07-21T13:38:24","slug":"el-proyecto-agora-vr-premiado-a-las-8a-jornades-tic-salut-i-social-de-vic","status":"publish","type":"noticia","link":"https:\/\/ticsalutsocial.atoom.space\/es\/noticia\/el-proyecto-agora-vr-premiado-a-las-8a-jornades-tic-salut-i-social-de-vic\/","title":{"rendered":"El proyecto Agora VR, premiado a las \u00ab8\u00aa Jornades TIC Salut i Social\u00bb de Vic"},"content":{"rendered":"<p>El pasado viernes 28 de septiembre concluyeron las<a href=\"https:\/\/ticsalutsocial.atoom.space\/es\/actualitat\/les-jornades-tic-salut-i-social-es-consoliden-a-vic-amb-mes-de-400-participants\/\"> 8es Jornades TIC Salut i Social a Vic<\/a>, un encuentro de dos d\u00edas que reuni\u00f3 alrededor de 400 asistentes y en el que se presentaron m\u00e1s de 100 proyectos en el \u00e1mbito de la salud y el bienestar social, expuestos en diferentes formatos como son las c\u00e1psulas de comunicaci\u00f3n, p\u00f3sters, \u00a0<em>speaker corners<\/em> y las demostraciones. Una de estas propuestas presentadas fue <a href=\"http:\/\/www.ticsalut.cat\/actualitat\/flashticsalut\/article\/561\/realitat-virtual-aplicada-en-la-millora-dels-tractaments-en-salut-mental\">Agora VR<\/a>, un proyecto de intervenci\u00f3n psicol\u00f3gica de la agorafobia mediante la realidad virtual, en el cual trabajan\u00a0Psious, \u00a0<em>Fundaci\u00f3 TIC\u00a0Salut\u00a0Social<\/em> y\u00a0FMIM (<em>Fundaci\u00f3 Institut Mar de Investigacions M\u00e9diques &#8211; Parc\u00a0de\u00a0Salut\u00a0Mar<\/em>) desde 2017.<\/p>\n<p>Coincidiendo con la conclusi\u00f3n de las jornadas, las diferentes entidades de la organizaci\u00f3n quisieron premiar a los proyectos m\u00e1s destacados en 9 categor\u00edas como Innovaci\u00f3n, Impacto Social o Disruptivo.\u00a0 El proyecto m\u00e1s destacado en la categor\u00eda de Terapias Digitales, entregado por la Fundaci\u00f3n Althaia, recay\u00f3 en lo proyecto \u00c1gora VR, por su tarea de mejora de la salud mental a trav\u00e9s de la Realidad Virtual.<\/p>\n<p>\u00abFa 2 anys Psious comen\u00e7\u00e0, amb el suport de <em>TIC Salut Social<\/em>, un proyecto dirigido a aplicar la realidad virtual como metodolog\u00eda para mejorar eficiencia y la eficacia del tratamiento del problemas agoraf\u00f2bics en pacientes de Centros de Salud Mental para Adultos (CSMAs)\u00bb, record\u00f3 Joan Miquel Gelabert, psic\u00f3logo y director cient\u00edfico de Psious. Qui\u00e9n aprovech\u00f3 la la oportunidad del premio para \u00abagradecer el apoyo del Instituto de Neuropsiquiatr\u00eda y Adicciones, las\u00a0sinergias\u00a0generadas con empresas como Vodafone para hacer viable el proyecto,\u00a0la formaci\u00f3n a profesionales de la salud mental, la adaptaci\u00f3n de los protocolos con evidencia emp\u00edrica a la metodolog\u00eda de la RV y a las caracter\u00edsticas de los CSMAs, el compromiso de los especialistas en salud mental que han participado al estudio para mejorar el estado de sus usuarios y recoger los datos, as\u00ed como la confianza de los pacientes que han participado al protocolo experimental\u00bb.<\/p>\n<p>Gelabert reconoci\u00f3 que es \u00abuna alegr\u00eda y una satisfacci\u00f3n\u00bb recibir este reconocimiento y quiso recordar que, en esta \u00faltima etapa del proyecto, en la que se realiza el an\u00e1lisis de los datos recogidos, \u00abla informaci\u00f3n apunta claramente a que es viable implantar procedimientos eficientes basados en las nuevas tecnolog\u00edas en la sanidad p\u00fablica\u00bb, y concluy\u00f3 afirmando que \u00abes un honor que sean los propios compa\u00f1eros los que reconozcan el esfuerzo y el trabajo hecho. Muchas gracias a todas las personas que han hecho posible el proyecto AgoraVR.\u00bb<\/p>\n","protected":false},"author":21,"featured_media":3566,"menu_order":0,"template":"","meta":{"_acf_changed":false,"inline_featured_image":false},"etiqueta":[],"tipus":[],"topic":[121,130],"class_list":["post-3569","noticia","type-noticia","status-publish","has-post-thumbnail","hentry","topic-dpd-es","topic-la-fundacion"],"acf":{"imatge":3568,"autor":"Lourdes Rodriguez","textos_destacats":[{"texte":"Impulsado por Psious, TIC Salut Social y FMIM, se trata de un proyecto de intervenci\u00f3n psicol\u00f3gica de la agorafobia mediante la realidad virtual"}]},"yoast_head":"<!-- This site is optimized with the Yoast SEO plugin v27.1.1 - https:\/\/yoast.com\/product\/yoast-seo-wordpress\/ -->\n<title>El proyecto Agora VR, premiado a las &quot;8\u00aa Jornades TIC Salut i Social&quot; de Vic - Fundaci\u00f3 TIC Salut i Social<\/title>\n<meta name=\"robots\" content=\"index, follow, max-snippet:-1, max-image-preview:large, max-video-preview:-1\" \/>\n<link rel=\"canonical\" href=\"https:\/\/ticsalutsocial.atoom.space\/es\/noticia\/el-proyecto-agora-vr-premiado-a-las-8a-jornades-tic-salut-i-social-de-vic\/\" \/>\n<meta property=\"og:locale\" content=\"es_ES\" \/>\n<meta property=\"og:type\" content=\"article\" \/>\n<meta property=\"og:title\" content=\"El proyecto Agora VR, premiado a las &quot;8\u00aa Jornades TIC Salut i Social&quot; de Vic - Fundaci\u00f3 TIC Salut i Social\" \/>\n<meta property=\"og:description\" content=\"El pasado viernes 28 de septiembre concluyeron las 8es Jornades TIC Salut i Social a Vic, un encuentro de dos d\u00edas que reuni\u00f3 alrededor de 400 asistentes y en el que se presentaron m\u00e1s de 100 proyectos en el \u00e1mbito de la salud y el bienestar social, expuestos en diferentes formatos como son las c\u00e1psulas [&hellip;]\" \/>\n<meta property=\"og:url\" content=\"https:\/\/ticsalutsocial.atoom.space\/es\/noticia\/el-proyecto-agora-vr-premiado-a-las-8a-jornades-tic-salut-i-social-de-vic\/\" \/>\n<meta property=\"og:site_name\" content=\"Fundaci\u00f3 TIC Salut i Social\" \/>\n<meta property=\"article:modified_time\" content=\"2021-07-21T13:38:24+00:00\" \/>\n<meta property=\"og:image\" content=\"https:\/\/ticsalutsocial.atoom.space\/wp-content\/uploads\/2018\/10\/2017-12-15-jornada-mapa-tendencies-tic-salut-8221-scaled.jpg\" \/>\n\t<meta property=\"og:image:width\" content=\"2560\" \/>\n\t<meta property=\"og:image:height\" content=\"1709\" \/>\n\t<meta property=\"og:image:type\" content=\"image\/jpeg\" \/>\n<meta name=\"twitter:card\" content=\"summary_large_image\" \/>\n<meta name=\"twitter:label1\" content=\"Tiempo de lectura\" \/>\n\t<meta name=\"twitter:data1\" content=\"2 minutos\" \/>\n<script type=\"application\/ld+json\" class=\"yoast-schema-graph\">{\"@context\":\"https:\/\/schema.org\",\"@graph\":[{\"@type\":\"WebPage\",\"@id\":\"https:\/\/ticsalutsocial.atoom.space\/es\/noticia\/el-proyecto-agora-vr-premiado-a-las-8a-jornades-tic-salut-i-social-de-vic\/\",\"url\":\"https:\/\/ticsalutsocial.atoom.space\/es\/noticia\/el-proyecto-agora-vr-premiado-a-las-8a-jornades-tic-salut-i-social-de-vic\/\",\"name\":\"El proyecto Agora VR, premiado a las \\\"8\u00aa Jornades TIC Salut i Social\\\" de Vic - Fundaci\u00f3 TIC Salut i Social\",\"isPartOf\":{\"@id\":\"https:\/\/ticsalutsocial.atoom.space\/es\/#website\"},\"primaryImageOfPage\":{\"@id\":\"https:\/\/ticsalutsocial.atoom.space\/es\/noticia\/el-proyecto-agora-vr-premiado-a-las-8a-jornades-tic-salut-i-social-de-vic\/#primaryimage\"},\"image\":{\"@id\":\"https:\/\/ticsalutsocial.atoom.space\/es\/noticia\/el-proyecto-agora-vr-premiado-a-las-8a-jornades-tic-salut-i-social-de-vic\/#primaryimage\"},\"thumbnailUrl\":\"https:\/\/ticsalutsocial.atoom.space\/wp-content\/uploads\/2018\/10\/2017-12-15-jornada-mapa-tendencies-tic-salut-8221-scaled.jpg\",\"datePublished\":\"2018-10-02T14:25:53+00:00\",\"dateModified\":\"2021-07-21T13:38:24+00:00\",\"breadcrumb\":{\"@id\":\"https:\/\/ticsalutsocial.atoom.space\/es\/noticia\/el-proyecto-agora-vr-premiado-a-las-8a-jornades-tic-salut-i-social-de-vic\/#breadcrumb\"},\"inLanguage\":\"es\",\"potentialAction\":[{\"@type\":\"ReadAction\",\"target\":[\"https:\/\/ticsalutsocial.atoom.space\/es\/noticia\/el-proyecto-agora-vr-premiado-a-las-8a-jornades-tic-salut-i-social-de-vic\/\"]}]},{\"@type\":\"ImageObject\",\"inLanguage\":\"es\",\"@id\":\"https:\/\/ticsalutsocial.atoom.space\/es\/noticia\/el-proyecto-agora-vr-premiado-a-las-8a-jornades-tic-salut-i-social-de-vic\/#primaryimage\",\"url\":\"https:\/\/ticsalutsocial.atoom.space\/wp-content\/uploads\/2018\/10\/2017-12-15-jornada-mapa-tendencies-tic-salut-8221-scaled.jpg\",\"contentUrl\":\"https:\/\/ticsalutsocial.atoom.space\/wp-content\/uploads\/2018\/10\/2017-12-15-jornada-mapa-tendencies-tic-salut-8221-scaled.jpg\",\"width\":2560,\"height\":1709},{\"@type\":\"BreadcrumbList\",\"@id\":\"https:\/\/ticsalutsocial.atoom.space\/es\/noticia\/el-proyecto-agora-vr-premiado-a-las-8a-jornades-tic-salut-i-social-de-vic\/#breadcrumb\",\"itemListElement\":[{\"@type\":\"ListItem\",\"position\":1,\"name\":\"Inici\",\"item\":\"https:\/\/ticsalutsocial.atoom.space\/es\/\"},{\"@type\":\"ListItem\",\"position\":2,\"name\":\"El proyecto Agora VR, premiado a las &#8220;8\u00aa Jornades TIC Salut i Social&#8221; de Vic\"}]},{\"@type\":\"WebSite\",\"@id\":\"https:\/\/ticsalutsocial.atoom.space\/es\/#website\",\"url\":\"https:\/\/ticsalutsocial.atoom.space\/es\/\",\"name\":\"Fundaci\u00f3 TIC Salut i Social\",\"description\":\"\",\"potentialAction\":[{\"@type\":\"SearchAction\",\"target\":{\"@type\":\"EntryPoint\",\"urlTemplate\":\"https:\/\/ticsalutsocial.atoom.space\/es\/?s={search_term_string}\"},\"query-input\":{\"@type\":\"PropertyValueSpecification\",\"valueRequired\":true,\"valueName\":\"search_term_string\"}}],\"inLanguage\":\"es\"}]}<\/script>\n<!-- \/ Yoast SEO plugin. -->","yoast_head_json":{"title":"El proyecto Agora VR, premiado a las \"8\u00aa Jornades TIC Salut i Social\" de Vic - Fundaci\u00f3 TIC Salut i Social","robots":{"index":"index","follow":"follow","max-snippet":"max-snippet:-1","max-image-preview":"max-image-preview:large","max-video-preview":"max-video-preview:-1"},"canonical":"https:\/\/ticsalutsocial.atoom.space\/es\/noticia\/el-proyecto-agora-vr-premiado-a-las-8a-jornades-tic-salut-i-social-de-vic\/","og_locale":"es_ES","og_type":"article","og_title":"El proyecto Agora VR, premiado a las \"8\u00aa Jornades TIC Salut i Social\" de Vic - Fundaci\u00f3 TIC Salut i Social","og_description":"El pasado viernes 28 de septiembre concluyeron las 8es Jornades TIC Salut i Social a Vic, un encuentro de dos d\u00edas que reuni\u00f3 alrededor de 400 asistentes y en el que se presentaron m\u00e1s de 100 proyectos en el \u00e1mbito de la salud y el bienestar social, expuestos en diferentes formatos como son las c\u00e1psulas [&hellip;]","og_url":"https:\/\/ticsalutsocial.atoom.space\/es\/noticia\/el-proyecto-agora-vr-premiado-a-las-8a-jornades-tic-salut-i-social-de-vic\/","og_site_name":"Fundaci\u00f3 TIC Salut i Social","article_modified_time":"2021-07-21T13:38:24+00:00","og_image":[{"width":2560,"height":1709,"url":"https:\/\/ticsalutsocial.atoom.space\/wp-content\/uploads\/2018\/10\/2017-12-15-jornada-mapa-tendencies-tic-salut-8221-scaled.jpg","type":"image\/jpeg"}],"twitter_card":"summary_large_image","twitter_misc":{"Tiempo de lectura":"2 minutos"},"schema":{"@context":"https:\/\/schema.org","@graph":[{"@type":"WebPage","@id":"https:\/\/ticsalutsocial.atoom.space\/es\/noticia\/el-proyecto-agora-vr-premiado-a-las-8a-jornades-tic-salut-i-social-de-vic\/","url":"https:\/\/ticsalutsocial.atoom.space\/es\/noticia\/el-proyecto-agora-vr-premiado-a-las-8a-jornades-tic-salut-i-social-de-vic\/","name":"El proyecto Agora VR, premiado a las \"8\u00aa Jornades TIC Salut i Social\" de Vic - Fundaci\u00f3 TIC Salut i Social","isPartOf":{"@id":"https:\/\/ticsalutsocial.atoom.space\/es\/#website"},"primaryImageOfPage":{"@id":"https:\/\/ticsalutsocial.atoom.space\/es\/noticia\/el-proyecto-agora-vr-premiado-a-las-8a-jornades-tic-salut-i-social-de-vic\/#primaryimage"},"image":{"@id":"https:\/\/ticsalutsocial.atoom.space\/es\/noticia\/el-proyecto-agora-vr-premiado-a-las-8a-jornades-tic-salut-i-social-de-vic\/#primaryimage"},"thumbnailUrl":"https:\/\/ticsalutsocial.atoom.space\/wp-content\/uploads\/2018\/10\/2017-12-15-jornada-mapa-tendencies-tic-salut-8221-scaled.jpg","datePublished":"2018-10-02T14:25:53+00:00","dateModified":"2021-07-21T13:38:24+00:00","breadcrumb":{"@id":"https:\/\/ticsalutsocial.atoom.space\/es\/noticia\/el-proyecto-agora-vr-premiado-a-las-8a-jornades-tic-salut-i-social-de-vic\/#breadcrumb"},"inLanguage":"es","potentialAction":[{"@type":"ReadAction","target":["https:\/\/ticsalutsocial.atoom.space\/es\/noticia\/el-proyecto-agora-vr-premiado-a-las-8a-jornades-tic-salut-i-social-de-vic\/"]}]},{"@type":"ImageObject","inLanguage":"es","@id":"https:\/\/ticsalutsocial.atoom.space\/es\/noticia\/el-proyecto-agora-vr-premiado-a-las-8a-jornades-tic-salut-i-social-de-vic\/#primaryimage","url":"https:\/\/ticsalutsocial.atoom.space\/wp-content\/uploads\/2018\/10\/2017-12-15-jornada-mapa-tendencies-tic-salut-8221-scaled.jpg","contentUrl":"https:\/\/ticsalutsocial.atoom.space\/wp-content\/uploads\/2018\/10\/2017-12-15-jornada-mapa-tendencies-tic-salut-8221-scaled.jpg","width":2560,"height":1709},{"@type":"BreadcrumbList","@id":"https:\/\/ticsalutsocial.atoom.space\/es\/noticia\/el-proyecto-agora-vr-premiado-a-las-8a-jornades-tic-salut-i-social-de-vic\/#breadcrumb","itemListElement":[{"@type":"ListItem","position":1,"name":"Inici","item":"https:\/\/ticsalutsocial.atoom.space\/es\/"},{"@type":"ListItem","position":2,"name":"El proyecto Agora VR, premiado a las &#8220;8\u00aa Jornades TIC Salut i Social&#8221; de Vic"}]},{"@type":"WebSite","@id":"https:\/\/ticsalutsocial.atoom.space\/es\/#website","url":"https:\/\/ticsalutsocial.atoom.space\/es\/","name":"Fundaci\u00f3 TIC Salut i Social","description":"","potentialAction":[{"@type":"SearchAction","target":{"@type":"EntryPoint","urlTemplate":"https:\/\/ticsalutsocial.atoom.space\/es\/?s={search_term_string}"},"query-input":{"@type":"PropertyValueSpecification","valueRequired":true,"valueName":"search_term_string"}}],"inLanguage":"es"}]}},"_links":{"self":[{"href":"https:\/\/ticsalutsocial.atoom.space\/es\/wp-json\/wp\/v2\/noticia\/3569","targetHints":{"allow":["GET"]}}],"collection":[{"href":"https:\/\/ticsalutsocial.atoom.space\/es\/wp-json\/wp\/v2\/noticia"}],"about":[{"href":"https:\/\/ticsalutsocial.atoom.space\/es\/wp-json\/wp\/v2\/types\/noticia"}],"author":[{"embeddable":true,"href":"https:\/\/ticsalutsocial.atoom.space\/es\/wp-json\/wp\/v2\/users\/21"}],"wp:featuredmedia":[{"embeddable":true,"href":"https:\/\/ticsalutsocial.atoom.space\/es\/wp-json\/wp\/v2\/media\/3566"}],"wp:attachment":[{"href":"https:\/\/ticsalutsocial.atoom.space\/es\/wp-json\/wp\/v2\/media?parent=3569"}],"wp:term":[{"taxonomy":"etiqueta","embeddable":true,"href":"https:\/\/ticsalutsocial.atoom.space\/es\/wp-json\/wp\/v2\/etiqueta?post=3569"},{"taxonomy":"tipus","embeddable":true,"href":"https:\/\/ticsalutsocial.atoom.space\/es\/wp-json\/wp\/v2\/tipus?post=3569"},{"taxonomy":"topic","embeddable":true,"href":"https:\/\/ticsalutsocial.atoom.space\/es\/wp-json\/wp\/v2\/topic?post=3569"}],"curies":[{"name":"wp","href":"https:\/\/api.w.org\/{rel}","templated":true}]}}