
{"id":3586,"date":"2018-10-22T16:43:07","date_gmt":"2018-10-22T14:43:07","guid":{"rendered":"https:\/\/ticsalutsocial.atoom.space\/?post_type=noticia&#038;p=3586"},"modified":"2021-07-21T15:38:32","modified_gmt":"2021-07-21T13:38:32","slug":"tdah-y-realidad-virtual-un-proyecto-impulsado-desde-el-vall-de-hebron-institut-de-recerca","status":"publish","type":"noticia","link":"https:\/\/ticsalutsocial.atoom.space\/es\/noticia\/tdah-y-realidad-virtual-un-proyecto-impulsado-desde-el-vall-de-hebron-institut-de-recerca\/","title":{"rendered":"TDAH y Realidad Virtual, un proyecto impulsado desde el Vall de Hebr\u00f3n Institut de Recerca"},"content":{"rendered":"<p><strong>Joan Francesc Serra Pla es Psic\u00f3logo Interno Residente en el Hospital Vall de Hebr\u00f3n, profesor a la Academia APIR y doctorando en psiquiatr\u00eda en la Facultad de Medicina de la UAB. Hoy conversamos con \u00e9l sobre un proyecto para tratar el TDAH con Realidad Virtual en el que participa, impulsado desde Vall de Hebr\u00f3n Instituto de Investigaci\u00f3n.<\/strong><\/p>\n<ul>\n<li><strong>\u00bfPuedes explicar brevemente en que consiste el TDAH?<\/strong><\/li>\n<\/ul>\n<p>El TDAH es un trastorno muy com\u00fan que se inicia en la ni\u00f1ez. Actualmente, seg\u00fan cifras de la Organizaci\u00f3n Mundial de la Salud (OMS), m\u00e1s del 7% de los ni\u00f1os de la poblaci\u00f3n general sufren este trastorno, y en el 70% de los casos persistir\u00e1 en la etapa adulta. El TDAH est\u00e1 caracterizado por una disfunci\u00f3n clara en el mantenimiento de la atenci\u00f3n, y en algunos casos, viene acompa\u00f1ada de hiperactividad e impulsividad. Se observan ni\u00f1os con una hiperactividad motriz, mucha inquietud, que tienden a la precipitaci\u00f3n, a una verborreainusual, etc. y aunque lo m\u00e1s frecuente (en un 70% de los casos) es que se den a la vegada, tanto el d\u00e9ficit de atenci\u00f3n como la hiperactividad, no siempre es as\u00ed; Hay un porcentaje menor, alrededor del 20%, que sufre s\u00f3lo de inatenci\u00f3, y en un 5-10% de los casos, el problema s\u00f3lo es de hiperactividad.<\/p>\n<ul>\n<li><strong>\u00bfCu\u00e1les son los objetivos de este proyecto que propone utilizar la RV como herramienta para el tratamiento del TDAH?<\/strong><\/li>\n<\/ul>\n<p>Aumentar la adherencia al tratamiento por su corta duraci\u00f3n y el atractivo de la Realidad Virtual, tratar los s\u00edntomas del TDAH, la posible ansiedad y depresi\u00f3n comorbida, y mejorar su funcionalidad y calidad de vida.<\/p>\n<ul>\n<li><strong>\u00bfEstamos ante un tratamiento preventivo o reactivo?<\/strong><\/li>\n<\/ul>\n<p>El tratamiento se realiza una vez se diagnostica el TDAH, por lo tanto no podemos hablar de que sea preventivo, si bien se puede aplicar en fases muy iniciales o antes de que haya presencia de otros problemas psicol\u00f3gicos paralelos y tipificados.<\/p>\n<ul>\n<li><strong>\u00bfQu\u00e9 metodolog\u00eda propone y en qu\u00e9 muestra o segmento de poblaci\u00f3n se centra?<\/strong><\/li>\n<\/ul>\n<p>Son 4 sesiones de 30 minutos cada una. Cada sesi\u00f3n consta de un m\u00f3dulo nuevo de <em>mindfulness<\/em>. La primera sesi\u00f3n se realiza en la consulta con un psic\u00f3logo, se le entregan las gafas de RV y el m\u00f3vil. Se le ense\u00f1a al paciente a practicar en casa durante una semana. La semana siguiente viene a consulta, se repasa todo lo aprendido, y se realiza la sesi\u00f3n 2, que despu\u00e9s practicar\u00e1 en casa durante el resto de la semana. Las sesiones 3 y 4 siguen un formato id\u00e9ntico. Durante todo el proceso de tratamiento (que acaba siendo 1 mes) al paciente se le facilita un correo de contacto por si surge alg\u00fan problema t\u00e9cnico. Previamente se han evaluado una serie de variables en relaci\u00f3n al TDAH, a la ansiedad, la depresi\u00f3n, la funcionalidad y la calidad de vida. Al acabar el tratamiento se vuelven a evaluar para comprobar si se ha dado una mejora en estas variables. Al mes siguiente se vuelve a citar al paciente para hacer un seguimiento sobre los cambios, si se mantienen o no, y se repite a los 3 y 6 meses despu\u00e9s del tratamiento.<\/p>\n<ul>\n<li><strong>\u00bfEn qu\u00e9 punto se encuentra el mundo de la investigaci\u00f3n en relaci\u00f3n a tratamientos y asistencia con tecnolog\u00eda?<\/strong><\/li>\n<\/ul>\n<p>Desde hace unos 3 a\u00f1os hay un crecimiento masivo en investigaci\u00f3n m\u00e9dica con las TIC. Concretamente el mundo de las apps y la realidad virtual atrae much\u00edsimo a todas las especialidades m\u00e9dicas. Son unas herramientas que encajan muy bien con la investigaci\u00f3n cl\u00ednica. Eficientes y \u00fatiles, sin duda unas herramientas que han llegado para quedarse.<\/p>\n<ul>\n<li><strong>\u00bfQu\u00e9 innovaci\u00f3n aporta la tecnolog\u00eda basada en RV a los procedimientos o tratamientos tradicionales?<\/strong><\/li>\n<\/ul>\n<p>El gran adelanto ha sido para el tratamiento de las fobias. Por ejemplo el miedo a volar es muy dif\u00edcil de tratar si no experimentas la situaci\u00f3n en vivo. La realidad virtual te traslada a esta situaci\u00f3n de forma c\u00f3moda y f\u00e1cil de manejar para el profesional. En otros contextos, como en el <em>mindfulness<\/em>, que no presenta ninguna dificultad para hacerlo en modo anal\u00f3gico, te aporta mayor riqueza de im\u00e1genes, sensaciones y control de est\u00edmulos por parte del terapeuta. Supone un gran valor a\u00f1adido.<\/p>\n<p><strong>\u00a0<\/strong><\/p>\n","protected":false},"author":21,"featured_media":3583,"menu_order":0,"template":"","meta":{"_acf_changed":false,"inline_featured_image":false},"etiqueta":[],"tipus":[],"topic":[],"class_list":["post-3586","noticia","type-noticia","status-publish","has-post-thumbnail","hentry"],"acf":{"imatge":3585,"autor":"Victor Barber\u00e0"},"yoast_head":"<!-- This site is optimized with the Yoast SEO plugin v27.1.1 - https:\/\/yoast.com\/product\/yoast-seo-wordpress\/ -->\n<title>TDAH y Realidad Virtual, un proyecto impulsado desde el Vall de Hebr\u00f3n Institut de Recerca - Fundaci\u00f3 TIC Salut i Social<\/title>\n<meta name=\"robots\" content=\"index, follow, max-snippet:-1, max-image-preview:large, max-video-preview:-1\" \/>\n<link rel=\"canonical\" href=\"https:\/\/ticsalutsocial.atoom.space\/es\/noticia\/tdah-y-realidad-virtual-un-proyecto-impulsado-desde-el-vall-de-hebron-institut-de-recerca\/\" \/>\n<meta property=\"og:locale\" content=\"es_ES\" \/>\n<meta property=\"og:type\" content=\"article\" \/>\n<meta property=\"og:title\" content=\"TDAH y Realidad Virtual, un proyecto impulsado desde el Vall de Hebr\u00f3n Institut de Recerca - Fundaci\u00f3 TIC Salut i Social\" \/>\n<meta property=\"og:description\" content=\"Joan Francesc Serra Pla es Psic\u00f3logo Interno Residente en el Hospital Vall de Hebr\u00f3n, profesor a la Academia APIR y doctorando en psiquiatr\u00eda en la Facultad de Medicina de la UAB. Hoy conversamos con \u00e9l sobre un proyecto para tratar el TDAH con Realidad Virtual en el que participa, impulsado desde Vall de Hebr\u00f3n Instituto [&hellip;]\" \/>\n<meta property=\"og:url\" content=\"https:\/\/ticsalutsocial.atoom.space\/es\/noticia\/tdah-y-realidad-virtual-un-proyecto-impulsado-desde-el-vall-de-hebron-institut-de-recerca\/\" \/>\n<meta property=\"og:site_name\" content=\"Fundaci\u00f3 TIC Salut i Social\" \/>\n<meta property=\"article:modified_time\" content=\"2021-07-21T13:38:32+00:00\" \/>\n<meta property=\"og:image\" content=\"https:\/\/ticsalutsocial.atoom.space\/wp-content\/uploads\/2018\/10\/lucrezia-carnelos-1081230-unsplash-scaled.jpg\" \/>\n\t<meta property=\"og:image:width\" content=\"2560\" \/>\n\t<meta property=\"og:image:height\" content=\"1920\" \/>\n\t<meta property=\"og:image:type\" content=\"image\/jpeg\" \/>\n<meta name=\"twitter:card\" content=\"summary_large_image\" \/>\n<meta name=\"twitter:label1\" content=\"Tiempo de lectura\" \/>\n\t<meta name=\"twitter:data1\" content=\"4 minutos\" \/>\n<script type=\"application\/ld+json\" class=\"yoast-schema-graph\">{\"@context\":\"https:\/\/schema.org\",\"@graph\":[{\"@type\":\"WebPage\",\"@id\":\"https:\/\/ticsalutsocial.atoom.space\/es\/noticia\/tdah-y-realidad-virtual-un-proyecto-impulsado-desde-el-vall-de-hebron-institut-de-recerca\/\",\"url\":\"https:\/\/ticsalutsocial.atoom.space\/es\/noticia\/tdah-y-realidad-virtual-un-proyecto-impulsado-desde-el-vall-de-hebron-institut-de-recerca\/\",\"name\":\"TDAH y Realidad Virtual, un proyecto impulsado desde el Vall de Hebr\u00f3n Institut de Recerca - Fundaci\u00f3 TIC Salut i Social\",\"isPartOf\":{\"@id\":\"https:\/\/ticsalutsocial.atoom.space\/es\/#website\"},\"primaryImageOfPage\":{\"@id\":\"https:\/\/ticsalutsocial.atoom.space\/es\/noticia\/tdah-y-realidad-virtual-un-proyecto-impulsado-desde-el-vall-de-hebron-institut-de-recerca\/#primaryimage\"},\"image\":{\"@id\":\"https:\/\/ticsalutsocial.atoom.space\/es\/noticia\/tdah-y-realidad-virtual-un-proyecto-impulsado-desde-el-vall-de-hebron-institut-de-recerca\/#primaryimage\"},\"thumbnailUrl\":\"https:\/\/ticsalutsocial.atoom.space\/wp-content\/uploads\/2018\/10\/lucrezia-carnelos-1081230-unsplash-scaled.jpg\",\"datePublished\":\"2018-10-22T14:43:07+00:00\",\"dateModified\":\"2021-07-21T13:38:32+00:00\",\"breadcrumb\":{\"@id\":\"https:\/\/ticsalutsocial.atoom.space\/es\/noticia\/tdah-y-realidad-virtual-un-proyecto-impulsado-desde-el-vall-de-hebron-institut-de-recerca\/#breadcrumb\"},\"inLanguage\":\"es\",\"potentialAction\":[{\"@type\":\"ReadAction\",\"target\":[\"https:\/\/ticsalutsocial.atoom.space\/es\/noticia\/tdah-y-realidad-virtual-un-proyecto-impulsado-desde-el-vall-de-hebron-institut-de-recerca\/\"]}]},{\"@type\":\"ImageObject\",\"inLanguage\":\"es\",\"@id\":\"https:\/\/ticsalutsocial.atoom.space\/es\/noticia\/tdah-y-realidad-virtual-un-proyecto-impulsado-desde-el-vall-de-hebron-institut-de-recerca\/#primaryimage\",\"url\":\"https:\/\/ticsalutsocial.atoom.space\/wp-content\/uploads\/2018\/10\/lucrezia-carnelos-1081230-unsplash-scaled.jpg\",\"contentUrl\":\"https:\/\/ticsalutsocial.atoom.space\/wp-content\/uploads\/2018\/10\/lucrezia-carnelos-1081230-unsplash-scaled.jpg\",\"width\":2560,\"height\":1920},{\"@type\":\"BreadcrumbList\",\"@id\":\"https:\/\/ticsalutsocial.atoom.space\/es\/noticia\/tdah-y-realidad-virtual-un-proyecto-impulsado-desde-el-vall-de-hebron-institut-de-recerca\/#breadcrumb\",\"itemListElement\":[{\"@type\":\"ListItem\",\"position\":1,\"name\":\"Inici\",\"item\":\"https:\/\/ticsalutsocial.atoom.space\/es\/\"},{\"@type\":\"ListItem\",\"position\":2,\"name\":\"TDAH y Realidad Virtual, un proyecto impulsado desde el Vall de Hebr\u00f3n Institut de Recerca\"}]},{\"@type\":\"WebSite\",\"@id\":\"https:\/\/ticsalutsocial.atoom.space\/es\/#website\",\"url\":\"https:\/\/ticsalutsocial.atoom.space\/es\/\",\"name\":\"Fundaci\u00f3 TIC Salut i Social\",\"description\":\"\",\"potentialAction\":[{\"@type\":\"SearchAction\",\"target\":{\"@type\":\"EntryPoint\",\"urlTemplate\":\"https:\/\/ticsalutsocial.atoom.space\/es\/?s={search_term_string}\"},\"query-input\":{\"@type\":\"PropertyValueSpecification\",\"valueRequired\":true,\"valueName\":\"search_term_string\"}}],\"inLanguage\":\"es\"}]}<\/script>\n<!-- \/ Yoast SEO plugin. -->","yoast_head_json":{"title":"TDAH y Realidad Virtual, un proyecto impulsado desde el Vall de Hebr\u00f3n Institut de Recerca - Fundaci\u00f3 TIC Salut i Social","robots":{"index":"index","follow":"follow","max-snippet":"max-snippet:-1","max-image-preview":"max-image-preview:large","max-video-preview":"max-video-preview:-1"},"canonical":"https:\/\/ticsalutsocial.atoom.space\/es\/noticia\/tdah-y-realidad-virtual-un-proyecto-impulsado-desde-el-vall-de-hebron-institut-de-recerca\/","og_locale":"es_ES","og_type":"article","og_title":"TDAH y Realidad Virtual, un proyecto impulsado desde el Vall de Hebr\u00f3n Institut de Recerca - Fundaci\u00f3 TIC Salut i Social","og_description":"Joan Francesc Serra Pla es Psic\u00f3logo Interno Residente en el Hospital Vall de Hebr\u00f3n, profesor a la Academia APIR y doctorando en psiquiatr\u00eda en la Facultad de Medicina de la UAB. Hoy conversamos con \u00e9l sobre un proyecto para tratar el TDAH con Realidad Virtual en el que participa, impulsado desde Vall de Hebr\u00f3n Instituto [&hellip;]","og_url":"https:\/\/ticsalutsocial.atoom.space\/es\/noticia\/tdah-y-realidad-virtual-un-proyecto-impulsado-desde-el-vall-de-hebron-institut-de-recerca\/","og_site_name":"Fundaci\u00f3 TIC Salut i Social","article_modified_time":"2021-07-21T13:38:32+00:00","og_image":[{"width":2560,"height":1920,"url":"https:\/\/ticsalutsocial.atoom.space\/wp-content\/uploads\/2018\/10\/lucrezia-carnelos-1081230-unsplash-scaled.jpg","type":"image\/jpeg"}],"twitter_card":"summary_large_image","twitter_misc":{"Tiempo de lectura":"4 minutos"},"schema":{"@context":"https:\/\/schema.org","@graph":[{"@type":"WebPage","@id":"https:\/\/ticsalutsocial.atoom.space\/es\/noticia\/tdah-y-realidad-virtual-un-proyecto-impulsado-desde-el-vall-de-hebron-institut-de-recerca\/","url":"https:\/\/ticsalutsocial.atoom.space\/es\/noticia\/tdah-y-realidad-virtual-un-proyecto-impulsado-desde-el-vall-de-hebron-institut-de-recerca\/","name":"TDAH y Realidad Virtual, un proyecto impulsado desde el Vall de Hebr\u00f3n Institut de Recerca - Fundaci\u00f3 TIC Salut i Social","isPartOf":{"@id":"https:\/\/ticsalutsocial.atoom.space\/es\/#website"},"primaryImageOfPage":{"@id":"https:\/\/ticsalutsocial.atoom.space\/es\/noticia\/tdah-y-realidad-virtual-un-proyecto-impulsado-desde-el-vall-de-hebron-institut-de-recerca\/#primaryimage"},"image":{"@id":"https:\/\/ticsalutsocial.atoom.space\/es\/noticia\/tdah-y-realidad-virtual-un-proyecto-impulsado-desde-el-vall-de-hebron-institut-de-recerca\/#primaryimage"},"thumbnailUrl":"https:\/\/ticsalutsocial.atoom.space\/wp-content\/uploads\/2018\/10\/lucrezia-carnelos-1081230-unsplash-scaled.jpg","datePublished":"2018-10-22T14:43:07+00:00","dateModified":"2021-07-21T13:38:32+00:00","breadcrumb":{"@id":"https:\/\/ticsalutsocial.atoom.space\/es\/noticia\/tdah-y-realidad-virtual-un-proyecto-impulsado-desde-el-vall-de-hebron-institut-de-recerca\/#breadcrumb"},"inLanguage":"es","potentialAction":[{"@type":"ReadAction","target":["https:\/\/ticsalutsocial.atoom.space\/es\/noticia\/tdah-y-realidad-virtual-un-proyecto-impulsado-desde-el-vall-de-hebron-institut-de-recerca\/"]}]},{"@type":"ImageObject","inLanguage":"es","@id":"https:\/\/ticsalutsocial.atoom.space\/es\/noticia\/tdah-y-realidad-virtual-un-proyecto-impulsado-desde-el-vall-de-hebron-institut-de-recerca\/#primaryimage","url":"https:\/\/ticsalutsocial.atoom.space\/wp-content\/uploads\/2018\/10\/lucrezia-carnelos-1081230-unsplash-scaled.jpg","contentUrl":"https:\/\/ticsalutsocial.atoom.space\/wp-content\/uploads\/2018\/10\/lucrezia-carnelos-1081230-unsplash-scaled.jpg","width":2560,"height":1920},{"@type":"BreadcrumbList","@id":"https:\/\/ticsalutsocial.atoom.space\/es\/noticia\/tdah-y-realidad-virtual-un-proyecto-impulsado-desde-el-vall-de-hebron-institut-de-recerca\/#breadcrumb","itemListElement":[{"@type":"ListItem","position":1,"name":"Inici","item":"https:\/\/ticsalutsocial.atoom.space\/es\/"},{"@type":"ListItem","position":2,"name":"TDAH y Realidad Virtual, un proyecto impulsado desde el Vall de Hebr\u00f3n Institut de Recerca"}]},{"@type":"WebSite","@id":"https:\/\/ticsalutsocial.atoom.space\/es\/#website","url":"https:\/\/ticsalutsocial.atoom.space\/es\/","name":"Fundaci\u00f3 TIC Salut i Social","description":"","potentialAction":[{"@type":"SearchAction","target":{"@type":"EntryPoint","urlTemplate":"https:\/\/ticsalutsocial.atoom.space\/es\/?s={search_term_string}"},"query-input":{"@type":"PropertyValueSpecification","valueRequired":true,"valueName":"search_term_string"}}],"inLanguage":"es"}]}},"_links":{"self":[{"href":"https:\/\/ticsalutsocial.atoom.space\/es\/wp-json\/wp\/v2\/noticia\/3586","targetHints":{"allow":["GET"]}}],"collection":[{"href":"https:\/\/ticsalutsocial.atoom.space\/es\/wp-json\/wp\/v2\/noticia"}],"about":[{"href":"https:\/\/ticsalutsocial.atoom.space\/es\/wp-json\/wp\/v2\/types\/noticia"}],"author":[{"embeddable":true,"href":"https:\/\/ticsalutsocial.atoom.space\/es\/wp-json\/wp\/v2\/users\/21"}],"wp:featuredmedia":[{"embeddable":true,"href":"https:\/\/ticsalutsocial.atoom.space\/es\/wp-json\/wp\/v2\/media\/3583"}],"wp:attachment":[{"href":"https:\/\/ticsalutsocial.atoom.space\/es\/wp-json\/wp\/v2\/media?parent=3586"}],"wp:term":[{"taxonomy":"etiqueta","embeddable":true,"href":"https:\/\/ticsalutsocial.atoom.space\/es\/wp-json\/wp\/v2\/etiqueta?post=3586"},{"taxonomy":"tipus","embeddable":true,"href":"https:\/\/ticsalutsocial.atoom.space\/es\/wp-json\/wp\/v2\/tipus?post=3586"},{"taxonomy":"topic","embeddable":true,"href":"https:\/\/ticsalutsocial.atoom.space\/es\/wp-json\/wp\/v2\/topic?post=3586"}],"curies":[{"name":"wp","href":"https:\/\/api.w.org\/{rel}","templated":true}]}}