
{"id":3592,"date":"2018-10-23T15:11:27","date_gmt":"2018-10-23T13:11:27","guid":{"rendered":"https:\/\/ticsalutsocial.atoom.space\/?post_type=noticia&#038;p=3592"},"modified":"2021-07-21T15:38:35","modified_gmt":"2021-07-21T13:38:35","slug":"la-oficina-de-estandares-e-interoperabilidad-participa-a-la-interhealth-2018-de-italia","status":"publish","type":"noticia","link":"https:\/\/ticsalutsocial.atoom.space\/es\/noticia\/la-oficina-de-estandares-e-interoperabilidad-participa-a-la-interhealth-2018-de-italia\/","title":{"rendered":"La Oficina de Est\u00e1ndares e Interoperabilidad participa a la Interhealth 2018 de Italia"},"content":{"rendered":"<p>Entre los d\u00edas 17 y 21 de septiembre, Ariadna Rius y David Rodr\u00edguez, de la Oficina de Est\u00e1ndares e Interoperabilidad de la <em>Fundaci\u00f3 TIC Salut Social<\/em>, asistieron al\u00a0<a href=\"http:\/\/interhealth2018.crs4.it\/\">Interhealth2018<\/a>, organizado por\u00a0<a href=\"http:\/\/www.crs4.it\/\">CRS4<\/a> (<em>Center for Advanced Studies, Research and Development in Sardinia<\/em>) y que se realiz\u00f3 a Pula (Cerde\u00f1a). La edici\u00f3n de este a\u00f1o consisti\u00f3 en el curso de una semana\u00a0<strong>\u201c<em>Scientific School Interoperability in Healthcare: standards, guidelines and challenges<\/em><em>\u201d<\/em><\/strong>, en el que se realiz\u00f3 una introducci\u00f3n a los principales est\u00e1ndares TIC en salud combinando conceptos te\u00f3ricos, ejercicios y una pr\u00e1ctica final. Durante el curso se hizo mucho \u00e9nfasis en la importancia de la interoperabilidad asistencial, en t\u00e9rminos de flujos de trabajo cl\u00ednicos y calidad de la atenci\u00f3n al paciente y a su vez que se profundizaba en los aspectos m\u00e1s t\u00e9cnicos de la integraci\u00f3n de Sistemas de Informaci\u00f3n Sanitarios.<\/p>\n<p>En particular, el temario de la formaci\u00f3n incluy\u00f3 la presentaci\u00f3n de los est\u00e1ndares de HL7 v2, v3, CDA y FHIR; las gu\u00edas y perfiles de IHE; la especificaci\u00f3n para electrocardiogramas EN 1064 SCP-ECG v3.0; y la modelizaci\u00f3n de la historia cl\u00ednica electr\u00f3nica que propone Open EHR. Al curso tambi\u00e9n se explicaron diferentes herramientas que permiten adoptar y trabajar con est\u00e1ndares, como ARTE-DECOR, Mirth Connect o Gazelle; y se realizaron dos sesiones sobre interoperabilidad sem\u00e1ntica: la primera mostrando los recursos FHIR que permiten trabajar con terminolog\u00edas como SNOMED CT o LOINC. La segunda, explicando una implementaci\u00f3n del est\u00e1ndar de HL7 CTS2.<\/p>\n<p>Para finalizar, en las \u00faltimas sesiones del curso se simul\u00f3 la realizaci\u00f3n de un <em>Connectathon<\/em>\u00a0a peque\u00f1a escala, en el que se hicieron demostraciones para adoptar est\u00e1ndares simulando casos de uso en escenarios reales. En este ejercicio pr\u00e1ctico se ense\u00f1\u00f3 como utilizar las herramientas y t\u00e9cnicas explicadas durante el curso, para construir y validar un m\u00f3dulo que cumpliera con los est\u00e1ndares que previamente tambi\u00e9n se hab\u00edan introducido, para un dominio sanitario espec\u00edfico.<\/p>\n<p>El curso cont\u00f3 con las ponencias de diferentes miembros de HL7 Italia, HL7 Alemania y IHE, as\u00ed como personal del CRS4 y la Universidad de Cagliari.<\/p>\n","protected":false},"author":21,"featured_media":3589,"menu_order":0,"template":"","meta":{"_acf_changed":false,"inline_featured_image":false},"etiqueta":[],"tipus":[84],"topic":[117,119,121],"class_list":["post-3592","noticia","type-noticia","status-publish","has-post-thumbnail","hentry","tipus-oficina-interoperabilidad","topic-jornadas","topic-innovacion","topic-dpd-es"],"acf":{"imatge":3591,"autor":"David Rodriguez"},"yoast_head":"<!-- This site is optimized with the Yoast SEO plugin v27.1.1 - https:\/\/yoast.com\/product\/yoast-seo-wordpress\/ -->\n<title>La Oficina de Est\u00e1ndares e Interoperabilidad participa a la Interhealth 2018 de Italia - Fundaci\u00f3 TIC Salut i Social<\/title>\n<meta name=\"robots\" content=\"index, follow, max-snippet:-1, max-image-preview:large, max-video-preview:-1\" \/>\n<link rel=\"canonical\" href=\"https:\/\/ticsalutsocial.atoom.space\/es\/noticia\/la-oficina-de-estandares-e-interoperabilidad-participa-a-la-interhealth-2018-de-italia\/\" \/>\n<meta property=\"og:locale\" content=\"es_ES\" \/>\n<meta property=\"og:type\" content=\"article\" \/>\n<meta property=\"og:title\" content=\"La Oficina de Est\u00e1ndares e Interoperabilidad participa a la Interhealth 2018 de Italia - Fundaci\u00f3 TIC Salut i Social\" \/>\n<meta property=\"og:description\" content=\"Entre los d\u00edas 17 y 21 de septiembre, Ariadna Rius y David Rodr\u00edguez, de la Oficina de Est\u00e1ndares e Interoperabilidad de la Fundaci\u00f3 TIC Salut Social, asistieron al\u00a0Interhealth2018, organizado por\u00a0CRS4 (Center for Advanced Studies, Research and Development in Sardinia) y que se realiz\u00f3 a Pula (Cerde\u00f1a). La edici\u00f3n de este a\u00f1o consisti\u00f3 en el curso [&hellip;]\" \/>\n<meta property=\"og:url\" content=\"https:\/\/ticsalutsocial.atoom.space\/es\/noticia\/la-oficina-de-estandares-e-interoperabilidad-participa-a-la-interhealth-2018-de-italia\/\" \/>\n<meta property=\"og:site_name\" content=\"Fundaci\u00f3 TIC Salut i Social\" \/>\n<meta property=\"article:modified_time\" content=\"2021-07-21T13:38:35+00:00\" \/>\n<meta property=\"og:image\" content=\"https:\/\/ticsalutsocial.atoom.space\/wp-content\/uploads\/2018\/10\/pula-interoperablitat.jpg\" \/>\n\t<meta property=\"og:image:width\" content=\"730\" \/>\n\t<meta property=\"og:image:height\" content=\"460\" \/>\n\t<meta property=\"og:image:type\" content=\"image\/jpeg\" \/>\n<meta name=\"twitter:card\" content=\"summary_large_image\" \/>\n<meta name=\"twitter:label1\" content=\"Tiempo de lectura\" \/>\n\t<meta name=\"twitter:data1\" content=\"2 minutos\" \/>\n<script type=\"application\/ld+json\" class=\"yoast-schema-graph\">{\"@context\":\"https:\/\/schema.org\",\"@graph\":[{\"@type\":\"WebPage\",\"@id\":\"https:\/\/ticsalutsocial.atoom.space\/es\/noticia\/la-oficina-de-estandares-e-interoperabilidad-participa-a-la-interhealth-2018-de-italia\/\",\"url\":\"https:\/\/ticsalutsocial.atoom.space\/es\/noticia\/la-oficina-de-estandares-e-interoperabilidad-participa-a-la-interhealth-2018-de-italia\/\",\"name\":\"La Oficina de Est\u00e1ndares e Interoperabilidad participa a la Interhealth 2018 de Italia - Fundaci\u00f3 TIC Salut i Social\",\"isPartOf\":{\"@id\":\"https:\/\/ticsalutsocial.atoom.space\/es\/#website\"},\"primaryImageOfPage\":{\"@id\":\"https:\/\/ticsalutsocial.atoom.space\/es\/noticia\/la-oficina-de-estandares-e-interoperabilidad-participa-a-la-interhealth-2018-de-italia\/#primaryimage\"},\"image\":{\"@id\":\"https:\/\/ticsalutsocial.atoom.space\/es\/noticia\/la-oficina-de-estandares-e-interoperabilidad-participa-a-la-interhealth-2018-de-italia\/#primaryimage\"},\"thumbnailUrl\":\"https:\/\/ticsalutsocial.atoom.space\/wp-content\/uploads\/2018\/10\/pula-interoperablitat.jpg\",\"datePublished\":\"2018-10-23T13:11:27+00:00\",\"dateModified\":\"2021-07-21T13:38:35+00:00\",\"breadcrumb\":{\"@id\":\"https:\/\/ticsalutsocial.atoom.space\/es\/noticia\/la-oficina-de-estandares-e-interoperabilidad-participa-a-la-interhealth-2018-de-italia\/#breadcrumb\"},\"inLanguage\":\"es\",\"potentialAction\":[{\"@type\":\"ReadAction\",\"target\":[\"https:\/\/ticsalutsocial.atoom.space\/es\/noticia\/la-oficina-de-estandares-e-interoperabilidad-participa-a-la-interhealth-2018-de-italia\/\"]}]},{\"@type\":\"ImageObject\",\"inLanguage\":\"es\",\"@id\":\"https:\/\/ticsalutsocial.atoom.space\/es\/noticia\/la-oficina-de-estandares-e-interoperabilidad-participa-a-la-interhealth-2018-de-italia\/#primaryimage\",\"url\":\"https:\/\/ticsalutsocial.atoom.space\/wp-content\/uploads\/2018\/10\/pula-interoperablitat.jpg\",\"contentUrl\":\"https:\/\/ticsalutsocial.atoom.space\/wp-content\/uploads\/2018\/10\/pula-interoperablitat.jpg\",\"width\":730,\"height\":460},{\"@type\":\"BreadcrumbList\",\"@id\":\"https:\/\/ticsalutsocial.atoom.space\/es\/noticia\/la-oficina-de-estandares-e-interoperabilidad-participa-a-la-interhealth-2018-de-italia\/#breadcrumb\",\"itemListElement\":[{\"@type\":\"ListItem\",\"position\":1,\"name\":\"Inici\",\"item\":\"https:\/\/ticsalutsocial.atoom.space\/es\/\"},{\"@type\":\"ListItem\",\"position\":2,\"name\":\"La Oficina de Est\u00e1ndares e Interoperabilidad participa a la Interhealth 2018 de Italia\"}]},{\"@type\":\"WebSite\",\"@id\":\"https:\/\/ticsalutsocial.atoom.space\/es\/#website\",\"url\":\"https:\/\/ticsalutsocial.atoom.space\/es\/\",\"name\":\"Fundaci\u00f3 TIC Salut i Social\",\"description\":\"\",\"potentialAction\":[{\"@type\":\"SearchAction\",\"target\":{\"@type\":\"EntryPoint\",\"urlTemplate\":\"https:\/\/ticsalutsocial.atoom.space\/es\/?s={search_term_string}\"},\"query-input\":{\"@type\":\"PropertyValueSpecification\",\"valueRequired\":true,\"valueName\":\"search_term_string\"}}],\"inLanguage\":\"es\"}]}<\/script>\n<!-- \/ Yoast SEO plugin. -->","yoast_head_json":{"title":"La Oficina de Est\u00e1ndares e Interoperabilidad participa a la Interhealth 2018 de Italia - Fundaci\u00f3 TIC Salut i Social","robots":{"index":"index","follow":"follow","max-snippet":"max-snippet:-1","max-image-preview":"max-image-preview:large","max-video-preview":"max-video-preview:-1"},"canonical":"https:\/\/ticsalutsocial.atoom.space\/es\/noticia\/la-oficina-de-estandares-e-interoperabilidad-participa-a-la-interhealth-2018-de-italia\/","og_locale":"es_ES","og_type":"article","og_title":"La Oficina de Est\u00e1ndares e Interoperabilidad participa a la Interhealth 2018 de Italia - Fundaci\u00f3 TIC Salut i Social","og_description":"Entre los d\u00edas 17 y 21 de septiembre, Ariadna Rius y David Rodr\u00edguez, de la Oficina de Est\u00e1ndares e Interoperabilidad de la Fundaci\u00f3 TIC Salut Social, asistieron al\u00a0Interhealth2018, organizado por\u00a0CRS4 (Center for Advanced Studies, Research and Development in Sardinia) y que se realiz\u00f3 a Pula (Cerde\u00f1a). La edici\u00f3n de este a\u00f1o consisti\u00f3 en el curso [&hellip;]","og_url":"https:\/\/ticsalutsocial.atoom.space\/es\/noticia\/la-oficina-de-estandares-e-interoperabilidad-participa-a-la-interhealth-2018-de-italia\/","og_site_name":"Fundaci\u00f3 TIC Salut i Social","article_modified_time":"2021-07-21T13:38:35+00:00","og_image":[{"width":730,"height":460,"url":"https:\/\/ticsalutsocial.atoom.space\/wp-content\/uploads\/2018\/10\/pula-interoperablitat.jpg","type":"image\/jpeg"}],"twitter_card":"summary_large_image","twitter_misc":{"Tiempo de lectura":"2 minutos"},"schema":{"@context":"https:\/\/schema.org","@graph":[{"@type":"WebPage","@id":"https:\/\/ticsalutsocial.atoom.space\/es\/noticia\/la-oficina-de-estandares-e-interoperabilidad-participa-a-la-interhealth-2018-de-italia\/","url":"https:\/\/ticsalutsocial.atoom.space\/es\/noticia\/la-oficina-de-estandares-e-interoperabilidad-participa-a-la-interhealth-2018-de-italia\/","name":"La Oficina de Est\u00e1ndares e Interoperabilidad participa a la Interhealth 2018 de Italia - Fundaci\u00f3 TIC Salut i Social","isPartOf":{"@id":"https:\/\/ticsalutsocial.atoom.space\/es\/#website"},"primaryImageOfPage":{"@id":"https:\/\/ticsalutsocial.atoom.space\/es\/noticia\/la-oficina-de-estandares-e-interoperabilidad-participa-a-la-interhealth-2018-de-italia\/#primaryimage"},"image":{"@id":"https:\/\/ticsalutsocial.atoom.space\/es\/noticia\/la-oficina-de-estandares-e-interoperabilidad-participa-a-la-interhealth-2018-de-italia\/#primaryimage"},"thumbnailUrl":"https:\/\/ticsalutsocial.atoom.space\/wp-content\/uploads\/2018\/10\/pula-interoperablitat.jpg","datePublished":"2018-10-23T13:11:27+00:00","dateModified":"2021-07-21T13:38:35+00:00","breadcrumb":{"@id":"https:\/\/ticsalutsocial.atoom.space\/es\/noticia\/la-oficina-de-estandares-e-interoperabilidad-participa-a-la-interhealth-2018-de-italia\/#breadcrumb"},"inLanguage":"es","potentialAction":[{"@type":"ReadAction","target":["https:\/\/ticsalutsocial.atoom.space\/es\/noticia\/la-oficina-de-estandares-e-interoperabilidad-participa-a-la-interhealth-2018-de-italia\/"]}]},{"@type":"ImageObject","inLanguage":"es","@id":"https:\/\/ticsalutsocial.atoom.space\/es\/noticia\/la-oficina-de-estandares-e-interoperabilidad-participa-a-la-interhealth-2018-de-italia\/#primaryimage","url":"https:\/\/ticsalutsocial.atoom.space\/wp-content\/uploads\/2018\/10\/pula-interoperablitat.jpg","contentUrl":"https:\/\/ticsalutsocial.atoom.space\/wp-content\/uploads\/2018\/10\/pula-interoperablitat.jpg","width":730,"height":460},{"@type":"BreadcrumbList","@id":"https:\/\/ticsalutsocial.atoom.space\/es\/noticia\/la-oficina-de-estandares-e-interoperabilidad-participa-a-la-interhealth-2018-de-italia\/#breadcrumb","itemListElement":[{"@type":"ListItem","position":1,"name":"Inici","item":"https:\/\/ticsalutsocial.atoom.space\/es\/"},{"@type":"ListItem","position":2,"name":"La Oficina de Est\u00e1ndares e Interoperabilidad participa a la Interhealth 2018 de Italia"}]},{"@type":"WebSite","@id":"https:\/\/ticsalutsocial.atoom.space\/es\/#website","url":"https:\/\/ticsalutsocial.atoom.space\/es\/","name":"Fundaci\u00f3 TIC Salut i Social","description":"","potentialAction":[{"@type":"SearchAction","target":{"@type":"EntryPoint","urlTemplate":"https:\/\/ticsalutsocial.atoom.space\/es\/?s={search_term_string}"},"query-input":{"@type":"PropertyValueSpecification","valueRequired":true,"valueName":"search_term_string"}}],"inLanguage":"es"}]}},"_links":{"self":[{"href":"https:\/\/ticsalutsocial.atoom.space\/es\/wp-json\/wp\/v2\/noticia\/3592","targetHints":{"allow":["GET"]}}],"collection":[{"href":"https:\/\/ticsalutsocial.atoom.space\/es\/wp-json\/wp\/v2\/noticia"}],"about":[{"href":"https:\/\/ticsalutsocial.atoom.space\/es\/wp-json\/wp\/v2\/types\/noticia"}],"author":[{"embeddable":true,"href":"https:\/\/ticsalutsocial.atoom.space\/es\/wp-json\/wp\/v2\/users\/21"}],"wp:featuredmedia":[{"embeddable":true,"href":"https:\/\/ticsalutsocial.atoom.space\/es\/wp-json\/wp\/v2\/media\/3589"}],"wp:attachment":[{"href":"https:\/\/ticsalutsocial.atoom.space\/es\/wp-json\/wp\/v2\/media?parent=3592"}],"wp:term":[{"taxonomy":"etiqueta","embeddable":true,"href":"https:\/\/ticsalutsocial.atoom.space\/es\/wp-json\/wp\/v2\/etiqueta?post=3592"},{"taxonomy":"tipus","embeddable":true,"href":"https:\/\/ticsalutsocial.atoom.space\/es\/wp-json\/wp\/v2\/tipus?post=3592"},{"taxonomy":"topic","embeddable":true,"href":"https:\/\/ticsalutsocial.atoom.space\/es\/wp-json\/wp\/v2\/topic?post=3592"}],"curies":[{"name":"wp","href":"https:\/\/api.w.org\/{rel}","templated":true}]}}