
{"id":3603,"date":"2017-03-16T14:48:17","date_gmt":"2017-03-16T12:48:17","guid":{"rendered":"https:\/\/ticsalutsocial.atoom.space\/?post_type=noticia&#038;p=3603"},"modified":"2021-07-21T15:38:40","modified_gmt":"2021-07-21T13:38:40","slug":"la-fundacio-tic-salut-social-participa-en-el-projecte-nextcare-impulsat-amb-el-fons-europeu-de-desenvolupament-regional-feder","status":"publish","type":"noticia","link":"https:\/\/ticsalutsocial.atoom.space\/es\/noticia\/la-fundacio-tic-salut-social-participa-en-el-projecte-nextcare-impulsat-amb-el-fons-europeu-de-desenvolupament-regional-feder\/","title":{"rendered":"La Fundaci\u00f3 TIC Salut Social participa en el projecte Nextcare impulsat amb el Fons Europeu de Desenvolupament Regional (FEDER)"},"content":{"rendered":"<p>Iniciat el passat mes d&#8217;octubre de 2016 t\u00e9 previst una durada de 4,5 anys. L\u2019objectiu es centra en els serveis d&#8217;atenci\u00f3 integral per a pacients cr\u00f2nics, en base a:<\/p>\n<p>-El desplegament regional dels serveis.<\/p>\n<p>-La transfer\u00e8ncia i explotaci\u00f3 de nous productes i serveis que generin valor de retorn per al sector de la salut Ris3Cat.<\/p>\n<p><strong>RIS3CAT. Comunitat NEXTHEALTH: Solucions Multidisciplin\u00e0ries per als Propers Reptes de Salut<\/strong><\/p>\n<p>La Generalitat de Catalunya ha posat en marxa les Comunitats RIS3CAT, una estrat\u00e8gia pionera a Europa que vol transformar el teixit empresarial a Catalunya fins al 2020. La iniciativa \u00e9s la concreci\u00f3 pr\u00e0ctica de l\u2019Estrat\u00e8gia per a l\u2019especialitzaci\u00f3 intel\u00b7ligent RIS3CAT, aprovada al 2014 pel Govern catal\u00e0 i que va sorgir com a resposta a les directius marcades per la Uni\u00f3 Europea amb l\u2019<a href=\"http:\/\/ec.europa.eu\/europe2020\/index_es.htm\" data-cke-saved-href=\"http:\/\/ec.europa.eu\/europe2020\/index_es.htm\">Estrat\u00e8gia Europa 2020<\/a>.<\/p>\n<p>En aquest context, Biocat coordina la\u00a0comunitat NEXTHEALTH: Solucions Multidisciplin\u00e0ries per als Propers Reptes de Salut,\u00a0per donar resposta als principals reptes relacionats amb la salut a l&#8217;actualitat.<\/p>\n<p>NEXTCARE: Atenci\u00f3 personalitzada del malalt cr\u00f2nic en un marc de salut digital<\/p>\n<p>El projecte NEXTCARE\u00a0impulsa\u00a0un nou model d\u2019atenci\u00f3 personalitzada del malalt cr\u00f2nic basat en eines TIC. Aquesta proposta d\u2019innovaci\u00f3 de serveis de salut respon a tres objectius principals:<\/p>\n<ul>\n<li>Desplegament regional de serveis d\u2019atenci\u00f3 integrada per a malalts cr\u00f2nics amb un plantejament de medicina personalitzada;<\/li>\n<li>Desenvolupament d\u2019un banc de proves amb voluntat de lideratge internacional per a l\u2019aplicaci\u00f3 de TIC a nous serveis que generin valor en el Sistema Catal\u00e0 de Salut;<\/li>\n<li>Desenvolupament i monetitzaci\u00f3 de nous productes i serveis, que tinguin un bon nivell de transferibilitat a altres sistemes de salut i que contribueixin a enfortir el teixit industrial catal\u00e0.<\/li>\n<\/ul>\n","protected":false},"author":21,"featured_media":3600,"menu_order":0,"template":"","meta":{"_acf_changed":false,"inline_featured_image":false},"etiqueta":[653],"tipus":[],"topic":[130],"class_list":["post-3603","noticia","type-noticia","status-publish","has-post-thumbnail","hentry","etiqueta-nextcare-es","topic-la-fundacion"],"acf":{"imatge":3602,"autor":"Adri\u00e0 G.Font","textos_destacats":[{"texte":"Es tracta d\u2019 un projecte d'innovaci\u00f3 liderat per Biocat dins el marc de la comunitat sanit\u00e0ria Ris3Cat."}]},"yoast_head":"<!-- This site is optimized with the Yoast SEO plugin v27.1.1 - https:\/\/yoast.com\/product\/yoast-seo-wordpress\/ -->\n<title>La Fundaci\u00f3 TIC Salut Social participa en el projecte Nextcare impulsat amb el Fons Europeu de Desenvolupament Regional (FEDER) - Fundaci\u00f3 TIC Salut i Social<\/title>\n<meta name=\"robots\" content=\"index, follow, max-snippet:-1, max-image-preview:large, max-video-preview:-1\" \/>\n<link rel=\"canonical\" href=\"https:\/\/ticsalutsocial.atoom.space\/es\/noticia\/la-fundacio-tic-salut-social-participa-en-el-projecte-nextcare-impulsat-amb-el-fons-europeu-de-desenvolupament-regional-feder\/\" \/>\n<meta property=\"og:locale\" content=\"es_ES\" \/>\n<meta property=\"og:type\" content=\"article\" \/>\n<meta property=\"og:title\" content=\"La Fundaci\u00f3 TIC Salut Social participa en el projecte Nextcare impulsat amb el Fons Europeu de Desenvolupament Regional (FEDER) - Fundaci\u00f3 TIC Salut i Social\" \/>\n<meta property=\"og:description\" content=\"Iniciat el passat mes d&#8217;octubre de 2016 t\u00e9 previst una durada de 4,5 anys. L\u2019objectiu es centra en els serveis d&#8217;atenci\u00f3 integral per a pacients cr\u00f2nics, en base a: -El desplegament regional dels serveis. -La transfer\u00e8ncia i explotaci\u00f3 de nous productes i serveis que generin valor de retorn per al sector de la salut Ris3Cat. [&hellip;]\" \/>\n<meta property=\"og:url\" content=\"https:\/\/ticsalutsocial.atoom.space\/es\/noticia\/la-fundacio-tic-salut-social-participa-en-el-projecte-nextcare-impulsat-amb-el-fons-europeu-de-desenvolupament-regional-feder\/\" \/>\n<meta property=\"og:site_name\" content=\"Fundaci\u00f3 TIC Salut i Social\" \/>\n<meta property=\"article:modified_time\" content=\"2021-07-21T13:38:40+00:00\" \/>\n<meta property=\"og:image\" content=\"https:\/\/ticsalutsocial.atoom.space\/wp-content\/uploads\/2017\/03\/photo-1512442756602-b3f5aa111036.jpg\" \/>\n\t<meta property=\"og:image:width\" content=\"750\" \/>\n\t<meta property=\"og:image:height\" content=\"501\" \/>\n\t<meta property=\"og:image:type\" content=\"image\/jpeg\" \/>\n<meta name=\"twitter:card\" content=\"summary_large_image\" \/>\n<meta name=\"twitter:label1\" content=\"Tiempo de lectura\" \/>\n\t<meta name=\"twitter:data1\" content=\"1 minuto\" \/>\n<script type=\"application\/ld+json\" class=\"yoast-schema-graph\">{\"@context\":\"https:\/\/schema.org\",\"@graph\":[{\"@type\":\"WebPage\",\"@id\":\"https:\/\/ticsalutsocial.atoom.space\/es\/noticia\/la-fundacio-tic-salut-social-participa-en-el-projecte-nextcare-impulsat-amb-el-fons-europeu-de-desenvolupament-regional-feder\/\",\"url\":\"https:\/\/ticsalutsocial.atoom.space\/es\/noticia\/la-fundacio-tic-salut-social-participa-en-el-projecte-nextcare-impulsat-amb-el-fons-europeu-de-desenvolupament-regional-feder\/\",\"name\":\"La Fundaci\u00f3 TIC Salut Social participa en el projecte Nextcare impulsat amb el Fons Europeu de Desenvolupament Regional (FEDER) - Fundaci\u00f3 TIC Salut i Social\",\"isPartOf\":{\"@id\":\"https:\/\/ticsalutsocial.atoom.space\/es\/#website\"},\"primaryImageOfPage\":{\"@id\":\"https:\/\/ticsalutsocial.atoom.space\/es\/noticia\/la-fundacio-tic-salut-social-participa-en-el-projecte-nextcare-impulsat-amb-el-fons-europeu-de-desenvolupament-regional-feder\/#primaryimage\"},\"image\":{\"@id\":\"https:\/\/ticsalutsocial.atoom.space\/es\/noticia\/la-fundacio-tic-salut-social-participa-en-el-projecte-nextcare-impulsat-amb-el-fons-europeu-de-desenvolupament-regional-feder\/#primaryimage\"},\"thumbnailUrl\":\"https:\/\/ticsalutsocial.atoom.space\/wp-content\/uploads\/2017\/03\/photo-1512442756602-b3f5aa111036.jpg\",\"datePublished\":\"2017-03-16T12:48:17+00:00\",\"dateModified\":\"2021-07-21T13:38:40+00:00\",\"breadcrumb\":{\"@id\":\"https:\/\/ticsalutsocial.atoom.space\/es\/noticia\/la-fundacio-tic-salut-social-participa-en-el-projecte-nextcare-impulsat-amb-el-fons-europeu-de-desenvolupament-regional-feder\/#breadcrumb\"},\"inLanguage\":\"es\",\"potentialAction\":[{\"@type\":\"ReadAction\",\"target\":[\"https:\/\/ticsalutsocial.atoom.space\/es\/noticia\/la-fundacio-tic-salut-social-participa-en-el-projecte-nextcare-impulsat-amb-el-fons-europeu-de-desenvolupament-regional-feder\/\"]}]},{\"@type\":\"ImageObject\",\"inLanguage\":\"es\",\"@id\":\"https:\/\/ticsalutsocial.atoom.space\/es\/noticia\/la-fundacio-tic-salut-social-participa-en-el-projecte-nextcare-impulsat-amb-el-fons-europeu-de-desenvolupament-regional-feder\/#primaryimage\",\"url\":\"https:\/\/ticsalutsocial.atoom.space\/wp-content\/uploads\/2017\/03\/photo-1512442756602-b3f5aa111036.jpg\",\"contentUrl\":\"https:\/\/ticsalutsocial.atoom.space\/wp-content\/uploads\/2017\/03\/photo-1512442756602-b3f5aa111036.jpg\",\"width\":750,\"height\":501},{\"@type\":\"BreadcrumbList\",\"@id\":\"https:\/\/ticsalutsocial.atoom.space\/es\/noticia\/la-fundacio-tic-salut-social-participa-en-el-projecte-nextcare-impulsat-amb-el-fons-europeu-de-desenvolupament-regional-feder\/#breadcrumb\",\"itemListElement\":[{\"@type\":\"ListItem\",\"position\":1,\"name\":\"Inici\",\"item\":\"https:\/\/ticsalutsocial.atoom.space\/es\/\"},{\"@type\":\"ListItem\",\"position\":2,\"name\":\"La Fundaci\u00f3 TIC Salut Social participa en el projecte Nextcare impulsat amb el Fons Europeu de Desenvolupament Regional (FEDER)\"}]},{\"@type\":\"WebSite\",\"@id\":\"https:\/\/ticsalutsocial.atoom.space\/es\/#website\",\"url\":\"https:\/\/ticsalutsocial.atoom.space\/es\/\",\"name\":\"Fundaci\u00f3 TIC Salut i Social\",\"description\":\"\",\"potentialAction\":[{\"@type\":\"SearchAction\",\"target\":{\"@type\":\"EntryPoint\",\"urlTemplate\":\"https:\/\/ticsalutsocial.atoom.space\/es\/?s={search_term_string}\"},\"query-input\":{\"@type\":\"PropertyValueSpecification\",\"valueRequired\":true,\"valueName\":\"search_term_string\"}}],\"inLanguage\":\"es\"}]}<\/script>\n<!-- \/ Yoast SEO plugin. -->","yoast_head_json":{"title":"La Fundaci\u00f3 TIC Salut Social participa en el projecte Nextcare impulsat amb el Fons Europeu de Desenvolupament Regional (FEDER) - Fundaci\u00f3 TIC Salut i Social","robots":{"index":"index","follow":"follow","max-snippet":"max-snippet:-1","max-image-preview":"max-image-preview:large","max-video-preview":"max-video-preview:-1"},"canonical":"https:\/\/ticsalutsocial.atoom.space\/es\/noticia\/la-fundacio-tic-salut-social-participa-en-el-projecte-nextcare-impulsat-amb-el-fons-europeu-de-desenvolupament-regional-feder\/","og_locale":"es_ES","og_type":"article","og_title":"La Fundaci\u00f3 TIC Salut Social participa en el projecte Nextcare impulsat amb el Fons Europeu de Desenvolupament Regional (FEDER) - Fundaci\u00f3 TIC Salut i Social","og_description":"Iniciat el passat mes d&#8217;octubre de 2016 t\u00e9 previst una durada de 4,5 anys. L\u2019objectiu es centra en els serveis d&#8217;atenci\u00f3 integral per a pacients cr\u00f2nics, en base a: -El desplegament regional dels serveis. -La transfer\u00e8ncia i explotaci\u00f3 de nous productes i serveis que generin valor de retorn per al sector de la salut Ris3Cat. [&hellip;]","og_url":"https:\/\/ticsalutsocial.atoom.space\/es\/noticia\/la-fundacio-tic-salut-social-participa-en-el-projecte-nextcare-impulsat-amb-el-fons-europeu-de-desenvolupament-regional-feder\/","og_site_name":"Fundaci\u00f3 TIC Salut i Social","article_modified_time":"2021-07-21T13:38:40+00:00","og_image":[{"width":750,"height":501,"url":"https:\/\/ticsalutsocial.atoom.space\/wp-content\/uploads\/2017\/03\/photo-1512442756602-b3f5aa111036.jpg","type":"image\/jpeg"}],"twitter_card":"summary_large_image","twitter_misc":{"Tiempo de lectura":"1 minuto"},"schema":{"@context":"https:\/\/schema.org","@graph":[{"@type":"WebPage","@id":"https:\/\/ticsalutsocial.atoom.space\/es\/noticia\/la-fundacio-tic-salut-social-participa-en-el-projecte-nextcare-impulsat-amb-el-fons-europeu-de-desenvolupament-regional-feder\/","url":"https:\/\/ticsalutsocial.atoom.space\/es\/noticia\/la-fundacio-tic-salut-social-participa-en-el-projecte-nextcare-impulsat-amb-el-fons-europeu-de-desenvolupament-regional-feder\/","name":"La Fundaci\u00f3 TIC Salut Social participa en el projecte Nextcare impulsat amb el Fons Europeu de Desenvolupament Regional (FEDER) - Fundaci\u00f3 TIC Salut i Social","isPartOf":{"@id":"https:\/\/ticsalutsocial.atoom.space\/es\/#website"},"primaryImageOfPage":{"@id":"https:\/\/ticsalutsocial.atoom.space\/es\/noticia\/la-fundacio-tic-salut-social-participa-en-el-projecte-nextcare-impulsat-amb-el-fons-europeu-de-desenvolupament-regional-feder\/#primaryimage"},"image":{"@id":"https:\/\/ticsalutsocial.atoom.space\/es\/noticia\/la-fundacio-tic-salut-social-participa-en-el-projecte-nextcare-impulsat-amb-el-fons-europeu-de-desenvolupament-regional-feder\/#primaryimage"},"thumbnailUrl":"https:\/\/ticsalutsocial.atoom.space\/wp-content\/uploads\/2017\/03\/photo-1512442756602-b3f5aa111036.jpg","datePublished":"2017-03-16T12:48:17+00:00","dateModified":"2021-07-21T13:38:40+00:00","breadcrumb":{"@id":"https:\/\/ticsalutsocial.atoom.space\/es\/noticia\/la-fundacio-tic-salut-social-participa-en-el-projecte-nextcare-impulsat-amb-el-fons-europeu-de-desenvolupament-regional-feder\/#breadcrumb"},"inLanguage":"es","potentialAction":[{"@type":"ReadAction","target":["https:\/\/ticsalutsocial.atoom.space\/es\/noticia\/la-fundacio-tic-salut-social-participa-en-el-projecte-nextcare-impulsat-amb-el-fons-europeu-de-desenvolupament-regional-feder\/"]}]},{"@type":"ImageObject","inLanguage":"es","@id":"https:\/\/ticsalutsocial.atoom.space\/es\/noticia\/la-fundacio-tic-salut-social-participa-en-el-projecte-nextcare-impulsat-amb-el-fons-europeu-de-desenvolupament-regional-feder\/#primaryimage","url":"https:\/\/ticsalutsocial.atoom.space\/wp-content\/uploads\/2017\/03\/photo-1512442756602-b3f5aa111036.jpg","contentUrl":"https:\/\/ticsalutsocial.atoom.space\/wp-content\/uploads\/2017\/03\/photo-1512442756602-b3f5aa111036.jpg","width":750,"height":501},{"@type":"BreadcrumbList","@id":"https:\/\/ticsalutsocial.atoom.space\/es\/noticia\/la-fundacio-tic-salut-social-participa-en-el-projecte-nextcare-impulsat-amb-el-fons-europeu-de-desenvolupament-regional-feder\/#breadcrumb","itemListElement":[{"@type":"ListItem","position":1,"name":"Inici","item":"https:\/\/ticsalutsocial.atoom.space\/es\/"},{"@type":"ListItem","position":2,"name":"La Fundaci\u00f3 TIC Salut Social participa en el projecte Nextcare impulsat amb el Fons Europeu de Desenvolupament Regional (FEDER)"}]},{"@type":"WebSite","@id":"https:\/\/ticsalutsocial.atoom.space\/es\/#website","url":"https:\/\/ticsalutsocial.atoom.space\/es\/","name":"Fundaci\u00f3 TIC Salut i Social","description":"","potentialAction":[{"@type":"SearchAction","target":{"@type":"EntryPoint","urlTemplate":"https:\/\/ticsalutsocial.atoom.space\/es\/?s={search_term_string}"},"query-input":{"@type":"PropertyValueSpecification","valueRequired":true,"valueName":"search_term_string"}}],"inLanguage":"es"}]}},"_links":{"self":[{"href":"https:\/\/ticsalutsocial.atoom.space\/es\/wp-json\/wp\/v2\/noticia\/3603","targetHints":{"allow":["GET"]}}],"collection":[{"href":"https:\/\/ticsalutsocial.atoom.space\/es\/wp-json\/wp\/v2\/noticia"}],"about":[{"href":"https:\/\/ticsalutsocial.atoom.space\/es\/wp-json\/wp\/v2\/types\/noticia"}],"author":[{"embeddable":true,"href":"https:\/\/ticsalutsocial.atoom.space\/es\/wp-json\/wp\/v2\/users\/21"}],"wp:featuredmedia":[{"embeddable":true,"href":"https:\/\/ticsalutsocial.atoom.space\/es\/wp-json\/wp\/v2\/media\/3600"}],"wp:attachment":[{"href":"https:\/\/ticsalutsocial.atoom.space\/es\/wp-json\/wp\/v2\/media?parent=3603"}],"wp:term":[{"taxonomy":"etiqueta","embeddable":true,"href":"https:\/\/ticsalutsocial.atoom.space\/es\/wp-json\/wp\/v2\/etiqueta?post=3603"},{"taxonomy":"tipus","embeddable":true,"href":"https:\/\/ticsalutsocial.atoom.space\/es\/wp-json\/wp\/v2\/tipus?post=3603"},{"taxonomy":"topic","embeddable":true,"href":"https:\/\/ticsalutsocial.atoom.space\/es\/wp-json\/wp\/v2\/topic?post=3603"}],"curies":[{"name":"wp","href":"https:\/\/api.w.org\/{rel}","templated":true}]}}