
{"id":3608,"date":"2018-11-08T18:57:35","date_gmt":"2018-11-08T16:57:35","guid":{"rendered":"https:\/\/ticsalutsocial.atoom.space\/?post_type=noticia&#038;p=3608"},"modified":"2021-07-21T15:38:42","modified_gmt":"2021-07-21T13:38:42","slug":"uno-de-los-grandes-retos-de-la-tecnologia-que-implementaremos-como-el-5g-es-hacerla-sostenible-y-humana","status":"publish","type":"noticia","link":"https:\/\/ticsalutsocial.atoom.space\/es\/noticia\/uno-de-los-grandes-retos-de-la-tecnologia-que-implementaremos-como-el-5g-es-hacerla-sostenible-y-humana\/","title":{"rendered":"\u00abUno de los grandes retos de la tecnolog\u00eda que implementaremos, como el 5G, es hacerla sostenible y humana\u00bb"},"content":{"rendered":"<p>\u00bfQu\u00e9 Europa queremos para los pr\u00f3ximos 60 a\u00f1os? Alrededor de esta pregunta la Representaci\u00f3n de la Comisi\u00f3n Europea en Barcelona viene celebrando una serie de conferencias-debate que giran sobre diferentes temas de alto impacto: econom\u00eda circular, pol\u00edtica econ\u00f3mica y monetaria, c\u00f3mo se invertir\u00e1 el presupuesto de los pr\u00f3ximos 7 a\u00f1os o, esta \u00faltima, celebrada el jueves d\u00eda 8 en el Recinto Modernista de Sant Pau, en Barcelona, \u200b\u200bsobre el futuro del 5G en Europa. Su director, el Sr. Ferran Tarradellas, centr\u00f3 el debate en la tecnolog\u00eda 5G y las consecuencias que tendr\u00e1 para los ciudadanos de los pa\u00edses de la Uni\u00f3n Europea, antes de dar paso al Sr. David Ferrer.<\/p>\n<p>El secretario de Telecomunicaciones, Ciberseguridad y Sociedad Digital de la Generalitat de Catalunya, resalt\u00f3 el cambio de paradigma que afrontamos. Seg\u00fan Ferrer, \u00abcon esta nueva tecnolog\u00eda de telecomunicaciones se nos presentan nuevas oportunidades, pero todav\u00eda estamos pendientes de completar el despliegue y aplicar los diferentes est\u00e1ndares asociados. Un despliegue que podremos completar con \u00e9xito el pr\u00f3ximo a\u00f1o (2019)\u00bb.<\/p>\n<p>Antes de iniciarse la primera mesa redonda de debate, el director general de la Direcci\u00f3n General de Redes de Comunicaci\u00f3n, Contenidos y Tecnolog\u00eda de la CE (DG Connect), el Sr. Roberto Viola, quiso enmarcar el impacto del 5G por la ciudadan\u00eda, poniendo como ejemplo los tres grandes casos de uso de la red WiFI entre la ciudadan\u00eda actualmente: el transporte, los estadios y los centros comerciales. Y destac\u00f3 el alto porcentaje de accidentes que tienen lugar por causas de distracciones humanas, respecto a lo que se podr\u00eda evitar con la aplicaci\u00f3n de la tecnolog\u00eda en la conducci\u00f3n.<\/p>\n<p>Para conocer los retos y oportunidades del desarrollo del 5G en el territorio, la conferencia cont\u00f3 con una primera mesa con representaci\u00f3n de empresas como Cellnex, de la mano de su Director Comercial Global, el Sr. Oscar Pallarols y de Telef\u00f3nica, representada por la Consejera Delegada y Thinx-5G Barcelona, \u200b\u200bla Sra. Mar\u00eda Jes\u00fas Almazor, junto con el centro de investigaci\u00f3n i2Cat, representado por el Sr. Sergi Figuerola, el director de Tecnolog\u00eda e Innovaci\u00f3n. A grandes rasgos, las ideas principales del debate fueron:<\/p>\n<ul>\n<li>Antes del 5G se pasar\u00e1 por el 4.5G, pues el 4G todav\u00eda tiene recorrido y las infraestructuras son v\u00e1lidas.<\/li>\n<li>Es importante poder llegar a convertirse en una sociedad generadora, m\u00e1s que consumidora, para evitar la deslocalizaci\u00f3n de empresas.<\/li>\n<li>Iniciativas como Digital Innovation Hub y 5G City ayudan a la evangelizaci\u00f3n de esta tecnolog\u00eda.<\/li>\n<li>La regulaci\u00f3n debe facilitar la implementaci\u00f3n y desarrollo, al igual que tambi\u00e9n lo har\u00e1 la compartici\u00f3n entre los diferentes operadores.<\/li>\n<li>Retos: que las smartcities puedan intercambiar informaci\u00f3n en tiempo real y seguir liderando las redes de ultrabanda ancha en Europa como hasta ahora.<\/li>\n<\/ul>\n<p>Tras la pausa caf\u00e9, fue el momento de conocer las aplicaciones del 5G en la industria y qu\u00e9 oportunidades de mercado surgir\u00e1n. En esta segunda mesa redonda particip\u00f3 el director de la Fundaci\u00f3n TIC Salud Social, el Sr. Josu\u00e9 Sallent, el director de la Mobile World Capital Barcelona, \u200b\u200bD. Carlos Grau y el director de smartCatalonia, el Sr. Daniel Marco.<\/p>\n<p>\u00abEsta tecnolog\u00eda, inmersiva, aporta un cambio disruptivo\u00bb, inici\u00f3 Sallent. \u00abUn cambio que coincide en un momento en el que estamos sufriendo una falta de profesionales de la salud en zonas concretas. C\u00f3mo puede ayudar esta tecnolog\u00eda a acercar la atenci\u00f3n a la persona, es clave\u00bb. Uno de los ejemplos que destac\u00f3 el director de TIC Salut Social es el impacto que tendr\u00e1 el 5G en el uso de la telemedicina, la cirug\u00eda remota en zonas con dif\u00edcil acceso o la formaci\u00f3n de profesionales utilizando tecnolog\u00edas exponenciales como la realidad virtual y aumentada . Asimismo, sigui\u00f3 Sallent, \u00abdebe cambiar la percepci\u00f3n que tienen los ciudadanos de la tecnolog\u00eda. Necesitamos humanizarla. La pantalla entre el m\u00e9dico y el ciudadano no puede generar rechazo, si no no estaremos preparados para conversar con el m\u00e9dico a trav\u00e9s de una pantalla y m\u00e1s de 100 kms de distancia \u00ab. Finalmente, Sallent quiso situar 3 grandes retos que, bajo su punto de vista, \u00abafrontaremos pr\u00f3ximamente. Todos ellos los afrontaremos con una visi\u00f3n hol\u00edstica y con perfiles transversales\u00bb:<\/p>\n<ul>\n<li>Contar con infraestructuras que hagan posible la implementaci\u00f3n de esta tecnolog\u00eda<\/li>\n<li>Reciclaje de profesionales para adaptarse a los cambios.<\/li>\n<li>Humanizar la tecnolog\u00eda para hacerla m\u00e1s cercana.<\/li>\n<\/ul>\n<p>Finalmente, tanto Marco como Grau destacaron que la implementaci\u00f3n del 5G ayudar\u00e1 a atraer inversi\u00f3n y construir un ecosistema propio. El director del MWC Barcelona aplaudi\u00f3 las propiedades diferenciales del 5G para con su precedessor: menor consumo energ\u00e9tico, ultra definici\u00f3n y reducci\u00f3n del tiempo de respuesta. Baja latencia.<\/p>\n<p>El debate concluy\u00f3 con una referencia clara a la Internet de las Cosas (IOT). Estamos listos para ver cada vez m\u00e1s electrodom\u00e9stica de consumo adaptada a la IoT, con sensores, c\u00e1maras y microprocesadores que mejorar\u00e1n la usabilidad y experiencia de uso de los usuarios, tanto en el transporte (coches y servicios p\u00fablicos), en las ciudades (alumbrado), como las casas (neveras, lavadoras &#8230;).<\/p>\n","protected":false},"author":21,"featured_media":3605,"menu_order":0,"template":"","meta":{"_acf_changed":false,"inline_featured_image":false},"etiqueta":[],"tipus":[],"topic":[121],"class_list":["post-3608","noticia","type-noticia","status-publish","has-post-thumbnail","hentry","topic-dpd-es"],"acf":{"imatge":3607,"autor":"Adri\u00e0 G.Font","textos_destacats":[{"texte":"El director de la Fundaci\u00f3 TIC Salut Social, Josu\u00e8 Sallent, participa en la conferencia-debate: \"El futuro del 5G\", organizada por la CE."}]},"yoast_head":"<!-- This site is optimized with the Yoast SEO plugin v27.1.1 - https:\/\/yoast.com\/product\/yoast-seo-wordpress\/ -->\n<title>&quot;Uno de los grandes retos de la tecnolog\u00eda que implementaremos, como el 5G, es hacerla sostenible y humana&quot; - Fundaci\u00f3 TIC Salut i Social<\/title>\n<meta name=\"robots\" content=\"index, follow, max-snippet:-1, max-image-preview:large, max-video-preview:-1\" \/>\n<link rel=\"canonical\" href=\"https:\/\/ticsalutsocial.atoom.space\/es\/noticia\/uno-de-los-grandes-retos-de-la-tecnologia-que-implementaremos-como-el-5g-es-hacerla-sostenible-y-humana\/\" \/>\n<meta property=\"og:locale\" content=\"es_ES\" \/>\n<meta property=\"og:type\" content=\"article\" \/>\n<meta property=\"og:title\" content=\"&quot;Uno de los grandes retos de la tecnolog\u00eda que implementaremos, como el 5G, es hacerla sostenible y humana&quot; - Fundaci\u00f3 TIC Salut i Social\" \/>\n<meta property=\"og:description\" content=\"\u00bfQu\u00e9 Europa queremos para los pr\u00f3ximos 60 a\u00f1os? Alrededor de esta pregunta la Representaci\u00f3n de la Comisi\u00f3n Europea en Barcelona viene celebrando una serie de conferencias-debate que giran sobre diferentes temas de alto impacto: econom\u00eda circular, pol\u00edtica econ\u00f3mica y monetaria, c\u00f3mo se invertir\u00e1 el presupuesto de los pr\u00f3ximos 7 a\u00f1os o, esta \u00faltima, celebrada el [&hellip;]\" \/>\n<meta property=\"og:url\" content=\"https:\/\/ticsalutsocial.atoom.space\/es\/noticia\/uno-de-los-grandes-retos-de-la-tecnologia-que-implementaremos-como-el-5g-es-hacerla-sostenible-y-humana\/\" \/>\n<meta property=\"og:site_name\" content=\"Fundaci\u00f3 TIC Salut i Social\" \/>\n<meta property=\"article:modified_time\" content=\"2021-07-21T13:38:42+00:00\" \/>\n<meta property=\"og:image\" content=\"https:\/\/ticsalutsocial.atoom.space\/wp-content\/uploads\/2018\/11\/futur5g.jpg\" \/>\n\t<meta property=\"og:image:width\" content=\"2048\" \/>\n\t<meta property=\"og:image:height\" content=\"1535\" \/>\n\t<meta property=\"og:image:type\" content=\"image\/jpeg\" \/>\n<meta name=\"twitter:card\" content=\"summary_large_image\" \/>\n<meta name=\"twitter:label1\" content=\"Tiempo de lectura\" \/>\n\t<meta name=\"twitter:data1\" content=\"4 minutos\" \/>\n<script type=\"application\/ld+json\" class=\"yoast-schema-graph\">{\"@context\":\"https:\/\/schema.org\",\"@graph\":[{\"@type\":\"WebPage\",\"@id\":\"https:\/\/ticsalutsocial.atoom.space\/es\/noticia\/uno-de-los-grandes-retos-de-la-tecnologia-que-implementaremos-como-el-5g-es-hacerla-sostenible-y-humana\/\",\"url\":\"https:\/\/ticsalutsocial.atoom.space\/es\/noticia\/uno-de-los-grandes-retos-de-la-tecnologia-que-implementaremos-como-el-5g-es-hacerla-sostenible-y-humana\/\",\"name\":\"\\\"Uno de los grandes retos de la tecnolog\u00eda que implementaremos, como el 5G, es hacerla sostenible y humana\\\" - Fundaci\u00f3 TIC Salut i Social\",\"isPartOf\":{\"@id\":\"https:\/\/ticsalutsocial.atoom.space\/es\/#website\"},\"primaryImageOfPage\":{\"@id\":\"https:\/\/ticsalutsocial.atoom.space\/es\/noticia\/uno-de-los-grandes-retos-de-la-tecnologia-que-implementaremos-como-el-5g-es-hacerla-sostenible-y-humana\/#primaryimage\"},\"image\":{\"@id\":\"https:\/\/ticsalutsocial.atoom.space\/es\/noticia\/uno-de-los-grandes-retos-de-la-tecnologia-que-implementaremos-como-el-5g-es-hacerla-sostenible-y-humana\/#primaryimage\"},\"thumbnailUrl\":\"https:\/\/ticsalutsocial.atoom.space\/wp-content\/uploads\/2018\/11\/futur5g.jpg\",\"datePublished\":\"2018-11-08T16:57:35+00:00\",\"dateModified\":\"2021-07-21T13:38:42+00:00\",\"breadcrumb\":{\"@id\":\"https:\/\/ticsalutsocial.atoom.space\/es\/noticia\/uno-de-los-grandes-retos-de-la-tecnologia-que-implementaremos-como-el-5g-es-hacerla-sostenible-y-humana\/#breadcrumb\"},\"inLanguage\":\"es\",\"potentialAction\":[{\"@type\":\"ReadAction\",\"target\":[\"https:\/\/ticsalutsocial.atoom.space\/es\/noticia\/uno-de-los-grandes-retos-de-la-tecnologia-que-implementaremos-como-el-5g-es-hacerla-sostenible-y-humana\/\"]}]},{\"@type\":\"ImageObject\",\"inLanguage\":\"es\",\"@id\":\"https:\/\/ticsalutsocial.atoom.space\/es\/noticia\/uno-de-los-grandes-retos-de-la-tecnologia-que-implementaremos-como-el-5g-es-hacerla-sostenible-y-humana\/#primaryimage\",\"url\":\"https:\/\/ticsalutsocial.atoom.space\/wp-content\/uploads\/2018\/11\/futur5g.jpg\",\"contentUrl\":\"https:\/\/ticsalutsocial.atoom.space\/wp-content\/uploads\/2018\/11\/futur5g.jpg\",\"width\":2048,\"height\":1535},{\"@type\":\"BreadcrumbList\",\"@id\":\"https:\/\/ticsalutsocial.atoom.space\/es\/noticia\/uno-de-los-grandes-retos-de-la-tecnologia-que-implementaremos-como-el-5g-es-hacerla-sostenible-y-humana\/#breadcrumb\",\"itemListElement\":[{\"@type\":\"ListItem\",\"position\":1,\"name\":\"Inici\",\"item\":\"https:\/\/ticsalutsocial.atoom.space\/es\/\"},{\"@type\":\"ListItem\",\"position\":2,\"name\":\"&#8220;Uno de los grandes retos de la tecnolog\u00eda que implementaremos, como el 5G, es hacerla sostenible y humana&#8221;\"}]},{\"@type\":\"WebSite\",\"@id\":\"https:\/\/ticsalutsocial.atoom.space\/es\/#website\",\"url\":\"https:\/\/ticsalutsocial.atoom.space\/es\/\",\"name\":\"Fundaci\u00f3 TIC Salut i Social\",\"description\":\"\",\"potentialAction\":[{\"@type\":\"SearchAction\",\"target\":{\"@type\":\"EntryPoint\",\"urlTemplate\":\"https:\/\/ticsalutsocial.atoom.space\/es\/?s={search_term_string}\"},\"query-input\":{\"@type\":\"PropertyValueSpecification\",\"valueRequired\":true,\"valueName\":\"search_term_string\"}}],\"inLanguage\":\"es\"}]}<\/script>\n<!-- \/ Yoast SEO plugin. -->","yoast_head_json":{"title":"\"Uno de los grandes retos de la tecnolog\u00eda que implementaremos, como el 5G, es hacerla sostenible y humana\" - Fundaci\u00f3 TIC Salut i Social","robots":{"index":"index","follow":"follow","max-snippet":"max-snippet:-1","max-image-preview":"max-image-preview:large","max-video-preview":"max-video-preview:-1"},"canonical":"https:\/\/ticsalutsocial.atoom.space\/es\/noticia\/uno-de-los-grandes-retos-de-la-tecnologia-que-implementaremos-como-el-5g-es-hacerla-sostenible-y-humana\/","og_locale":"es_ES","og_type":"article","og_title":"\"Uno de los grandes retos de la tecnolog\u00eda que implementaremos, como el 5G, es hacerla sostenible y humana\" - Fundaci\u00f3 TIC Salut i Social","og_description":"\u00bfQu\u00e9 Europa queremos para los pr\u00f3ximos 60 a\u00f1os? Alrededor de esta pregunta la Representaci\u00f3n de la Comisi\u00f3n Europea en Barcelona viene celebrando una serie de conferencias-debate que giran sobre diferentes temas de alto impacto: econom\u00eda circular, pol\u00edtica econ\u00f3mica y monetaria, c\u00f3mo se invertir\u00e1 el presupuesto de los pr\u00f3ximos 7 a\u00f1os o, esta \u00faltima, celebrada el [&hellip;]","og_url":"https:\/\/ticsalutsocial.atoom.space\/es\/noticia\/uno-de-los-grandes-retos-de-la-tecnologia-que-implementaremos-como-el-5g-es-hacerla-sostenible-y-humana\/","og_site_name":"Fundaci\u00f3 TIC Salut i Social","article_modified_time":"2021-07-21T13:38:42+00:00","og_image":[{"width":2048,"height":1535,"url":"https:\/\/ticsalutsocial.atoom.space\/wp-content\/uploads\/2018\/11\/futur5g.jpg","type":"image\/jpeg"}],"twitter_card":"summary_large_image","twitter_misc":{"Tiempo de lectura":"4 minutos"},"schema":{"@context":"https:\/\/schema.org","@graph":[{"@type":"WebPage","@id":"https:\/\/ticsalutsocial.atoom.space\/es\/noticia\/uno-de-los-grandes-retos-de-la-tecnologia-que-implementaremos-como-el-5g-es-hacerla-sostenible-y-humana\/","url":"https:\/\/ticsalutsocial.atoom.space\/es\/noticia\/uno-de-los-grandes-retos-de-la-tecnologia-que-implementaremos-como-el-5g-es-hacerla-sostenible-y-humana\/","name":"\"Uno de los grandes retos de la tecnolog\u00eda que implementaremos, como el 5G, es hacerla sostenible y humana\" - Fundaci\u00f3 TIC Salut i Social","isPartOf":{"@id":"https:\/\/ticsalutsocial.atoom.space\/es\/#website"},"primaryImageOfPage":{"@id":"https:\/\/ticsalutsocial.atoom.space\/es\/noticia\/uno-de-los-grandes-retos-de-la-tecnologia-que-implementaremos-como-el-5g-es-hacerla-sostenible-y-humana\/#primaryimage"},"image":{"@id":"https:\/\/ticsalutsocial.atoom.space\/es\/noticia\/uno-de-los-grandes-retos-de-la-tecnologia-que-implementaremos-como-el-5g-es-hacerla-sostenible-y-humana\/#primaryimage"},"thumbnailUrl":"https:\/\/ticsalutsocial.atoom.space\/wp-content\/uploads\/2018\/11\/futur5g.jpg","datePublished":"2018-11-08T16:57:35+00:00","dateModified":"2021-07-21T13:38:42+00:00","breadcrumb":{"@id":"https:\/\/ticsalutsocial.atoom.space\/es\/noticia\/uno-de-los-grandes-retos-de-la-tecnologia-que-implementaremos-como-el-5g-es-hacerla-sostenible-y-humana\/#breadcrumb"},"inLanguage":"es","potentialAction":[{"@type":"ReadAction","target":["https:\/\/ticsalutsocial.atoom.space\/es\/noticia\/uno-de-los-grandes-retos-de-la-tecnologia-que-implementaremos-como-el-5g-es-hacerla-sostenible-y-humana\/"]}]},{"@type":"ImageObject","inLanguage":"es","@id":"https:\/\/ticsalutsocial.atoom.space\/es\/noticia\/uno-de-los-grandes-retos-de-la-tecnologia-que-implementaremos-como-el-5g-es-hacerla-sostenible-y-humana\/#primaryimage","url":"https:\/\/ticsalutsocial.atoom.space\/wp-content\/uploads\/2018\/11\/futur5g.jpg","contentUrl":"https:\/\/ticsalutsocial.atoom.space\/wp-content\/uploads\/2018\/11\/futur5g.jpg","width":2048,"height":1535},{"@type":"BreadcrumbList","@id":"https:\/\/ticsalutsocial.atoom.space\/es\/noticia\/uno-de-los-grandes-retos-de-la-tecnologia-que-implementaremos-como-el-5g-es-hacerla-sostenible-y-humana\/#breadcrumb","itemListElement":[{"@type":"ListItem","position":1,"name":"Inici","item":"https:\/\/ticsalutsocial.atoom.space\/es\/"},{"@type":"ListItem","position":2,"name":"&#8220;Uno de los grandes retos de la tecnolog\u00eda que implementaremos, como el 5G, es hacerla sostenible y humana&#8221;"}]},{"@type":"WebSite","@id":"https:\/\/ticsalutsocial.atoom.space\/es\/#website","url":"https:\/\/ticsalutsocial.atoom.space\/es\/","name":"Fundaci\u00f3 TIC Salut i Social","description":"","potentialAction":[{"@type":"SearchAction","target":{"@type":"EntryPoint","urlTemplate":"https:\/\/ticsalutsocial.atoom.space\/es\/?s={search_term_string}"},"query-input":{"@type":"PropertyValueSpecification","valueRequired":true,"valueName":"search_term_string"}}],"inLanguage":"es"}]}},"_links":{"self":[{"href":"https:\/\/ticsalutsocial.atoom.space\/es\/wp-json\/wp\/v2\/noticia\/3608","targetHints":{"allow":["GET"]}}],"collection":[{"href":"https:\/\/ticsalutsocial.atoom.space\/es\/wp-json\/wp\/v2\/noticia"}],"about":[{"href":"https:\/\/ticsalutsocial.atoom.space\/es\/wp-json\/wp\/v2\/types\/noticia"}],"author":[{"embeddable":true,"href":"https:\/\/ticsalutsocial.atoom.space\/es\/wp-json\/wp\/v2\/users\/21"}],"wp:featuredmedia":[{"embeddable":true,"href":"https:\/\/ticsalutsocial.atoom.space\/es\/wp-json\/wp\/v2\/media\/3605"}],"wp:attachment":[{"href":"https:\/\/ticsalutsocial.atoom.space\/es\/wp-json\/wp\/v2\/media?parent=3608"}],"wp:term":[{"taxonomy":"etiqueta","embeddable":true,"href":"https:\/\/ticsalutsocial.atoom.space\/es\/wp-json\/wp\/v2\/etiqueta?post=3608"},{"taxonomy":"tipus","embeddable":true,"href":"https:\/\/ticsalutsocial.atoom.space\/es\/wp-json\/wp\/v2\/tipus?post=3608"},{"taxonomy":"topic","embeddable":true,"href":"https:\/\/ticsalutsocial.atoom.space\/es\/wp-json\/wp\/v2\/topic?post=3608"}],"curies":[{"name":"wp","href":"https:\/\/api.w.org\/{rel}","templated":true}]}}