
{"id":3620,"date":"2018-11-12T13:04:33","date_gmt":"2018-11-12T11:04:33","guid":{"rendered":"https:\/\/ticsalutsocial.atoom.space\/?post_type=noticia&#038;p=3620"},"modified":"2021-07-21T15:38:47","modified_gmt":"2021-07-21T13:38:47","slug":"cuenta-atras-para-la-celebracion-del-6o-congreso-del-tercer-sector-social","status":"publish","type":"noticia","link":"https:\/\/ticsalutsocial.atoom.space\/es\/noticia\/cuenta-atras-para-la-celebracion-del-6o-congreso-del-tercer-sector-social\/","title":{"rendered":"Cuenta atr\u00e1s para la celebraci\u00f3n del 6\u00ba Congreso del Tercer Sector Social"},"content":{"rendered":"<p>El 6\u00ba Congreso del Tercer Sector Social se celebra durante los d\u00edas 20, 21 y 22 de noviembre en el Disseny Hub Barcelona y en la Farga de L&#8217;Hospitalet de Llobregat, con el lema &#8216;Desigualdades sociales, soluciones locales&#8217;. El espacio pretende potenciar el debate y la reflexi\u00f3n sobre la relaci\u00f3n entre el mundo local (ayuntamientos, consejos comarcales y diputaciones) y las entidades sociales, adem\u00e1s de hacer valer la interacci\u00f3n entre el Tercer Sector Social y las Administraciones locales, un v\u00ednculo indispensable para avanzar hacia una sociedad m\u00e1s justa, equitativa, solidaria e inclusiva.<\/p>\n<p>Los retos sociales y las nuevas necesidades que se derivan requieren una respuesta integral y transversal con todos los agentes implicados en el dise\u00f1o y desarrollo de las pol\u00edticas sociales. El congreso propone conocer y evaluar las l\u00edneas de trabajo actuales a trav\u00e9s de 9 debates y coloquios y 35 ponentes de reconocido prestigio de todos los \u00e1mbitos.<\/p>\n<ul>\n<li>La defensa de los derechos sociales como garant\u00eda de igualdad de oportunidades.<\/li>\n<li>El mundo local como generador de pol\u00edticas sociales.<\/li>\n<li>Poner la persona en el centro de la atenci\u00f3n. Una revisi\u00f3n del territorio de los modelos de atenci\u00f3n integrada y de base.<\/li>\n<li>Garantizar ingresos para garantizar derechos de la ciudadan\u00eda. Las pol\u00edticas de inclusi\u00f3n y de inserci\u00f3n en la agenda municipal.<\/li>\n<li>La cooperaci\u00f3n p\u00fablico-social en la provisi\u00f3n de servicios a las personas.<\/li>\n<li>El papel del Tercer Sector en la construcci\u00f3n comunitaria de una ciudadan\u00eda activa, comprometida y transformadora.<\/li>\n<li>El derecho a la vivienda y a la energ\u00eda: una colaboraci\u00f3n necesaria entre el mundo local y las entidades sociales.<\/li>\n<li>Retos digitales para unas entidades sociales innovadoras.<\/li>\n<li>Como ser\u00e1 la atenci\u00f3n a las personas en el 2030?<\/li>\n<\/ul>\n<p>Aparte de las ponencias, el congreso cuenta con diversos espacios que apuestan por la innovaci\u00f3n social: una de las novedades del congreso es el espacio de innovaci\u00f3n digital m4Social con conferencias especializadas y un showroom con aplicaciones \u00fatiles para las entidades sociales en el atenci\u00f3n a las personas, realidad virtual, rob\u00f3tica e impresi\u00f3n 3D y circuitos, aplicados en el \u00e1mbito social; tambi\u00e9n estar\u00e1 el Social Speakers &#8216;Corner con las<strong> 84 experiencias m\u00e1s innovadoras del sector social<\/strong> en la atenci\u00f3n a las personas; gesti\u00f3n y organizaci\u00f3n de las entidades; educaci\u00f3n, formaci\u00f3n e inserci\u00f3n laboral; trabajo en red y servicios a la comunidad, atenci\u00f3n comunitaria centrada en la persona, innovaci\u00f3n tecnol\u00f3gica, etc\u00e9tera y tambi\u00e9n habr\u00e1 un espacio para la Muestra de Entidades con m\u00e1s de 30 expositores.<\/p>\n<p><img decoding=\"async\" class=\"aligncenter size-medium wp-image-10451\" src=\"https:\/\/ticsalutsocial.atoom.space\/wp-content\/uploads\/2018\/11\/debat3-300x200-1.jpg\" alt=\"\" \/><\/p>\n<p>Otro de los platos fuertes del congreso es la conferencia inaugural, el 21 de noviembre en el Auditorio del Dise\u00f1o Hub de Barcelona, a cargo de Lorena Z\u00e1rate, presidenta del Habitat International Coalition. Z\u00e1rate abordar\u00e1 el papel de la ciudad como actor clave en la generaci\u00f3n de pol\u00edticas de desarrollo social y la implicaci\u00f3n de los gobiernos locales con los movimientos sociales y las organizaciones respectivas. Asimismo, la inauguraci\u00f3n institucional del congreso contar\u00e1 con los parlamentos institucionales del presidente de la Generalitat, Quim Torra; la alcaldesa de Barcelona, Ada Colau; la alcaldesa de L&#8217;Hospitalet, N\u00faria Mar\u00edn, y la vicepresidenta de la Diputaci\u00f3n de Barcelona, Meritxell Bud\u00f3.<\/p>\n<p>Toda la informaci\u00f3n del congreso en:\u00a0<a href=\"http:\/\/www.congrestercersector.cat\">www.congrestercersector.cat<\/a><\/p>\n","protected":false},"author":21,"featured_media":3617,"menu_order":0,"template":"","meta":{"_acf_changed":false,"inline_featured_image":false},"etiqueta":[],"tipus":[94],"topic":[121],"class_list":["post-3620","noticia","type-noticia","status-publish","has-post-thumbnail","hentry","tipus-integracion-social-y-sanitaria","topic-dpd-es"],"acf":{"imatge":3619,"autor":"Adri\u00e0 G.Font","textos_destacats":[{"texte":"6\u00ba Congreso del Tercer Sector Social: \"Desigualdades sociales, soluciones locales\""}]},"yoast_head":"<!-- This site is optimized with the Yoast SEO plugin v27.1.1 - https:\/\/yoast.com\/product\/yoast-seo-wordpress\/ -->\n<title>Cuenta atr\u00e1s para la celebraci\u00f3n del 6\u00ba Congreso del Tercer Sector Social - Fundaci\u00f3 TIC Salut i Social<\/title>\n<meta name=\"robots\" content=\"index, follow, max-snippet:-1, max-image-preview:large, max-video-preview:-1\" \/>\n<link rel=\"canonical\" href=\"https:\/\/ticsalutsocial.atoom.space\/es\/noticia\/cuenta-atras-para-la-celebracion-del-6o-congreso-del-tercer-sector-social\/\" \/>\n<meta property=\"og:locale\" content=\"es_ES\" \/>\n<meta property=\"og:type\" content=\"article\" \/>\n<meta property=\"og:title\" content=\"Cuenta atr\u00e1s para la celebraci\u00f3n del 6\u00ba Congreso del Tercer Sector Social - Fundaci\u00f3 TIC Salut i Social\" \/>\n<meta property=\"og:description\" content=\"El 6\u00ba Congreso del Tercer Sector Social se celebra durante los d\u00edas 20, 21 y 22 de noviembre en el Disseny Hub Barcelona y en la Farga de L&#8217;Hospitalet de Llobregat, con el lema &#8216;Desigualdades sociales, soluciones locales&#8217;. El espacio pretende potenciar el debate y la reflexi\u00f3n sobre la relaci\u00f3n entre el mundo local (ayuntamientos, [&hellip;]\" \/>\n<meta property=\"og:url\" content=\"https:\/\/ticsalutsocial.atoom.space\/es\/noticia\/cuenta-atras-para-la-celebracion-del-6o-congreso-del-tercer-sector-social\/\" \/>\n<meta property=\"og:site_name\" content=\"Fundaci\u00f3 TIC Salut i Social\" \/>\n<meta property=\"article:modified_time\" content=\"2021-07-21T13:38:47+00:00\" \/>\n<meta property=\"og:image\" content=\"https:\/\/ticsalutsocial.atoom.space\/wp-content\/uploads\/2018\/11\/debat2.jpg\" \/>\n\t<meta property=\"og:image:width\" content=\"2000\" \/>\n\t<meta property=\"og:image:height\" content=\"1333\" \/>\n\t<meta property=\"og:image:type\" content=\"image\/jpeg\" \/>\n<meta name=\"twitter:card\" content=\"summary_large_image\" \/>\n<meta name=\"twitter:label1\" content=\"Tiempo de lectura\" \/>\n\t<meta name=\"twitter:data1\" content=\"3 minutos\" \/>\n<script type=\"application\/ld+json\" class=\"yoast-schema-graph\">{\"@context\":\"https:\/\/schema.org\",\"@graph\":[{\"@type\":\"WebPage\",\"@id\":\"https:\/\/ticsalutsocial.atoom.space\/es\/noticia\/cuenta-atras-para-la-celebracion-del-6o-congreso-del-tercer-sector-social\/\",\"url\":\"https:\/\/ticsalutsocial.atoom.space\/es\/noticia\/cuenta-atras-para-la-celebracion-del-6o-congreso-del-tercer-sector-social\/\",\"name\":\"Cuenta atr\u00e1s para la celebraci\u00f3n del 6\u00ba Congreso del Tercer Sector Social - Fundaci\u00f3 TIC Salut i Social\",\"isPartOf\":{\"@id\":\"https:\/\/ticsalutsocial.atoom.space\/es\/#website\"},\"primaryImageOfPage\":{\"@id\":\"https:\/\/ticsalutsocial.atoom.space\/es\/noticia\/cuenta-atras-para-la-celebracion-del-6o-congreso-del-tercer-sector-social\/#primaryimage\"},\"image\":{\"@id\":\"https:\/\/ticsalutsocial.atoom.space\/es\/noticia\/cuenta-atras-para-la-celebracion-del-6o-congreso-del-tercer-sector-social\/#primaryimage\"},\"thumbnailUrl\":\"https:\/\/ticsalutsocial.atoom.space\/wp-content\/uploads\/2018\/11\/debat2.jpg\",\"datePublished\":\"2018-11-12T11:04:33+00:00\",\"dateModified\":\"2021-07-21T13:38:47+00:00\",\"breadcrumb\":{\"@id\":\"https:\/\/ticsalutsocial.atoom.space\/es\/noticia\/cuenta-atras-para-la-celebracion-del-6o-congreso-del-tercer-sector-social\/#breadcrumb\"},\"inLanguage\":\"es\",\"potentialAction\":[{\"@type\":\"ReadAction\",\"target\":[\"https:\/\/ticsalutsocial.atoom.space\/es\/noticia\/cuenta-atras-para-la-celebracion-del-6o-congreso-del-tercer-sector-social\/\"]}]},{\"@type\":\"ImageObject\",\"inLanguage\":\"es\",\"@id\":\"https:\/\/ticsalutsocial.atoom.space\/es\/noticia\/cuenta-atras-para-la-celebracion-del-6o-congreso-del-tercer-sector-social\/#primaryimage\",\"url\":\"https:\/\/ticsalutsocial.atoom.space\/wp-content\/uploads\/2018\/11\/debat2.jpg\",\"contentUrl\":\"https:\/\/ticsalutsocial.atoom.space\/wp-content\/uploads\/2018\/11\/debat2.jpg\",\"width\":2000,\"height\":1333},{\"@type\":\"BreadcrumbList\",\"@id\":\"https:\/\/ticsalutsocial.atoom.space\/es\/noticia\/cuenta-atras-para-la-celebracion-del-6o-congreso-del-tercer-sector-social\/#breadcrumb\",\"itemListElement\":[{\"@type\":\"ListItem\",\"position\":1,\"name\":\"Inici\",\"item\":\"https:\/\/ticsalutsocial.atoom.space\/es\/\"},{\"@type\":\"ListItem\",\"position\":2,\"name\":\"Cuenta atr\u00e1s para la celebraci\u00f3n del 6\u00ba Congreso del Tercer Sector Social\"}]},{\"@type\":\"WebSite\",\"@id\":\"https:\/\/ticsalutsocial.atoom.space\/es\/#website\",\"url\":\"https:\/\/ticsalutsocial.atoom.space\/es\/\",\"name\":\"Fundaci\u00f3 TIC Salut i Social\",\"description\":\"\",\"potentialAction\":[{\"@type\":\"SearchAction\",\"target\":{\"@type\":\"EntryPoint\",\"urlTemplate\":\"https:\/\/ticsalutsocial.atoom.space\/es\/?s={search_term_string}\"},\"query-input\":{\"@type\":\"PropertyValueSpecification\",\"valueRequired\":true,\"valueName\":\"search_term_string\"}}],\"inLanguage\":\"es\"}]}<\/script>\n<!-- \/ Yoast SEO plugin. -->","yoast_head_json":{"title":"Cuenta atr\u00e1s para la celebraci\u00f3n del 6\u00ba Congreso del Tercer Sector Social - Fundaci\u00f3 TIC Salut i Social","robots":{"index":"index","follow":"follow","max-snippet":"max-snippet:-1","max-image-preview":"max-image-preview:large","max-video-preview":"max-video-preview:-1"},"canonical":"https:\/\/ticsalutsocial.atoom.space\/es\/noticia\/cuenta-atras-para-la-celebracion-del-6o-congreso-del-tercer-sector-social\/","og_locale":"es_ES","og_type":"article","og_title":"Cuenta atr\u00e1s para la celebraci\u00f3n del 6\u00ba Congreso del Tercer Sector Social - Fundaci\u00f3 TIC Salut i Social","og_description":"El 6\u00ba Congreso del Tercer Sector Social se celebra durante los d\u00edas 20, 21 y 22 de noviembre en el Disseny Hub Barcelona y en la Farga de L&#8217;Hospitalet de Llobregat, con el lema &#8216;Desigualdades sociales, soluciones locales&#8217;. El espacio pretende potenciar el debate y la reflexi\u00f3n sobre la relaci\u00f3n entre el mundo local (ayuntamientos, [&hellip;]","og_url":"https:\/\/ticsalutsocial.atoom.space\/es\/noticia\/cuenta-atras-para-la-celebracion-del-6o-congreso-del-tercer-sector-social\/","og_site_name":"Fundaci\u00f3 TIC Salut i Social","article_modified_time":"2021-07-21T13:38:47+00:00","og_image":[{"width":2000,"height":1333,"url":"https:\/\/ticsalutsocial.atoom.space\/wp-content\/uploads\/2018\/11\/debat2.jpg","type":"image\/jpeg"}],"twitter_card":"summary_large_image","twitter_misc":{"Tiempo de lectura":"3 minutos"},"schema":{"@context":"https:\/\/schema.org","@graph":[{"@type":"WebPage","@id":"https:\/\/ticsalutsocial.atoom.space\/es\/noticia\/cuenta-atras-para-la-celebracion-del-6o-congreso-del-tercer-sector-social\/","url":"https:\/\/ticsalutsocial.atoom.space\/es\/noticia\/cuenta-atras-para-la-celebracion-del-6o-congreso-del-tercer-sector-social\/","name":"Cuenta atr\u00e1s para la celebraci\u00f3n del 6\u00ba Congreso del Tercer Sector Social - Fundaci\u00f3 TIC Salut i Social","isPartOf":{"@id":"https:\/\/ticsalutsocial.atoom.space\/es\/#website"},"primaryImageOfPage":{"@id":"https:\/\/ticsalutsocial.atoom.space\/es\/noticia\/cuenta-atras-para-la-celebracion-del-6o-congreso-del-tercer-sector-social\/#primaryimage"},"image":{"@id":"https:\/\/ticsalutsocial.atoom.space\/es\/noticia\/cuenta-atras-para-la-celebracion-del-6o-congreso-del-tercer-sector-social\/#primaryimage"},"thumbnailUrl":"https:\/\/ticsalutsocial.atoom.space\/wp-content\/uploads\/2018\/11\/debat2.jpg","datePublished":"2018-11-12T11:04:33+00:00","dateModified":"2021-07-21T13:38:47+00:00","breadcrumb":{"@id":"https:\/\/ticsalutsocial.atoom.space\/es\/noticia\/cuenta-atras-para-la-celebracion-del-6o-congreso-del-tercer-sector-social\/#breadcrumb"},"inLanguage":"es","potentialAction":[{"@type":"ReadAction","target":["https:\/\/ticsalutsocial.atoom.space\/es\/noticia\/cuenta-atras-para-la-celebracion-del-6o-congreso-del-tercer-sector-social\/"]}]},{"@type":"ImageObject","inLanguage":"es","@id":"https:\/\/ticsalutsocial.atoom.space\/es\/noticia\/cuenta-atras-para-la-celebracion-del-6o-congreso-del-tercer-sector-social\/#primaryimage","url":"https:\/\/ticsalutsocial.atoom.space\/wp-content\/uploads\/2018\/11\/debat2.jpg","contentUrl":"https:\/\/ticsalutsocial.atoom.space\/wp-content\/uploads\/2018\/11\/debat2.jpg","width":2000,"height":1333},{"@type":"BreadcrumbList","@id":"https:\/\/ticsalutsocial.atoom.space\/es\/noticia\/cuenta-atras-para-la-celebracion-del-6o-congreso-del-tercer-sector-social\/#breadcrumb","itemListElement":[{"@type":"ListItem","position":1,"name":"Inici","item":"https:\/\/ticsalutsocial.atoom.space\/es\/"},{"@type":"ListItem","position":2,"name":"Cuenta atr\u00e1s para la celebraci\u00f3n del 6\u00ba Congreso del Tercer Sector Social"}]},{"@type":"WebSite","@id":"https:\/\/ticsalutsocial.atoom.space\/es\/#website","url":"https:\/\/ticsalutsocial.atoom.space\/es\/","name":"Fundaci\u00f3 TIC Salut i Social","description":"","potentialAction":[{"@type":"SearchAction","target":{"@type":"EntryPoint","urlTemplate":"https:\/\/ticsalutsocial.atoom.space\/es\/?s={search_term_string}"},"query-input":{"@type":"PropertyValueSpecification","valueRequired":true,"valueName":"search_term_string"}}],"inLanguage":"es"}]}},"_links":{"self":[{"href":"https:\/\/ticsalutsocial.atoom.space\/es\/wp-json\/wp\/v2\/noticia\/3620","targetHints":{"allow":["GET"]}}],"collection":[{"href":"https:\/\/ticsalutsocial.atoom.space\/es\/wp-json\/wp\/v2\/noticia"}],"about":[{"href":"https:\/\/ticsalutsocial.atoom.space\/es\/wp-json\/wp\/v2\/types\/noticia"}],"author":[{"embeddable":true,"href":"https:\/\/ticsalutsocial.atoom.space\/es\/wp-json\/wp\/v2\/users\/21"}],"wp:featuredmedia":[{"embeddable":true,"href":"https:\/\/ticsalutsocial.atoom.space\/es\/wp-json\/wp\/v2\/media\/3617"}],"wp:attachment":[{"href":"https:\/\/ticsalutsocial.atoom.space\/es\/wp-json\/wp\/v2\/media?parent=3620"}],"wp:term":[{"taxonomy":"etiqueta","embeddable":true,"href":"https:\/\/ticsalutsocial.atoom.space\/es\/wp-json\/wp\/v2\/etiqueta?post=3620"},{"taxonomy":"tipus","embeddable":true,"href":"https:\/\/ticsalutsocial.atoom.space\/es\/wp-json\/wp\/v2\/tipus?post=3620"},{"taxonomy":"topic","embeddable":true,"href":"https:\/\/ticsalutsocial.atoom.space\/es\/wp-json\/wp\/v2\/topic?post=3620"}],"curies":[{"name":"wp","href":"https:\/\/api.w.org\/{rel}","templated":true}]}}