
{"id":3622,"date":"2018-11-12T16:44:06","date_gmt":"2018-11-12T14:44:06","guid":{"rendered":"https:\/\/ticsalutsocial.atoom.space\/?post_type=noticia&#038;p=3622"},"modified":"2021-07-21T15:38:52","modified_gmt":"2021-07-21T13:38:52","slug":"reunion-presencial-de-los-expertos-funcionales-del-servicio-de-acreditacion-de-apps-y-del-portal-appsalut","status":"publish","type":"noticia","link":"https:\/\/ticsalutsocial.atoom.space\/es\/noticia\/reunion-presencial-de-los-expertos-funcionales-del-servicio-de-acreditacion-de-apps-y-del-portal-appsalut\/","title":{"rendered":"Reuni\u00f3n presencial de los expertos funcionales del Servicio de Acreditaci\u00f3n de Apps y del Portal AppSalut"},"content":{"rendered":"<p>El d\u00eda 12 de noviembre ha tenido lugar la reuni\u00f3n de trabajo trimestral de los expertos funcionales del Servicio de Acreditaci\u00f3n de la <em>Fundaci\u00f3n TIC Salut Social<\/em> y del <em>Portal AppSalut,<\/em> con asistencia de los representantes de las organizaciones que lo componen: Daniel Lara (COPLEFC), Mireia Sans (COMB), Marc Fuertes (COIB), Clara Salvad\u00f3 (CatSalut) y Maite Garolera (SCEPC).<\/p>\n<p>Los temas tratados han sido la revisi\u00f3n de la situaci\u00f3n actual del proyecto AppSalut, discusi\u00f3n sobre los contenidos por acreditar del app Propeller Health, revisi\u00f3n de la \u00faltima acreditaci\u00f3n de la app <em>061 CatSalut Respon<\/em>.<\/p>\n<p>Finalmente se ha calendaritzat la actividad prevsta para el ejercicio 2019<\/p>\n","protected":false},"author":21,"featured_media":6901,"menu_order":0,"template":"","meta":{"_acf_changed":false,"inline_featured_image":false},"etiqueta":[],"tipus":[654],"topic":[125],"class_list":["post-3622","noticia","type-noticia","status-publish","has-post-thumbnail","hentry","tipus-activos-digitales","topic-hub-es"],"acf":{"imatge":6903,"autor":"Adri\u00e0 G.Font"},"yoast_head":"<!-- This site is optimized with the Yoast SEO plugin v27.1.1 - https:\/\/yoast.com\/product\/yoast-seo-wordpress\/ -->\n<title>Reuni\u00f3n presencial de los expertos funcionales del Servicio de Acreditaci\u00f3n de Apps y del Portal AppSalut - Fundaci\u00f3 TIC Salut i Social<\/title>\n<meta name=\"robots\" content=\"index, follow, max-snippet:-1, max-image-preview:large, max-video-preview:-1\" \/>\n<link rel=\"canonical\" href=\"https:\/\/ticsalutsocial.atoom.space\/es\/noticia\/reunion-presencial-de-los-expertos-funcionales-del-servicio-de-acreditacion-de-apps-y-del-portal-appsalut\/\" \/>\n<meta property=\"og:locale\" content=\"es_ES\" \/>\n<meta property=\"og:type\" content=\"article\" \/>\n<meta property=\"og:title\" content=\"Reuni\u00f3n presencial de los expertos funcionales del Servicio de Acreditaci\u00f3n de Apps y del Portal AppSalut - Fundaci\u00f3 TIC Salut i Social\" \/>\n<meta property=\"og:description\" content=\"El d\u00eda 12 de noviembre ha tenido lugar la reuni\u00f3n de trabajo trimestral de los expertos funcionales del Servicio de Acreditaci\u00f3n de la Fundaci\u00f3n TIC Salut Social y del Portal AppSalut, con asistencia de los representantes de las organizaciones que lo componen: Daniel Lara (COPLEFC), Mireia Sans (COMB), Marc Fuertes (COIB), Clara Salvad\u00f3 (CatSalut) y [&hellip;]\" \/>\n<meta property=\"og:url\" content=\"https:\/\/ticsalutsocial.atoom.space\/es\/noticia\/reunion-presencial-de-los-expertos-funcionales-del-servicio-de-acreditacion-de-apps-y-del-portal-appsalut\/\" \/>\n<meta property=\"og:site_name\" content=\"Fundaci\u00f3 TIC Salut i Social\" \/>\n<meta property=\"article:modified_time\" content=\"2021-07-21T13:38:52+00:00\" \/>\n<meta property=\"og:image\" content=\"https:\/\/ticsalutsocial.atoom.space\/wp-content\/uploads\/2018\/11\/1-scaled.jpg\" \/>\n\t<meta property=\"og:image:width\" content=\"2560\" \/>\n\t<meta property=\"og:image:height\" content=\"1920\" \/>\n\t<meta property=\"og:image:type\" content=\"image\/jpeg\" \/>\n<meta name=\"twitter:card\" content=\"summary_large_image\" \/>\n<meta name=\"twitter:label1\" content=\"Tiempo de lectura\" \/>\n\t<meta name=\"twitter:data1\" content=\"1 minuto\" \/>\n<script type=\"application\/ld+json\" class=\"yoast-schema-graph\">{\"@context\":\"https:\/\/schema.org\",\"@graph\":[{\"@type\":\"WebPage\",\"@id\":\"https:\/\/ticsalutsocial.atoom.space\/es\/noticia\/reunion-presencial-de-los-expertos-funcionales-del-servicio-de-acreditacion-de-apps-y-del-portal-appsalut\/\",\"url\":\"https:\/\/ticsalutsocial.atoom.space\/es\/noticia\/reunion-presencial-de-los-expertos-funcionales-del-servicio-de-acreditacion-de-apps-y-del-portal-appsalut\/\",\"name\":\"Reuni\u00f3n presencial de los expertos funcionales del Servicio de Acreditaci\u00f3n de Apps y del Portal AppSalut - Fundaci\u00f3 TIC Salut i Social\",\"isPartOf\":{\"@id\":\"https:\/\/ticsalutsocial.atoom.space\/es\/#website\"},\"primaryImageOfPage\":{\"@id\":\"https:\/\/ticsalutsocial.atoom.space\/es\/noticia\/reunion-presencial-de-los-expertos-funcionales-del-servicio-de-acreditacion-de-apps-y-del-portal-appsalut\/#primaryimage\"},\"image\":{\"@id\":\"https:\/\/ticsalutsocial.atoom.space\/es\/noticia\/reunion-presencial-de-los-expertos-funcionales-del-servicio-de-acreditacion-de-apps-y-del-portal-appsalut\/#primaryimage\"},\"thumbnailUrl\":\"https:\/\/ticsalutsocial.atoom.space\/wp-content\/uploads\/2018\/11\/1-scaled.jpg\",\"datePublished\":\"2018-11-12T14:44:06+00:00\",\"dateModified\":\"2021-07-21T13:38:52+00:00\",\"breadcrumb\":{\"@id\":\"https:\/\/ticsalutsocial.atoom.space\/es\/noticia\/reunion-presencial-de-los-expertos-funcionales-del-servicio-de-acreditacion-de-apps-y-del-portal-appsalut\/#breadcrumb\"},\"inLanguage\":\"es\",\"potentialAction\":[{\"@type\":\"ReadAction\",\"target\":[\"https:\/\/ticsalutsocial.atoom.space\/es\/noticia\/reunion-presencial-de-los-expertos-funcionales-del-servicio-de-acreditacion-de-apps-y-del-portal-appsalut\/\"]}]},{\"@type\":\"ImageObject\",\"inLanguage\":\"es\",\"@id\":\"https:\/\/ticsalutsocial.atoom.space\/es\/noticia\/reunion-presencial-de-los-expertos-funcionales-del-servicio-de-acreditacion-de-apps-y-del-portal-appsalut\/#primaryimage\",\"url\":\"https:\/\/ticsalutsocial.atoom.space\/wp-content\/uploads\/2018\/11\/1-scaled.jpg\",\"contentUrl\":\"https:\/\/ticsalutsocial.atoom.space\/wp-content\/uploads\/2018\/11\/1-scaled.jpg\",\"width\":2560,\"height\":1920},{\"@type\":\"BreadcrumbList\",\"@id\":\"https:\/\/ticsalutsocial.atoom.space\/es\/noticia\/reunion-presencial-de-los-expertos-funcionales-del-servicio-de-acreditacion-de-apps-y-del-portal-appsalut\/#breadcrumb\",\"itemListElement\":[{\"@type\":\"ListItem\",\"position\":1,\"name\":\"Inici\",\"item\":\"https:\/\/ticsalutsocial.atoom.space\/es\/\"},{\"@type\":\"ListItem\",\"position\":2,\"name\":\"Reuni\u00f3n presencial de los expertos funcionales del Servicio de Acreditaci\u00f3n de Apps y del Portal AppSalut\"}]},{\"@type\":\"WebSite\",\"@id\":\"https:\/\/ticsalutsocial.atoom.space\/es\/#website\",\"url\":\"https:\/\/ticsalutsocial.atoom.space\/es\/\",\"name\":\"Fundaci\u00f3 TIC Salut i Social\",\"description\":\"\",\"potentialAction\":[{\"@type\":\"SearchAction\",\"target\":{\"@type\":\"EntryPoint\",\"urlTemplate\":\"https:\/\/ticsalutsocial.atoom.space\/es\/?s={search_term_string}\"},\"query-input\":{\"@type\":\"PropertyValueSpecification\",\"valueRequired\":true,\"valueName\":\"search_term_string\"}}],\"inLanguage\":\"es\"}]}<\/script>\n<!-- \/ Yoast SEO plugin. -->","yoast_head_json":{"title":"Reuni\u00f3n presencial de los expertos funcionales del Servicio de Acreditaci\u00f3n de Apps y del Portal AppSalut - Fundaci\u00f3 TIC Salut i Social","robots":{"index":"index","follow":"follow","max-snippet":"max-snippet:-1","max-image-preview":"max-image-preview:large","max-video-preview":"max-video-preview:-1"},"canonical":"https:\/\/ticsalutsocial.atoom.space\/es\/noticia\/reunion-presencial-de-los-expertos-funcionales-del-servicio-de-acreditacion-de-apps-y-del-portal-appsalut\/","og_locale":"es_ES","og_type":"article","og_title":"Reuni\u00f3n presencial de los expertos funcionales del Servicio de Acreditaci\u00f3n de Apps y del Portal AppSalut - Fundaci\u00f3 TIC Salut i Social","og_description":"El d\u00eda 12 de noviembre ha tenido lugar la reuni\u00f3n de trabajo trimestral de los expertos funcionales del Servicio de Acreditaci\u00f3n de la Fundaci\u00f3n TIC Salut Social y del Portal AppSalut, con asistencia de los representantes de las organizaciones que lo componen: Daniel Lara (COPLEFC), Mireia Sans (COMB), Marc Fuertes (COIB), Clara Salvad\u00f3 (CatSalut) y [&hellip;]","og_url":"https:\/\/ticsalutsocial.atoom.space\/es\/noticia\/reunion-presencial-de-los-expertos-funcionales-del-servicio-de-acreditacion-de-apps-y-del-portal-appsalut\/","og_site_name":"Fundaci\u00f3 TIC Salut i Social","article_modified_time":"2021-07-21T13:38:52+00:00","og_image":[{"width":2560,"height":1920,"url":"https:\/\/ticsalutsocial.atoom.space\/wp-content\/uploads\/2018\/11\/1-scaled.jpg","type":"image\/jpeg"}],"twitter_card":"summary_large_image","twitter_misc":{"Tiempo de lectura":"1 minuto"},"schema":{"@context":"https:\/\/schema.org","@graph":[{"@type":"WebPage","@id":"https:\/\/ticsalutsocial.atoom.space\/es\/noticia\/reunion-presencial-de-los-expertos-funcionales-del-servicio-de-acreditacion-de-apps-y-del-portal-appsalut\/","url":"https:\/\/ticsalutsocial.atoom.space\/es\/noticia\/reunion-presencial-de-los-expertos-funcionales-del-servicio-de-acreditacion-de-apps-y-del-portal-appsalut\/","name":"Reuni\u00f3n presencial de los expertos funcionales del Servicio de Acreditaci\u00f3n de Apps y del Portal AppSalut - Fundaci\u00f3 TIC Salut i Social","isPartOf":{"@id":"https:\/\/ticsalutsocial.atoom.space\/es\/#website"},"primaryImageOfPage":{"@id":"https:\/\/ticsalutsocial.atoom.space\/es\/noticia\/reunion-presencial-de-los-expertos-funcionales-del-servicio-de-acreditacion-de-apps-y-del-portal-appsalut\/#primaryimage"},"image":{"@id":"https:\/\/ticsalutsocial.atoom.space\/es\/noticia\/reunion-presencial-de-los-expertos-funcionales-del-servicio-de-acreditacion-de-apps-y-del-portal-appsalut\/#primaryimage"},"thumbnailUrl":"https:\/\/ticsalutsocial.atoom.space\/wp-content\/uploads\/2018\/11\/1-scaled.jpg","datePublished":"2018-11-12T14:44:06+00:00","dateModified":"2021-07-21T13:38:52+00:00","breadcrumb":{"@id":"https:\/\/ticsalutsocial.atoom.space\/es\/noticia\/reunion-presencial-de-los-expertos-funcionales-del-servicio-de-acreditacion-de-apps-y-del-portal-appsalut\/#breadcrumb"},"inLanguage":"es","potentialAction":[{"@type":"ReadAction","target":["https:\/\/ticsalutsocial.atoom.space\/es\/noticia\/reunion-presencial-de-los-expertos-funcionales-del-servicio-de-acreditacion-de-apps-y-del-portal-appsalut\/"]}]},{"@type":"ImageObject","inLanguage":"es","@id":"https:\/\/ticsalutsocial.atoom.space\/es\/noticia\/reunion-presencial-de-los-expertos-funcionales-del-servicio-de-acreditacion-de-apps-y-del-portal-appsalut\/#primaryimage","url":"https:\/\/ticsalutsocial.atoom.space\/wp-content\/uploads\/2018\/11\/1-scaled.jpg","contentUrl":"https:\/\/ticsalutsocial.atoom.space\/wp-content\/uploads\/2018\/11\/1-scaled.jpg","width":2560,"height":1920},{"@type":"BreadcrumbList","@id":"https:\/\/ticsalutsocial.atoom.space\/es\/noticia\/reunion-presencial-de-los-expertos-funcionales-del-servicio-de-acreditacion-de-apps-y-del-portal-appsalut\/#breadcrumb","itemListElement":[{"@type":"ListItem","position":1,"name":"Inici","item":"https:\/\/ticsalutsocial.atoom.space\/es\/"},{"@type":"ListItem","position":2,"name":"Reuni\u00f3n presencial de los expertos funcionales del Servicio de Acreditaci\u00f3n de Apps y del Portal AppSalut"}]},{"@type":"WebSite","@id":"https:\/\/ticsalutsocial.atoom.space\/es\/#website","url":"https:\/\/ticsalutsocial.atoom.space\/es\/","name":"Fundaci\u00f3 TIC Salut i Social","description":"","potentialAction":[{"@type":"SearchAction","target":{"@type":"EntryPoint","urlTemplate":"https:\/\/ticsalutsocial.atoom.space\/es\/?s={search_term_string}"},"query-input":{"@type":"PropertyValueSpecification","valueRequired":true,"valueName":"search_term_string"}}],"inLanguage":"es"}]}},"_links":{"self":[{"href":"https:\/\/ticsalutsocial.atoom.space\/es\/wp-json\/wp\/v2\/noticia\/3622","targetHints":{"allow":["GET"]}}],"collection":[{"href":"https:\/\/ticsalutsocial.atoom.space\/es\/wp-json\/wp\/v2\/noticia"}],"about":[{"href":"https:\/\/ticsalutsocial.atoom.space\/es\/wp-json\/wp\/v2\/types\/noticia"}],"author":[{"embeddable":true,"href":"https:\/\/ticsalutsocial.atoom.space\/es\/wp-json\/wp\/v2\/users\/21"}],"wp:featuredmedia":[{"embeddable":true,"href":"https:\/\/ticsalutsocial.atoom.space\/es\/wp-json\/wp\/v2\/media\/6901"}],"wp:attachment":[{"href":"https:\/\/ticsalutsocial.atoom.space\/es\/wp-json\/wp\/v2\/media?parent=3622"}],"wp:term":[{"taxonomy":"etiqueta","embeddable":true,"href":"https:\/\/ticsalutsocial.atoom.space\/es\/wp-json\/wp\/v2\/etiqueta?post=3622"},{"taxonomy":"tipus","embeddable":true,"href":"https:\/\/ticsalutsocial.atoom.space\/es\/wp-json\/wp\/v2\/tipus?post=3622"},{"taxonomy":"topic","embeddable":true,"href":"https:\/\/ticsalutsocial.atoom.space\/es\/wp-json\/wp\/v2\/topic?post=3622"}],"curies":[{"name":"wp","href":"https:\/\/api.w.org\/{rel}","templated":true}]}}