
{"id":3625,"date":"2018-11-12T17:01:06","date_gmt":"2018-11-12T15:01:06","guid":{"rendered":"https:\/\/ticsalutsocial.atoom.space\/?post_type=noticia&#038;p=3625"},"modified":"2021-07-21T15:38:58","modified_gmt":"2021-07-21T13:38:58","slug":"acuerdo-por-un-nuevo-convenio-de-colaboracion-con-el-scepc","status":"publish","type":"noticia","link":"https:\/\/ticsalutsocial.atoom.space\/es\/noticia\/acuerdo-por-un-nuevo-convenio-de-colaboracion-con-el-scepc\/","title":{"rendered":"Acuerdo por un nuevo convenio de colaboraci\u00f3n con el SCEPC"},"content":{"rendered":"<p>El 12 noviembre se ha realizado la firma del Convenio Marco de Colaboraci\u00f3n entre la <em>Fundaci\u00f3 TIC Salut Social<\/em> y la Sociedad Catalana de Especialistas en Psicolog\u00eda Cl\u00ednica (SCPEC) para la acreditaci\u00f3n de contenidos del Portal AppSalut.<\/p>\n<p>Al encuentro han asistido, por parte de la <em>Fundaci\u00f3 TIC Salut Social<\/em>, el Director Josu\u00e8 Sellent, y por parte del SCEPC en su condici\u00f3n de Presidenta, Maite Garolera Freixa.<\/p>\n<p>Con esta nueva incorporaci\u00f3n se ampl\u00eda la visi\u00f3n del grupo de expertos funcionales que participan en el proceso de acreditaci\u00f3n de Apps de la <em>Fundaci\u00f3 TIC Salut Social<\/em>.<\/p>\n","protected":false},"author":21,"featured_media":6904,"menu_order":0,"template":"","meta":{"_acf_changed":false,"inline_featured_image":false},"etiqueta":[],"tipus":[654],"topic":[125],"class_list":["post-3625","noticia","type-noticia","status-publish","has-post-thumbnail","hentry","tipus-activos-digitales","topic-hub-es"],"acf":{"imatge":6906,"autor":"Adri\u00e0 G.Font"},"yoast_head":"<!-- This site is optimized with the Yoast SEO plugin v27.1.1 - https:\/\/yoast.com\/product\/yoast-seo-wordpress\/ -->\n<title>Acuerdo por un nuevo convenio de colaboraci\u00f3n con el SCEPC - Fundaci\u00f3 TIC Salut i Social<\/title>\n<meta name=\"robots\" content=\"index, follow, max-snippet:-1, max-image-preview:large, max-video-preview:-1\" \/>\n<link rel=\"canonical\" href=\"https:\/\/ticsalutsocial.atoom.space\/es\/noticia\/acuerdo-por-un-nuevo-convenio-de-colaboracion-con-el-scepc\/\" \/>\n<meta property=\"og:locale\" content=\"es_ES\" \/>\n<meta property=\"og:type\" content=\"article\" \/>\n<meta property=\"og:title\" content=\"Acuerdo por un nuevo convenio de colaboraci\u00f3n con el SCEPC - Fundaci\u00f3 TIC Salut i Social\" \/>\n<meta property=\"og:description\" content=\"El 12 noviembre se ha realizado la firma del Convenio Marco de Colaboraci\u00f3n entre la Fundaci\u00f3 TIC Salut Social y la Sociedad Catalana de Especialistas en Psicolog\u00eda Cl\u00ednica (SCPEC) para la acreditaci\u00f3n de contenidos del Portal AppSalut. Al encuentro han asistido, por parte de la Fundaci\u00f3 TIC Salut Social, el Director Josu\u00e8 Sellent, y por [&hellip;]\" \/>\n<meta property=\"og:url\" content=\"https:\/\/ticsalutsocial.atoom.space\/es\/noticia\/acuerdo-por-un-nuevo-convenio-de-colaboracion-con-el-scepc\/\" \/>\n<meta property=\"og:site_name\" content=\"Fundaci\u00f3 TIC Salut i Social\" \/>\n<meta property=\"article:modified_time\" content=\"2021-07-21T13:38:58+00:00\" \/>\n<meta property=\"og:image\" content=\"https:\/\/ticsalutsocial.atoom.space\/wp-content\/uploads\/2018\/11\/2-scaled.jpg\" \/>\n\t<meta property=\"og:image:width\" content=\"2560\" \/>\n\t<meta property=\"og:image:height\" content=\"1920\" \/>\n\t<meta property=\"og:image:type\" content=\"image\/jpeg\" \/>\n<meta name=\"twitter:card\" content=\"summary_large_image\" \/>\n<meta name=\"twitter:label1\" content=\"Tiempo de lectura\" \/>\n\t<meta name=\"twitter:data1\" content=\"1 minuto\" \/>\n<script type=\"application\/ld+json\" class=\"yoast-schema-graph\">{\"@context\":\"https:\/\/schema.org\",\"@graph\":[{\"@type\":\"WebPage\",\"@id\":\"https:\/\/ticsalutsocial.atoom.space\/es\/noticia\/acuerdo-por-un-nuevo-convenio-de-colaboracion-con-el-scepc\/\",\"url\":\"https:\/\/ticsalutsocial.atoom.space\/es\/noticia\/acuerdo-por-un-nuevo-convenio-de-colaboracion-con-el-scepc\/\",\"name\":\"Acuerdo por un nuevo convenio de colaboraci\u00f3n con el SCEPC - Fundaci\u00f3 TIC Salut i Social\",\"isPartOf\":{\"@id\":\"https:\/\/ticsalutsocial.atoom.space\/es\/#website\"},\"primaryImageOfPage\":{\"@id\":\"https:\/\/ticsalutsocial.atoom.space\/es\/noticia\/acuerdo-por-un-nuevo-convenio-de-colaboracion-con-el-scepc\/#primaryimage\"},\"image\":{\"@id\":\"https:\/\/ticsalutsocial.atoom.space\/es\/noticia\/acuerdo-por-un-nuevo-convenio-de-colaboracion-con-el-scepc\/#primaryimage\"},\"thumbnailUrl\":\"https:\/\/ticsalutsocial.atoom.space\/wp-content\/uploads\/2018\/11\/2-scaled.jpg\",\"datePublished\":\"2018-11-12T15:01:06+00:00\",\"dateModified\":\"2021-07-21T13:38:58+00:00\",\"breadcrumb\":{\"@id\":\"https:\/\/ticsalutsocial.atoom.space\/es\/noticia\/acuerdo-por-un-nuevo-convenio-de-colaboracion-con-el-scepc\/#breadcrumb\"},\"inLanguage\":\"es\",\"potentialAction\":[{\"@type\":\"ReadAction\",\"target\":[\"https:\/\/ticsalutsocial.atoom.space\/es\/noticia\/acuerdo-por-un-nuevo-convenio-de-colaboracion-con-el-scepc\/\"]}]},{\"@type\":\"ImageObject\",\"inLanguage\":\"es\",\"@id\":\"https:\/\/ticsalutsocial.atoom.space\/es\/noticia\/acuerdo-por-un-nuevo-convenio-de-colaboracion-con-el-scepc\/#primaryimage\",\"url\":\"https:\/\/ticsalutsocial.atoom.space\/wp-content\/uploads\/2018\/11\/2-scaled.jpg\",\"contentUrl\":\"https:\/\/ticsalutsocial.atoom.space\/wp-content\/uploads\/2018\/11\/2-scaled.jpg\",\"width\":2560,\"height\":1920},{\"@type\":\"BreadcrumbList\",\"@id\":\"https:\/\/ticsalutsocial.atoom.space\/es\/noticia\/acuerdo-por-un-nuevo-convenio-de-colaboracion-con-el-scepc\/#breadcrumb\",\"itemListElement\":[{\"@type\":\"ListItem\",\"position\":1,\"name\":\"Inici\",\"item\":\"https:\/\/ticsalutsocial.atoom.space\/es\/\"},{\"@type\":\"ListItem\",\"position\":2,\"name\":\"Acuerdo por un nuevo convenio de colaboraci\u00f3n con el SCEPC\"}]},{\"@type\":\"WebSite\",\"@id\":\"https:\/\/ticsalutsocial.atoom.space\/es\/#website\",\"url\":\"https:\/\/ticsalutsocial.atoom.space\/es\/\",\"name\":\"Fundaci\u00f3 TIC Salut i Social\",\"description\":\"\",\"potentialAction\":[{\"@type\":\"SearchAction\",\"target\":{\"@type\":\"EntryPoint\",\"urlTemplate\":\"https:\/\/ticsalutsocial.atoom.space\/es\/?s={search_term_string}\"},\"query-input\":{\"@type\":\"PropertyValueSpecification\",\"valueRequired\":true,\"valueName\":\"search_term_string\"}}],\"inLanguage\":\"es\"}]}<\/script>\n<!-- \/ Yoast SEO plugin. -->","yoast_head_json":{"title":"Acuerdo por un nuevo convenio de colaboraci\u00f3n con el SCEPC - Fundaci\u00f3 TIC Salut i Social","robots":{"index":"index","follow":"follow","max-snippet":"max-snippet:-1","max-image-preview":"max-image-preview:large","max-video-preview":"max-video-preview:-1"},"canonical":"https:\/\/ticsalutsocial.atoom.space\/es\/noticia\/acuerdo-por-un-nuevo-convenio-de-colaboracion-con-el-scepc\/","og_locale":"es_ES","og_type":"article","og_title":"Acuerdo por un nuevo convenio de colaboraci\u00f3n con el SCEPC - Fundaci\u00f3 TIC Salut i Social","og_description":"El 12 noviembre se ha realizado la firma del Convenio Marco de Colaboraci\u00f3n entre la Fundaci\u00f3 TIC Salut Social y la Sociedad Catalana de Especialistas en Psicolog\u00eda Cl\u00ednica (SCPEC) para la acreditaci\u00f3n de contenidos del Portal AppSalut. Al encuentro han asistido, por parte de la Fundaci\u00f3 TIC Salut Social, el Director Josu\u00e8 Sellent, y por [&hellip;]","og_url":"https:\/\/ticsalutsocial.atoom.space\/es\/noticia\/acuerdo-por-un-nuevo-convenio-de-colaboracion-con-el-scepc\/","og_site_name":"Fundaci\u00f3 TIC Salut i Social","article_modified_time":"2021-07-21T13:38:58+00:00","og_image":[{"width":2560,"height":1920,"url":"https:\/\/ticsalutsocial.atoom.space\/wp-content\/uploads\/2018\/11\/2-scaled.jpg","type":"image\/jpeg"}],"twitter_card":"summary_large_image","twitter_misc":{"Tiempo de lectura":"1 minuto"},"schema":{"@context":"https:\/\/schema.org","@graph":[{"@type":"WebPage","@id":"https:\/\/ticsalutsocial.atoom.space\/es\/noticia\/acuerdo-por-un-nuevo-convenio-de-colaboracion-con-el-scepc\/","url":"https:\/\/ticsalutsocial.atoom.space\/es\/noticia\/acuerdo-por-un-nuevo-convenio-de-colaboracion-con-el-scepc\/","name":"Acuerdo por un nuevo convenio de colaboraci\u00f3n con el SCEPC - Fundaci\u00f3 TIC Salut i Social","isPartOf":{"@id":"https:\/\/ticsalutsocial.atoom.space\/es\/#website"},"primaryImageOfPage":{"@id":"https:\/\/ticsalutsocial.atoom.space\/es\/noticia\/acuerdo-por-un-nuevo-convenio-de-colaboracion-con-el-scepc\/#primaryimage"},"image":{"@id":"https:\/\/ticsalutsocial.atoom.space\/es\/noticia\/acuerdo-por-un-nuevo-convenio-de-colaboracion-con-el-scepc\/#primaryimage"},"thumbnailUrl":"https:\/\/ticsalutsocial.atoom.space\/wp-content\/uploads\/2018\/11\/2-scaled.jpg","datePublished":"2018-11-12T15:01:06+00:00","dateModified":"2021-07-21T13:38:58+00:00","breadcrumb":{"@id":"https:\/\/ticsalutsocial.atoom.space\/es\/noticia\/acuerdo-por-un-nuevo-convenio-de-colaboracion-con-el-scepc\/#breadcrumb"},"inLanguage":"es","potentialAction":[{"@type":"ReadAction","target":["https:\/\/ticsalutsocial.atoom.space\/es\/noticia\/acuerdo-por-un-nuevo-convenio-de-colaboracion-con-el-scepc\/"]}]},{"@type":"ImageObject","inLanguage":"es","@id":"https:\/\/ticsalutsocial.atoom.space\/es\/noticia\/acuerdo-por-un-nuevo-convenio-de-colaboracion-con-el-scepc\/#primaryimage","url":"https:\/\/ticsalutsocial.atoom.space\/wp-content\/uploads\/2018\/11\/2-scaled.jpg","contentUrl":"https:\/\/ticsalutsocial.atoom.space\/wp-content\/uploads\/2018\/11\/2-scaled.jpg","width":2560,"height":1920},{"@type":"BreadcrumbList","@id":"https:\/\/ticsalutsocial.atoom.space\/es\/noticia\/acuerdo-por-un-nuevo-convenio-de-colaboracion-con-el-scepc\/#breadcrumb","itemListElement":[{"@type":"ListItem","position":1,"name":"Inici","item":"https:\/\/ticsalutsocial.atoom.space\/es\/"},{"@type":"ListItem","position":2,"name":"Acuerdo por un nuevo convenio de colaboraci\u00f3n con el SCEPC"}]},{"@type":"WebSite","@id":"https:\/\/ticsalutsocial.atoom.space\/es\/#website","url":"https:\/\/ticsalutsocial.atoom.space\/es\/","name":"Fundaci\u00f3 TIC Salut i Social","description":"","potentialAction":[{"@type":"SearchAction","target":{"@type":"EntryPoint","urlTemplate":"https:\/\/ticsalutsocial.atoom.space\/es\/?s={search_term_string}"},"query-input":{"@type":"PropertyValueSpecification","valueRequired":true,"valueName":"search_term_string"}}],"inLanguage":"es"}]}},"_links":{"self":[{"href":"https:\/\/ticsalutsocial.atoom.space\/es\/wp-json\/wp\/v2\/noticia\/3625","targetHints":{"allow":["GET"]}}],"collection":[{"href":"https:\/\/ticsalutsocial.atoom.space\/es\/wp-json\/wp\/v2\/noticia"}],"about":[{"href":"https:\/\/ticsalutsocial.atoom.space\/es\/wp-json\/wp\/v2\/types\/noticia"}],"author":[{"embeddable":true,"href":"https:\/\/ticsalutsocial.atoom.space\/es\/wp-json\/wp\/v2\/users\/21"}],"wp:featuredmedia":[{"embeddable":true,"href":"https:\/\/ticsalutsocial.atoom.space\/es\/wp-json\/wp\/v2\/media\/6904"}],"wp:attachment":[{"href":"https:\/\/ticsalutsocial.atoom.space\/es\/wp-json\/wp\/v2\/media?parent=3625"}],"wp:term":[{"taxonomy":"etiqueta","embeddable":true,"href":"https:\/\/ticsalutsocial.atoom.space\/es\/wp-json\/wp\/v2\/etiqueta?post=3625"},{"taxonomy":"tipus","embeddable":true,"href":"https:\/\/ticsalutsocial.atoom.space\/es\/wp-json\/wp\/v2\/tipus?post=3625"},{"taxonomy":"topic","embeddable":true,"href":"https:\/\/ticsalutsocial.atoom.space\/es\/wp-json\/wp\/v2\/topic?post=3625"}],"curies":[{"name":"wp","href":"https:\/\/api.w.org\/{rel}","templated":true}]}}