
{"id":3643,"date":"2018-11-21T16:56:51","date_gmt":"2018-11-21T14:56:51","guid":{"rendered":"https:\/\/ticsalutsocial.atoom.space\/?post_type=noticia&#038;p=3643"},"modified":"2021-07-21T15:39:07","modified_gmt":"2021-07-21T13:39:07","slug":"neix-el-1er-banc-dimatges-infermeres-per-trencar-amb-els-estereotips-professionals-i-de-genere-de-les-infermeres","status":"publish","type":"noticia","link":"https:\/\/ticsalutsocial.atoom.space\/es\/noticia\/neix-el-1er-banc-dimatges-infermeres-per-trencar-amb-els-estereotips-professionals-i-de-genere-de-les-infermeres\/","title":{"rendered":"Neix el 1er Banc d\u2019Imatges Infermeres per trencar amb els estereotips professionals i de g\u00e8nere de les infermeres"},"content":{"rendered":"<ul>\n<li>Aquest gran projecte documental recollir\u00e0 <strong>m\u00e9s de 3 mil imatges<\/strong> d\u2019acc\u00e9s lliure per explicar la feina real de les infermeres i infermers catalans<\/li>\n<li>Quan estigui complert oferir\u00e0 una de les col\u00b7leccions m\u00e9s grans de fotografies sobre temes de salut en obert<\/li>\n<\/ul>\n<p>El Banc d\u2019Imatges Infermeres (BII) \u00e9s un projecte del Col\u00b7legi Oficial d\u2019Infermeres i Infermers de Barcelona que arriba per aportar una soluci\u00f3 al constant problema de representaci\u00f3 iconogr\u00e0fica que t\u00e9 aquesta professi\u00f3 a diferents nivells i suports, com ara l\u2019editorial, la comunicaci\u00f3 o la publicitat, entre d\u2019altres.<\/p>\n<p>El projecte oferir\u00e0 solucions fotogr\u00e0fiques que pretenen allunyar de la imaginaci\u00f3 col\u00b7lectiva imatges molt lesives per a la professi\u00f3 i que no responen a la realitat. \u00c9s el cas de les infermeres amb c\u00f2fies, amb vestimentes inadequades, rols h\u00edper-sexualitzats \u00a0o exercint funcions supeditades a d\u2019altres professionals de la salut, a tall d\u2019exemple.<\/p>\n<p>En el projecte ja hi col\u00b7laboren l\u2019Institut Catal\u00e0 de la Salut (ICS), l\u2019Hospital Universitari Cl\u00ednic de Barcelona, l\u2019Hospital Universitari Vall d\u2019Hebron, l\u2019Hospital de la Santa Creu i Sant Pau, l\u2019Hospital de Mollet, l\u2019Hospital de Sabadell-Parc Taul\u00ed, el Servei d\u2019Emerg\u00e8ncies M\u00e8diques (SEM), el Centre d\u2019Atenci\u00f3 Prim\u00e0ria CIS Cotxeres i el Consorci Castelldefels Agents de Salut (CASAP). Est\u00e0 previst que en les properes fases d\u2019ampliaci\u00f3 del Banc s\u2019hi involucrin els principals equipaments i institucions de l\u2019\u00e0mbit de la salut que es troben a la demarcaci\u00f3 de Barcelona.<\/p>\n<p><strong><u>Presentaci\u00f3 del Banc d\u2019Imatges Infermeres<\/u><\/strong><\/p>\n<p>Dilluns, <strong>3 de desembre, a les 10h<\/strong><\/p>\n<ul>\n<li>Col\u00b7legi de Periodistes de Catalunya. Rambla Catalunya, 10 Pral.<\/li>\n<\/ul>\n<p>Intervindran:<\/p>\n<ul>\n<li><strong>Albert Tort,<\/strong> president del COIB<\/li>\n<li><strong>N\u00faria Cuxart,<\/strong> directora de programes del COIB<\/li>\n<li><strong>\u00c0ngel Garc\u00eda,<\/strong> fot\u00f2graf del BII. Fotoperiodista. Corresponsal de Bloomberg a Catalunya<\/li>\n<li><strong>Ariadna Creus,<\/strong> fot\u00f2grafa del BII. Fotoperiodista<\/li>\n<li><strong>Galo Quintanilla,<\/strong> cap de m\u00e0rqueting del COIB<\/li>\n<\/ul>\n<p>Contacte:<\/p>\n<p>\u00c0rea de Comunicaci\u00f3 COIB<\/p>\n<p>M\u00f2nica Fidelis \u2013 <a href=\"mailto:mfidelis@coib.cat\">mfidelis@coib.cat<\/a><\/p>\n","protected":false},"author":21,"featured_media":3640,"menu_order":0,"template":"","meta":{"_acf_changed":false,"inline_featured_image":false},"etiqueta":[],"tipus":[],"topic":[121],"class_list":["post-3643","noticia","type-noticia","status-publish","has-post-thumbnail","hentry","topic-dpd-es"],"acf":{"imatge":3642,"autor":"Adri\u00e0 G.Font","textos_destacats":[{"texte":"La presentaci\u00f3 oficial tindr\u00e0 lloc el dilluns 3 de desembre al Col\u00b7legi de Periodistes de Catalunya."}]},"yoast_head":"<!-- This site is optimized with the Yoast SEO plugin v27.1.1 - https:\/\/yoast.com\/product\/yoast-seo-wordpress\/ -->\n<title>Neix el 1er Banc d\u2019Imatges Infermeres per trencar amb els estereotips professionals i de g\u00e8nere de les infermeres - Fundaci\u00f3 TIC Salut i Social<\/title>\n<meta name=\"robots\" content=\"index, follow, max-snippet:-1, max-image-preview:large, max-video-preview:-1\" \/>\n<link rel=\"canonical\" href=\"https:\/\/ticsalutsocial.atoom.space\/es\/noticia\/neix-el-1er-banc-dimatges-infermeres-per-trencar-amb-els-estereotips-professionals-i-de-genere-de-les-infermeres\/\" \/>\n<meta property=\"og:locale\" content=\"es_ES\" \/>\n<meta property=\"og:type\" content=\"article\" \/>\n<meta property=\"og:title\" content=\"Neix el 1er Banc d\u2019Imatges Infermeres per trencar amb els estereotips professionals i de g\u00e8nere de les infermeres - Fundaci\u00f3 TIC Salut i Social\" \/>\n<meta property=\"og:description\" content=\"Aquest gran projecte documental recollir\u00e0 m\u00e9s de 3 mil imatges d\u2019acc\u00e9s lliure per explicar la feina real de les infermeres i infermers catalans Quan estigui complert oferir\u00e0 una de les col\u00b7leccions m\u00e9s grans de fotografies sobre temes de salut en obert El Banc d\u2019Imatges Infermeres (BII) \u00e9s un projecte del Col\u00b7legi Oficial d\u2019Infermeres i Infermers [&hellip;]\" \/>\n<meta property=\"og:url\" content=\"https:\/\/ticsalutsocial.atoom.space\/es\/noticia\/neix-el-1er-banc-dimatges-infermeres-per-trencar-amb-els-estereotips-professionals-i-de-genere-de-les-infermeres\/\" \/>\n<meta property=\"og:site_name\" content=\"Fundaci\u00f3 TIC Salut i Social\" \/>\n<meta property=\"article:modified_time\" content=\"2021-07-21T13:39:07+00:00\" \/>\n<meta property=\"og:image\" content=\"https:\/\/ticsalutsocial.atoom.space\/wp-content\/uploads\/2018\/11\/inf.png\" \/>\n\t<meta property=\"og:image:width\" content=\"441\" \/>\n\t<meta property=\"og:image:height\" content=\"221\" \/>\n\t<meta property=\"og:image:type\" content=\"image\/png\" \/>\n<meta name=\"twitter:card\" content=\"summary_large_image\" \/>\n<meta name=\"twitter:label1\" content=\"Tiempo de lectura\" \/>\n\t<meta name=\"twitter:data1\" content=\"2 minutos\" \/>\n<script type=\"application\/ld+json\" class=\"yoast-schema-graph\">{\"@context\":\"https:\/\/schema.org\",\"@graph\":[{\"@type\":\"WebPage\",\"@id\":\"https:\/\/ticsalutsocial.atoom.space\/es\/noticia\/neix-el-1er-banc-dimatges-infermeres-per-trencar-amb-els-estereotips-professionals-i-de-genere-de-les-infermeres\/\",\"url\":\"https:\/\/ticsalutsocial.atoom.space\/es\/noticia\/neix-el-1er-banc-dimatges-infermeres-per-trencar-amb-els-estereotips-professionals-i-de-genere-de-les-infermeres\/\",\"name\":\"Neix el 1er Banc d\u2019Imatges Infermeres per trencar amb els estereotips professionals i de g\u00e8nere de les infermeres - Fundaci\u00f3 TIC Salut i Social\",\"isPartOf\":{\"@id\":\"https:\/\/ticsalutsocial.atoom.space\/es\/#website\"},\"primaryImageOfPage\":{\"@id\":\"https:\/\/ticsalutsocial.atoom.space\/es\/noticia\/neix-el-1er-banc-dimatges-infermeres-per-trencar-amb-els-estereotips-professionals-i-de-genere-de-les-infermeres\/#primaryimage\"},\"image\":{\"@id\":\"https:\/\/ticsalutsocial.atoom.space\/es\/noticia\/neix-el-1er-banc-dimatges-infermeres-per-trencar-amb-els-estereotips-professionals-i-de-genere-de-les-infermeres\/#primaryimage\"},\"thumbnailUrl\":\"https:\/\/ticsalutsocial.atoom.space\/wp-content\/uploads\/2018\/11\/inf.png\",\"datePublished\":\"2018-11-21T14:56:51+00:00\",\"dateModified\":\"2021-07-21T13:39:07+00:00\",\"breadcrumb\":{\"@id\":\"https:\/\/ticsalutsocial.atoom.space\/es\/noticia\/neix-el-1er-banc-dimatges-infermeres-per-trencar-amb-els-estereotips-professionals-i-de-genere-de-les-infermeres\/#breadcrumb\"},\"inLanguage\":\"es\",\"potentialAction\":[{\"@type\":\"ReadAction\",\"target\":[\"https:\/\/ticsalutsocial.atoom.space\/es\/noticia\/neix-el-1er-banc-dimatges-infermeres-per-trencar-amb-els-estereotips-professionals-i-de-genere-de-les-infermeres\/\"]}]},{\"@type\":\"ImageObject\",\"inLanguage\":\"es\",\"@id\":\"https:\/\/ticsalutsocial.atoom.space\/es\/noticia\/neix-el-1er-banc-dimatges-infermeres-per-trencar-amb-els-estereotips-professionals-i-de-genere-de-les-infermeres\/#primaryimage\",\"url\":\"https:\/\/ticsalutsocial.atoom.space\/wp-content\/uploads\/2018\/11\/inf.png\",\"contentUrl\":\"https:\/\/ticsalutsocial.atoom.space\/wp-content\/uploads\/2018\/11\/inf.png\",\"width\":441,\"height\":221},{\"@type\":\"BreadcrumbList\",\"@id\":\"https:\/\/ticsalutsocial.atoom.space\/es\/noticia\/neix-el-1er-banc-dimatges-infermeres-per-trencar-amb-els-estereotips-professionals-i-de-genere-de-les-infermeres\/#breadcrumb\",\"itemListElement\":[{\"@type\":\"ListItem\",\"position\":1,\"name\":\"Inici\",\"item\":\"https:\/\/ticsalutsocial.atoom.space\/es\/\"},{\"@type\":\"ListItem\",\"position\":2,\"name\":\"Neix el 1er Banc d\u2019Imatges Infermeres per trencar amb els estereotips professionals i de g\u00e8nere de les infermeres\"}]},{\"@type\":\"WebSite\",\"@id\":\"https:\/\/ticsalutsocial.atoom.space\/es\/#website\",\"url\":\"https:\/\/ticsalutsocial.atoom.space\/es\/\",\"name\":\"Fundaci\u00f3 TIC Salut i Social\",\"description\":\"\",\"potentialAction\":[{\"@type\":\"SearchAction\",\"target\":{\"@type\":\"EntryPoint\",\"urlTemplate\":\"https:\/\/ticsalutsocial.atoom.space\/es\/?s={search_term_string}\"},\"query-input\":{\"@type\":\"PropertyValueSpecification\",\"valueRequired\":true,\"valueName\":\"search_term_string\"}}],\"inLanguage\":\"es\"}]}<\/script>\n<!-- \/ Yoast SEO plugin. -->","yoast_head_json":{"title":"Neix el 1er Banc d\u2019Imatges Infermeres per trencar amb els estereotips professionals i de g\u00e8nere de les infermeres - Fundaci\u00f3 TIC Salut i Social","robots":{"index":"index","follow":"follow","max-snippet":"max-snippet:-1","max-image-preview":"max-image-preview:large","max-video-preview":"max-video-preview:-1"},"canonical":"https:\/\/ticsalutsocial.atoom.space\/es\/noticia\/neix-el-1er-banc-dimatges-infermeres-per-trencar-amb-els-estereotips-professionals-i-de-genere-de-les-infermeres\/","og_locale":"es_ES","og_type":"article","og_title":"Neix el 1er Banc d\u2019Imatges Infermeres per trencar amb els estereotips professionals i de g\u00e8nere de les infermeres - Fundaci\u00f3 TIC Salut i Social","og_description":"Aquest gran projecte documental recollir\u00e0 m\u00e9s de 3 mil imatges d\u2019acc\u00e9s lliure per explicar la feina real de les infermeres i infermers catalans Quan estigui complert oferir\u00e0 una de les col\u00b7leccions m\u00e9s grans de fotografies sobre temes de salut en obert El Banc d\u2019Imatges Infermeres (BII) \u00e9s un projecte del Col\u00b7legi Oficial d\u2019Infermeres i Infermers [&hellip;]","og_url":"https:\/\/ticsalutsocial.atoom.space\/es\/noticia\/neix-el-1er-banc-dimatges-infermeres-per-trencar-amb-els-estereotips-professionals-i-de-genere-de-les-infermeres\/","og_site_name":"Fundaci\u00f3 TIC Salut i Social","article_modified_time":"2021-07-21T13:39:07+00:00","og_image":[{"width":441,"height":221,"url":"https:\/\/ticsalutsocial.atoom.space\/wp-content\/uploads\/2018\/11\/inf.png","type":"image\/png"}],"twitter_card":"summary_large_image","twitter_misc":{"Tiempo de lectura":"2 minutos"},"schema":{"@context":"https:\/\/schema.org","@graph":[{"@type":"WebPage","@id":"https:\/\/ticsalutsocial.atoom.space\/es\/noticia\/neix-el-1er-banc-dimatges-infermeres-per-trencar-amb-els-estereotips-professionals-i-de-genere-de-les-infermeres\/","url":"https:\/\/ticsalutsocial.atoom.space\/es\/noticia\/neix-el-1er-banc-dimatges-infermeres-per-trencar-amb-els-estereotips-professionals-i-de-genere-de-les-infermeres\/","name":"Neix el 1er Banc d\u2019Imatges Infermeres per trencar amb els estereotips professionals i de g\u00e8nere de les infermeres - Fundaci\u00f3 TIC Salut i Social","isPartOf":{"@id":"https:\/\/ticsalutsocial.atoom.space\/es\/#website"},"primaryImageOfPage":{"@id":"https:\/\/ticsalutsocial.atoom.space\/es\/noticia\/neix-el-1er-banc-dimatges-infermeres-per-trencar-amb-els-estereotips-professionals-i-de-genere-de-les-infermeres\/#primaryimage"},"image":{"@id":"https:\/\/ticsalutsocial.atoom.space\/es\/noticia\/neix-el-1er-banc-dimatges-infermeres-per-trencar-amb-els-estereotips-professionals-i-de-genere-de-les-infermeres\/#primaryimage"},"thumbnailUrl":"https:\/\/ticsalutsocial.atoom.space\/wp-content\/uploads\/2018\/11\/inf.png","datePublished":"2018-11-21T14:56:51+00:00","dateModified":"2021-07-21T13:39:07+00:00","breadcrumb":{"@id":"https:\/\/ticsalutsocial.atoom.space\/es\/noticia\/neix-el-1er-banc-dimatges-infermeres-per-trencar-amb-els-estereotips-professionals-i-de-genere-de-les-infermeres\/#breadcrumb"},"inLanguage":"es","potentialAction":[{"@type":"ReadAction","target":["https:\/\/ticsalutsocial.atoom.space\/es\/noticia\/neix-el-1er-banc-dimatges-infermeres-per-trencar-amb-els-estereotips-professionals-i-de-genere-de-les-infermeres\/"]}]},{"@type":"ImageObject","inLanguage":"es","@id":"https:\/\/ticsalutsocial.atoom.space\/es\/noticia\/neix-el-1er-banc-dimatges-infermeres-per-trencar-amb-els-estereotips-professionals-i-de-genere-de-les-infermeres\/#primaryimage","url":"https:\/\/ticsalutsocial.atoom.space\/wp-content\/uploads\/2018\/11\/inf.png","contentUrl":"https:\/\/ticsalutsocial.atoom.space\/wp-content\/uploads\/2018\/11\/inf.png","width":441,"height":221},{"@type":"BreadcrumbList","@id":"https:\/\/ticsalutsocial.atoom.space\/es\/noticia\/neix-el-1er-banc-dimatges-infermeres-per-trencar-amb-els-estereotips-professionals-i-de-genere-de-les-infermeres\/#breadcrumb","itemListElement":[{"@type":"ListItem","position":1,"name":"Inici","item":"https:\/\/ticsalutsocial.atoom.space\/es\/"},{"@type":"ListItem","position":2,"name":"Neix el 1er Banc d\u2019Imatges Infermeres per trencar amb els estereotips professionals i de g\u00e8nere de les infermeres"}]},{"@type":"WebSite","@id":"https:\/\/ticsalutsocial.atoom.space\/es\/#website","url":"https:\/\/ticsalutsocial.atoom.space\/es\/","name":"Fundaci\u00f3 TIC Salut i Social","description":"","potentialAction":[{"@type":"SearchAction","target":{"@type":"EntryPoint","urlTemplate":"https:\/\/ticsalutsocial.atoom.space\/es\/?s={search_term_string}"},"query-input":{"@type":"PropertyValueSpecification","valueRequired":true,"valueName":"search_term_string"}}],"inLanguage":"es"}]}},"_links":{"self":[{"href":"https:\/\/ticsalutsocial.atoom.space\/es\/wp-json\/wp\/v2\/noticia\/3643","targetHints":{"allow":["GET"]}}],"collection":[{"href":"https:\/\/ticsalutsocial.atoom.space\/es\/wp-json\/wp\/v2\/noticia"}],"about":[{"href":"https:\/\/ticsalutsocial.atoom.space\/es\/wp-json\/wp\/v2\/types\/noticia"}],"author":[{"embeddable":true,"href":"https:\/\/ticsalutsocial.atoom.space\/es\/wp-json\/wp\/v2\/users\/21"}],"wp:featuredmedia":[{"embeddable":true,"href":"https:\/\/ticsalutsocial.atoom.space\/es\/wp-json\/wp\/v2\/media\/3640"}],"wp:attachment":[{"href":"https:\/\/ticsalutsocial.atoom.space\/es\/wp-json\/wp\/v2\/media?parent=3643"}],"wp:term":[{"taxonomy":"etiqueta","embeddable":true,"href":"https:\/\/ticsalutsocial.atoom.space\/es\/wp-json\/wp\/v2\/etiqueta?post=3643"},{"taxonomy":"tipus","embeddable":true,"href":"https:\/\/ticsalutsocial.atoom.space\/es\/wp-json\/wp\/v2\/tipus?post=3643"},{"taxonomy":"topic","embeddable":true,"href":"https:\/\/ticsalutsocial.atoom.space\/es\/wp-json\/wp\/v2\/topic?post=3643"}],"curies":[{"name":"wp","href":"https:\/\/api.w.org\/{rel}","templated":true}]}}