
{"id":3648,"date":"2018-11-29T13:45:13","date_gmt":"2018-11-29T11:45:13","guid":{"rendered":"https:\/\/ticsalutsocial.atoom.space\/?post_type=noticia&#038;p=3648"},"modified":"2021-07-21T15:39:09","modified_gmt":"2021-07-21T13:39:09","slug":"6o-congreso-del-tercer-sector-social-volver-al-territorio-y-al-trabajo-comunitario","status":"publish","type":"noticia","link":"https:\/\/ticsalutsocial.atoom.space\/es\/noticia\/6o-congreso-del-tercer-sector-social-volver-al-territorio-y-al-trabajo-comunitario\/","title":{"rendered":"6\u00ba Congreso del Tercer Sector Social: Volver al territorio y al trabajo comunitario"},"content":{"rendered":"<p>Entre el 20 y 22 de Noviembre de 2018 tuvo lugar el\u00a06\u00ba Congreso del Tercer Sector Social, en el recinto ferial de <em>La Farga de l&#8217;Hospitalet de Llobregat<\/em>. Con el lema \u00abDesigualdades sociales, soluciones locales\u00bb, el objetivo era visibilizar la tarea de las entidades sociales poniendo el foco en la interacci\u00f3n con las administraciones locales y la importancia de fortalecer este trabajo diario para conseguir una sociedad m\u00e1s justa.<\/p>\n<p>De entre todas las actividades, destacamos el debate <em>Poner la persona en el centro de la atenci\u00f3n.<\/em> <em>Una revisi\u00f3n del territorio de los modelos de atenci\u00f3n integrada y de base comunitaria.<\/em> Liderado por <a href=\"http:\/\/fantova.net\/\">Fernando Fantova<\/a> \u2013consultor social-, Montserrat Falguera -Presidenta de <a href=\"https:\/\/www.feate.org\/\">FEATE<\/a> &#8211; y Pau Batlle &#8211; Jefe del \u00c1rea de Pol\u00edticas y Promoci\u00f3n de la Salud de\u00a0<a href=\"http:\/\/www.dipsalut.cat\/\">Dipsalut<\/a>-. Desde la experiencia de los tres ponentes se abord\u00f3 el tema de la atenci\u00f3n centrada en la persona y sobre la necesidad de replantearse este concepto en toda su dimensi\u00f3n y profundidad. Es decir, pensar m\u00e1s all\u00e1 de las cuestiones t\u00e9cnicas.<\/p>\n<p>En este sentido, Fantova afirma que \u201cel concepto de bienestar social est\u00e1 pensado desde una \u00f3ptica muy patriarcal\u201d y a\u00f1ade que \u201cel tercer sector no se ha preocupado por la innovaci\u00f3n sino por la defensa de su nicho\u201d. A su tiempo, Batlle describi\u00f3 el proceso ideal para una entidad social a la hora de planificar sus proyectos. De este modo, la primera reflexi\u00f3n tiene que ser entender las necesidades espec\u00edficas de las personas y colectivos a qui\u00e9n van dirigidas las acciones; en segundo lugar detectar los \u00f3rganos e instituciones competentes para atender a estas necesidades; y finalmente determinar los recursos necesarios para desarrollar estos proyectos.<\/p>\n<p>De este modo, como gran reflexi\u00f3n se propone un an\u00e1lisis profundo para entender el cruce de caminos donde se encuentran actualmente las entidades y organizaciones sociales: resistir en el bunker conceptual con discursos sobre valor a\u00f1adido -que indefectiblemente nos encaminan a un ostracismo sin margen de mejora\u00a0 social- o bien repensar c\u00f3mo recuperar los valores primigenios que impulsaron el sector. Volver al territorio y a la comunidad, a la universalidad del trabajo comunitario y a la solidaridad que lo origin\u00f3. As\u00ed, Fantova conclu\u00eda en que hay que centrarse para integrar la gran oferta de servicios en la comunidad, \u201cahora tenemos muchos servicios pero no hay comunidad\u201d por lo tanto precisamos desarrollar un servicio comunitario integral.<\/p>\n","protected":false},"author":21,"featured_media":3645,"menu_order":0,"template":"","meta":{"_acf_changed":false,"inline_featured_image":false},"etiqueta":[],"tipus":[94],"topic":[121],"class_list":["post-3648","noticia","type-noticia","status-publish","has-post-thumbnail","hentry","tipus-integracion-social-y-sanitaria","topic-dpd-es"],"acf":{"imatge":3647,"autor":"Victor Barber\u00e0"},"yoast_head":"<!-- This site is optimized with the Yoast SEO plugin v27.1.1 - https:\/\/yoast.com\/product\/yoast-seo-wordpress\/ -->\n<title>6\u00ba Congreso del Tercer Sector Social: Volver al territorio y al trabajo comunitario - Fundaci\u00f3 TIC Salut i Social<\/title>\n<meta name=\"robots\" content=\"index, follow, max-snippet:-1, max-image-preview:large, max-video-preview:-1\" \/>\n<link rel=\"canonical\" href=\"https:\/\/ticsalutsocial.atoom.space\/es\/noticia\/6o-congreso-del-tercer-sector-social-volver-al-territorio-y-al-trabajo-comunitario\/\" \/>\n<meta property=\"og:locale\" content=\"es_ES\" \/>\n<meta property=\"og:type\" content=\"article\" \/>\n<meta property=\"og:title\" content=\"6\u00ba Congreso del Tercer Sector Social: Volver al territorio y al trabajo comunitario - Fundaci\u00f3 TIC Salut i Social\" \/>\n<meta property=\"og:description\" content=\"Entre el 20 y 22 de Noviembre de 2018 tuvo lugar el\u00a06\u00ba Congreso del Tercer Sector Social, en el recinto ferial de La Farga de l&#8217;Hospitalet de Llobregat. Con el lema \u00abDesigualdades sociales, soluciones locales\u00bb, el objetivo era visibilizar la tarea de las entidades sociales poniendo el foco en la interacci\u00f3n con las administraciones locales [&hellip;]\" \/>\n<meta property=\"og:url\" content=\"https:\/\/ticsalutsocial.atoom.space\/es\/noticia\/6o-congreso-del-tercer-sector-social-volver-al-territorio-y-al-trabajo-comunitario\/\" \/>\n<meta property=\"og:site_name\" content=\"Fundaci\u00f3 TIC Salut i Social\" \/>\n<meta property=\"article:modified_time\" content=\"2021-07-21T13:39:09+00:00\" \/>\n<meta property=\"og:image\" content=\"https:\/\/ticsalutsocial.atoom.space\/wp-content\/uploads\/2018\/11\/31057397857_fa6f70eeec_o.jpg\" \/>\n\t<meta property=\"og:image:width\" content=\"1500\" \/>\n\t<meta property=\"og:image:height\" content=\"1010\" \/>\n\t<meta property=\"og:image:type\" content=\"image\/jpeg\" \/>\n<meta name=\"twitter:card\" content=\"summary_large_image\" \/>\n<meta name=\"twitter:label1\" content=\"Tiempo de lectura\" \/>\n\t<meta name=\"twitter:data1\" content=\"2 minutos\" \/>\n<script type=\"application\/ld+json\" class=\"yoast-schema-graph\">{\"@context\":\"https:\/\/schema.org\",\"@graph\":[{\"@type\":\"WebPage\",\"@id\":\"https:\/\/ticsalutsocial.atoom.space\/es\/noticia\/6o-congreso-del-tercer-sector-social-volver-al-territorio-y-al-trabajo-comunitario\/\",\"url\":\"https:\/\/ticsalutsocial.atoom.space\/es\/noticia\/6o-congreso-del-tercer-sector-social-volver-al-territorio-y-al-trabajo-comunitario\/\",\"name\":\"6\u00ba Congreso del Tercer Sector Social: Volver al territorio y al trabajo comunitario - Fundaci\u00f3 TIC Salut i Social\",\"isPartOf\":{\"@id\":\"https:\/\/ticsalutsocial.atoom.space\/es\/#website\"},\"primaryImageOfPage\":{\"@id\":\"https:\/\/ticsalutsocial.atoom.space\/es\/noticia\/6o-congreso-del-tercer-sector-social-volver-al-territorio-y-al-trabajo-comunitario\/#primaryimage\"},\"image\":{\"@id\":\"https:\/\/ticsalutsocial.atoom.space\/es\/noticia\/6o-congreso-del-tercer-sector-social-volver-al-territorio-y-al-trabajo-comunitario\/#primaryimage\"},\"thumbnailUrl\":\"https:\/\/ticsalutsocial.atoom.space\/wp-content\/uploads\/2018\/11\/31057397857_fa6f70eeec_o.jpg\",\"datePublished\":\"2018-11-29T11:45:13+00:00\",\"dateModified\":\"2021-07-21T13:39:09+00:00\",\"breadcrumb\":{\"@id\":\"https:\/\/ticsalutsocial.atoom.space\/es\/noticia\/6o-congreso-del-tercer-sector-social-volver-al-territorio-y-al-trabajo-comunitario\/#breadcrumb\"},\"inLanguage\":\"es\",\"potentialAction\":[{\"@type\":\"ReadAction\",\"target\":[\"https:\/\/ticsalutsocial.atoom.space\/es\/noticia\/6o-congreso-del-tercer-sector-social-volver-al-territorio-y-al-trabajo-comunitario\/\"]}]},{\"@type\":\"ImageObject\",\"inLanguage\":\"es\",\"@id\":\"https:\/\/ticsalutsocial.atoom.space\/es\/noticia\/6o-congreso-del-tercer-sector-social-volver-al-territorio-y-al-trabajo-comunitario\/#primaryimage\",\"url\":\"https:\/\/ticsalutsocial.atoom.space\/wp-content\/uploads\/2018\/11\/31057397857_fa6f70eeec_o.jpg\",\"contentUrl\":\"https:\/\/ticsalutsocial.atoom.space\/wp-content\/uploads\/2018\/11\/31057397857_fa6f70eeec_o.jpg\",\"width\":1500,\"height\":1010},{\"@type\":\"BreadcrumbList\",\"@id\":\"https:\/\/ticsalutsocial.atoom.space\/es\/noticia\/6o-congreso-del-tercer-sector-social-volver-al-territorio-y-al-trabajo-comunitario\/#breadcrumb\",\"itemListElement\":[{\"@type\":\"ListItem\",\"position\":1,\"name\":\"Inici\",\"item\":\"https:\/\/ticsalutsocial.atoom.space\/es\/\"},{\"@type\":\"ListItem\",\"position\":2,\"name\":\"6\u00ba Congreso del Tercer Sector Social: Volver al territorio y al trabajo comunitario\"}]},{\"@type\":\"WebSite\",\"@id\":\"https:\/\/ticsalutsocial.atoom.space\/es\/#website\",\"url\":\"https:\/\/ticsalutsocial.atoom.space\/es\/\",\"name\":\"Fundaci\u00f3 TIC Salut i Social\",\"description\":\"\",\"potentialAction\":[{\"@type\":\"SearchAction\",\"target\":{\"@type\":\"EntryPoint\",\"urlTemplate\":\"https:\/\/ticsalutsocial.atoom.space\/es\/?s={search_term_string}\"},\"query-input\":{\"@type\":\"PropertyValueSpecification\",\"valueRequired\":true,\"valueName\":\"search_term_string\"}}],\"inLanguage\":\"es\"}]}<\/script>\n<!-- \/ Yoast SEO plugin. -->","yoast_head_json":{"title":"6\u00ba Congreso del Tercer Sector Social: Volver al territorio y al trabajo comunitario - Fundaci\u00f3 TIC Salut i Social","robots":{"index":"index","follow":"follow","max-snippet":"max-snippet:-1","max-image-preview":"max-image-preview:large","max-video-preview":"max-video-preview:-1"},"canonical":"https:\/\/ticsalutsocial.atoom.space\/es\/noticia\/6o-congreso-del-tercer-sector-social-volver-al-territorio-y-al-trabajo-comunitario\/","og_locale":"es_ES","og_type":"article","og_title":"6\u00ba Congreso del Tercer Sector Social: Volver al territorio y al trabajo comunitario - Fundaci\u00f3 TIC Salut i Social","og_description":"Entre el 20 y 22 de Noviembre de 2018 tuvo lugar el\u00a06\u00ba Congreso del Tercer Sector Social, en el recinto ferial de La Farga de l&#8217;Hospitalet de Llobregat. Con el lema \u00abDesigualdades sociales, soluciones locales\u00bb, el objetivo era visibilizar la tarea de las entidades sociales poniendo el foco en la interacci\u00f3n con las administraciones locales [&hellip;]","og_url":"https:\/\/ticsalutsocial.atoom.space\/es\/noticia\/6o-congreso-del-tercer-sector-social-volver-al-territorio-y-al-trabajo-comunitario\/","og_site_name":"Fundaci\u00f3 TIC Salut i Social","article_modified_time":"2021-07-21T13:39:09+00:00","og_image":[{"width":1500,"height":1010,"url":"https:\/\/ticsalutsocial.atoom.space\/wp-content\/uploads\/2018\/11\/31057397857_fa6f70eeec_o.jpg","type":"image\/jpeg"}],"twitter_card":"summary_large_image","twitter_misc":{"Tiempo de lectura":"2 minutos"},"schema":{"@context":"https:\/\/schema.org","@graph":[{"@type":"WebPage","@id":"https:\/\/ticsalutsocial.atoom.space\/es\/noticia\/6o-congreso-del-tercer-sector-social-volver-al-territorio-y-al-trabajo-comunitario\/","url":"https:\/\/ticsalutsocial.atoom.space\/es\/noticia\/6o-congreso-del-tercer-sector-social-volver-al-territorio-y-al-trabajo-comunitario\/","name":"6\u00ba Congreso del Tercer Sector Social: Volver al territorio y al trabajo comunitario - Fundaci\u00f3 TIC Salut i Social","isPartOf":{"@id":"https:\/\/ticsalutsocial.atoom.space\/es\/#website"},"primaryImageOfPage":{"@id":"https:\/\/ticsalutsocial.atoom.space\/es\/noticia\/6o-congreso-del-tercer-sector-social-volver-al-territorio-y-al-trabajo-comunitario\/#primaryimage"},"image":{"@id":"https:\/\/ticsalutsocial.atoom.space\/es\/noticia\/6o-congreso-del-tercer-sector-social-volver-al-territorio-y-al-trabajo-comunitario\/#primaryimage"},"thumbnailUrl":"https:\/\/ticsalutsocial.atoom.space\/wp-content\/uploads\/2018\/11\/31057397857_fa6f70eeec_o.jpg","datePublished":"2018-11-29T11:45:13+00:00","dateModified":"2021-07-21T13:39:09+00:00","breadcrumb":{"@id":"https:\/\/ticsalutsocial.atoom.space\/es\/noticia\/6o-congreso-del-tercer-sector-social-volver-al-territorio-y-al-trabajo-comunitario\/#breadcrumb"},"inLanguage":"es","potentialAction":[{"@type":"ReadAction","target":["https:\/\/ticsalutsocial.atoom.space\/es\/noticia\/6o-congreso-del-tercer-sector-social-volver-al-territorio-y-al-trabajo-comunitario\/"]}]},{"@type":"ImageObject","inLanguage":"es","@id":"https:\/\/ticsalutsocial.atoom.space\/es\/noticia\/6o-congreso-del-tercer-sector-social-volver-al-territorio-y-al-trabajo-comunitario\/#primaryimage","url":"https:\/\/ticsalutsocial.atoom.space\/wp-content\/uploads\/2018\/11\/31057397857_fa6f70eeec_o.jpg","contentUrl":"https:\/\/ticsalutsocial.atoom.space\/wp-content\/uploads\/2018\/11\/31057397857_fa6f70eeec_o.jpg","width":1500,"height":1010},{"@type":"BreadcrumbList","@id":"https:\/\/ticsalutsocial.atoom.space\/es\/noticia\/6o-congreso-del-tercer-sector-social-volver-al-territorio-y-al-trabajo-comunitario\/#breadcrumb","itemListElement":[{"@type":"ListItem","position":1,"name":"Inici","item":"https:\/\/ticsalutsocial.atoom.space\/es\/"},{"@type":"ListItem","position":2,"name":"6\u00ba Congreso del Tercer Sector Social: Volver al territorio y al trabajo comunitario"}]},{"@type":"WebSite","@id":"https:\/\/ticsalutsocial.atoom.space\/es\/#website","url":"https:\/\/ticsalutsocial.atoom.space\/es\/","name":"Fundaci\u00f3 TIC Salut i Social","description":"","potentialAction":[{"@type":"SearchAction","target":{"@type":"EntryPoint","urlTemplate":"https:\/\/ticsalutsocial.atoom.space\/es\/?s={search_term_string}"},"query-input":{"@type":"PropertyValueSpecification","valueRequired":true,"valueName":"search_term_string"}}],"inLanguage":"es"}]}},"_links":{"self":[{"href":"https:\/\/ticsalutsocial.atoom.space\/es\/wp-json\/wp\/v2\/noticia\/3648","targetHints":{"allow":["GET"]}}],"collection":[{"href":"https:\/\/ticsalutsocial.atoom.space\/es\/wp-json\/wp\/v2\/noticia"}],"about":[{"href":"https:\/\/ticsalutsocial.atoom.space\/es\/wp-json\/wp\/v2\/types\/noticia"}],"author":[{"embeddable":true,"href":"https:\/\/ticsalutsocial.atoom.space\/es\/wp-json\/wp\/v2\/users\/21"}],"wp:featuredmedia":[{"embeddable":true,"href":"https:\/\/ticsalutsocial.atoom.space\/es\/wp-json\/wp\/v2\/media\/3645"}],"wp:attachment":[{"href":"https:\/\/ticsalutsocial.atoom.space\/es\/wp-json\/wp\/v2\/media?parent=3648"}],"wp:term":[{"taxonomy":"etiqueta","embeddable":true,"href":"https:\/\/ticsalutsocial.atoom.space\/es\/wp-json\/wp\/v2\/etiqueta?post=3648"},{"taxonomy":"tipus","embeddable":true,"href":"https:\/\/ticsalutsocial.atoom.space\/es\/wp-json\/wp\/v2\/tipus?post=3648"},{"taxonomy":"topic","embeddable":true,"href":"https:\/\/ticsalutsocial.atoom.space\/es\/wp-json\/wp\/v2\/topic?post=3648"}],"curies":[{"name":"wp","href":"https:\/\/api.w.org\/{rel}","templated":true}]}}