
{"id":3654,"date":"2018-12-03T16:22:56","date_gmt":"2018-12-03T14:22:56","guid":{"rendered":"https:\/\/ticsalutsocial.atoom.space\/?post_type=noticia&#038;p=3654"},"modified":"2021-07-21T15:39:12","modified_gmt":"2021-07-21T13:39:12","slug":"el-banco-de-imagenes-de-enfermeras-una-realidad-para-reivindicar-la-figura-de-las-profesionales","status":"publish","type":"noticia","link":"https:\/\/ticsalutsocial.atoom.space\/es\/noticia\/el-banco-de-imagenes-de-enfermeras-una-realidad-para-reivindicar-la-figura-de-las-profesionales\/","title":{"rendered":"El Banco de Im\u00e1genes de Enfermeras, una realidad para reivindicar la figura de las profesionales"},"content":{"rendered":"<p>El proyecto para crear e impulsar un&nbsp;<a href=\"https:\/\/www.flickr.com\/photos\/bancimatgesinfermer\/\" target=\"_blank\" rel=\"noopener\">Banco de Im\u00e1genes de Enfermeras<\/a> (BII), a cargo del<em> Col\u00b7legi Oficial d\u2019Infermeres i Infermers de Barcelona<\/em> (COIB), toma forma. Se trata de un proyecto que inicia en 2016 y cuya &nbsp;culminaci\u00f3 est\u00e1 prevista en el 2020 con un repositorio fotogr\u00e1fico superior a las 3000 im\u00e1genes. Las fotograf\u00edas, realizadas por Ariadna Creus y \u00c0ngel Garc\u00eda, reflejan un punto de vista cercano, sincero y alejado de la realidad cosificada y objetuada de sus profesionales. Se trata de un tratamiento fotogr\u00e1fico con el punto de vista del documental y la no ficci\u00f3n. Ofrece soluciones fotogr\u00e1ficas que abordan el ejercicio tit\u00e1nico de desmontar la convenci\u00f3n social del imaginario colectivo donde las enfermeras se representan como personas supeditadas a otras figuras del mundo sanitario; en un discreto segundo plano en el mejor de los casos y sin capacidad de decisi\u00f3n. &nbsp;Por lo tanto se propone romper el estereotipo err\u00f3neo &nbsp;y demasiado a menudo ausente de la primera l\u00ednea de trabajo dentro de las representaciones del mundo sanitario. \u00c0ngel Garc\u00eda explica que \u201cun proyecto como este, las enfermeras se lo merecen. Sacarlas del segundo plano y visibilizar su tarea\u201d. Ariadna Creus a\u00f1ade que todos los usuarios han querido participar, \u201cen un momento de debilidad y fragilidad han dado lo mejor de s\u00ed mismos entendiendo la importancia de este proyecto\u201d.<\/p>\n<p style=\"text-align: left;\"><strong><em>\u201cQueremos ser proactivos en el cambio del imaginario social de las enfermeras, el BII es el primer paso\u201d.<\/em><\/strong><\/p>\n<div id=\"attachment_11125\" style=\"width: 305px\" class=\"wp-caption alignleft\"><img loading=\"lazy\" decoding=\"async\" aria-describedby=\"caption-attachment-11125\" class=\"wp-image-11125\" src=\"https:\/\/ticsalutsocial.atoom.space\/wp-content\/uploads\/2018\/12\/44737172325_f9e4bf1f68_o-300x200-1.jpg\" alt=\"\" width=\"295\" height=\"197\"><p id=\"caption-attachment-11125\" class=\"wp-caption-text\">Foto de Ariadna Creus y \u00c0ngel Garc\u00eda. Font: BII<\/p><\/div>\n<p>Durante la presentaci\u00f3n oficial, Albert Tort, presidente del COIB, ha afirmado que se trata de un banco de im\u00e1genes de uso abierto y gratuito, libre a todo el mundo bajo licencia <em>Creative Commons<\/em>. \u201cQueremos ser proactivos en el cambio del imaginario social de las enfermeras, el BII es el primer paso\u201d.<\/p>\n<p>El acto tambi\u00e9n ha contado con la participaci\u00f3n de N\u00faria Cuxart, directora de programas del COIB. Ha empezado exponiendo el contexto hist\u00f3rico donde se empieza a forjar esta falsa concepci\u00f3n de las profesionales. \u201cTrabajo femenino y poco valorado, a menudo asociado a roles supeditados\u201d. Lejos de esto, ha continuado con que \u201cla historia de la enfermer\u00eda es la historia de las mujeres. De sensibilidad por cuidar. Esta historia se ha desarrollado en paralelo a la de la mujer\u201d. Desgraciadamente, de este modo se ha proyectado la banalizaci\u00f3n de la mujer y de la profesi\u00f3n, \u201cla colonizaci\u00f3n de estos conceptos asociados al g\u00e9nero\u201d. De este modo, el BII representa un paso m\u00e1s para las enfermeras en la recuperaci\u00f3n su posicionamiento real y permite reivindicar su importancia.<\/p>\n<p><strong><em>\u201cCuidar es una verdadera revoluci\u00f3n porque conciencia a la gente de su salud. Es el marco<br \/>\n\u00e9tico para una sociedad democr\u00e1tica m\u00e1s justa, agradable de ser vivida y coherente con la diversidad\u201d.<\/em><\/strong><\/p>\n<div id=\"attachment_11123\" style=\"width: 300px\" class=\"wp-caption alignright\"><img loading=\"lazy\" decoding=\"async\" aria-describedby=\"caption-attachment-11123\" class=\"wp-image-11123\" src=\"https:\/\/ticsalutsocial.atoom.space\/wp-content\/uploads\/2018\/12\/31044501387_cae1c09853_o-300x200-1.jpg\" alt=\"\" width=\"290\" height=\"193\"><p id=\"caption-attachment-11123\" class=\"wp-caption-text\">Foto d&#8217;Ariadna Creus i \u00c0ngel Garc\u00eda. Font: BII.<\/p><\/div>\n<p>Cuxart ha profundizado en la idea de cuidar y atender argumentando que \u201ccuidar es responsabilizarse de la salud [&#8230;], no hay cura sin individualizaci\u00f3n de la atenci\u00f3n\u201d. En este sentido, las enfermeras no solo ofrecen atenci\u00f3n sanitaria sino que atienen a las necesidades emocionales de las personas, ayudan a la gente a sentirse bien en la enfermedad y en la salud. Por lo tanto, no s\u00f3lo se trata de cuidar sino de ayudar a estar sano y a encontrarse bien. En este sentido, las enfermeras tienen un objetivo que trasciende al hecho de curar. Se preocupan de todo aquello que impide y limita, de aquello que no permite desarrollar una vida cotidiana con normalidad. Qu\u00e9 nos impide andar, qu\u00e9 nos reduce autonom\u00eda individual. Estas preocupaciones se convierten en exigencia y argumentario de las acciones diarias que ocupan y preocupan a las enfermeras. Trabajan en la esfera de la intimidad, y es ah\u00ed donde m\u00e1s incidencia tienen y d\u00f3nde m\u00e1s invisibilizaci\u00f3 y reclusi\u00f3n sufren.<\/p>\n<p>Un tercer frente donde ha incidido la presidenta de programas del COIB es en la incoherencia de los sistemas de salud. No se puede renunciar a resolver problemas identificados desde la perspectiva de los cuidados. As\u00ed, el sexismo y la excesiva medicalizaci\u00f3n de la ciudadan\u00eda son algunos de los problemas detectados pero hay que tener voluntad para resolverlos. Por este motivo se reafirma Cuxart en que \u201ccudiar es una verdadera revoluci\u00f3n porque conciencia a la gente sobre su salud. Es el marco \u00e9tico para una sociedad democr\u00e1tica m\u00e1s justa, agradable para ser vivida y coherente con la diversidad\u201d.<\/p>\n<p>En suma, todos los sesgos y usos err\u00f3neos de este colectivo de los profesionales sanitarios han evocado a la concepci\u00f3n de ellas como objeto, en contraposici\u00f3n del que realmente son: sujetas entendidos como individuos. Con capacidad de reflexi\u00f3n cr\u00edtica y competentes en la toma de decisiones. Por lo tanto, se ha construido una descalificaci\u00f3n sist\u00e9mica y sistem\u00e1tica en la qu\u00e9 hace falta trabajo y esfuerzo de toda la sociedad para desmontarla. El BII pretende ser una de las puntas de lanza. As\u00ed, las palabras son importantes puesto que los matices y la intencionalidad que albergan pueden llegar a ser perversos. En esta l\u00ednea, se ha apuntado el dato de como el 85% de las enfermeras son mujeres, y seg\u00fan Cuxart, \u201cutilizar el femenino de manera gen\u00e9rica no es un problema. De hecho los hombres son los principales activistas en este frente. A\u00fan as\u00ed, a veces los usuarios se hacen un l\u00edo y las enfermeras hombres tienen que matizar que no son m\u00e9dicos sino enfermeras\u201d.<\/p>\n<p>Conclu\u00eda Cuxart afirmando que \u201ccomo sociedad estamos ante un trabajo gigante y constante: luchar contra los estereotipos, desmontar este sexismo y misoginia vejatoria del androcentrismo. Estos prejuicios impactan negativamente en el servicio sensible que ofrecemos. Queremos contrarrestar esta concepci\u00f3n, potenciar la parte humana y necesaria de las enfermeras. La realidad no malintencionada\u201d. Por este motivo, Galo Quintanilla, jefe de marketing del COIB refuerza esta idea explicitando que para concienciar a la sociedad hay que interpelar a todos los profesionales de la comunicaci\u00f3n, el marketing, el arte y proveedores de salud. \u201cLas enfermeras nos cuidan a todos, entre todos cuid\u00e9moslas a ellas\u201d.<\/p>\n<div id=\"attachment_11120\" style=\"width: 383px\" class=\"wp-caption aligncenter\"><img loading=\"lazy\" decoding=\"async\" aria-describedby=\"caption-attachment-11120\" class=\"wp-image-11120\" src=\"https:\/\/ticsalutsocial.atoom.space\/wp-content\/uploads\/2018\/12\/30710371797_33a3f72dd3_o-300x200-1.jpg\" alt=\"\" width=\"373\" height=\"249\"><p id=\"caption-attachment-11120\" class=\"wp-caption-text\">Foto d&#8217;Ariadna Creus i \u00c0ngel Garc\u00eda. Font: BII.<\/p><\/div>\n","protected":false},"author":21,"featured_media":3651,"menu_order":0,"template":"","meta":{"_acf_changed":false,"inline_featured_image":false},"etiqueta":[],"tipus":[],"topic":[130],"class_list":["post-3654","noticia","type-noticia","status-publish","has-post-thumbnail","hentry","topic-la-fundacion"],"acf":{"imatge":3653,"autor":"Victor Barber\u00e0"},"yoast_head":"<!-- This site is optimized with the Yoast SEO plugin v27.1.1 - https:\/\/yoast.com\/product\/yoast-seo-wordpress\/ -->\n<title>El Banco de Im\u00e1genes de Enfermeras, una realidad para reivindicar la figura de las profesionales - Fundaci\u00f3 TIC Salut i Social<\/title>\n<meta name=\"robots\" content=\"index, follow, max-snippet:-1, max-image-preview:large, max-video-preview:-1\" \/>\n<link rel=\"canonical\" href=\"https:\/\/ticsalutsocial.atoom.space\/es\/noticia\/el-banco-de-imagenes-de-enfermeras-una-realidad-para-reivindicar-la-figura-de-las-profesionales\/\" \/>\n<meta property=\"og:locale\" content=\"es_ES\" \/>\n<meta property=\"og:type\" content=\"article\" \/>\n<meta property=\"og:title\" content=\"El Banco de Im\u00e1genes de Enfermeras, una realidad para reivindicar la figura de las profesionales - Fundaci\u00f3 TIC Salut i Social\" \/>\n<meta property=\"og:description\" content=\"El proyecto para crear e impulsar un&nbsp;Banco de Im\u00e1genes de Enfermeras (BII), a cargo del Col\u00b7legi Oficial d\u2019Infermeres i Infermers de Barcelona (COIB), toma forma. Se trata de un proyecto que inicia en 2016 y cuya &nbsp;culminaci\u00f3 est\u00e1 prevista en el 2020 con un repositorio fotogr\u00e1fico superior a las 3000 im\u00e1genes. Las fotograf\u00edas, realizadas por [&hellip;]\" \/>\n<meta property=\"og:url\" content=\"https:\/\/ticsalutsocial.atoom.space\/es\/noticia\/el-banco-de-imagenes-de-enfermeras-una-realidad-para-reivindicar-la-figura-de-las-profesionales\/\" \/>\n<meta property=\"og:site_name\" content=\"Fundaci\u00f3 TIC Salut i Social\" \/>\n<meta property=\"article:modified_time\" content=\"2021-07-21T13:39:12+00:00\" \/>\n<meta property=\"og:image\" content=\"https:\/\/ticsalutsocial.atoom.space\/wp-content\/uploads\/2018\/12\/44790087124_571c3170a5_o-scaled.jpg\" \/>\n\t<meta property=\"og:image:width\" content=\"2560\" \/>\n\t<meta property=\"og:image:height\" content=\"1707\" \/>\n\t<meta property=\"og:image:type\" content=\"image\/jpeg\" \/>\n<meta name=\"twitter:card\" content=\"summary_large_image\" \/>\n<meta name=\"twitter:label1\" content=\"Tiempo de lectura\" \/>\n\t<meta name=\"twitter:data1\" content=\"5 minutos\" \/>\n<script type=\"application\/ld+json\" class=\"yoast-schema-graph\">{\"@context\":\"https:\/\/schema.org\",\"@graph\":[{\"@type\":\"WebPage\",\"@id\":\"https:\/\/ticsalutsocial.atoom.space\/es\/noticia\/el-banco-de-imagenes-de-enfermeras-una-realidad-para-reivindicar-la-figura-de-las-profesionales\/\",\"url\":\"https:\/\/ticsalutsocial.atoom.space\/es\/noticia\/el-banco-de-imagenes-de-enfermeras-una-realidad-para-reivindicar-la-figura-de-las-profesionales\/\",\"name\":\"El Banco de Im\u00e1genes de Enfermeras, una realidad para reivindicar la figura de las profesionales - Fundaci\u00f3 TIC Salut i Social\",\"isPartOf\":{\"@id\":\"https:\/\/ticsalutsocial.atoom.space\/es\/#website\"},\"primaryImageOfPage\":{\"@id\":\"https:\/\/ticsalutsocial.atoom.space\/es\/noticia\/el-banco-de-imagenes-de-enfermeras-una-realidad-para-reivindicar-la-figura-de-las-profesionales\/#primaryimage\"},\"image\":{\"@id\":\"https:\/\/ticsalutsocial.atoom.space\/es\/noticia\/el-banco-de-imagenes-de-enfermeras-una-realidad-para-reivindicar-la-figura-de-las-profesionales\/#primaryimage\"},\"thumbnailUrl\":\"https:\/\/ticsalutsocial.atoom.space\/wp-content\/uploads\/2018\/12\/44790087124_571c3170a5_o-scaled.jpg\",\"datePublished\":\"2018-12-03T14:22:56+00:00\",\"dateModified\":\"2021-07-21T13:39:12+00:00\",\"breadcrumb\":{\"@id\":\"https:\/\/ticsalutsocial.atoom.space\/es\/noticia\/el-banco-de-imagenes-de-enfermeras-una-realidad-para-reivindicar-la-figura-de-las-profesionales\/#breadcrumb\"},\"inLanguage\":\"es\",\"potentialAction\":[{\"@type\":\"ReadAction\",\"target\":[\"https:\/\/ticsalutsocial.atoom.space\/es\/noticia\/el-banco-de-imagenes-de-enfermeras-una-realidad-para-reivindicar-la-figura-de-las-profesionales\/\"]}]},{\"@type\":\"ImageObject\",\"inLanguage\":\"es\",\"@id\":\"https:\/\/ticsalutsocial.atoom.space\/es\/noticia\/el-banco-de-imagenes-de-enfermeras-una-realidad-para-reivindicar-la-figura-de-las-profesionales\/#primaryimage\",\"url\":\"https:\/\/ticsalutsocial.atoom.space\/wp-content\/uploads\/2018\/12\/44790087124_571c3170a5_o-scaled.jpg\",\"contentUrl\":\"https:\/\/ticsalutsocial.atoom.space\/wp-content\/uploads\/2018\/12\/44790087124_571c3170a5_o-scaled.jpg\",\"width\":2560,\"height\":1707},{\"@type\":\"BreadcrumbList\",\"@id\":\"https:\/\/ticsalutsocial.atoom.space\/es\/noticia\/el-banco-de-imagenes-de-enfermeras-una-realidad-para-reivindicar-la-figura-de-las-profesionales\/#breadcrumb\",\"itemListElement\":[{\"@type\":\"ListItem\",\"position\":1,\"name\":\"Inici\",\"item\":\"https:\/\/ticsalutsocial.atoom.space\/es\/\"},{\"@type\":\"ListItem\",\"position\":2,\"name\":\"El Banco de Im\u00e1genes de Enfermeras, una realidad para reivindicar la figura de las profesionales\"}]},{\"@type\":\"WebSite\",\"@id\":\"https:\/\/ticsalutsocial.atoom.space\/es\/#website\",\"url\":\"https:\/\/ticsalutsocial.atoom.space\/es\/\",\"name\":\"Fundaci\u00f3 TIC Salut i Social\",\"description\":\"\",\"potentialAction\":[{\"@type\":\"SearchAction\",\"target\":{\"@type\":\"EntryPoint\",\"urlTemplate\":\"https:\/\/ticsalutsocial.atoom.space\/es\/?s={search_term_string}\"},\"query-input\":{\"@type\":\"PropertyValueSpecification\",\"valueRequired\":true,\"valueName\":\"search_term_string\"}}],\"inLanguage\":\"es\"}]}<\/script>\n<!-- \/ Yoast SEO plugin. -->","yoast_head_json":{"title":"El Banco de Im\u00e1genes de Enfermeras, una realidad para reivindicar la figura de las profesionales - Fundaci\u00f3 TIC Salut i Social","robots":{"index":"index","follow":"follow","max-snippet":"max-snippet:-1","max-image-preview":"max-image-preview:large","max-video-preview":"max-video-preview:-1"},"canonical":"https:\/\/ticsalutsocial.atoom.space\/es\/noticia\/el-banco-de-imagenes-de-enfermeras-una-realidad-para-reivindicar-la-figura-de-las-profesionales\/","og_locale":"es_ES","og_type":"article","og_title":"El Banco de Im\u00e1genes de Enfermeras, una realidad para reivindicar la figura de las profesionales - Fundaci\u00f3 TIC Salut i Social","og_description":"El proyecto para crear e impulsar un&nbsp;Banco de Im\u00e1genes de Enfermeras (BII), a cargo del Col\u00b7legi Oficial d\u2019Infermeres i Infermers de Barcelona (COIB), toma forma. Se trata de un proyecto que inicia en 2016 y cuya &nbsp;culminaci\u00f3 est\u00e1 prevista en el 2020 con un repositorio fotogr\u00e1fico superior a las 3000 im\u00e1genes. Las fotograf\u00edas, realizadas por [&hellip;]","og_url":"https:\/\/ticsalutsocial.atoom.space\/es\/noticia\/el-banco-de-imagenes-de-enfermeras-una-realidad-para-reivindicar-la-figura-de-las-profesionales\/","og_site_name":"Fundaci\u00f3 TIC Salut i Social","article_modified_time":"2021-07-21T13:39:12+00:00","og_image":[{"width":2560,"height":1707,"url":"https:\/\/ticsalutsocial.atoom.space\/wp-content\/uploads\/2018\/12\/44790087124_571c3170a5_o-scaled.jpg","type":"image\/jpeg"}],"twitter_card":"summary_large_image","twitter_misc":{"Tiempo de lectura":"5 minutos"},"schema":{"@context":"https:\/\/schema.org","@graph":[{"@type":"WebPage","@id":"https:\/\/ticsalutsocial.atoom.space\/es\/noticia\/el-banco-de-imagenes-de-enfermeras-una-realidad-para-reivindicar-la-figura-de-las-profesionales\/","url":"https:\/\/ticsalutsocial.atoom.space\/es\/noticia\/el-banco-de-imagenes-de-enfermeras-una-realidad-para-reivindicar-la-figura-de-las-profesionales\/","name":"El Banco de Im\u00e1genes de Enfermeras, una realidad para reivindicar la figura de las profesionales - Fundaci\u00f3 TIC Salut i Social","isPartOf":{"@id":"https:\/\/ticsalutsocial.atoom.space\/es\/#website"},"primaryImageOfPage":{"@id":"https:\/\/ticsalutsocial.atoom.space\/es\/noticia\/el-banco-de-imagenes-de-enfermeras-una-realidad-para-reivindicar-la-figura-de-las-profesionales\/#primaryimage"},"image":{"@id":"https:\/\/ticsalutsocial.atoom.space\/es\/noticia\/el-banco-de-imagenes-de-enfermeras-una-realidad-para-reivindicar-la-figura-de-las-profesionales\/#primaryimage"},"thumbnailUrl":"https:\/\/ticsalutsocial.atoom.space\/wp-content\/uploads\/2018\/12\/44790087124_571c3170a5_o-scaled.jpg","datePublished":"2018-12-03T14:22:56+00:00","dateModified":"2021-07-21T13:39:12+00:00","breadcrumb":{"@id":"https:\/\/ticsalutsocial.atoom.space\/es\/noticia\/el-banco-de-imagenes-de-enfermeras-una-realidad-para-reivindicar-la-figura-de-las-profesionales\/#breadcrumb"},"inLanguage":"es","potentialAction":[{"@type":"ReadAction","target":["https:\/\/ticsalutsocial.atoom.space\/es\/noticia\/el-banco-de-imagenes-de-enfermeras-una-realidad-para-reivindicar-la-figura-de-las-profesionales\/"]}]},{"@type":"ImageObject","inLanguage":"es","@id":"https:\/\/ticsalutsocial.atoom.space\/es\/noticia\/el-banco-de-imagenes-de-enfermeras-una-realidad-para-reivindicar-la-figura-de-las-profesionales\/#primaryimage","url":"https:\/\/ticsalutsocial.atoom.space\/wp-content\/uploads\/2018\/12\/44790087124_571c3170a5_o-scaled.jpg","contentUrl":"https:\/\/ticsalutsocial.atoom.space\/wp-content\/uploads\/2018\/12\/44790087124_571c3170a5_o-scaled.jpg","width":2560,"height":1707},{"@type":"BreadcrumbList","@id":"https:\/\/ticsalutsocial.atoom.space\/es\/noticia\/el-banco-de-imagenes-de-enfermeras-una-realidad-para-reivindicar-la-figura-de-las-profesionales\/#breadcrumb","itemListElement":[{"@type":"ListItem","position":1,"name":"Inici","item":"https:\/\/ticsalutsocial.atoom.space\/es\/"},{"@type":"ListItem","position":2,"name":"El Banco de Im\u00e1genes de Enfermeras, una realidad para reivindicar la figura de las profesionales"}]},{"@type":"WebSite","@id":"https:\/\/ticsalutsocial.atoom.space\/es\/#website","url":"https:\/\/ticsalutsocial.atoom.space\/es\/","name":"Fundaci\u00f3 TIC Salut i Social","description":"","potentialAction":[{"@type":"SearchAction","target":{"@type":"EntryPoint","urlTemplate":"https:\/\/ticsalutsocial.atoom.space\/es\/?s={search_term_string}"},"query-input":{"@type":"PropertyValueSpecification","valueRequired":true,"valueName":"search_term_string"}}],"inLanguage":"es"}]}},"_links":{"self":[{"href":"https:\/\/ticsalutsocial.atoom.space\/es\/wp-json\/wp\/v2\/noticia\/3654","targetHints":{"allow":["GET"]}}],"collection":[{"href":"https:\/\/ticsalutsocial.atoom.space\/es\/wp-json\/wp\/v2\/noticia"}],"about":[{"href":"https:\/\/ticsalutsocial.atoom.space\/es\/wp-json\/wp\/v2\/types\/noticia"}],"author":[{"embeddable":true,"href":"https:\/\/ticsalutsocial.atoom.space\/es\/wp-json\/wp\/v2\/users\/21"}],"wp:featuredmedia":[{"embeddable":true,"href":"https:\/\/ticsalutsocial.atoom.space\/es\/wp-json\/wp\/v2\/media\/3651"}],"wp:attachment":[{"href":"https:\/\/ticsalutsocial.atoom.space\/es\/wp-json\/wp\/v2\/media?parent=3654"}],"wp:term":[{"taxonomy":"etiqueta","embeddable":true,"href":"https:\/\/ticsalutsocial.atoom.space\/es\/wp-json\/wp\/v2\/etiqueta?post=3654"},{"taxonomy":"tipus","embeddable":true,"href":"https:\/\/ticsalutsocial.atoom.space\/es\/wp-json\/wp\/v2\/tipus?post=3654"},{"taxonomy":"topic","embeddable":true,"href":"https:\/\/ticsalutsocial.atoom.space\/es\/wp-json\/wp\/v2\/topic?post=3654"}],"curies":[{"name":"wp","href":"https:\/\/api.w.org\/{rel}","templated":true}]}}