
{"id":3660,"date":"2018-12-05T17:14:13","date_gmt":"2018-12-05T15:14:13","guid":{"rendered":"https:\/\/ticsalutsocial.atoom.space\/?post_type=noticia&#038;p=3660"},"modified":"2021-07-21T15:39:15","modified_gmt":"2021-07-21T13:39:15","slug":"la-fundacion-tic-salud-social-miembro-del-comite-ejecutivo-del-proyecto-trillium-ii","status":"publish","type":"noticia","link":"https:\/\/ticsalutsocial.atoom.space\/es\/noticia\/la-fundacion-tic-salud-social-miembro-del-comite-ejecutivo-del-proyecto-trillium-ii\/","title":{"rendered":"La Fundaci\u00f3n TIC Salud Social miembro del comit\u00e9 ejecutivo del proyecto Trillium II"},"content":{"rendered":"<blockquote><p>El pasado 23 de Octubre la Oficina de Est\u00e1ndares e Interoperabilidad (OFSTI), de la <em>Fundaci\u00f3 TIC Salut Social<\/em>, asisti\u00f3 en Copenhagen a la \u00faltima reuni\u00f3n de Trillium-II como miembro del comit\u00e9 ejecutivo del proyecto (PEC, del ingl\u00e9s <em>Project Executive Committee<\/em>).<\/p>\n<p>Trillium-II es el proyecto que sigue avanzando en los esfuerzos del anterior proyecto, Trillium Bridge, para progresar en sus acciones recomendadas y avanzar en la adopci\u00f3n del resumen del paciente internacional. El proyecto est\u00e1 apoyado por est\u00e1ndares ampliamente implementados, como el HL7 FHIR para definir los protocolos de comunicaci\u00f3n o SNOMED CT para definir la terminolog\u00eda a utilizar.<\/p>\n<p>Durante la reuni\u00f3n se repas\u00f3 el estado actual de los diferentes paquetes de trabajo del proyecto, de los cuales la Fundaci\u00f3n participa en cuatro de ellos, y se planificaron las tareas a realizar durante los pr\u00f3ximos seis meses.<\/p>\n<p>Diversas de estas tareas est\u00e1n relacionadas con los pilotos t\u00e9cnicos que se est\u00e1n preparando, donde uno de estos se realizar\u00e1 en Catalu\u00f1a. Esta \u00faltima fase del proyecto permitir\u00e1 poner en pr\u00e1ctica el intercambio del resumen internacional definido usando los est\u00e1ndares establecidos durante el proyecto.<\/p>\n<p>La reuni\u00f3n fue acogida por el <em>WHO<\/em> <em>Regional Office for Europ<\/em>e, una de las seis oficinas regionales de la OMS que existen en el mundo. Esta oficina sirve en la regi\u00f3n europea de la OMS, que comprende 53 pa\u00edses, y cubren una extensa regi\u00f3n geogr\u00e1fica del oc\u00e9ano Atl\u00e1ntico y Pac\u00edfico con personal experto en salud p\u00fablica, cient\u00edficos y t\u00e9cnicos.<\/p><\/blockquote>\n","protected":false},"author":21,"featured_media":3657,"menu_order":0,"template":"","meta":{"_acf_changed":false,"inline_featured_image":false},"etiqueta":[],"tipus":[84],"topic":[117,130],"class_list":["post-3660","noticia","type-noticia","status-publish","has-post-thumbnail","hentry","tipus-oficina-interoperabilidad","topic-jornadas","topic-la-fundacion"],"acf":{"imatge":3659,"autor":"David Rodriguez"},"yoast_head":"<!-- This site is optimized with the Yoast SEO plugin v27.1.1 - https:\/\/yoast.com\/product\/yoast-seo-wordpress\/ -->\n<title>La Fundaci\u00f3n TIC Salud Social miembro del comit\u00e9 ejecutivo del proyecto Trillium II - Fundaci\u00f3 TIC Salut i Social<\/title>\n<meta name=\"robots\" content=\"index, follow, max-snippet:-1, max-image-preview:large, max-video-preview:-1\" \/>\n<link rel=\"canonical\" href=\"https:\/\/ticsalutsocial.atoom.space\/es\/noticia\/la-fundacion-tic-salud-social-miembro-del-comite-ejecutivo-del-proyecto-trillium-ii\/\" \/>\n<meta property=\"og:locale\" content=\"es_ES\" \/>\n<meta property=\"og:type\" content=\"article\" \/>\n<meta property=\"og:title\" content=\"La Fundaci\u00f3n TIC Salud Social miembro del comit\u00e9 ejecutivo del proyecto Trillium II - Fundaci\u00f3 TIC Salut i Social\" \/>\n<meta property=\"og:description\" content=\"El pasado 23 de Octubre la Oficina de Est\u00e1ndares e Interoperabilidad (OFSTI), de la Fundaci\u00f3 TIC Salut Social, asisti\u00f3 en Copenhagen a la \u00faltima reuni\u00f3n de Trillium-II como miembro del comit\u00e9 ejecutivo del proyecto (PEC, del ingl\u00e9s Project Executive Committee). Trillium-II es el proyecto que sigue avanzando en los esfuerzos del anterior proyecto, Trillium Bridge, [&hellip;]\" \/>\n<meta property=\"og:url\" content=\"https:\/\/ticsalutsocial.atoom.space\/es\/noticia\/la-fundacion-tic-salud-social-miembro-del-comite-ejecutivo-del-proyecto-trillium-ii\/\" \/>\n<meta property=\"og:site_name\" content=\"Fundaci\u00f3 TIC Salut i Social\" \/>\n<meta property=\"article:modified_time\" content=\"2021-07-21T13:39:15+00:00\" \/>\n<meta property=\"og:image\" content=\"https:\/\/ticsalutsocial.atoom.space\/wp-content\/uploads\/2018\/12\/oms.jpg\" \/>\n\t<meta property=\"og:image:width\" content=\"1600\" \/>\n\t<meta property=\"og:image:height\" content=\"899\" \/>\n\t<meta property=\"og:image:type\" content=\"image\/jpeg\" \/>\n<meta name=\"twitter:card\" content=\"summary_large_image\" \/>\n<meta name=\"twitter:label1\" content=\"Tiempo de lectura\" \/>\n\t<meta name=\"twitter:data1\" content=\"1 minuto\" \/>\n<script type=\"application\/ld+json\" class=\"yoast-schema-graph\">{\"@context\":\"https:\/\/schema.org\",\"@graph\":[{\"@type\":\"WebPage\",\"@id\":\"https:\/\/ticsalutsocial.atoom.space\/es\/noticia\/la-fundacion-tic-salud-social-miembro-del-comite-ejecutivo-del-proyecto-trillium-ii\/\",\"url\":\"https:\/\/ticsalutsocial.atoom.space\/es\/noticia\/la-fundacion-tic-salud-social-miembro-del-comite-ejecutivo-del-proyecto-trillium-ii\/\",\"name\":\"La Fundaci\u00f3n TIC Salud Social miembro del comit\u00e9 ejecutivo del proyecto Trillium II - Fundaci\u00f3 TIC Salut i Social\",\"isPartOf\":{\"@id\":\"https:\/\/ticsalutsocial.atoom.space\/es\/#website\"},\"primaryImageOfPage\":{\"@id\":\"https:\/\/ticsalutsocial.atoom.space\/es\/noticia\/la-fundacion-tic-salud-social-miembro-del-comite-ejecutivo-del-proyecto-trillium-ii\/#primaryimage\"},\"image\":{\"@id\":\"https:\/\/ticsalutsocial.atoom.space\/es\/noticia\/la-fundacion-tic-salud-social-miembro-del-comite-ejecutivo-del-proyecto-trillium-ii\/#primaryimage\"},\"thumbnailUrl\":\"https:\/\/ticsalutsocial.atoom.space\/wp-content\/uploads\/2018\/12\/oms.jpg\",\"datePublished\":\"2018-12-05T15:14:13+00:00\",\"dateModified\":\"2021-07-21T13:39:15+00:00\",\"breadcrumb\":{\"@id\":\"https:\/\/ticsalutsocial.atoom.space\/es\/noticia\/la-fundacion-tic-salud-social-miembro-del-comite-ejecutivo-del-proyecto-trillium-ii\/#breadcrumb\"},\"inLanguage\":\"es\",\"potentialAction\":[{\"@type\":\"ReadAction\",\"target\":[\"https:\/\/ticsalutsocial.atoom.space\/es\/noticia\/la-fundacion-tic-salud-social-miembro-del-comite-ejecutivo-del-proyecto-trillium-ii\/\"]}]},{\"@type\":\"ImageObject\",\"inLanguage\":\"es\",\"@id\":\"https:\/\/ticsalutsocial.atoom.space\/es\/noticia\/la-fundacion-tic-salud-social-miembro-del-comite-ejecutivo-del-proyecto-trillium-ii\/#primaryimage\",\"url\":\"https:\/\/ticsalutsocial.atoom.space\/wp-content\/uploads\/2018\/12\/oms.jpg\",\"contentUrl\":\"https:\/\/ticsalutsocial.atoom.space\/wp-content\/uploads\/2018\/12\/oms.jpg\",\"width\":1600,\"height\":899},{\"@type\":\"BreadcrumbList\",\"@id\":\"https:\/\/ticsalutsocial.atoom.space\/es\/noticia\/la-fundacion-tic-salud-social-miembro-del-comite-ejecutivo-del-proyecto-trillium-ii\/#breadcrumb\",\"itemListElement\":[{\"@type\":\"ListItem\",\"position\":1,\"name\":\"Inici\",\"item\":\"https:\/\/ticsalutsocial.atoom.space\/es\/\"},{\"@type\":\"ListItem\",\"position\":2,\"name\":\"La Fundaci\u00f3n TIC Salud Social miembro del comit\u00e9 ejecutivo del proyecto Trillium II\"}]},{\"@type\":\"WebSite\",\"@id\":\"https:\/\/ticsalutsocial.atoom.space\/es\/#website\",\"url\":\"https:\/\/ticsalutsocial.atoom.space\/es\/\",\"name\":\"Fundaci\u00f3 TIC Salut i Social\",\"description\":\"\",\"potentialAction\":[{\"@type\":\"SearchAction\",\"target\":{\"@type\":\"EntryPoint\",\"urlTemplate\":\"https:\/\/ticsalutsocial.atoom.space\/es\/?s={search_term_string}\"},\"query-input\":{\"@type\":\"PropertyValueSpecification\",\"valueRequired\":true,\"valueName\":\"search_term_string\"}}],\"inLanguage\":\"es\"}]}<\/script>\n<!-- \/ Yoast SEO plugin. -->","yoast_head_json":{"title":"La Fundaci\u00f3n TIC Salud Social miembro del comit\u00e9 ejecutivo del proyecto Trillium II - Fundaci\u00f3 TIC Salut i Social","robots":{"index":"index","follow":"follow","max-snippet":"max-snippet:-1","max-image-preview":"max-image-preview:large","max-video-preview":"max-video-preview:-1"},"canonical":"https:\/\/ticsalutsocial.atoom.space\/es\/noticia\/la-fundacion-tic-salud-social-miembro-del-comite-ejecutivo-del-proyecto-trillium-ii\/","og_locale":"es_ES","og_type":"article","og_title":"La Fundaci\u00f3n TIC Salud Social miembro del comit\u00e9 ejecutivo del proyecto Trillium II - Fundaci\u00f3 TIC Salut i Social","og_description":"El pasado 23 de Octubre la Oficina de Est\u00e1ndares e Interoperabilidad (OFSTI), de la Fundaci\u00f3 TIC Salut Social, asisti\u00f3 en Copenhagen a la \u00faltima reuni\u00f3n de Trillium-II como miembro del comit\u00e9 ejecutivo del proyecto (PEC, del ingl\u00e9s Project Executive Committee). Trillium-II es el proyecto que sigue avanzando en los esfuerzos del anterior proyecto, Trillium Bridge, [&hellip;]","og_url":"https:\/\/ticsalutsocial.atoom.space\/es\/noticia\/la-fundacion-tic-salud-social-miembro-del-comite-ejecutivo-del-proyecto-trillium-ii\/","og_site_name":"Fundaci\u00f3 TIC Salut i Social","article_modified_time":"2021-07-21T13:39:15+00:00","og_image":[{"width":1600,"height":899,"url":"https:\/\/ticsalutsocial.atoom.space\/wp-content\/uploads\/2018\/12\/oms.jpg","type":"image\/jpeg"}],"twitter_card":"summary_large_image","twitter_misc":{"Tiempo de lectura":"1 minuto"},"schema":{"@context":"https:\/\/schema.org","@graph":[{"@type":"WebPage","@id":"https:\/\/ticsalutsocial.atoom.space\/es\/noticia\/la-fundacion-tic-salud-social-miembro-del-comite-ejecutivo-del-proyecto-trillium-ii\/","url":"https:\/\/ticsalutsocial.atoom.space\/es\/noticia\/la-fundacion-tic-salud-social-miembro-del-comite-ejecutivo-del-proyecto-trillium-ii\/","name":"La Fundaci\u00f3n TIC Salud Social miembro del comit\u00e9 ejecutivo del proyecto Trillium II - Fundaci\u00f3 TIC Salut i Social","isPartOf":{"@id":"https:\/\/ticsalutsocial.atoom.space\/es\/#website"},"primaryImageOfPage":{"@id":"https:\/\/ticsalutsocial.atoom.space\/es\/noticia\/la-fundacion-tic-salud-social-miembro-del-comite-ejecutivo-del-proyecto-trillium-ii\/#primaryimage"},"image":{"@id":"https:\/\/ticsalutsocial.atoom.space\/es\/noticia\/la-fundacion-tic-salud-social-miembro-del-comite-ejecutivo-del-proyecto-trillium-ii\/#primaryimage"},"thumbnailUrl":"https:\/\/ticsalutsocial.atoom.space\/wp-content\/uploads\/2018\/12\/oms.jpg","datePublished":"2018-12-05T15:14:13+00:00","dateModified":"2021-07-21T13:39:15+00:00","breadcrumb":{"@id":"https:\/\/ticsalutsocial.atoom.space\/es\/noticia\/la-fundacion-tic-salud-social-miembro-del-comite-ejecutivo-del-proyecto-trillium-ii\/#breadcrumb"},"inLanguage":"es","potentialAction":[{"@type":"ReadAction","target":["https:\/\/ticsalutsocial.atoom.space\/es\/noticia\/la-fundacion-tic-salud-social-miembro-del-comite-ejecutivo-del-proyecto-trillium-ii\/"]}]},{"@type":"ImageObject","inLanguage":"es","@id":"https:\/\/ticsalutsocial.atoom.space\/es\/noticia\/la-fundacion-tic-salud-social-miembro-del-comite-ejecutivo-del-proyecto-trillium-ii\/#primaryimage","url":"https:\/\/ticsalutsocial.atoom.space\/wp-content\/uploads\/2018\/12\/oms.jpg","contentUrl":"https:\/\/ticsalutsocial.atoom.space\/wp-content\/uploads\/2018\/12\/oms.jpg","width":1600,"height":899},{"@type":"BreadcrumbList","@id":"https:\/\/ticsalutsocial.atoom.space\/es\/noticia\/la-fundacion-tic-salud-social-miembro-del-comite-ejecutivo-del-proyecto-trillium-ii\/#breadcrumb","itemListElement":[{"@type":"ListItem","position":1,"name":"Inici","item":"https:\/\/ticsalutsocial.atoom.space\/es\/"},{"@type":"ListItem","position":2,"name":"La Fundaci\u00f3n TIC Salud Social miembro del comit\u00e9 ejecutivo del proyecto Trillium II"}]},{"@type":"WebSite","@id":"https:\/\/ticsalutsocial.atoom.space\/es\/#website","url":"https:\/\/ticsalutsocial.atoom.space\/es\/","name":"Fundaci\u00f3 TIC Salut i Social","description":"","potentialAction":[{"@type":"SearchAction","target":{"@type":"EntryPoint","urlTemplate":"https:\/\/ticsalutsocial.atoom.space\/es\/?s={search_term_string}"},"query-input":{"@type":"PropertyValueSpecification","valueRequired":true,"valueName":"search_term_string"}}],"inLanguage":"es"}]}},"_links":{"self":[{"href":"https:\/\/ticsalutsocial.atoom.space\/es\/wp-json\/wp\/v2\/noticia\/3660","targetHints":{"allow":["GET"]}}],"collection":[{"href":"https:\/\/ticsalutsocial.atoom.space\/es\/wp-json\/wp\/v2\/noticia"}],"about":[{"href":"https:\/\/ticsalutsocial.atoom.space\/es\/wp-json\/wp\/v2\/types\/noticia"}],"author":[{"embeddable":true,"href":"https:\/\/ticsalutsocial.atoom.space\/es\/wp-json\/wp\/v2\/users\/21"}],"wp:featuredmedia":[{"embeddable":true,"href":"https:\/\/ticsalutsocial.atoom.space\/es\/wp-json\/wp\/v2\/media\/3657"}],"wp:attachment":[{"href":"https:\/\/ticsalutsocial.atoom.space\/es\/wp-json\/wp\/v2\/media?parent=3660"}],"wp:term":[{"taxonomy":"etiqueta","embeddable":true,"href":"https:\/\/ticsalutsocial.atoom.space\/es\/wp-json\/wp\/v2\/etiqueta?post=3660"},{"taxonomy":"tipus","embeddable":true,"href":"https:\/\/ticsalutsocial.atoom.space\/es\/wp-json\/wp\/v2\/tipus?post=3660"},{"taxonomy":"topic","embeddable":true,"href":"https:\/\/ticsalutsocial.atoom.space\/es\/wp-json\/wp\/v2\/topic?post=3660"}],"curies":[{"name":"wp","href":"https:\/\/api.w.org\/{rel}","templated":true}]}}