
{"id":3667,"date":"2018-12-15T13:34:55","date_gmt":"2018-12-15T11:34:55","guid":{"rendered":"https:\/\/ticsalutsocial.atoom.space\/?post_type=noticia&#038;p=3667"},"modified":"2021-07-21T15:39:21","modified_gmt":"2021-07-21T13:39:21","slug":"cuando-hablamos-de-mhealth-estamos-disenando-la-salud-del-presente","status":"publish","type":"noticia","link":"https:\/\/ticsalutsocial.atoom.space\/es\/noticia\/cuando-hablamos-de-mhealth-estamos-disenando-la-salud-del-presente\/","title":{"rendered":"\u00abCuando hablamos de mHealth, estamos dise\u00f1ando la salud del presente\u00bb"},"content":{"rendered":"\n<h2 class=\"wp-block-heading\">Presentaci\u00f3n de la gu\u00eda b\u00e1sica con recomendaciones para el desarrollo de apps en salud y atenci\u00f3n social<\/h2>\n\n\n\n<p>El pasado 14 de diciembre la Fundaci\u00f3 TIC Salut Social present\u00f3 p\u00fablicamente la primera edici\u00f3n de la <em> Gu\u00eda b\u00e1sica de recomendaciones para el desarrollo de apps de salud y atenci\u00f3n social,  <\/em>elaborada conjuntamente con la colaboraci\u00f3n de CSV Experts, iSalus, m4social la Taula del Tercer Sector, Pasiona y la UPC (Universitat Polit\u00e8cnica de Catalunya). La presentaci\u00f3n tuvo lugar en la sala de actos del Departament de Salut (Barcelona) con aforo completo de asistencia, lo que demuestra el inter\u00e9s del sector en materia mHealth. <\/p>\n\n\n\n<p>En su inauguraci\u00f3n, la secretaria general de Salut, Laura Pelay, destac\u00f3 la importancia \u00abde adaptarnos, cada vez m\u00e1s, a las necesidades de nuestra sociedad. Hablamos de atenci\u00f3n centrada en las necesidades de las personas y esta tecnolog\u00eda es una herramienta indispensable \u00ab. Pelay incidi\u00f3 en que \u00abhablar de mHealth no es hablar de futuro, es hablar de presente y al hacerlo lo estamos dise\u00f1ando conjuntamente\u00bb.<\/p>\n\n\n\n<blockquote class=\"wp-block-quote is-layout-flow wp-block-quote-is-layout-flow\"><p>\u00abHablamos de atenci\u00f3n centrada en las necesidades de las personas y esta tecnolog\u00eda es una herramienta indispensable\u00bb<\/p><\/blockquote>\n\n\n\n<p>El director de la Fundaci\u00f3 TIC Salut Social, Josu\u00e9 Sallent, reflexion\u00f3 sobre el impacto de la tecnolog\u00eda sobre los servicios. \u00abHoy nadie puede pensar en ofrecer servicios de atenci\u00f3n sin la tecnolog\u00eda. Forma parte del Plan Estrat\u00e9gico de Salud y la movilidad ha llegado para quedarse.\u00bb Sallent invit\u00f3 a seguir de cerca el trabajo que se realiza desde la FTSS. \u00abDesde la Fundaci\u00f3 trabajamos para profundizar en nuevas y mejores iniciativas. Os invito a visitar el pr\u00f3ximo Mobile World Congress y descubrir qu\u00e9 puede aportar la tecnolog\u00eda 5G a la atenci\u00f3n hospitalaria\u00bb.<\/p>\n\n\n\n<p>Ariadna Rius, responsable de la Oficina de Interoperabilidad de la FTSS fue la encargada de presentar con detalle la Gu\u00eda. La seguridad y el tratamiento de datos fue uno de los apartados que despert\u00f3 m\u00e1s inter\u00e9s en el turno de preguntas, as\u00ed como la necesidad de involucrar aspectos de la gu\u00eda desde un inicio. \u00abAl igual que en los est\u00e1ndares, es importante tener en cuenta estas recomendaciones al inicio del desarrollo\u00bb, explic\u00f3 Rius. Quien reconoci\u00f3 la necesidad de crear una gu\u00eda de estas caracter\u00edsticas \u00abpara dar respuesta a las necesidades detectadas en empresas que nos piden qu\u00e9 criterios hay que tener en cuenta\u00bb.<\/p>\n\n\n\n<blockquote class=\"wp-block-quote is-layout-flow wp-block-quote-is-layout-flow\"><p>\u00abHemos creado esta gu\u00eda para dar respuesta a las necesidades detectadas en empresas que nos piden qu\u00e9 criterios hay que tener en cuenta\u00bb<\/p><\/blockquote>\n\n\n\n<figure class=\"wp-block-image\"><img decoding=\"async\" src=\"https:\/\/ticsalutsocial.atoom.space\/wp-content\/uploads\/2018\/12\/fa97e36c-0a52-408a-aee3-6fe50bea8fd1-700x456-1.jpg\" alt=\"Ariadna Rius presenta els detalls de la Guia d'apps en salut i social.\" class=\"wp-image-11708\"\/><figcaption>Ariadna Rius presenta los detalles de la Gu\u00eda de apps en salud y atenci\u00f3n social.<\/figcaption><\/figure>\n\n\n\n<p>La publicaci\u00f3n de la Gu\u00eda nace bajo el paraguas del Modelo de acreditaci\u00f3n de la FTSS. Adri\u00e0 Garcia, responsable de comunicaci\u00f3n de la Fundaci\u00f3, fue el encargado de contextualizar el entorno mHealth sobre el que trabaja TIC Salut Social. \u00abContamos con una oficina mHealth al servicio del sector. A principios de a\u00f1o publicaremos un directorio de apps en salud y social para poder consultar cu\u00e1les son las aplicaciones m\u00e1s relevantes en cada \u00e1mbito. La Oficina se encarga de escuchar nuestro entorno y es la puerta de entrada de proyectos de movilidad\u00bb. Aprovech\u00f3 para repasar cu\u00e1les son los diferentes pasos para acreditar una aplicaci\u00f3n, recordando que todos los criterios son p\u00fablicos y est\u00e1n disponibles en la web de la Fundaci\u00f3. Y por \u00faltimo, quiso agradecer la colaboraci\u00f3n del comit\u00e9 de expertos formado por miembros de Colegios Oficiales como: COMB, COPFLEFC, COIB, SCEPC, AIFICC y CAMFIC, con los que se ha eval\u00faa la calidad de los contenidos y la utilidad de las funciones que incorporan las diferentes aplicaciones.<\/p>\n\n\n\n<blockquote class=\"wp-block-quote is-layout-flow wp-block-quote-is-layout-flow\"><p><strong>El comit\u00e9 de expertos formado por miembros de Colegios Oficiales como: COMB, COPFLEFC, COIB, SCEPC, AIFICC y CAMFIC han evaluado la calidad de los contenidos y la utilidad de las funciones que incorporan las diferentes aplicaciones que quieren acreditarse.<\/strong><\/p><\/blockquote>\n\n\n\n<p>El acto tambi\u00e9n cont\u00f3 con la presencia de Jordi Arruf\u00ed, director D-LAB del Mobile World Capital Barcelona, quien aport\u00f3 la visi\u00f3n mHealth del sector a partir de diferentes casos de \u00e9xito expuestos. Como por ejemplo Salus.coop, \u00abun proyecto para ampliar y mejorar el control en la gesti\u00f3n de datos y sobre todo para el empoderamiento ciudadano sobre su inforamci\u00f3n de salud o Eyetracking que permite utilizar herramientas digitales y universalizar el acceso\u00bb.<\/p>\n\n\n\n<figure class=\"wp-block-image\"><img decoding=\"async\" src=\"https:\/\/ticsalutsocial.atoom.space\/wp-content\/uploads\/2018\/12\/img_1796-700x525-1.jpg\" alt=\"\" class=\"wp-image-11714\"\/><figcaption>Aforo completo en la sala de actos del Departament de Salut para conocer los detalles de la Gu\u00eda de aplicaciones m\u00f3viles.<\/figcaption><\/figure>\n\n\n\n<p>Por \u00faltimo, se invit\u00f3 a cada uno de los miembros de las entidades que han colaborado en los diferentes apartados de la Gu\u00eda. Se les hizo entrega de un diploma de agradecimiento y la gu\u00eda en papel. Destacamos algunas de sus aportaciones:<\/p>\n\n\n\n<ul class=\"wp-block-list\"><li>\u00abLo m\u00e1s relevante para identificar una app como medical device o producto sanitario es plantearse esta cuesti\u00f3n al inicio del proyecto, durante la fase de dise\u00f1o.\u00bb Josep Hortig\u00fcela, CSV Experts.<\/li><li>\u00abHay que considerar las plataformas en las cuales se desarrollar\u00e1 un producto por qu\u00e9 cada una presenta unas caracter\u00edsticas espec\u00edficas. Los ususarios tambi\u00e9n responden a perfiles diferentes\u00bb. Antoni Oller, UPC.<\/li><li>\u00abPara realizar una app de gesti\u00f3n para visualizar y editar datos, la soluci\u00f3n h\u00edbrida ser\u00eda la mejor soluci\u00f3n ya que permite balancear recursos y funcionalidades.\u00bb Marc G\u00f3rriz, iSalus.<\/li><li>\u00abNo debemos olvidarnos del usuario, es la persona que finalmente tiene que utilizar el producto. Con equipos multidisciplinares donde participen todos los actores implicados reduciremos el margen de error y el coste final. Situar al ciudadano en el centro comienza en la fase de dise\u00f1o, \u00abClara Planet, Pasiona.<\/li><li>\u00abLa tecnolog\u00eda ha sido accesible porque creemos en la universalizaci\u00f3n de estas herramientas como forma de generar oportunidades de inclusi\u00f3n.\u00bb Adri\u00e0 Cuenca, m4Social.<\/li><\/ul>\n","protected":false},"author":21,"featured_media":3663,"menu_order":0,"template":"","meta":{"_acf_changed":false,"inline_featured_image":false},"etiqueta":[],"tipus":[654,84],"topic":[121,125,117],"class_list":["post-3667","noticia","type-noticia","status-publish","has-post-thumbnail","hentry","tipus-activos-digitales","tipus-oficina-interoperabilidad","topic-dpd-es","topic-hub-es","topic-jornadas"],"acf":{"imatge":3665,"autor":"TIC Salut Social","documents":[{"titol_doc":"Gu\u00eda b\u00e1sica de recomendaciones para el desarrollo de apps de salud y atenci\u00f3n social (primera edici\u00f3n).","document":{"ID":14,"id":14,"title":"logo","filename":"logo.svg","filesize":24066,"url":"https:\/\/ticsalutsocial.atoom.space\/wp-content\/uploads\/2021\/06\/logo.svg","link":"https:\/\/ticsalutsocial.atoom.space\/es\/noticia\/fractures-escletxes-i-esquerdes-existeix-la-digital-divide\/logo-2\/","alt":"","author":"21","description":"","caption":"","name":"logo-2","status":"inherit","uploaded_to":3447,"date":"2021-06-14 09:33:20","modified":"2021-07-20 10:36:14","menu_order":0,"mime_type":"image\/svg+xml","type":"image","subtype":"svg+xml","icon":"https:\/\/ticsalutsocial.atoom.space\/wp-includes\/images\/media\/default.png","width":202,"height":58,"sizes":{"thumbnail":"https:\/\/ticsalutsocial.atoom.space\/wp-content\/uploads\/2021\/06\/logo.svg","thumbnail-width":150,"thumbnail-height":150,"medium":"https:\/\/ticsalutsocial.atoom.space\/wp-content\/uploads\/2021\/06\/logo.svg","medium-width":300,"medium-height":300,"medium_large":"https:\/\/ticsalutsocial.atoom.space\/wp-content\/uploads\/2021\/06\/logo.svg","medium_large-width":768,"medium_large-height":1,"large":"https:\/\/ticsalutsocial.atoom.space\/wp-content\/uploads\/2021\/06\/logo.svg","large-width":1024,"large-height":1024,"1536x1536":"https:\/\/ticsalutsocial.atoom.space\/wp-content\/uploads\/2021\/06\/logo.svg","1536x1536-width":202,"1536x1536-height":58,"2048x2048":"https:\/\/ticsalutsocial.atoom.space\/wp-content\/uploads\/2021\/06\/logo.svg","2048x2048-width":202,"2048x2048-height":58}}}]},"yoast_head":"<!-- This site is optimized with the Yoast SEO plugin v27.1.1 - https:\/\/yoast.com\/product\/yoast-seo-wordpress\/ -->\n<title>&quot;Cuando hablamos de mHealth, estamos dise\u00f1ando la salud del presente&quot; - Fundaci\u00f3 TIC Salut i Social<\/title>\n<meta name=\"robots\" content=\"index, follow, max-snippet:-1, max-image-preview:large, max-video-preview:-1\" \/>\n<link rel=\"canonical\" href=\"https:\/\/ticsalutsocial.atoom.space\/es\/noticia\/cuando-hablamos-de-mhealth-estamos-disenando-la-salud-del-presente\/\" \/>\n<meta property=\"og:locale\" content=\"es_ES\" \/>\n<meta property=\"og:type\" content=\"article\" \/>\n<meta property=\"og:title\" content=\"&quot;Cuando hablamos de mHealth, estamos dise\u00f1ando la salud del presente&quot; - Fundaci\u00f3 TIC Salut i Social\" \/>\n<meta property=\"og:description\" content=\"Presentaci\u00f3n de la gu\u00eda b\u00e1sica con recomendaciones para el desarrollo de apps en salud y atenci\u00f3n social El pasado 14 de diciembre la Fundaci\u00f3 TIC Salut Social present\u00f3 p\u00fablicamente la primera edici\u00f3n de la Gu\u00eda b\u00e1sica de recomendaciones para el desarrollo de apps de salud y atenci\u00f3n social, elaborada conjuntamente con la colaboraci\u00f3n de CSV [&hellip;]\" \/>\n<meta property=\"og:url\" content=\"https:\/\/ticsalutsocial.atoom.space\/es\/noticia\/cuando-hablamos-de-mhealth-estamos-disenando-la-salud-del-presente\/\" \/>\n<meta property=\"og:site_name\" content=\"Fundaci\u00f3 TIC Salut i Social\" \/>\n<meta property=\"article:modified_time\" content=\"2021-07-21T13:39:21+00:00\" \/>\n<meta property=\"og:image\" content=\"https:\/\/ticsalutsocial.atoom.space\/wp-content\/uploads\/2018\/12\/img_1798-scaled.jpg\" \/>\n\t<meta property=\"og:image:width\" content=\"2560\" \/>\n\t<meta property=\"og:image:height\" content=\"1918\" \/>\n\t<meta property=\"og:image:type\" content=\"image\/jpeg\" \/>\n<meta name=\"twitter:card\" content=\"summary_large_image\" \/>\n<meta name=\"twitter:label1\" content=\"Tiempo de lectura\" \/>\n\t<meta name=\"twitter:data1\" content=\"5 minutos\" \/>\n<script type=\"application\/ld+json\" class=\"yoast-schema-graph\">{\"@context\":\"https:\/\/schema.org\",\"@graph\":[{\"@type\":\"WebPage\",\"@id\":\"https:\/\/ticsalutsocial.atoom.space\/es\/noticia\/cuando-hablamos-de-mhealth-estamos-disenando-la-salud-del-presente\/\",\"url\":\"https:\/\/ticsalutsocial.atoom.space\/es\/noticia\/cuando-hablamos-de-mhealth-estamos-disenando-la-salud-del-presente\/\",\"name\":\"\\\"Cuando hablamos de mHealth, estamos dise\u00f1ando la salud del presente\\\" - Fundaci\u00f3 TIC Salut i Social\",\"isPartOf\":{\"@id\":\"https:\/\/ticsalutsocial.atoom.space\/es\/#website\"},\"primaryImageOfPage\":{\"@id\":\"https:\/\/ticsalutsocial.atoom.space\/es\/noticia\/cuando-hablamos-de-mhealth-estamos-disenando-la-salud-del-presente\/#primaryimage\"},\"image\":{\"@id\":\"https:\/\/ticsalutsocial.atoom.space\/es\/noticia\/cuando-hablamos-de-mhealth-estamos-disenando-la-salud-del-presente\/#primaryimage\"},\"thumbnailUrl\":\"https:\/\/ticsalutsocial.atoom.space\/wp-content\/uploads\/2018\/12\/img_1798-scaled.jpg\",\"datePublished\":\"2018-12-15T11:34:55+00:00\",\"dateModified\":\"2021-07-21T13:39:21+00:00\",\"breadcrumb\":{\"@id\":\"https:\/\/ticsalutsocial.atoom.space\/es\/noticia\/cuando-hablamos-de-mhealth-estamos-disenando-la-salud-del-presente\/#breadcrumb\"},\"inLanguage\":\"es\",\"potentialAction\":[{\"@type\":\"ReadAction\",\"target\":[\"https:\/\/ticsalutsocial.atoom.space\/es\/noticia\/cuando-hablamos-de-mhealth-estamos-disenando-la-salud-del-presente\/\"]}]},{\"@type\":\"ImageObject\",\"inLanguage\":\"es\",\"@id\":\"https:\/\/ticsalutsocial.atoom.space\/es\/noticia\/cuando-hablamos-de-mhealth-estamos-disenando-la-salud-del-presente\/#primaryimage\",\"url\":\"https:\/\/ticsalutsocial.atoom.space\/wp-content\/uploads\/2018\/12\/img_1798-scaled.jpg\",\"contentUrl\":\"https:\/\/ticsalutsocial.atoom.space\/wp-content\/uploads\/2018\/12\/img_1798-scaled.jpg\",\"width\":2560,\"height\":1918},{\"@type\":\"BreadcrumbList\",\"@id\":\"https:\/\/ticsalutsocial.atoom.space\/es\/noticia\/cuando-hablamos-de-mhealth-estamos-disenando-la-salud-del-presente\/#breadcrumb\",\"itemListElement\":[{\"@type\":\"ListItem\",\"position\":1,\"name\":\"Inici\",\"item\":\"https:\/\/ticsalutsocial.atoom.space\/es\/\"},{\"@type\":\"ListItem\",\"position\":2,\"name\":\"&#8220;Cuando hablamos de mHealth, estamos dise\u00f1ando la salud del presente&#8221;\"}]},{\"@type\":\"WebSite\",\"@id\":\"https:\/\/ticsalutsocial.atoom.space\/es\/#website\",\"url\":\"https:\/\/ticsalutsocial.atoom.space\/es\/\",\"name\":\"Fundaci\u00f3 TIC Salut i Social\",\"description\":\"\",\"potentialAction\":[{\"@type\":\"SearchAction\",\"target\":{\"@type\":\"EntryPoint\",\"urlTemplate\":\"https:\/\/ticsalutsocial.atoom.space\/es\/?s={search_term_string}\"},\"query-input\":{\"@type\":\"PropertyValueSpecification\",\"valueRequired\":true,\"valueName\":\"search_term_string\"}}],\"inLanguage\":\"es\"}]}<\/script>\n<!-- \/ Yoast SEO plugin. -->","yoast_head_json":{"title":"\"Cuando hablamos de mHealth, estamos dise\u00f1ando la salud del presente\" - Fundaci\u00f3 TIC Salut i Social","robots":{"index":"index","follow":"follow","max-snippet":"max-snippet:-1","max-image-preview":"max-image-preview:large","max-video-preview":"max-video-preview:-1"},"canonical":"https:\/\/ticsalutsocial.atoom.space\/es\/noticia\/cuando-hablamos-de-mhealth-estamos-disenando-la-salud-del-presente\/","og_locale":"es_ES","og_type":"article","og_title":"\"Cuando hablamos de mHealth, estamos dise\u00f1ando la salud del presente\" - Fundaci\u00f3 TIC Salut i Social","og_description":"Presentaci\u00f3n de la gu\u00eda b\u00e1sica con recomendaciones para el desarrollo de apps en salud y atenci\u00f3n social El pasado 14 de diciembre la Fundaci\u00f3 TIC Salut Social present\u00f3 p\u00fablicamente la primera edici\u00f3n de la Gu\u00eda b\u00e1sica de recomendaciones para el desarrollo de apps de salud y atenci\u00f3n social, elaborada conjuntamente con la colaboraci\u00f3n de CSV [&hellip;]","og_url":"https:\/\/ticsalutsocial.atoom.space\/es\/noticia\/cuando-hablamos-de-mhealth-estamos-disenando-la-salud-del-presente\/","og_site_name":"Fundaci\u00f3 TIC Salut i Social","article_modified_time":"2021-07-21T13:39:21+00:00","og_image":[{"width":2560,"height":1918,"url":"https:\/\/ticsalutsocial.atoom.space\/wp-content\/uploads\/2018\/12\/img_1798-scaled.jpg","type":"image\/jpeg"}],"twitter_card":"summary_large_image","twitter_misc":{"Tiempo de lectura":"5 minutos"},"schema":{"@context":"https:\/\/schema.org","@graph":[{"@type":"WebPage","@id":"https:\/\/ticsalutsocial.atoom.space\/es\/noticia\/cuando-hablamos-de-mhealth-estamos-disenando-la-salud-del-presente\/","url":"https:\/\/ticsalutsocial.atoom.space\/es\/noticia\/cuando-hablamos-de-mhealth-estamos-disenando-la-salud-del-presente\/","name":"\"Cuando hablamos de mHealth, estamos dise\u00f1ando la salud del presente\" - Fundaci\u00f3 TIC Salut i Social","isPartOf":{"@id":"https:\/\/ticsalutsocial.atoom.space\/es\/#website"},"primaryImageOfPage":{"@id":"https:\/\/ticsalutsocial.atoom.space\/es\/noticia\/cuando-hablamos-de-mhealth-estamos-disenando-la-salud-del-presente\/#primaryimage"},"image":{"@id":"https:\/\/ticsalutsocial.atoom.space\/es\/noticia\/cuando-hablamos-de-mhealth-estamos-disenando-la-salud-del-presente\/#primaryimage"},"thumbnailUrl":"https:\/\/ticsalutsocial.atoom.space\/wp-content\/uploads\/2018\/12\/img_1798-scaled.jpg","datePublished":"2018-12-15T11:34:55+00:00","dateModified":"2021-07-21T13:39:21+00:00","breadcrumb":{"@id":"https:\/\/ticsalutsocial.atoom.space\/es\/noticia\/cuando-hablamos-de-mhealth-estamos-disenando-la-salud-del-presente\/#breadcrumb"},"inLanguage":"es","potentialAction":[{"@type":"ReadAction","target":["https:\/\/ticsalutsocial.atoom.space\/es\/noticia\/cuando-hablamos-de-mhealth-estamos-disenando-la-salud-del-presente\/"]}]},{"@type":"ImageObject","inLanguage":"es","@id":"https:\/\/ticsalutsocial.atoom.space\/es\/noticia\/cuando-hablamos-de-mhealth-estamos-disenando-la-salud-del-presente\/#primaryimage","url":"https:\/\/ticsalutsocial.atoom.space\/wp-content\/uploads\/2018\/12\/img_1798-scaled.jpg","contentUrl":"https:\/\/ticsalutsocial.atoom.space\/wp-content\/uploads\/2018\/12\/img_1798-scaled.jpg","width":2560,"height":1918},{"@type":"BreadcrumbList","@id":"https:\/\/ticsalutsocial.atoom.space\/es\/noticia\/cuando-hablamos-de-mhealth-estamos-disenando-la-salud-del-presente\/#breadcrumb","itemListElement":[{"@type":"ListItem","position":1,"name":"Inici","item":"https:\/\/ticsalutsocial.atoom.space\/es\/"},{"@type":"ListItem","position":2,"name":"&#8220;Cuando hablamos de mHealth, estamos dise\u00f1ando la salud del presente&#8221;"}]},{"@type":"WebSite","@id":"https:\/\/ticsalutsocial.atoom.space\/es\/#website","url":"https:\/\/ticsalutsocial.atoom.space\/es\/","name":"Fundaci\u00f3 TIC Salut i Social","description":"","potentialAction":[{"@type":"SearchAction","target":{"@type":"EntryPoint","urlTemplate":"https:\/\/ticsalutsocial.atoom.space\/es\/?s={search_term_string}"},"query-input":{"@type":"PropertyValueSpecification","valueRequired":true,"valueName":"search_term_string"}}],"inLanguage":"es"}]}},"_links":{"self":[{"href":"https:\/\/ticsalutsocial.atoom.space\/es\/wp-json\/wp\/v2\/noticia\/3667","targetHints":{"allow":["GET"]}}],"collection":[{"href":"https:\/\/ticsalutsocial.atoom.space\/es\/wp-json\/wp\/v2\/noticia"}],"about":[{"href":"https:\/\/ticsalutsocial.atoom.space\/es\/wp-json\/wp\/v2\/types\/noticia"}],"author":[{"embeddable":true,"href":"https:\/\/ticsalutsocial.atoom.space\/es\/wp-json\/wp\/v2\/users\/21"}],"wp:featuredmedia":[{"embeddable":true,"href":"https:\/\/ticsalutsocial.atoom.space\/es\/wp-json\/wp\/v2\/media\/3663"}],"wp:attachment":[{"href":"https:\/\/ticsalutsocial.atoom.space\/es\/wp-json\/wp\/v2\/media?parent=3667"}],"wp:term":[{"taxonomy":"etiqueta","embeddable":true,"href":"https:\/\/ticsalutsocial.atoom.space\/es\/wp-json\/wp\/v2\/etiqueta?post=3667"},{"taxonomy":"tipus","embeddable":true,"href":"https:\/\/ticsalutsocial.atoom.space\/es\/wp-json\/wp\/v2\/tipus?post=3667"},{"taxonomy":"topic","embeddable":true,"href":"https:\/\/ticsalutsocial.atoom.space\/es\/wp-json\/wp\/v2\/topic?post=3667"}],"curies":[{"name":"wp","href":"https:\/\/api.w.org\/{rel}","templated":true}]}}