
{"id":3681,"date":"2018-12-15T12:20:54","date_gmt":"2018-12-15T10:20:54","guid":{"rendered":"https:\/\/ticsalutsocial.atoom.space\/?post_type=noticia&#038;p=3681"},"modified":"2021-07-21T15:39:31","modified_gmt":"2021-07-21T13:39:31","slug":"triem-decidamos-el-futuro-de-nuestros-datos","status":"publish","type":"noticia","link":"https:\/\/ticsalutsocial.atoom.space\/es\/noticia\/triem-decidamos-el-futuro-de-nuestros-datos\/","title":{"rendered":"TRIEM, decidamos el futuro de nuestros datos!"},"content":{"rendered":"\n<p>Sab\u00edas que los datos de salud son uno de los activos m\u00e1s valiosos que tenemos? Como gestionarlos y compartirlos es una decisi\u00f3n que depende de cada uno de nosotros. La gobernanza de los datos por parte de los ciudadanos es fundamental para generar nuevos conocimientos y acelerar la innovaci\u00f3n hacia un bien com\u00fan.<\/p>\n\n\n\n<p>A trav\u00e9s de la herramienta TRIEM, podr\u00e1s contribuir a crear licencias de datos para el beneficio de la sociedad. Esta aplicaci\u00f3n analiza qu\u00e9 motiva y preocupa a los ciudadanos a la hora de dar sus datos a trav\u00e9s de diferentes escenarios donde una entidad pide datos con un fin y unos resultados espec\u00edficos. Cada escenario combina diferentes beneficios y riesgos. Identificando bajo qu\u00e9 combinaci\u00f3n de variables de los ciudadanos son m\u00e1s propensos a dar o no sus datos, podremos dise\u00f1ar licencias que responden a sus est\u00e1ndares \u00e9ticos.<\/p>\n\n\n\n<p><a href=\"https:\/\/ideasforchange.com\/triem\">Participa hoy en TRIEM i comp\u00e1rtelo!<\/a><\/p>\n","protected":false},"author":21,"featured_media":3527,"menu_order":0,"template":"","meta":{"_acf_changed":false,"inline_featured_image":false},"etiqueta":[],"tipus":[],"topic":[],"class_list":["post-3681","noticia","type-noticia","status-publish","has-post-thumbnail","hentry"],"acf":{"imatge":3529,"autor":"Francesc L\u00f3pez Segui"},"yoast_head":"<!-- This site is optimized with the Yoast SEO plugin v27.1.1 - https:\/\/yoast.com\/product\/yoast-seo-wordpress\/ -->\n<title>TRIEM, decidamos el futuro de nuestros datos! - Fundaci\u00f3 TIC Salut i Social<\/title>\n<meta name=\"robots\" content=\"index, follow, max-snippet:-1, max-image-preview:large, max-video-preview:-1\" \/>\n<link rel=\"canonical\" href=\"https:\/\/ticsalutsocial.atoom.space\/es\/noticia\/triem-decidamos-el-futuro-de-nuestros-datos\/\" \/>\n<meta property=\"og:locale\" content=\"es_ES\" \/>\n<meta property=\"og:type\" content=\"article\" \/>\n<meta property=\"og:title\" content=\"TRIEM, decidamos el futuro de nuestros datos! - Fundaci\u00f3 TIC Salut i Social\" \/>\n<meta property=\"og:description\" content=\"Sab\u00edas que los datos de salud son uno de los activos m\u00e1s valiosos que tenemos? Como gestionarlos y compartirlos es una decisi\u00f3n que depende de cada uno de nosotros. La gobernanza de los datos por parte de los ciudadanos es fundamental para generar nuevos conocimientos y acelerar la innovaci\u00f3n hacia un bien com\u00fan. A trav\u00e9s [&hellip;]\" \/>\n<meta property=\"og:url\" content=\"https:\/\/ticsalutsocial.atoom.space\/es\/noticia\/triem-decidamos-el-futuro-de-nuestros-datos\/\" \/>\n<meta property=\"og:site_name\" content=\"Fundaci\u00f3 TIC Salut i Social\" \/>\n<meta property=\"article:modified_time\" content=\"2021-07-21T13:39:31+00:00\" \/>\n<meta property=\"og:image\" content=\"https:\/\/ticsalutsocial.atoom.space\/wp-content\/uploads\/2018\/09\/captura.jpg\" \/>\n\t<meta property=\"og:image:width\" content=\"911\" \/>\n\t<meta property=\"og:image:height\" content=\"445\" \/>\n\t<meta property=\"og:image:type\" content=\"image\/jpeg\" \/>\n<meta name=\"twitter:card\" content=\"summary_large_image\" \/>\n<meta name=\"twitter:label1\" content=\"Tiempo de lectura\" \/>\n\t<meta name=\"twitter:data1\" content=\"1 minuto\" \/>\n<script type=\"application\/ld+json\" class=\"yoast-schema-graph\">{\"@context\":\"https:\/\/schema.org\",\"@graph\":[{\"@type\":\"WebPage\",\"@id\":\"https:\/\/ticsalutsocial.atoom.space\/es\/noticia\/triem-decidamos-el-futuro-de-nuestros-datos\/\",\"url\":\"https:\/\/ticsalutsocial.atoom.space\/es\/noticia\/triem-decidamos-el-futuro-de-nuestros-datos\/\",\"name\":\"TRIEM, decidamos el futuro de nuestros datos! - Fundaci\u00f3 TIC Salut i Social\",\"isPartOf\":{\"@id\":\"https:\/\/ticsalutsocial.atoom.space\/es\/#website\"},\"primaryImageOfPage\":{\"@id\":\"https:\/\/ticsalutsocial.atoom.space\/es\/noticia\/triem-decidamos-el-futuro-de-nuestros-datos\/#primaryimage\"},\"image\":{\"@id\":\"https:\/\/ticsalutsocial.atoom.space\/es\/noticia\/triem-decidamos-el-futuro-de-nuestros-datos\/#primaryimage\"},\"thumbnailUrl\":\"https:\/\/ticsalutsocial.atoom.space\/wp-content\/uploads\/2018\/09\/captura.jpg\",\"datePublished\":\"2018-12-15T10:20:54+00:00\",\"dateModified\":\"2021-07-21T13:39:31+00:00\",\"breadcrumb\":{\"@id\":\"https:\/\/ticsalutsocial.atoom.space\/es\/noticia\/triem-decidamos-el-futuro-de-nuestros-datos\/#breadcrumb\"},\"inLanguage\":\"es\",\"potentialAction\":[{\"@type\":\"ReadAction\",\"target\":[\"https:\/\/ticsalutsocial.atoom.space\/es\/noticia\/triem-decidamos-el-futuro-de-nuestros-datos\/\"]}]},{\"@type\":\"ImageObject\",\"inLanguage\":\"es\",\"@id\":\"https:\/\/ticsalutsocial.atoom.space\/es\/noticia\/triem-decidamos-el-futuro-de-nuestros-datos\/#primaryimage\",\"url\":\"https:\/\/ticsalutsocial.atoom.space\/wp-content\/uploads\/2018\/09\/captura.jpg\",\"contentUrl\":\"https:\/\/ticsalutsocial.atoom.space\/wp-content\/uploads\/2018\/09\/captura.jpg\",\"width\":911,\"height\":445},{\"@type\":\"BreadcrumbList\",\"@id\":\"https:\/\/ticsalutsocial.atoom.space\/es\/noticia\/triem-decidamos-el-futuro-de-nuestros-datos\/#breadcrumb\",\"itemListElement\":[{\"@type\":\"ListItem\",\"position\":1,\"name\":\"Inici\",\"item\":\"https:\/\/ticsalutsocial.atoom.space\/es\/\"},{\"@type\":\"ListItem\",\"position\":2,\"name\":\"TRIEM, decidamos el futuro de nuestros datos!\"}]},{\"@type\":\"WebSite\",\"@id\":\"https:\/\/ticsalutsocial.atoom.space\/es\/#website\",\"url\":\"https:\/\/ticsalutsocial.atoom.space\/es\/\",\"name\":\"Fundaci\u00f3 TIC Salut i Social\",\"description\":\"\",\"potentialAction\":[{\"@type\":\"SearchAction\",\"target\":{\"@type\":\"EntryPoint\",\"urlTemplate\":\"https:\/\/ticsalutsocial.atoom.space\/es\/?s={search_term_string}\"},\"query-input\":{\"@type\":\"PropertyValueSpecification\",\"valueRequired\":true,\"valueName\":\"search_term_string\"}}],\"inLanguage\":\"es\"}]}<\/script>\n<!-- \/ Yoast SEO plugin. -->","yoast_head_json":{"title":"TRIEM, decidamos el futuro de nuestros datos! - Fundaci\u00f3 TIC Salut i Social","robots":{"index":"index","follow":"follow","max-snippet":"max-snippet:-1","max-image-preview":"max-image-preview:large","max-video-preview":"max-video-preview:-1"},"canonical":"https:\/\/ticsalutsocial.atoom.space\/es\/noticia\/triem-decidamos-el-futuro-de-nuestros-datos\/","og_locale":"es_ES","og_type":"article","og_title":"TRIEM, decidamos el futuro de nuestros datos! - Fundaci\u00f3 TIC Salut i Social","og_description":"Sab\u00edas que los datos de salud son uno de los activos m\u00e1s valiosos que tenemos? Como gestionarlos y compartirlos es una decisi\u00f3n que depende de cada uno de nosotros. La gobernanza de los datos por parte de los ciudadanos es fundamental para generar nuevos conocimientos y acelerar la innovaci\u00f3n hacia un bien com\u00fan. A trav\u00e9s [&hellip;]","og_url":"https:\/\/ticsalutsocial.atoom.space\/es\/noticia\/triem-decidamos-el-futuro-de-nuestros-datos\/","og_site_name":"Fundaci\u00f3 TIC Salut i Social","article_modified_time":"2021-07-21T13:39:31+00:00","og_image":[{"width":911,"height":445,"url":"https:\/\/ticsalutsocial.atoom.space\/wp-content\/uploads\/2018\/09\/captura.jpg","type":"image\/jpeg"}],"twitter_card":"summary_large_image","twitter_misc":{"Tiempo de lectura":"1 minuto"},"schema":{"@context":"https:\/\/schema.org","@graph":[{"@type":"WebPage","@id":"https:\/\/ticsalutsocial.atoom.space\/es\/noticia\/triem-decidamos-el-futuro-de-nuestros-datos\/","url":"https:\/\/ticsalutsocial.atoom.space\/es\/noticia\/triem-decidamos-el-futuro-de-nuestros-datos\/","name":"TRIEM, decidamos el futuro de nuestros datos! - Fundaci\u00f3 TIC Salut i Social","isPartOf":{"@id":"https:\/\/ticsalutsocial.atoom.space\/es\/#website"},"primaryImageOfPage":{"@id":"https:\/\/ticsalutsocial.atoom.space\/es\/noticia\/triem-decidamos-el-futuro-de-nuestros-datos\/#primaryimage"},"image":{"@id":"https:\/\/ticsalutsocial.atoom.space\/es\/noticia\/triem-decidamos-el-futuro-de-nuestros-datos\/#primaryimage"},"thumbnailUrl":"https:\/\/ticsalutsocial.atoom.space\/wp-content\/uploads\/2018\/09\/captura.jpg","datePublished":"2018-12-15T10:20:54+00:00","dateModified":"2021-07-21T13:39:31+00:00","breadcrumb":{"@id":"https:\/\/ticsalutsocial.atoom.space\/es\/noticia\/triem-decidamos-el-futuro-de-nuestros-datos\/#breadcrumb"},"inLanguage":"es","potentialAction":[{"@type":"ReadAction","target":["https:\/\/ticsalutsocial.atoom.space\/es\/noticia\/triem-decidamos-el-futuro-de-nuestros-datos\/"]}]},{"@type":"ImageObject","inLanguage":"es","@id":"https:\/\/ticsalutsocial.atoom.space\/es\/noticia\/triem-decidamos-el-futuro-de-nuestros-datos\/#primaryimage","url":"https:\/\/ticsalutsocial.atoom.space\/wp-content\/uploads\/2018\/09\/captura.jpg","contentUrl":"https:\/\/ticsalutsocial.atoom.space\/wp-content\/uploads\/2018\/09\/captura.jpg","width":911,"height":445},{"@type":"BreadcrumbList","@id":"https:\/\/ticsalutsocial.atoom.space\/es\/noticia\/triem-decidamos-el-futuro-de-nuestros-datos\/#breadcrumb","itemListElement":[{"@type":"ListItem","position":1,"name":"Inici","item":"https:\/\/ticsalutsocial.atoom.space\/es\/"},{"@type":"ListItem","position":2,"name":"TRIEM, decidamos el futuro de nuestros datos!"}]},{"@type":"WebSite","@id":"https:\/\/ticsalutsocial.atoom.space\/es\/#website","url":"https:\/\/ticsalutsocial.atoom.space\/es\/","name":"Fundaci\u00f3 TIC Salut i Social","description":"","potentialAction":[{"@type":"SearchAction","target":{"@type":"EntryPoint","urlTemplate":"https:\/\/ticsalutsocial.atoom.space\/es\/?s={search_term_string}"},"query-input":{"@type":"PropertyValueSpecification","valueRequired":true,"valueName":"search_term_string"}}],"inLanguage":"es"}]}},"_links":{"self":[{"href":"https:\/\/ticsalutsocial.atoom.space\/es\/wp-json\/wp\/v2\/noticia\/3681","targetHints":{"allow":["GET"]}}],"collection":[{"href":"https:\/\/ticsalutsocial.atoom.space\/es\/wp-json\/wp\/v2\/noticia"}],"about":[{"href":"https:\/\/ticsalutsocial.atoom.space\/es\/wp-json\/wp\/v2\/types\/noticia"}],"author":[{"embeddable":true,"href":"https:\/\/ticsalutsocial.atoom.space\/es\/wp-json\/wp\/v2\/users\/21"}],"wp:featuredmedia":[{"embeddable":true,"href":"https:\/\/ticsalutsocial.atoom.space\/es\/wp-json\/wp\/v2\/media\/3527"}],"wp:attachment":[{"href":"https:\/\/ticsalutsocial.atoom.space\/es\/wp-json\/wp\/v2\/media?parent=3681"}],"wp:term":[{"taxonomy":"etiqueta","embeddable":true,"href":"https:\/\/ticsalutsocial.atoom.space\/es\/wp-json\/wp\/v2\/etiqueta?post=3681"},{"taxonomy":"tipus","embeddable":true,"href":"https:\/\/ticsalutsocial.atoom.space\/es\/wp-json\/wp\/v2\/tipus?post=3681"},{"taxonomy":"topic","embeddable":true,"href":"https:\/\/ticsalutsocial.atoom.space\/es\/wp-json\/wp\/v2\/topic?post=3681"}],"curies":[{"name":"wp","href":"https:\/\/api.w.org\/{rel}","templated":true}]}}