
{"id":3687,"date":"2019-01-08T13:06:53","date_gmt":"2019-01-08T11:06:53","guid":{"rendered":"https:\/\/ticsalutsocial.atoom.space\/?post_type=noticia&#038;p=3687"},"modified":"2021-07-21T15:39:36","modified_gmt":"2021-07-21T13:39:36","slug":"enfermedades-raras-y-big-data-reto-u-oportunidad","status":"publish","type":"noticia","link":"https:\/\/ticsalutsocial.atoom.space\/es\/noticia\/enfermedades-raras-y-big-data-reto-u-oportunidad\/","title":{"rendered":"Enfermedades raras y big data, reto u oportunidad?"},"content":{"rendered":"\n<p><strong>E<\/strong>Una de cada diecisiete personas, casi el 6% de la poblaci\u00f3n, estar\u00e1 afectada de una enfermedad rara en alg\u00fan momento de su vida. Esto significa 30 millones de personas en toda Europa. Trabajar para acortar la peripecia que supone estar entre 7 y 10 a\u00f1os sin un diagn\u00f3stico para el paciente que sufre una enfermedad rara, es un hito por el que vale la pena destinar esfuerzos y recursos.<br><\/p>\n\n\n\n<p>Las enfermedades raras se caracterizan por varias necesidades no satisfechas y una de ellas, probablemente la m\u00e1s importante, es la dificultad de realizar un diagn\u00f3stico correcto y a tiempo. Este retraso en el diagn\u00f3stico puede tener importantes consecuencias para la vida de la persona ya que pueden alterarla o acortarla, dado que la detecci\u00f3n precisa y r\u00e1pida de enfermedades y la diferenciaci\u00f3n de otros trastornos son esenciales para su manejo adecuado.<br><\/p>\n\n\n\n<p>El 80% de las enfermedades raras tienen un componente gen\u00e9tico. A menudo las enfermedades raras son cr\u00f3nicas y potencialmente mortales, y pueden ser causa de un \u00fanico gen, multifactoriales, cromos\u00f3micas o no gen\u00e9ticas. El 75% de las enfermedades raras afectan a ni\u00f1os. Las enfermedades raras tambi\u00e9n incluyen c\u00e1nceres infantiles y otras enfermedades conocidas, como la fibrosis qu\u00edstica o la enfermedad de Huntington.<br><\/p>\n\n\n\n<p><strong>Una clave para avanzar: t\u00e9cnicas de big data<\/strong><br><\/p>\n\n\n\n<p>Para las enfermedades dif\u00edciles de identificar -que tienen s\u00edntomas invisibles o escasas poblaciones de pacientes- las t\u00e9cnicas de big data pueden impulsar su diagn\u00f3stico y tratamiento. En lugar de hacer referencia a un \u00e1rbol de decisiones singular (algoritmo) o una tabla de consulta est\u00e1tica, los profesionales asistenciales podr\u00e1n utilizar soluciones de big data para comparar relaciones din\u00e1micas a gran escala rastreando patrones y prediciendo, con una precisi\u00f3n significativa, enfermedades raras .<br><\/p>\n\n\n\n<p>Modelizaci\u00f3n de enfermedades Con tama\u00f1os de muestras masivas de datos, incluso es posible correlacionar ciertas enfermedades con variables generalizadas, iniciando los primeros pasos de definici\u00f3n de criterios para enfermedades raras. Cuantos m\u00e1s datos se utilicen para justificar modelos, m\u00e1s completos ser\u00e1n los modelos para predecir las enfermedades en pacientes. As\u00ed, con suficientes datos archivados, se podr\u00e1 llegar a identificar las enfermedades de m\u00e1s baja prevalencia.<br><\/p>\n\n\n\n<p>Machine learning A trav\u00e9s de muchas iteraciones (aprendizaje autom\u00e1tico), se pueden aplicar t\u00e9cnicas de big data a numerosas variables, a partir de las cuales los resultados se combinan para calcular la probabilidad de que un paciente tenga una enfermedad. Sin embargo, a pesar de aproximarnos mucho, la respuesta nunca podr\u00e1 ser perfectamente segura, pero el aumento en los datos disponibles puede hacer aumentar el nivel de confianza del diagn\u00f3stico.<br><\/p>\n\n\n\n<h4 class=\"wp-block-heading\">BIBLIOGRAF\u00cdA<\/h4>\n\n\n\n<ul class=\"wp-block-list\"><li>Rare Disease UK. <a href=\"https:\/\/www.raredisease.org.uk\">https:\/\/www.raredisease.org.uk<\/a><\/li><li>Clarkston Consulting <a href=\"https:\/\/clarkstonconsulting.com\">https:\/\/clarkstonconsulting.com<\/a><\/li><li>Efe Salud <a href=\"https:\/\/www.efesalud.com\">https:\/\/www.efesalud.com\/<\/a><\/li><li>Pharmaceutical Technology <a href=\"https:\/\/www.pharmaceutical-technology.com\">https:\/\/www.pharmaceutical-technology.com<\/a><\/li><li>Orpha net <a href=\"https:\/\/www.orpha.net\">https:\/\/www.orpha.net<\/a><\/li><\/ul>\n","protected":false},"author":21,"featured_media":3683,"menu_order":0,"template":"","meta":{"_acf_changed":false,"inline_featured_image":false},"etiqueta":[],"tipus":[],"topic":[],"class_list":["post-3687","noticia","type-noticia","status-publish","has-post-thumbnail","hentry"],"acf":{"imatge":3685,"autor":"Marc De San Pedro"},"yoast_head":"<!-- This site is optimized with the Yoast SEO plugin v27.1.1 - https:\/\/yoast.com\/product\/yoast-seo-wordpress\/ -->\n<title>Enfermedades raras y big data, reto u oportunidad? - Fundaci\u00f3 TIC Salut i Social<\/title>\n<meta name=\"robots\" content=\"index, follow, max-snippet:-1, max-image-preview:large, max-video-preview:-1\" \/>\n<link rel=\"canonical\" href=\"https:\/\/ticsalutsocial.atoom.space\/es\/noticia\/enfermedades-raras-y-big-data-reto-u-oportunidad\/\" \/>\n<meta property=\"og:locale\" content=\"es_ES\" \/>\n<meta property=\"og:type\" content=\"article\" \/>\n<meta property=\"og:title\" content=\"Enfermedades raras y big data, reto u oportunidad? - Fundaci\u00f3 TIC Salut i Social\" \/>\n<meta property=\"og:description\" content=\"EUna de cada diecisiete personas, casi el 6% de la poblaci\u00f3n, estar\u00e1 afectada de una enfermedad rara en alg\u00fan momento de su vida. Esto significa 30 millones de personas en toda Europa. Trabajar para acortar la peripecia que supone estar entre 7 y 10 a\u00f1os sin un diagn\u00f3stico para el paciente que sufre una enfermedad [&hellip;]\" \/>\n<meta property=\"og:url\" content=\"https:\/\/ticsalutsocial.atoom.space\/es\/noticia\/enfermedades-raras-y-big-data-reto-u-oportunidad\/\" \/>\n<meta property=\"og:site_name\" content=\"Fundaci\u00f3 TIC Salut i Social\" \/>\n<meta property=\"article:modified_time\" content=\"2021-07-21T13:39:36+00:00\" \/>\n<meta property=\"og:image\" content=\"https:\/\/ticsalutsocial.atoom.space\/wp-content\/uploads\/2019\/01\/bigdata.png\" \/>\n\t<meta property=\"og:image:width\" content=\"532\" \/>\n\t<meta property=\"og:image:height\" content=\"319\" \/>\n\t<meta property=\"og:image:type\" content=\"image\/png\" \/>\n<meta name=\"twitter:card\" content=\"summary_large_image\" \/>\n<meta name=\"twitter:label1\" content=\"Tiempo de lectura\" \/>\n\t<meta name=\"twitter:data1\" content=\"2 minutos\" \/>\n<script type=\"application\/ld+json\" class=\"yoast-schema-graph\">{\"@context\":\"https:\/\/schema.org\",\"@graph\":[{\"@type\":\"WebPage\",\"@id\":\"https:\/\/ticsalutsocial.atoom.space\/es\/noticia\/enfermedades-raras-y-big-data-reto-u-oportunidad\/\",\"url\":\"https:\/\/ticsalutsocial.atoom.space\/es\/noticia\/enfermedades-raras-y-big-data-reto-u-oportunidad\/\",\"name\":\"Enfermedades raras y big data, reto u oportunidad? - Fundaci\u00f3 TIC Salut i Social\",\"isPartOf\":{\"@id\":\"https:\/\/ticsalutsocial.atoom.space\/es\/#website\"},\"primaryImageOfPage\":{\"@id\":\"https:\/\/ticsalutsocial.atoom.space\/es\/noticia\/enfermedades-raras-y-big-data-reto-u-oportunidad\/#primaryimage\"},\"image\":{\"@id\":\"https:\/\/ticsalutsocial.atoom.space\/es\/noticia\/enfermedades-raras-y-big-data-reto-u-oportunidad\/#primaryimage\"},\"thumbnailUrl\":\"https:\/\/ticsalutsocial.atoom.space\/wp-content\/uploads\/2019\/01\/bigdata.png\",\"datePublished\":\"2019-01-08T11:06:53+00:00\",\"dateModified\":\"2021-07-21T13:39:36+00:00\",\"breadcrumb\":{\"@id\":\"https:\/\/ticsalutsocial.atoom.space\/es\/noticia\/enfermedades-raras-y-big-data-reto-u-oportunidad\/#breadcrumb\"},\"inLanguage\":\"es\",\"potentialAction\":[{\"@type\":\"ReadAction\",\"target\":[\"https:\/\/ticsalutsocial.atoom.space\/es\/noticia\/enfermedades-raras-y-big-data-reto-u-oportunidad\/\"]}]},{\"@type\":\"ImageObject\",\"inLanguage\":\"es\",\"@id\":\"https:\/\/ticsalutsocial.atoom.space\/es\/noticia\/enfermedades-raras-y-big-data-reto-u-oportunidad\/#primaryimage\",\"url\":\"https:\/\/ticsalutsocial.atoom.space\/wp-content\/uploads\/2019\/01\/bigdata.png\",\"contentUrl\":\"https:\/\/ticsalutsocial.atoom.space\/wp-content\/uploads\/2019\/01\/bigdata.png\",\"width\":532,\"height\":319},{\"@type\":\"BreadcrumbList\",\"@id\":\"https:\/\/ticsalutsocial.atoom.space\/es\/noticia\/enfermedades-raras-y-big-data-reto-u-oportunidad\/#breadcrumb\",\"itemListElement\":[{\"@type\":\"ListItem\",\"position\":1,\"name\":\"Inici\",\"item\":\"https:\/\/ticsalutsocial.atoom.space\/es\/\"},{\"@type\":\"ListItem\",\"position\":2,\"name\":\"Enfermedades raras y big data, reto u oportunidad?\"}]},{\"@type\":\"WebSite\",\"@id\":\"https:\/\/ticsalutsocial.atoom.space\/es\/#website\",\"url\":\"https:\/\/ticsalutsocial.atoom.space\/es\/\",\"name\":\"Fundaci\u00f3 TIC Salut i Social\",\"description\":\"\",\"potentialAction\":[{\"@type\":\"SearchAction\",\"target\":{\"@type\":\"EntryPoint\",\"urlTemplate\":\"https:\/\/ticsalutsocial.atoom.space\/es\/?s={search_term_string}\"},\"query-input\":{\"@type\":\"PropertyValueSpecification\",\"valueRequired\":true,\"valueName\":\"search_term_string\"}}],\"inLanguage\":\"es\"}]}<\/script>\n<!-- \/ Yoast SEO plugin. -->","yoast_head_json":{"title":"Enfermedades raras y big data, reto u oportunidad? - Fundaci\u00f3 TIC Salut i Social","robots":{"index":"index","follow":"follow","max-snippet":"max-snippet:-1","max-image-preview":"max-image-preview:large","max-video-preview":"max-video-preview:-1"},"canonical":"https:\/\/ticsalutsocial.atoom.space\/es\/noticia\/enfermedades-raras-y-big-data-reto-u-oportunidad\/","og_locale":"es_ES","og_type":"article","og_title":"Enfermedades raras y big data, reto u oportunidad? - Fundaci\u00f3 TIC Salut i Social","og_description":"EUna de cada diecisiete personas, casi el 6% de la poblaci\u00f3n, estar\u00e1 afectada de una enfermedad rara en alg\u00fan momento de su vida. Esto significa 30 millones de personas en toda Europa. Trabajar para acortar la peripecia que supone estar entre 7 y 10 a\u00f1os sin un diagn\u00f3stico para el paciente que sufre una enfermedad [&hellip;]","og_url":"https:\/\/ticsalutsocial.atoom.space\/es\/noticia\/enfermedades-raras-y-big-data-reto-u-oportunidad\/","og_site_name":"Fundaci\u00f3 TIC Salut i Social","article_modified_time":"2021-07-21T13:39:36+00:00","og_image":[{"width":532,"height":319,"url":"https:\/\/ticsalutsocial.atoom.space\/wp-content\/uploads\/2019\/01\/bigdata.png","type":"image\/png"}],"twitter_card":"summary_large_image","twitter_misc":{"Tiempo de lectura":"2 minutos"},"schema":{"@context":"https:\/\/schema.org","@graph":[{"@type":"WebPage","@id":"https:\/\/ticsalutsocial.atoom.space\/es\/noticia\/enfermedades-raras-y-big-data-reto-u-oportunidad\/","url":"https:\/\/ticsalutsocial.atoom.space\/es\/noticia\/enfermedades-raras-y-big-data-reto-u-oportunidad\/","name":"Enfermedades raras y big data, reto u oportunidad? - Fundaci\u00f3 TIC Salut i Social","isPartOf":{"@id":"https:\/\/ticsalutsocial.atoom.space\/es\/#website"},"primaryImageOfPage":{"@id":"https:\/\/ticsalutsocial.atoom.space\/es\/noticia\/enfermedades-raras-y-big-data-reto-u-oportunidad\/#primaryimage"},"image":{"@id":"https:\/\/ticsalutsocial.atoom.space\/es\/noticia\/enfermedades-raras-y-big-data-reto-u-oportunidad\/#primaryimage"},"thumbnailUrl":"https:\/\/ticsalutsocial.atoom.space\/wp-content\/uploads\/2019\/01\/bigdata.png","datePublished":"2019-01-08T11:06:53+00:00","dateModified":"2021-07-21T13:39:36+00:00","breadcrumb":{"@id":"https:\/\/ticsalutsocial.atoom.space\/es\/noticia\/enfermedades-raras-y-big-data-reto-u-oportunidad\/#breadcrumb"},"inLanguage":"es","potentialAction":[{"@type":"ReadAction","target":["https:\/\/ticsalutsocial.atoom.space\/es\/noticia\/enfermedades-raras-y-big-data-reto-u-oportunidad\/"]}]},{"@type":"ImageObject","inLanguage":"es","@id":"https:\/\/ticsalutsocial.atoom.space\/es\/noticia\/enfermedades-raras-y-big-data-reto-u-oportunidad\/#primaryimage","url":"https:\/\/ticsalutsocial.atoom.space\/wp-content\/uploads\/2019\/01\/bigdata.png","contentUrl":"https:\/\/ticsalutsocial.atoom.space\/wp-content\/uploads\/2019\/01\/bigdata.png","width":532,"height":319},{"@type":"BreadcrumbList","@id":"https:\/\/ticsalutsocial.atoom.space\/es\/noticia\/enfermedades-raras-y-big-data-reto-u-oportunidad\/#breadcrumb","itemListElement":[{"@type":"ListItem","position":1,"name":"Inici","item":"https:\/\/ticsalutsocial.atoom.space\/es\/"},{"@type":"ListItem","position":2,"name":"Enfermedades raras y big data, reto u oportunidad?"}]},{"@type":"WebSite","@id":"https:\/\/ticsalutsocial.atoom.space\/es\/#website","url":"https:\/\/ticsalutsocial.atoom.space\/es\/","name":"Fundaci\u00f3 TIC Salut i Social","description":"","potentialAction":[{"@type":"SearchAction","target":{"@type":"EntryPoint","urlTemplate":"https:\/\/ticsalutsocial.atoom.space\/es\/?s={search_term_string}"},"query-input":{"@type":"PropertyValueSpecification","valueRequired":true,"valueName":"search_term_string"}}],"inLanguage":"es"}]}},"_links":{"self":[{"href":"https:\/\/ticsalutsocial.atoom.space\/es\/wp-json\/wp\/v2\/noticia\/3687","targetHints":{"allow":["GET"]}}],"collection":[{"href":"https:\/\/ticsalutsocial.atoom.space\/es\/wp-json\/wp\/v2\/noticia"}],"about":[{"href":"https:\/\/ticsalutsocial.atoom.space\/es\/wp-json\/wp\/v2\/types\/noticia"}],"author":[{"embeddable":true,"href":"https:\/\/ticsalutsocial.atoom.space\/es\/wp-json\/wp\/v2\/users\/21"}],"wp:featuredmedia":[{"embeddable":true,"href":"https:\/\/ticsalutsocial.atoom.space\/es\/wp-json\/wp\/v2\/media\/3683"}],"wp:attachment":[{"href":"https:\/\/ticsalutsocial.atoom.space\/es\/wp-json\/wp\/v2\/media?parent=3687"}],"wp:term":[{"taxonomy":"etiqueta","embeddable":true,"href":"https:\/\/ticsalutsocial.atoom.space\/es\/wp-json\/wp\/v2\/etiqueta?post=3687"},{"taxonomy":"tipus","embeddable":true,"href":"https:\/\/ticsalutsocial.atoom.space\/es\/wp-json\/wp\/v2\/tipus?post=3687"},{"taxonomy":"topic","embeddable":true,"href":"https:\/\/ticsalutsocial.atoom.space\/es\/wp-json\/wp\/v2\/topic?post=3687"}],"curies":[{"name":"wp","href":"https:\/\/api.w.org\/{rel}","templated":true}]}}