
{"id":3698,"date":"2019-01-14T11:03:43","date_gmt":"2019-01-14T09:03:43","guid":{"rendered":"https:\/\/ticsalutsocial.atoom.space\/?post_type=noticia&#038;p=3698"},"modified":"2021-07-21T15:39:41","modified_gmt":"2021-07-21T13:39:41","slug":"trillium-ii-y-los-hitos-del-2018","status":"publish","type":"noticia","link":"https:\/\/ticsalutsocial.atoom.space\/es\/noticia\/trillium-ii-y-los-hitos-del-2018\/","title":{"rendered":"Trillium II y los hitos del 2018"},"content":{"rendered":"\n<p> El 2018 ha sido un a\u00f1o de importantes adelantos en el proyecto\u00a0Trillium\u00a0II, donde la Fundaci\u00f3n TIC Salut Social participa conjuntamente con varios\u00a0partners\u00a0de la comunidad europea. <\/p>\n\n\n\n<p> Trillium\u00a0II se basa en los resultados conseguidos en anteriores proyectos europeos como epSOS\u00a0y Trillium\u00a0Bridge\u00a0y avanza hacia la implementaci\u00f3n del resumen del paciente a nivel internacional usando est\u00e1ndares internacionales como HL7,\u00a0FHIR\u00a0y\u00a0SNOMED\u00a0CT. <\/p>\n\n\n\n<p>Los hitos m\u00e1s destacados son: <\/p>\n\n\n\n<ul class=\"wp-block-list\"><li>Finalizaci\u00f3n de 12 entregables. Algunos de los cuales se pueden consultar en el siguiente enlace: https:\/\/trillium2.eu\/deliverables\/\u00a0<\/li><li>Participaci\u00f3n en una\u00a0<em>Datathon<\/em>\u00a0en Gotemburgo durante el pasado mes de abril.<\/li><li>Lanzamiento del premio\u00a0Trillium\u00a0II que se conceder\u00e1 a la persona que m\u00e1s ha aprovechado para promover el uso beneficioso del\u00a0IPS\u00a0(International\u00a0Patient\u00a0Summary)\u00a0con el est\u00e1ndar\u00a0FHIR\u00a0para intercambios internacionales de informaci\u00f3n m\u00e9dica.<\/li><li>Publicaci\u00f3n y mantenimiento de las especificaciones de la\u00a0IPS\u00a0de\u00a0Trillium\u00a0II.<\/li><li>Cooperaci\u00f3n con el proyecto\u00a0IPS\u00a0y participaci\u00f3n en un proyecto de norma europea 17269 \u00abEl resumen del paciente para la cura transfronteriza no planificada\u00bb.\u00a0<\/li><li>Participar en el ejercicio\u00a0MODEX\u00a0durante el mes de octubre en Ruman\u00eda para contrastar el valor del\u00a0IPS\u00a0en una situaci\u00f3n de desastre.<\/li><li>Establecimiento del caso de uso para el bienestar de los ni\u00f1os como beneficiarios de la creaci\u00f3n y uso del\u00a0IPS\u00a0en colaboraci\u00f3n con el proyecto\u00a0MOCHA.<\/li><li>Definici\u00f3n de las principales \u00e1reas de contenido educativo que se necesitan para maximizar el apoyo cl\u00ednico, el paciente y el uso del\u00a0IPS.<\/li><li>Aplicaci\u00f3n de pr\u00e1cticas de gobernanza de la\u00a0IPS en todo el Atl\u00e1ntico.<\/li><li>Impulso de varias iniciativas de innovaci\u00f3n abierta alrededor de la\u00a0IPS.<\/li><li>Finalizaci\u00f3n satisfactoria del paquete de trabajo 2 con la presentaci\u00f3n final de la gu\u00eda de implementaci\u00f3n.<\/li><li>Definici\u00f3n de los objetivos empresariales adecuados para la futura reutilizaci\u00f3n y aceptaci\u00f3n de las especificaciones de\u00a0Trillium\u00a0II por las  partes interesadas.<\/li><li>Aumento significativo de nuestra presencia en l\u00ednea. <\/li><\/ul>\n\n\n\n<p> Durante este a\u00f1o 2019 se continuar\u00e1 avanzando en el proyecto, que est\u00e1 previsto que finalice en junio. Durante el primer semestre se trabajar\u00e1 para terminar la ejecuci\u00f3n de 6 nuevos entregables y algunas de las principales actividades consistir\u00e1n en continuar realizando demostraciones de la usabilidad de la\u00a0IPS\u00a0en varios eventos, como el que se realizar\u00e1 en la\u00a0Connectathon\u00a0de\u00a0Rennes\u00a0(Francia). <\/p>\n\n\n\n<p>Para estar al d\u00eda sobre  los \u00faltimos adelantos realizados en\u00a0Trillium\u00a0II se puede consultar la  <a href=\"https:\/\/trillium2.eu\/\">p\u00e1gina web<\/a> del proyecto y seguir los contenidos publicados en las redes sociales como Twitter (@Trillium_II) o <a href=\"https:\/\/www.linkedin.com\/groups\/13512996\/\">Linkedin<\/a>. <\/p>\n","protected":false},"author":21,"featured_media":3695,"menu_order":0,"template":"","meta":{"_acf_changed":false,"inline_featured_image":false},"etiqueta":[],"tipus":[84],"topic":[117,130],"class_list":["post-3698","noticia","type-noticia","status-publish","has-post-thumbnail","hentry","tipus-oficina-interoperabilidad","topic-jornadas","topic-la-fundacion"],"acf":{"imatge":3697,"autor":"David Rodriguez"},"yoast_head":"<!-- This site is optimized with the Yoast SEO plugin v27.1.1 - https:\/\/yoast.com\/product\/yoast-seo-wordpress\/ -->\n<title>Trillium II y los hitos del 2018 - Fundaci\u00f3 TIC Salut i Social<\/title>\n<meta name=\"robots\" content=\"index, follow, max-snippet:-1, max-image-preview:large, max-video-preview:-1\" \/>\n<link rel=\"canonical\" href=\"https:\/\/ticsalutsocial.atoom.space\/es\/noticia\/trillium-ii-y-los-hitos-del-2018\/\" \/>\n<meta property=\"og:locale\" content=\"es_ES\" \/>\n<meta property=\"og:type\" content=\"article\" \/>\n<meta property=\"og:title\" content=\"Trillium II y los hitos del 2018 - Fundaci\u00f3 TIC Salut i Social\" \/>\n<meta property=\"og:description\" content=\"El 2018 ha sido un a\u00f1o de importantes adelantos en el proyecto\u00a0Trillium\u00a0II, donde la Fundaci\u00f3n TIC Salut Social participa conjuntamente con varios\u00a0partners\u00a0de la comunidad europea. Trillium\u00a0II se basa en los resultados conseguidos en anteriores proyectos europeos como epSOS\u00a0y Trillium\u00a0Bridge\u00a0y avanza hacia la implementaci\u00f3n del resumen del paciente a nivel internacional usando est\u00e1ndares internacionales como HL7,\u00a0FHIR\u00a0y\u00a0SNOMED\u00a0CT. [&hellip;]\" \/>\n<meta property=\"og:url\" content=\"https:\/\/ticsalutsocial.atoom.space\/es\/noticia\/trillium-ii-y-los-hitos-del-2018\/\" \/>\n<meta property=\"og:site_name\" content=\"Fundaci\u00f3 TIC Salut i Social\" \/>\n<meta property=\"article:modified_time\" content=\"2021-07-21T13:39:41+00:00\" \/>\n<meta property=\"og:image\" content=\"https:\/\/ticsalutsocial.atoom.space\/wp-content\/uploads\/2019\/01\/kick-off.jpg\" \/>\n\t<meta property=\"og:image:width\" content=\"736\" \/>\n\t<meta property=\"og:image:height\" content=\"487\" \/>\n\t<meta property=\"og:image:type\" content=\"image\/jpeg\" \/>\n<meta name=\"twitter:card\" content=\"summary_large_image\" \/>\n<meta name=\"twitter:label1\" content=\"Tiempo de lectura\" \/>\n\t<meta name=\"twitter:data1\" content=\"2 minutos\" \/>\n<script type=\"application\/ld+json\" class=\"yoast-schema-graph\">{\"@context\":\"https:\/\/schema.org\",\"@graph\":[{\"@type\":\"WebPage\",\"@id\":\"https:\/\/ticsalutsocial.atoom.space\/es\/noticia\/trillium-ii-y-los-hitos-del-2018\/\",\"url\":\"https:\/\/ticsalutsocial.atoom.space\/es\/noticia\/trillium-ii-y-los-hitos-del-2018\/\",\"name\":\"Trillium II y los hitos del 2018 - Fundaci\u00f3 TIC Salut i Social\",\"isPartOf\":{\"@id\":\"https:\/\/ticsalutsocial.atoom.space\/es\/#website\"},\"primaryImageOfPage\":{\"@id\":\"https:\/\/ticsalutsocial.atoom.space\/es\/noticia\/trillium-ii-y-los-hitos-del-2018\/#primaryimage\"},\"image\":{\"@id\":\"https:\/\/ticsalutsocial.atoom.space\/es\/noticia\/trillium-ii-y-los-hitos-del-2018\/#primaryimage\"},\"thumbnailUrl\":\"https:\/\/ticsalutsocial.atoom.space\/wp-content\/uploads\/2019\/01\/kick-off.jpg\",\"datePublished\":\"2019-01-14T09:03:43+00:00\",\"dateModified\":\"2021-07-21T13:39:41+00:00\",\"breadcrumb\":{\"@id\":\"https:\/\/ticsalutsocial.atoom.space\/es\/noticia\/trillium-ii-y-los-hitos-del-2018\/#breadcrumb\"},\"inLanguage\":\"es\",\"potentialAction\":[{\"@type\":\"ReadAction\",\"target\":[\"https:\/\/ticsalutsocial.atoom.space\/es\/noticia\/trillium-ii-y-los-hitos-del-2018\/\"]}]},{\"@type\":\"ImageObject\",\"inLanguage\":\"es\",\"@id\":\"https:\/\/ticsalutsocial.atoom.space\/es\/noticia\/trillium-ii-y-los-hitos-del-2018\/#primaryimage\",\"url\":\"https:\/\/ticsalutsocial.atoom.space\/wp-content\/uploads\/2019\/01\/kick-off.jpg\",\"contentUrl\":\"https:\/\/ticsalutsocial.atoom.space\/wp-content\/uploads\/2019\/01\/kick-off.jpg\",\"width\":736,\"height\":487},{\"@type\":\"BreadcrumbList\",\"@id\":\"https:\/\/ticsalutsocial.atoom.space\/es\/noticia\/trillium-ii-y-los-hitos-del-2018\/#breadcrumb\",\"itemListElement\":[{\"@type\":\"ListItem\",\"position\":1,\"name\":\"Inici\",\"item\":\"https:\/\/ticsalutsocial.atoom.space\/es\/\"},{\"@type\":\"ListItem\",\"position\":2,\"name\":\"Trillium II y los hitos del 2018\"}]},{\"@type\":\"WebSite\",\"@id\":\"https:\/\/ticsalutsocial.atoom.space\/es\/#website\",\"url\":\"https:\/\/ticsalutsocial.atoom.space\/es\/\",\"name\":\"Fundaci\u00f3 TIC Salut i Social\",\"description\":\"\",\"potentialAction\":[{\"@type\":\"SearchAction\",\"target\":{\"@type\":\"EntryPoint\",\"urlTemplate\":\"https:\/\/ticsalutsocial.atoom.space\/es\/?s={search_term_string}\"},\"query-input\":{\"@type\":\"PropertyValueSpecification\",\"valueRequired\":true,\"valueName\":\"search_term_string\"}}],\"inLanguage\":\"es\"}]}<\/script>\n<!-- \/ Yoast SEO plugin. -->","yoast_head_json":{"title":"Trillium II y los hitos del 2018 - Fundaci\u00f3 TIC Salut i Social","robots":{"index":"index","follow":"follow","max-snippet":"max-snippet:-1","max-image-preview":"max-image-preview:large","max-video-preview":"max-video-preview:-1"},"canonical":"https:\/\/ticsalutsocial.atoom.space\/es\/noticia\/trillium-ii-y-los-hitos-del-2018\/","og_locale":"es_ES","og_type":"article","og_title":"Trillium II y los hitos del 2018 - Fundaci\u00f3 TIC Salut i Social","og_description":"El 2018 ha sido un a\u00f1o de importantes adelantos en el proyecto\u00a0Trillium\u00a0II, donde la Fundaci\u00f3n TIC Salut Social participa conjuntamente con varios\u00a0partners\u00a0de la comunidad europea. Trillium\u00a0II se basa en los resultados conseguidos en anteriores proyectos europeos como epSOS\u00a0y Trillium\u00a0Bridge\u00a0y avanza hacia la implementaci\u00f3n del resumen del paciente a nivel internacional usando est\u00e1ndares internacionales como HL7,\u00a0FHIR\u00a0y\u00a0SNOMED\u00a0CT. [&hellip;]","og_url":"https:\/\/ticsalutsocial.atoom.space\/es\/noticia\/trillium-ii-y-los-hitos-del-2018\/","og_site_name":"Fundaci\u00f3 TIC Salut i Social","article_modified_time":"2021-07-21T13:39:41+00:00","og_image":[{"width":736,"height":487,"url":"https:\/\/ticsalutsocial.atoom.space\/wp-content\/uploads\/2019\/01\/kick-off.jpg","type":"image\/jpeg"}],"twitter_card":"summary_large_image","twitter_misc":{"Tiempo de lectura":"2 minutos"},"schema":{"@context":"https:\/\/schema.org","@graph":[{"@type":"WebPage","@id":"https:\/\/ticsalutsocial.atoom.space\/es\/noticia\/trillium-ii-y-los-hitos-del-2018\/","url":"https:\/\/ticsalutsocial.atoom.space\/es\/noticia\/trillium-ii-y-los-hitos-del-2018\/","name":"Trillium II y los hitos del 2018 - Fundaci\u00f3 TIC Salut i Social","isPartOf":{"@id":"https:\/\/ticsalutsocial.atoom.space\/es\/#website"},"primaryImageOfPage":{"@id":"https:\/\/ticsalutsocial.atoom.space\/es\/noticia\/trillium-ii-y-los-hitos-del-2018\/#primaryimage"},"image":{"@id":"https:\/\/ticsalutsocial.atoom.space\/es\/noticia\/trillium-ii-y-los-hitos-del-2018\/#primaryimage"},"thumbnailUrl":"https:\/\/ticsalutsocial.atoom.space\/wp-content\/uploads\/2019\/01\/kick-off.jpg","datePublished":"2019-01-14T09:03:43+00:00","dateModified":"2021-07-21T13:39:41+00:00","breadcrumb":{"@id":"https:\/\/ticsalutsocial.atoom.space\/es\/noticia\/trillium-ii-y-los-hitos-del-2018\/#breadcrumb"},"inLanguage":"es","potentialAction":[{"@type":"ReadAction","target":["https:\/\/ticsalutsocial.atoom.space\/es\/noticia\/trillium-ii-y-los-hitos-del-2018\/"]}]},{"@type":"ImageObject","inLanguage":"es","@id":"https:\/\/ticsalutsocial.atoom.space\/es\/noticia\/trillium-ii-y-los-hitos-del-2018\/#primaryimage","url":"https:\/\/ticsalutsocial.atoom.space\/wp-content\/uploads\/2019\/01\/kick-off.jpg","contentUrl":"https:\/\/ticsalutsocial.atoom.space\/wp-content\/uploads\/2019\/01\/kick-off.jpg","width":736,"height":487},{"@type":"BreadcrumbList","@id":"https:\/\/ticsalutsocial.atoom.space\/es\/noticia\/trillium-ii-y-los-hitos-del-2018\/#breadcrumb","itemListElement":[{"@type":"ListItem","position":1,"name":"Inici","item":"https:\/\/ticsalutsocial.atoom.space\/es\/"},{"@type":"ListItem","position":2,"name":"Trillium II y los hitos del 2018"}]},{"@type":"WebSite","@id":"https:\/\/ticsalutsocial.atoom.space\/es\/#website","url":"https:\/\/ticsalutsocial.atoom.space\/es\/","name":"Fundaci\u00f3 TIC Salut i Social","description":"","potentialAction":[{"@type":"SearchAction","target":{"@type":"EntryPoint","urlTemplate":"https:\/\/ticsalutsocial.atoom.space\/es\/?s={search_term_string}"},"query-input":{"@type":"PropertyValueSpecification","valueRequired":true,"valueName":"search_term_string"}}],"inLanguage":"es"}]}},"_links":{"self":[{"href":"https:\/\/ticsalutsocial.atoom.space\/es\/wp-json\/wp\/v2\/noticia\/3698","targetHints":{"allow":["GET"]}}],"collection":[{"href":"https:\/\/ticsalutsocial.atoom.space\/es\/wp-json\/wp\/v2\/noticia"}],"about":[{"href":"https:\/\/ticsalutsocial.atoom.space\/es\/wp-json\/wp\/v2\/types\/noticia"}],"author":[{"embeddable":true,"href":"https:\/\/ticsalutsocial.atoom.space\/es\/wp-json\/wp\/v2\/users\/21"}],"wp:featuredmedia":[{"embeddable":true,"href":"https:\/\/ticsalutsocial.atoom.space\/es\/wp-json\/wp\/v2\/media\/3695"}],"wp:attachment":[{"href":"https:\/\/ticsalutsocial.atoom.space\/es\/wp-json\/wp\/v2\/media?parent=3698"}],"wp:term":[{"taxonomy":"etiqueta","embeddable":true,"href":"https:\/\/ticsalutsocial.atoom.space\/es\/wp-json\/wp\/v2\/etiqueta?post=3698"},{"taxonomy":"tipus","embeddable":true,"href":"https:\/\/ticsalutsocial.atoom.space\/es\/wp-json\/wp\/v2\/tipus?post=3698"},{"taxonomy":"topic","embeddable":true,"href":"https:\/\/ticsalutsocial.atoom.space\/es\/wp-json\/wp\/v2\/topic?post=3698"}],"curies":[{"name":"wp","href":"https:\/\/api.w.org\/{rel}","templated":true}]}}